{"id":67388,"date":"2019-05-03T11:08:49","date_gmt":"2019-05-03T16:08:49","guid":{"rendered":"https:\/\/www.uv.mx\/prensa\/?p=67388"},"modified":"2019-05-03T19:50:32","modified_gmt":"2019-05-04T00:50:32","slug":"region-coatzacoalcos-celebro-a-egresados-2019","status":"publish","type":"post","link":"https:\/\/www.uv.mx\/prensa\/regiones\/coatzacoalcos\/region-coatzacoalcos-celebro-a-egresados-2019\/","title":{"rendered":"Regi\u00f3n Coatzacoalcos celebr\u00f3 a egresados 2019"},"content":{"rendered":"<ul>\n<li data-leveltext=\"\uf0b7\" data-font=\"Symbol\" data-listid=\"1\" data-aria-posinset=\"1\" data-aria-level=\"1\"><i><span data-contrast=\"auto\">\u201c<\/span><\/i><i><span data-contrast=\"auto\">Si lo que hacemos, lo hacemos desde lo <\/span><\/i><i><span data-contrast=\"auto\">m\u00e1s<\/span><\/i><i><span data-contrast=\"auto\"> profundo de nuestro ser, siempre seremos orgullo UV\u201d<\/span><\/i><i><span data-contrast=\"auto\">:<\/span><\/i> <i><span data-contrast=\"auto\">egresada de Ingenier\u00eda Petrolera<\/span><\/i><span data-ccp-props=\"{&quot;134233279&quot;:true,&quot;201341983&quot;:0,&quot;335559739&quot;:0,&quot;335559740&quot;:240}\">\u00a0<\/span><\/li>\n<li data-leveltext=\"\uf0b7\" data-font=\"Symbol\" data-listid=\"1\" data-aria-posinset=\"2\" data-aria-level=\"1\"><i><span data-contrast=\"auto\">En la regi\u00f3n egresaron 366 e<\/span><\/i><i><span data-contrast=\"auto\">studiantes de 25 programas educativos<\/span><\/i><span data-ccp-props=\"{&quot;134233279&quot;:true,&quot;201341983&quot;:0,&quot;335559739&quot;:0,&quot;335559740&quot;:240}\">\u00a0<\/span><\/li>\n<\/ul>\n<p>&nbsp;<\/p>\n<div id=\"attachment_67396\" style=\"width: 732px\" class=\"wp-caption aligncenter\"><a href=\"https:\/\/www.uv.mx\/prensa\/files\/2019\/05\/030519-CECILIA-Egresados1.jpg\"><img loading=\"lazy\" decoding=\"async\" aria-describedby=\"caption-attachment-67396\" class=\"size-full wp-image-67396\" src=\"https:\/\/www.uv.mx\/prensa\/files\/2019\/05\/030519-CECILIA-Egresados1.jpg\" alt=\"\" width=\"722\" height=\"481\" srcset=\"https:\/\/www.uv.mx\/prensa\/files\/2019\/05\/030519-CECILIA-Egresados1.jpg 722w, https:\/\/www.uv.mx\/prensa\/files\/2019\/05\/030519-CECILIA-Egresados1-300x200.jpg 300w\" sizes=\"auto, (max-width: 722px) 100vw, 722px\" \/><\/a><p id=\"caption-attachment-67396\" class=\"wp-caption-text\">El vicerrector <span data-contrast=\"auto\">Carlos Lamothe Zavaleta<\/span> entreg\u00f3 las constancias<\/p><\/div>\n<p>&nbsp;<\/p>\n<p><b><i><span data-contrast=\"auto\">Cecilia Escribano Reyes<br \/>\n<\/span><\/i><\/b><\/p>\n<p><b><i><span data-contrast=\"auto\">03\/05\/19, Coatzacoalcos, <\/span><\/i><\/b><b><i><span data-contrast=\"auto\">Ver.-<\/span><\/i><\/b><span data-contrast=\"auto\"> La Universidad Veracruzana (UV) realiz\u00f3 la ceremonia de toma de fotograf\u00eda a egresados 2019<\/span> <span data-contrast=\"auto\">el pasado 30 de abril<\/span><span data-contrast=\"auto\">, <\/span><span data-contrast=\"auto\">en la Unidad de Servicios Bibliotecarios y de Informaci\u00f3n (USBI)<\/span><span data-contrast=\"auto\"> de <\/span><span data-contrast=\"auto\">la regi\u00f3n Coatzacoalcos-Minatitl\u00e1n<\/span><span data-contrast=\"auto\">.<\/span><span data-ccp-props=\"{&quot;201341983&quot;:0,&quot;335559739&quot;:0,&quot;335559740&quot;:240}\">\u00a0<\/span><\/p>\n<p><span data-contrast=\"auto\">Al evento <\/span><span data-contrast=\"auto\">asistieron Carlos Lamothe Zavaleta, <\/span><span data-contrast=\"auto\">v<\/span><span data-contrast=\"auto\">icerrector; Florentino Cruz Mart\u00ednez, <\/span><span data-contrast=\"auto\">s<\/span><span data-contrast=\"auto\">ecretario Acad\u00e9mico <\/span><span data-contrast=\"auto\">r<\/span><span data-contrast=\"auto\">egio<\/span><span data-contrast=\"auto\">nal; Mar\u00eda In\u00e9s Quevedo L\u00f3pez, s<\/span><span data-contrast=\"auto\">ecretaria <\/span><span data-contrast=\"auto\">r<\/span><span data-contrast=\"auto\">egional del Administraci\u00f3n y Finanzas; <\/span><span data-contrast=\"auto\">as\u00ed como d<\/span><span data-contrast=\"auto\">irectores, <\/span><span data-contrast=\"auto\">s<\/span><span data-contrast=\"auto\">ecretarios <\/span><span data-contrast=\"auto\">a<\/span><span data-contrast=\"auto\">cad\u00e9micos, <\/span><span data-contrast=\"auto\">c<\/span><span data-contrast=\"auto\">oordinadores, <\/span><span data-contrast=\"auto\">egresados y familiares<\/span><span data-contrast=\"auto\"> y<\/span> <i><span data-contrast=\"auto\">Luzio<\/span><\/i><span data-contrast=\"auto\">, la mascota oficial de la UV.<\/span><span data-ccp-props=\"{&quot;201341983&quot;:0,&quot;335559731&quot;:708,&quot;335559739&quot;:0,&quot;335559740&quot;:240}\">\u00a0<\/span><\/p>\n<p><span data-contrast=\"auto\">Para iniciar la ceremonia se enton\u00f3 el Himno a la Universidad Veracruzana<\/span><span data-contrast=\"auto\">, cuya m\u00fasica es autor\u00eda de Richard Siwy y letra<\/span><span data-contrast=\"auto\"> de Francisco Morosini Cordero.<\/span><span data-ccp-props=\"{&quot;201341983&quot;:0,&quot;335559731&quot;:708,&quot;335559739&quot;:0,&quot;335559740&quot;:240}\">\u00a0<\/span><\/p>\n<p><span data-contrast=\"auto\">Diana Guadalupe Zenteno Pe\u00f1a, del <\/span><span data-contrast=\"auto\">programa educativo (<\/span><span data-contrast=\"auto\">PE<\/span><span data-contrast=\"auto\">)<\/span><span data-contrast=\"auto\"> Ingenier\u00eda Petrolera<\/span><span data-contrast=\"auto\">,<\/span><span data-contrast=\"auto\"> brind\u00f3 el mensaje a los egresados<\/span><span data-contrast=\"auto\"> y<\/span><span data-contrast=\"auto\"> record\u00f3 con nostalgia la emoci\u00f3n de haber ingresado a la UV, los primeros d\u00edas de ser universitario y los retos que a los que se enfrentaron. \u201cFueron a\u00f1os de esfuerzo, dedicaci\u00f3n, arduo trabajo, largas y cansadas desveladas, pero tambi\u00e9n a\u00f1os de diversi\u00f3n, travesuras, juegos, bromas, lo importante fue no rendirse\u201d.<\/span><span data-ccp-props=\"{&quot;201341983&quot;:0,&quot;335559731&quot;:708,&quot;335559739&quot;:0,&quot;335559740&quot;:240}\">\u00a0<\/span><\/p>\n<p>&nbsp;<\/p>\n<div id=\"attachment_67397\" style=\"width: 491px\" class=\"wp-caption aligncenter\"><a href=\"https:\/\/www.uv.mx\/prensa\/files\/2019\/05\/030519-CECILIA-Egresados2.jpg\"><img loading=\"lazy\" decoding=\"async\" aria-describedby=\"caption-attachment-67397\" class=\"size-full wp-image-67397\" src=\"https:\/\/www.uv.mx\/prensa\/files\/2019\/05\/030519-CECILIA-Egresados2.jpg\" alt=\"\" width=\"481\" height=\"722\" srcset=\"https:\/\/www.uv.mx\/prensa\/files\/2019\/05\/030519-CECILIA-Egresados2.jpg 481w, https:\/\/www.uv.mx\/prensa\/files\/2019\/05\/030519-CECILIA-Egresados2-200x300.jpg 200w\" sizes=\"auto, (max-width: 481px) 100vw, 481px\" \/><\/a><p id=\"caption-attachment-67397\" class=\"wp-caption-text\">Diana Guadalupe Zenteno Pe\u00f1a acompa\u00f1ada de <em>Luzio<\/em><\/p><\/div>\n<p>&nbsp;<\/p>\n<p><span data-contrast=\"auto\">Enfatiz\u00f3 que la Universidad Veracruzana tiene muchos significados, \u201ccada uno le ha dado el suyo, tanto en la vida acad\u00e9m<\/span><span data-contrast=\"auto\">ica, profesional y personal.<\/span> <span data-contrast=\"auto\">A<\/span><span data-contrast=\"auto\">gradezcamos a la UV, a nuestros maestros por ense\u00f1arnos grandes cosas, por guiarnos en este camino, por darnos las herramientas para salir al mundo y cumplir nuestras metas\u201d.<\/span><span data-ccp-props=\"{&quot;201341983&quot;:0,&quot;335559739&quot;:0,&quot;335559740&quot;:240}\">\u00a0<\/span><\/p>\n<p><span data-contrast=\"auto\">Zenteno Pe\u00f1a<\/span><span data-contrast=\"auto\"> invit\u00f3 a los egresados a llevar consigo las memorias de ser UV, todo ese pasado que es muestra de identidad universitaria, \u201cno importa q<\/span><span data-contrast=\"auto\">ue seamos petroleros, ambientalista<\/span><span data-contrast=\"auto\">s, qu\u00edmicos, m\u00e9dicos, si lo que hacemos, lo hacemos desde lo <\/span><span data-contrast=\"auto\">m\u00e1s<\/span><span data-contrast=\"auto\"> profundo de nuestro ser, siempre seremos orgullo UV\u201d.<\/span><span data-ccp-props=\"{&quot;201341983&quot;:0,&quot;335559731&quot;:708,&quot;335559739&quot;:0,&quot;335559740&quot;:240}\">\u00a0<\/span><\/p>\n<p><span data-contrast=\"auto\">Durante la ceremonia se p<\/span><span data-contrast=\"auto\">royec<\/span><span data-contrast=\"auto\">t\u00f3 un <\/span><span data-contrast=\"auto\">vid<\/span><span data-contrast=\"auto\">eo <\/span><span data-contrast=\"auto\">en el que la <\/span><span data-contrast=\"auto\">r<\/span><span data-contrast=\"auto\">ector<\/span><span data-contrast=\"auto\">a <\/span><span data-contrast=\"auto\">Sara Ladr\u00f3n de Guevara<\/span><span data-contrast=\"auto\"> felicita a los egresados; tambi\u00e9n se e<\/span><span data-contrast=\"auto\">ntrega<\/span><span data-contrast=\"auto\">ron<\/span><span data-contrast=\"auto\"> constancias <\/span><span data-contrast=\"auto\">a los <\/span><span data-contrast=\"auto\">egresado<\/span><span data-contrast=\"auto\">s<\/span><span data-contrast=\"auto\">, a cargo del Vicerrector y <\/span><span data-contrast=\"auto\">los <\/span><span data-contrast=\"auto\">d<\/span><span data-contrast=\"auto\">irectores de las entidades acad\u00e9micas.<\/span><span data-ccp-props=\"{&quot;201341983&quot;:0,&quot;335559731&quot;:708,&quot;335559739&quot;:0,&quot;335559740&quot;:240}\">\u00a0<\/span><\/p>\n<p><span data-contrast=\"auto\">Lamothe Zavaleta felicit\u00f3 a los egresados y a sus familiares por cumplir con el objetivo de <\/span><span data-contrast=\"auto\">concluir su formaci\u00f3n acad\u00e9mica y dijo:<\/span><span data-contrast=\"auto\"> \u201c<\/span><span data-contrast=\"auto\">Al decidir ingresar a la U<\/span><span data-contrast=\"auto\">niversidad estaban llenos de ilusio<\/span><span data-contrast=\"auto\">nes<\/span> <span data-contrast=\"auto\">y <\/span><span data-contrast=\"auto\">de prop\u00f3sitos<\/span><span data-contrast=\"auto\"> que<\/span><span data-contrast=\"auto\"> hoy <\/span><span data-contrast=\"auto\">se <\/span><span data-contrast=\"auto\">cumplieron, pero seguramente tienen tantos m\u00e1s<\/span><span data-contrast=\"auto\"> y<\/span><span data-contrast=\"auto\"> estamos seguros que est\u00e1n preparados para alcanzarlos; a lo largo de nuestra vida obtenemos muchos talentos, hoy la UV est\u00e1 orgullosa de ustedes porque les ha entregado un talento que es la formaci\u00f3n profesional, est\u00e1 en ustedes conservar y acrecentar<\/span><span data-contrast=\"auto\">lo<\/span><span data-contrast=\"auto\">\u201d.<\/span><span data-ccp-props=\"{&quot;201341983&quot;:0,&quot;335559731&quot;:708,&quot;335559739&quot;:0,&quot;335559740&quot;:240}\">\u00a0<\/span><\/p>\n<p>&nbsp;<\/p>\n<div id=\"attachment_67395\" style=\"width: 732px\" class=\"wp-caption aligncenter\"><a href=\"https:\/\/www.uv.mx\/prensa\/files\/2019\/05\/030519-CECILIA-Egresados0.jpg\"><img loading=\"lazy\" decoding=\"async\" aria-describedby=\"caption-attachment-67395\" class=\"size-full wp-image-67395\" src=\"https:\/\/www.uv.mx\/prensa\/files\/2019\/05\/030519-CECILIA-Egresados0.jpg\" alt=\"\" width=\"722\" height=\"481\" srcset=\"https:\/\/www.uv.mx\/prensa\/files\/2019\/05\/030519-CECILIA-Egresados0.jpg 722w, https:\/\/www.uv.mx\/prensa\/files\/2019\/05\/030519-CECILIA-Egresados0-300x200.jpg 300w\" sizes=\"auto, (max-width: 722px) 100vw, 722px\" \/><\/a><p id=\"caption-attachment-67395\" class=\"wp-caption-text\">Mesa del pres\u00eddium<\/p><\/div>\n","protected":false},"excerpt":{"rendered":"<p>En la regi\u00f3n egresaron 366 estudiantes de 25 programas educativos <\/p>\n","protected":false},"author":1508,"featured_media":67396,"comment_status":"closed","ping_status":"closed","sticky":false,"template":"","format":"standard","meta":{"footnotes":""},"categories":[52],"tags":[],"class_list":["post-67388","post","type-post","status-publish","format-standard","has-post-thumbnail","hentry","category-coatzacoalcos"],"_links":{"self":[{"href":"https:\/\/www.uv.mx\/prensa\/wp-json\/wp\/v2\/posts\/67388","targetHints":{"allow":["GET"]}}],"collection":[{"href":"https:\/\/www.uv.mx\/prensa\/wp-json\/wp\/v2\/posts"}],"about":[{"href":"https:\/\/www.uv.mx\/prensa\/wp-json\/wp\/v2\/types\/post"}],"author":[{"embeddable":true,"href":"https:\/\/www.uv.mx\/prensa\/wp-json\/wp\/v2\/users\/1508"}],"replies":[{"embeddable":true,"href":"https:\/\/www.uv.mx\/prensa\/wp-json\/wp\/v2\/comments?post=67388"}],"version-history":[{"count":0,"href":"https:\/\/www.uv.mx\/prensa\/wp-json\/wp\/v2\/posts\/67388\/revisions"}],"wp:featuredmedia":[{"embeddable":true,"href":"https:\/\/www.uv.mx\/prensa\/wp-json\/wp\/v2\/media\/67396"}],"wp:attachment":[{"href":"https:\/\/www.uv.mx\/prensa\/wp-json\/wp\/v2\/media?parent=67388"}],"wp:term":[{"taxonomy":"category","embeddable":true,"href":"https:\/\/www.uv.mx\/prensa\/wp-json\/wp\/v2\/categories?post=67388"},{"taxonomy":"post_tag","embeddable":true,"href":"https:\/\/www.uv.mx\/prensa\/wp-json\/wp\/v2\/tags?post=67388"}],"curies":[{"name":"wp","href":"https:\/\/api.w.org\/{rel}","templated":true}]}}