{"id":67370,"date":"2019-05-05T09:00:59","date_gmt":"2019-05-05T14:00:59","guid":{"rendered":"https:\/\/www.uv.mx\/prensa\/?p=67370"},"modified":"2019-05-03T17:48:48","modified_gmt":"2019-05-03T22:48:48","slug":"violencia-contra-la-mujer-afecta-sus-derechos-sexuales-y-reproductivos","status":"publish","type":"post","link":"https:\/\/www.uv.mx\/prensa\/general\/violencia-contra-la-mujer-afecta-sus-derechos-sexuales-y-reproductivos\/","title":{"rendered":"Violencia contra la mujer afecta sus derechos sexuales y reproductivos"},"content":{"rendered":"<ul>\n<li data-leveltext=\"\uf0b7\" data-font=\"Symbol\" data-listid=\"2\" data-aria-posinset=\"1\" data-aria-level=\"1\"><i><span data-contrast=\"auto\">Representa tambi\u00e9n un severo riesgo de mortalidad<\/span><\/i> <i><span data-contrast=\"auto\">tanto para la madre como para el producto<\/span><\/i><span data-ccp-props=\"{&quot;201341983&quot;:0,&quot;335559739&quot;:0,&quot;335559740&quot;:240}\">\u00a0<\/span><\/li>\n<\/ul>\n<p>&nbsp;<\/p>\n<div id=\"attachment_67344\" style=\"width: 732px\" class=\"wp-caption aligncenter\"><a href=\"https:\/\/www.uv.mx\/prensa\/files\/2019\/05\/030519-Conferencia-Aurora-del-Rio-Zolezzi-1.jpg\"><img loading=\"lazy\" decoding=\"async\" aria-describedby=\"caption-attachment-67344\" class=\"size-full wp-image-67344\" src=\"https:\/\/www.uv.mx\/prensa\/files\/2019\/05\/030519-Conferencia-Aurora-del-Rio-Zolezzi-1.jpg\" alt=\"\" width=\"722\" height=\"481\" srcset=\"https:\/\/www.uv.mx\/prensa\/files\/2019\/05\/030519-Conferencia-Aurora-del-Rio-Zolezzi-1.jpg 722w, https:\/\/www.uv.mx\/prensa\/files\/2019\/05\/030519-Conferencia-Aurora-del-Rio-Zolezzi-1-300x200.jpg 300w\" sizes=\"auto, (max-width: 722px) 100vw, 722px\" \/><\/a><p id=\"caption-attachment-67344\" class=\"wp-caption-text\">Aurora del R\u00edo Zolezzi<\/p><\/div>\n<p>&nbsp;<\/p>\n<p><b><i><span data-contrast=\"auto\">Jos\u00e9 Luis <\/span><\/i><\/b><b><i><span data-contrast=\"auto\">Couttolenc<\/span><\/i><\/b><b><i><span data-contrast=\"auto\"> Soto<\/span><\/i><\/b><span data-ccp-props=\"{&quot;201341983&quot;:0,&quot;335559739&quot;:0,&quot;335559740&quot;:240}\">\u00a0<\/span><\/p>\n<p><b><i><span data-contrast=\"auto\">0<\/span><\/i><\/b><b><i><span data-contrast=\"auto\">5<\/span><\/i><\/b><b><i><span data-contrast=\"auto\">\/0<\/span><\/i><\/b><b><i><span data-contrast=\"auto\">5<\/span><\/i><\/b><b><i><span data-contrast=\"auto\">\/19<\/span><\/i><\/b><b><i><span data-contrast=\"auto\">, Xalapa, Ver.-<\/span><\/i><\/b><span data-contrast=\"auto\"> La violencia contra las mujeres afecta sus derechos sexuales y reproductivos, <\/span><span data-contrast=\"auto\">as\u00ed <\/span><span data-contrast=\"auto\">como su situaci\u00f3n de salud, <\/span><span data-contrast=\"auto\">lo cual <\/span><span data-contrast=\"auto\">complica<\/span><span data-contrast=\"auto\"> el cumplimiento d<\/span><span data-contrast=\"auto\">el <\/span><span data-contrast=\"auto\">Art\u00edculo 4<\/span><span data-contrast=\"auto\"> constitucional <\/span><span data-contrast=\"auto\">que se\u00f1ala que cada persona puede elegir <\/span><span data-contrast=\"auto\">de manera <\/span><span data-contrast=\"auto\">libre <\/span><span data-contrast=\"auto\">e<\/span> <span data-contrast=\"auto\">informada<\/span><span data-contrast=\"auto\"> el momento en que desea embarazarse, el n\u00famero de hijos que desea tener, cu\u00e1ndo y con qui\u00e9n<\/span><span data-contrast=\"auto\">.<\/span><span data-ccp-props=\"{&quot;201341983&quot;:0,&quot;335559739&quot;:0,&quot;335559740&quot;:240}\">\u00a0<\/span><\/p>\n<p><span data-contrast=\"auto\">As\u00ed lo<\/span><span data-contrast=\"auto\"> se\u00f1al\u00f3 Aurora del R\u00edo <\/span><span data-contrast=\"auto\">Zolezzi<\/span><span data-contrast=\"auto\">, directora general adjunta de Equidad de G\u00e9nero del Centro Nacional de Equidad<\/span><span data-contrast=\"auto\"> de G\u00e9nero y Salud Reproductiva<\/span><span data-contrast=\"auto\"> de la Secretar\u00ed<\/span><span data-contrast=\"auto\">a de Salud del gobierno federal, durante su participaci\u00f3n en <\/span><span data-contrast=\"auto\">el <\/span><span data-contrast=\"auto\">2\u00ba <\/span><span data-contrast=\"auto\">Congreso de Salud Sexual y Reproductiva organizado por la Cl\u00ednica Universitaria de Salud Reproductiva y Sexual (CUSRS) de la Universidad Veracruzana (UV)<\/span><span data-contrast=\"auto\">.<\/span><span data-ccp-props=\"{&quot;201341983&quot;:0,&quot;335559731&quot;:708,&quot;335559739&quot;:0,&quot;335559740&quot;:240}\">\u00a0<\/span><\/p>\n<p><span data-contrast=\"auto\">En el evento celebrado <\/span><span data-contrast=\"auto\">el jueves <\/span><span data-contrast=\"auto\">2 <\/span><span data-contrast=\"auto\">de mayo<\/span><span data-contrast=\"auto\">, la funcionaria federal <\/span><span data-contrast=\"auto\">expuso los impactos que tiene la violencia contra las mujeres, entre los que se encuentran los riesgos de morbilidad severa tanto para la madre como para el producto.<\/span><span data-ccp-props=\"{&quot;201341983&quot;:0,&quot;335559731&quot;:708,&quot;335559739&quot;:0,&quot;335559740&quot;:240}\">\u00a0<\/span><\/p>\n<p><span data-contrast=\"auto\">Refiri\u00f3 <\/span><span data-contrast=\"auto\">que<\/span><span data-contrast=\"auto\">,<\/span><span data-contrast=\"auto\"> de acuerdo a encuestas realizadas, alrededor del 60 por ciento de las mujeres mexicanas alguna vez en su vida han sufrido violencia, y de \u00e9stas alrededor del 25 por ciento reportan haber vivido violencia de pareja. Reconoci\u00f3 que \u201ces una prevalencia relativamente alta<\/span><span data-contrast=\"auto\"> comparada con pa\u00edses del primer mundo, aunque hay algunos que tienen niveles de violencia mayor en Centroam\u00e9rica, \u00c1fr<\/span><span data-contrast=\"auto\">ica y algunos del Medio Oriente;<\/span><span data-contrast=\"auto\"> en M\u00e9xico se tienen niveles altos<\/span><span data-contrast=\"auto\">,<\/span><span data-contrast=\"auto\"> pero podr\u00edan reducirse\u201d.<\/span><span data-ccp-props=\"{&quot;201341983&quot;:0,&quot;335559739&quot;:0,&quot;335559740&quot;:240}\">\u00a0<\/span><\/p>\n<p><span data-contrast=\"auto\">D<\/span><span data-contrast=\"auto\">el R\u00edo <\/span><span data-contrast=\"auto\">Zolezzi<\/span><span data-contrast=\"auto\"> precis\u00f3 que la f\u00edsica no es la \u00fanica clase de violencia existente, ya que tambi\u00e9n<\/span><span data-contrast=\"auto\"> se registra a nivel obst\u00e9trico<\/span><span data-contrast=\"auto\"> \u201cy por cierto <\/span><span data-contrast=\"auto\">Veracruz fue<\/span><span data-contrast=\"auto\"> el primer estado que legisl\u00f3 al respecto\u201d, dijo<\/span><span data-contrast=\"auto\"> y a\u00f1adi\u00f3<\/span><span data-contrast=\"auto\"> que \u00e9sta se refiere a los malos tratos durante la atenci\u00f3n del embarazo, parto y puerperio por parte de cualquier persona vinculada al sector salud, sean m\u00e9dicos, enfer<\/span><span data-contrast=\"auto\">meras o personal administrativo<\/span><span data-contrast=\"auto\">.<\/span><span data-ccp-props=\"{&quot;201341983&quot;:0,&quot;335559739&quot;:0,&quot;335559740&quot;:240}\">\u00a0<\/span><\/p>\n<p><span data-contrast=\"auto\">Expres\u00f3<\/span><span data-contrast=\"auto\"> que cuando se aborda este t\u00e9rmino genera mucha incomodidad entre los especialistas, ginec\u00f3logos u obstetras, quienes argumentan <\/span><span data-contrast=\"auto\">que se les est\u00e1<\/span><span data-contrast=\"auto\"> poniendo la etiqueta de que todos so<\/span><span data-contrast=\"auto\">n <\/span><span data-contrast=\"auto\">violentos, pero no es as\u00ed, ya que en la atenci\u00f3n de la embaraz<\/span><span data-contrast=\"auto\">ada<\/span><span data-contrast=\"auto\"> interviene personal de otras disciplinas.<\/span><span data-ccp-props=\"{&quot;201341983&quot;:0,&quot;335559739&quot;:0,&quot;335559740&quot;:240}\">\u00a0<\/span><\/p>\n<p><span data-contrast=\"auto\">Dio <\/span><span data-contrast=\"auto\">a conocer que el Centro Nacional de Equidad y G\u00e9nero imparte talleres de formaci\u00f3n vivencial para el combate del maltrato en la atenci\u00f3n del parto, en los que <\/span><span data-contrast=\"auto\">se abordan<\/span><span data-contrast=\"auto\"> los derechos humanos y c\u00f3mo <\/span><span data-contrast=\"auto\">\u00e9stos <\/span><span data-contrast=\"auto\">deben de vincularse en la atenci\u00f3n m\u00e9dica, y de manera particular en <\/span><span data-contrast=\"auto\">las mujeres;<\/span><span data-contrast=\"auto\"> \u201centramos al tema de la violencia vivida y\/o ejercida por el propio personal, visibilizarla, porque para poder atenderla hay primero que reconocerla<\/span><span data-contrast=\"auto\">, y uno de los grandes problemas en este tema en particular es la negaci\u00f3n del fen\u00f3meno\u201d.<\/span><span data-ccp-props=\"{&quot;201341983&quot;:0,&quot;335559739&quot;:0,&quot;335559740&quot;:240}\">\u00a0<\/span><\/p>\n<p><span data-contrast=\"auto\">Al t\u00e9rmino de su exposici\u00f3n, indic\u00f3 que uno de los grandes retos que se tienen es la eliminaci\u00f3n de la violencia vinculada a los derechos reproductivos de hombres y mujeres.<\/span><span data-ccp-props=\"{&quot;201341983&quot;:0,&quot;335559739&quot;:0,&quot;335559740&quot;:240}\">\u00a0<\/span><\/p>\n","protected":false},"excerpt":{"rendered":"<p>Alrededor del 60 por ciento de las mujeres mexicanas han sufrido violencia alguna vez; de \u00e9stas alrededor del 25 por ciento reportan haber vivido violencia de pareja<\/p>\n","protected":false},"author":1508,"featured_media":67344,"comment_status":"closed","ping_status":"closed","sticky":false,"template":"","format":"standard","meta":{"footnotes":""},"categories":[1],"tags":[],"class_list":["post-67370","post","type-post","status-publish","format-standard","has-post-thumbnail","hentry","category-general"],"_links":{"self":[{"href":"https:\/\/www.uv.mx\/prensa\/wp-json\/wp\/v2\/posts\/67370","targetHints":{"allow":["GET"]}}],"collection":[{"href":"https:\/\/www.uv.mx\/prensa\/wp-json\/wp\/v2\/posts"}],"about":[{"href":"https:\/\/www.uv.mx\/prensa\/wp-json\/wp\/v2\/types\/post"}],"author":[{"embeddable":true,"href":"https:\/\/www.uv.mx\/prensa\/wp-json\/wp\/v2\/users\/1508"}],"replies":[{"embeddable":true,"href":"https:\/\/www.uv.mx\/prensa\/wp-json\/wp\/v2\/comments?post=67370"}],"version-history":[{"count":0,"href":"https:\/\/www.uv.mx\/prensa\/wp-json\/wp\/v2\/posts\/67370\/revisions"}],"wp:featuredmedia":[{"embeddable":true,"href":"https:\/\/www.uv.mx\/prensa\/wp-json\/wp\/v2\/media\/67344"}],"wp:attachment":[{"href":"https:\/\/www.uv.mx\/prensa\/wp-json\/wp\/v2\/media?parent=67370"}],"wp:term":[{"taxonomy":"category","embeddable":true,"href":"https:\/\/www.uv.mx\/prensa\/wp-json\/wp\/v2\/categories?post=67370"},{"taxonomy":"post_tag","embeddable":true,"href":"https:\/\/www.uv.mx\/prensa\/wp-json\/wp\/v2\/tags?post=67370"}],"curies":[{"name":"wp","href":"https:\/\/api.w.org\/{rel}","templated":true}]}}