{"id":67301,"date":"2019-05-03T09:00:59","date_gmt":"2019-05-03T14:00:59","guid":{"rendered":"https:\/\/www.uv.mx\/prensa\/?p=67301"},"modified":"2019-05-02T21:09:11","modified_gmt":"2019-05-03T02:09:11","slug":"proyecto-mia-presentara-resultados-de-tres-estados-del-sureste","status":"publish","type":"post","link":"https:\/\/www.uv.mx\/prensa\/general\/proyecto-mia-presentara-resultados-de-tres-estados-del-sureste\/","title":{"rendered":"Proyecto MIA presentar\u00e1 resultados de tres estados del sureste"},"content":{"rendered":"<ul>\n<li data-leveltext=\"\uf0b7\" data-font=\"Symbol\" data-listid=\"1\" data-aria-posinset=\"1\" data-aria-level=\"1\"><i><span data-contrast=\"auto\">El Proyecto Medici\u00f3n Independiente de Aprendizajes (MIA)<\/span><\/i><i><span data-contrast=\"auto\">,<\/span><\/i><i><span data-contrast=\"auto\"> en el que participan acad\u00e9micos y estudiantes de la U<\/span><\/i><i><span data-contrast=\"auto\">V<\/span><\/i><i><span data-contrast=\"auto\">,<\/span><\/i><i><span data-contrast=\"auto\"> expondr\u00e1 su trabajo realizado<\/span><\/i><i><span data-contrast=\"auto\"> en Campeche, Yucat\u00e1n y Quintana Roo<\/span><\/i><span data-ccp-props=\"{&quot;134233279&quot;:true}\">\u00a0<\/span><\/li>\n<li data-leveltext=\"\uf0b7\" data-font=\"Symbol\" data-listid=\"1\" data-aria-posinset=\"2\" data-aria-level=\"1\"><i><span data-contrast=\"auto\">Las exposiciones tendr\u00e1n lugar en el <\/span><\/i><i><span data-contrast=\"auto\">Instituto Campechano, la Universidad de Quintana Roo<\/span><\/i><i><span data-contrast=\"auto\"> y el<\/span><\/i><i><span data-contrast=\"auto\"> Centro Cultural Olimpo<\/span><\/i><span data-ccp-props=\"{&quot;134233279&quot;:true}\">\u00a0<\/span><\/li>\n<\/ul>\n<p>&nbsp;<\/p>\n<div id=\"attachment_67309\" style=\"width: 732px\" class=\"wp-caption aligncenter\"><a href=\"https:\/\/www.uv.mx\/prensa\/files\/2019\/05\/300419-Anabel-Velasquez-proyecto-MIA.jpg\"><img loading=\"lazy\" decoding=\"async\" aria-describedby=\"caption-attachment-67309\" class=\"size-full wp-image-67309\" src=\"https:\/\/www.uv.mx\/prensa\/files\/2019\/05\/300419-Anabel-Velasquez-proyecto-MIA.jpg\" alt=\"\" width=\"722\" height=\"481\" srcset=\"https:\/\/www.uv.mx\/prensa\/files\/2019\/05\/300419-Anabel-Velasquez-proyecto-MIA.jpg 722w, https:\/\/www.uv.mx\/prensa\/files\/2019\/05\/300419-Anabel-Velasquez-proyecto-MIA-300x200.jpg 300w\" sizes=\"auto, (max-width: 722px) 100vw, 722px\" \/><\/a><p id=\"caption-attachment-67309\" class=\"wp-caption-text\">Anabel Vel\u00e1squez, directora general del Proyecto MIA, dijo que presentar\u00e1n resultados en la pen\u00ednsula de Yucat\u00e1n<\/p><\/div>\n<p>&nbsp;<\/p>\n<p><b><i><span data-contrast=\"auto\">David Sandoval Rodr\u00edguez<\/span><\/i><\/b><span data-ccp-props=\"{}\">\u00a0<\/span><\/p>\n<p><b><i><span data-contrast=\"auto\">03\/05\/<\/span><\/i><\/b><b><i><span data-contrast=\"auto\">19<\/span><\/i><\/b><b><i><span data-contrast=\"auto\">,<\/span><\/i><\/b><b><i><span data-contrast=\"auto\"> Xalapa, Ver.-<\/span><\/i><\/b><span data-contrast=\"auto\"> El <\/span><span data-contrast=\"auto\">Proyecto Medici\u00f3n Independiente de Aprendizajes (MIA)<\/span><span data-contrast=\"auto\">, iniciativa en la<\/span><span data-contrast=\"auto\"> que<\/span><span data-contrast=\"auto\"> colaboran <\/span><span data-contrast=\"auto\">la Universidad Veracruza<\/span><span data-contrast=\"auto\">na (UV)<\/span><span data-contrast=\"auto\">,<\/span> <span data-contrast=\"auto\">el Centro de Investigaciones y Estudios Superiores<\/span><span data-contrast=\"auto\"> en Antropolog\u00eda Social (CIESAS) Unidad Golfo<\/span> <span data-contrast=\"auto\">y organizaciones de la sociedad civil, presentar\u00e1 los resultados m\u00e1s recientes de su trabajo efectuado en Campeche, Yucat\u00e1n y Quintana Roo.<\/span><span data-ccp-props=\"{&quot;469777462&quot;:[4419],&quot;469777927&quot;:[0],&quot;469777928&quot;:[3]}\">\u00a0<\/span><\/p>\n<p><span data-contrast=\"auto\">Anabel Vel\u00e1squez <\/span><span data-contrast=\"auto\">Dur\u00e1n<\/span><span data-contrast=\"auto\">, <\/span><span data-contrast=\"auto\">directora general del <\/span><span data-contrast=\"auto\">Proyecto <\/span><span data-contrast=\"auto\">MIA<\/span><span data-contrast=\"auto\">,<\/span><span data-contrast=\"auto\"> explic\u00f3 que al d\u00eda de hoy se b<\/span><span data-contrast=\"auto\">usca mejorar la educaci\u00f3n y lo<\/span><span data-contrast=\"auto\">s aprendizajes b\u00e1sicos de ni\u00f1os<\/span><span data-contrast=\"auto\"> y ad<\/span><span data-contrast=\"auto\">olescentes del sureste del pa\u00eds.<\/span><span data-ccp-props=\"{&quot;335559731&quot;:708}\">\u00a0<\/span><\/p>\n<p><span data-contrast=\"auto\">Record\u00f3 que <\/span><span data-contrast=\"auto\">MIA es<\/span><span data-contrast=\"auto\"> un proyecto de investigaci\u00f3n-<\/span><span data-contrast=\"auto\">acci\u00f3n <\/span><span data-contrast=\"auto\">llevado a cabo<\/span><span data-contrast=\"auto\"> por el CIESAS-Golfo<\/span><span data-contrast=\"auto\">, la U<\/span><span data-contrast=\"auto\">V y <\/span><span data-contrast=\"auto\">decenas de organi<\/span><span data-contrast=\"auto\">zaciones en el sureste del pa\u00eds; <\/span><span data-contrast=\"auto\">\u201c<\/span><span data-contrast=\"auto\">la <\/span><span data-contrast=\"auto\">misi\u00f3n <\/span><span data-contrast=\"auto\">es <\/span><span data-contrast=\"auto\">mejorar la educaci\u00f3n y aprendizajes b\u00e1sicos <\/span><span data-contrast=\"auto\">de esta poblaci\u00f3n enfoc\u00e1ndose en cinco estados: Veracruz, Tabasco, Campeche, Quintana Roo, <\/span><span data-contrast=\"auto\">Yucat\u00e1n y adicionalmente Puebla\u201d, detall\u00f3.<\/span><span data-ccp-props=\"{&quot;335559731&quot;:708}\">\u00a0<\/span><\/p>\n<p><span data-contrast=\"auto\">MIA es el \u00fanico proyecto en M\u00e9xico que elabora evaluaciones alternativas de gran escala enfoc\u00e1ndose en estados del sureste y del <\/span><span data-contrast=\"auto\">C<\/span><span data-contrast=\"auto\">aribe mexicano<\/span><span data-contrast=\"auto\">, explic\u00f3.<\/span><span data-ccp-props=\"{&quot;335559731&quot;:708}\">\u00a0<\/span><\/p>\n<p><span data-contrast=\"auto\">\u201c<\/span><span data-contrast=\"auto\">P<\/span><span data-contrast=\"auto\">osee dos \u00e1reas de acci\u00f3n principales: la <\/span><span data-contrast=\"auto\">m<\/span><span data-contrast=\"auto\">edici\u00f3n de aprendizajes b\u00e1sicos, donde se llevan a cabo evaluaciones ciudadanas en educaci\u00f3n (conocidas internacionalmente como <\/span><i><span data-contrast=\"auto\">Citizen<\/span><\/i><i><span data-contrast=\"auto\">-led <\/span><\/i><i><span data-contrast=\"auto\">assessments<\/span><\/i><span data-contrast=\"auto\">) para generar informaci\u00f3n v\u00e1lida, confiable e independiente sobre los aprendizajes b\u00e1s<\/span><span data-contrast=\"auto\">icos de ni\u00f1os<\/span><span data-contrast=\"auto\"> y <\/span><span data-contrast=\"auto\">j\u00f3venes en el sureste mexicano.\u201d<\/span><span data-ccp-props=\"{&quot;335559731&quot;:708}\">\u00a0<\/span><\/p>\n<p><span data-contrast=\"auto\">La segunda<\/span><span data-contrast=\"auto\"> \u00e1rea de acci\u00f3n <\/span><span data-contrast=\"auto\">se refiere a las<\/span> <span data-contrast=\"auto\">i<\/span><span data-contrast=\"auto\">nnovaciones educativas, donde se dise\u00f1an, desarrollan, eval\u00faan, validan y se ponen en pr\u00e1ctica intervenciones cortas para mejorar los aprendizajes b\u00e1sicos en lectura y matem\u00e1ticas en primaria y secundaria.<\/span><span data-ccp-props=\"{&quot;335559731&quot;:708}\">\u00a0<\/span><\/p>\n<p><span data-contrast=\"auto\">El proyecto b<\/span><span data-contrast=\"auto\">usca lograr cuatro objetivos: <\/span><span data-contrast=\"auto\">g<\/span><span data-contrast=\"auto\">enerar <\/span><span data-contrast=\"auto\">informaci\u00f3n v\u00e1lida, confiable e <\/span><span data-contrast=\"auto\">independiente sobre los aprendizajes b\u00e1sicos <\/span><span data-contrast=\"auto\">de <\/span><span data-contrast=\"auto\">ni\u00f1os<\/span><span data-contrast=\"auto\"> y adolescentes; a<\/span><span data-contrast=\"auto\">mpliar la discusi\u00f3<\/span><span data-contrast=\"auto\">n p\u00fablica sobre educaci\u00f3n hacia los aprendizajes, hacia los factores escolares y <\/span><span data-contrast=\"auto\">extraescolare<\/span><span data-contrast=\"auto\">s que facilitan o dificultan la <\/span><span data-contrast=\"auto\">educaci\u00f3n<\/span><span data-contrast=\"auto\">; <\/span><span data-contrast=\"auto\">e<\/span><span data-contrast=\"auto\">videnciar los efectos de las desigualdades sociales,<\/span> <span data-contrast=\"auto\">econ\u00f3micas, cultura<\/span><span data-contrast=\"auto\">les, pol\u00edticas y geogr\u00e1ficas en <\/span><span data-contrast=\"auto\">los resultados de aprendizajes<\/span><span data-contrast=\"auto\">;<\/span><span data-contrast=\"auto\"> y d<\/span><span data-contrast=\"auto\">esencadenar pro<\/span><span data-contrast=\"auto\">cesos comunitarios y ciudadanos <\/span><span data-contrast=\"auto\">en educaci\u00f3<\/span><span data-contrast=\"auto\">n.<\/span><span data-ccp-props=\"{&quot;335559731&quot;:708}\">\u00a0<\/span><\/p>\n<p><span data-contrast=\"auto\">El eslogan de esta campa\u00f1a es \u201cYo s\u00ed puedo hacer algo por la educaci\u00f3n\u201d y por ello est\u00e1n solicitando el apoyo de investigadores, estudiantes, autoridades gubernamentales, educativas, docentes, directivos, padres de familia y familiares, porque para todos ellos<\/span> <span data-contrast=\"auto\">se tienen <\/span><span data-contrast=\"auto\">estrategias que<\/span><span data-contrast=\"auto\"> permiten apuntalar estos aprendizajes.<\/span><span data-ccp-props=\"{&quot;335559731&quot;:708}\">\u00a0<\/span><\/p>\n<p><span data-contrast=\"auto\">A la fecha, varios alumnos de la UV han realizado sus pr\u00e1cticas profesionales, servicio social y trabajos <\/span><span data-contrast=\"auto\">recepcionales<\/span><span data-contrast=\"auto\">,<\/span><span data-contrast=\"auto\"> as\u00ed como trabajo voluntario en las comunidades<\/span><span data-contrast=\"auto\">,<\/span><span data-contrast=\"auto\"> por lo cual tambi\u00e9n es una oportunidad para conocer el contexto real y una experiencia formativa que incide en su curr\u00edculm, subray\u00f3 la entrevistada.<\/span><span data-ccp-props=\"{}\">\u00a0<\/span><\/p>\n<p><span data-contrast=\"auto\">En septiembre y octubre del a\u00f1o pasado MIA efectu\u00f3 la Medici\u00f3n de Aprendizajes B<\/span><span data-contrast=\"auto\">\u00e1sicos en Pen\u00ednsula 2018<\/span><span data-contrast=\"auto\">, <\/span><span data-contrast=\"auto\">una evaluaci\u00f3n alternativa de aprendizajes en las tr<\/span><span data-contrast=\"auto\">es entidades federativas de la pen\u00ednsula de Yucat\u00e1n<\/span><span data-contrast=\"auto\"> con la participaci\u00f3n de 293 voluntarios <\/span><span data-contrast=\"auto\">que entrevistaron a tres mil <\/span><span data-contrast=\"auto\">438 ni\u00f1os y adol<\/span><span data-contrast=\"auto\">escentes entre <\/span><span data-contrast=\"auto\">siete<\/span><span data-contrast=\"auto\"> y 17 a\u00f1os<\/span><span data-contrast=\"auto\"> de edad<\/span><span data-contrast=\"auto\">, de dos mil <\/span><span data-contrast=\"auto\">564 hogares, en 39 localidades de 20 municipios urbanos y rurales de dichos estados.<\/span><span data-ccp-props=\"{&quot;335559731&quot;:708}\">\u00a0<\/span><\/p>\n<p><span data-contrast=\"auto\">Vel\u00e1squez Dur\u00e1n dijo que los<\/span><span data-contrast=\"auto\"> principales resultados<\/span> <span data-contrast=\"auto\">obtenidos fueron los siguientes:<\/span> <span data-contrast=\"auto\">cuatro <\/span><span data-contrast=\"auto\">de cada 10 <\/span><span data-contrast=\"auto\">ni\u00f1os y adolescentes de la p<\/span><span data-contrast=\"auto\">en\u00ednsula de Yucat\u00e1n no lograron comprender un texto simple con un nivel de com<\/span><span data-contrast=\"auto\">plejidad de segundo de primaria; tampoco <\/span><span data-contrast=\"auto\">lograron resolver una resta con acarreo con un nivel de com<\/span><span data-contrast=\"auto\">plejidad de segundo de primaria<\/span><span data-contrast=\"auto\">.<\/span> <span data-contrast=\"auto\">S<\/span><span data-contrast=\"auto\">iete <\/span><span data-contrast=\"auto\">de cada 10 no lograron realizar un problema que involucra dos operaciones matem\u00e1ticas b\u00e1sicas con un nivel de complejidad de cuarto de primaria<\/span><span data-contrast=\"auto\">.<\/span><span data-ccp-props=\"{&quot;335559731&quot;:708}\">\u00a0<\/span><\/p>\n<p><span data-contrast=\"auto\">Adem\u00e1s aplicaron tres instrumentos agrupados dentro de la categor\u00eda \u201cMIA <\/span><span data-contrast=\"auto\">para la vida<\/span><span data-contrast=\"auto\">\u201d<\/span><span data-contrast=\"auto\">:<\/span><span data-contrast=\"auto\"> Instrumento de Medici\u00f3n de Aprendiza<\/span><span data-contrast=\"auto\">jes B\u00e1sicos en Ciudadan\u00eda (ABC);<\/span><span data-contrast=\"auto\"> Instrumento de Aprendizajes B\u00e1sicos para el Manejo Emocional en Ni\u00f1os y Adolescentes (MENA)<\/span><span data-contrast=\"auto\">;<\/span> <span data-contrast=\"auto\">e Instrumento de A<\/span><span data-contrast=\"auto\">prendizajes <\/span><span data-contrast=\"auto\">B<\/span><span data-contrast=\"auto\">\u00e1sicos de Autocuidado en Ni\u00f1os y Adolescentes (IANA).<\/span><span data-ccp-props=\"{&quot;335559731&quot;:708}\">\u00a0<\/span><\/p>\n<p><span data-contrast=\"auto\">Los resultados que arrojaron fueron: <\/span><span data-contrast=\"auto\">l<\/span><span data-contrast=\"auto\">os aprendizajes de ciudadan\u00eda m\u00e1s bajos en Yucat\u00e1n <\/span><span data-contrast=\"auto\">est\u00e1n<\/span><span data-contrast=\"auto\"> relacionados <\/span><span data-contrast=\"auto\">con <\/span><span data-contrast=\"auto\">tolerancia e inclusi\u00f3n<\/span><span data-contrast=\"auto\">; l<\/span><span data-contrast=\"auto\">os aprendizajes para el manejo de emociones m\u00e1s bajos en <\/span><span data-contrast=\"auto\">Quintana Roo fueron los de comprensi\u00f3n y expresi\u00f3n de emociones<\/span><span data-contrast=\"auto\"> y en<\/span><span data-contrast=\"auto\"> Campeche<\/span><span data-contrast=\"auto\">;<\/span><span data-contrast=\"auto\"> los aprendizajes para el autocuidado m\u00e1s bajos fueron los de autoeficacia.<\/span><span data-ccp-props=\"{&quot;335559731&quot;:708}\">\u00a0<\/span><\/p>\n<p><span data-contrast=\"auto\">Como parte de su compromiso, el proyecto presentar\u00e1 estos resultados ampliados en la ciudad de Campeche el lunes 6 de mayo a las 11:00 horas <\/span><span data-contrast=\"auto\">e<\/span><span data-contrast=\"auto\">n el Aula Magna \u201cBenito Ju\u00e1rez\u201d<\/span> <span data-contrast=\"auto\">d<\/span><span data-contrast=\"auto\">el <\/span><span data-contrast=\"auto\">Instituto Campechano, ubicado en la <\/span><span data-contrast=\"auto\">C<\/span><span data-contrast=\"auto\">alle 10 n\u00famero <\/span><span data-contrast=\"auto\">357<\/span><span data-contrast=\"auto\">, C<\/span><span data-contrast=\"auto\">ol<\/span><span data-contrast=\"auto\">onia<\/span><span data-contrast=\"auto\"> Centro<\/span><span data-contrast=\"auto\">.<\/span><span data-ccp-props=\"{&quot;335559731&quot;:708}\">\u00a0<\/span><\/p>\n<p><span data-contrast=\"auto\">El martes 7 a las 11:00 horas en el Auditorio \u201cYuri <\/span><span data-contrast=\"auto\">Knorosov<\/span><span data-contrast=\"auto\">\u201d de la Univ<\/span><span data-contrast=\"auto\">ersidad de Quintana Roo, ubicada<\/span><span data-contrast=\"auto\"> en el Boulevard Bah<\/span><span data-contrast=\"auto\">\u00eda esquina Ignacio Comonfort, C<\/span><span data-contrast=\"auto\">olonia Del Bosque en Chetumal<\/span><span data-contrast=\"auto\">;<\/span><span data-contrast=\"auto\"> y el mi\u00e9rcoles 8 en la ciudad de M\u00e9rida, a las 11:00 horas en la <\/span><span data-contrast=\"auto\">Videosala<\/span><span data-contrast=\"auto\"> del Centro Cultural Olimpo, ubicado en la <\/span><span data-contrast=\"auto\">C<\/span><span data-contrast=\"auto\">alle 62 esquina <\/span><span data-contrast=\"auto\">C<\/span><span data-contrast=\"auto\">alle 61, <\/span><span data-contrast=\"auto\">C<\/span><span data-contrast=\"auto\">olonia <\/span><span data-contrast=\"auto\">C<\/span><span data-contrast=\"auto\">entro.<\/span><span data-ccp-props=\"{&quot;335559731&quot;:708}\">\u00a0<\/span><\/p>\n<p><span data-contrast=\"auto\">Para mayores informes, visitar la p\u00e1gina <\/span><i><span data-contrast=\"auto\">web<\/span><\/i><span data-contrast=\"auto\">: <\/span><a href=\"http:\/\/www.medicionmia.org.mx\"><span data-contrast=\"none\">www.medicionmia.org.mx<\/span><\/a><span data-contrast=\"auto\"> o dirigirse al correo: <\/span><a href=\"mailto:medicionmia@gmail.com\"><span data-contrast=\"none\">medicionmia@gmail.com<\/span><\/a><span data-contrast=\"auto\"> y a las redes sociales <\/span><i><span data-contrast=\"auto\">Twitter<\/span><\/i><span data-contrast=\"auto\">: @<\/span><span data-contrast=\"auto\">MedirAprender<\/span><span data-contrast=\"auto\">, <\/span><i><span data-contrast=\"auto\">Facebook<\/span><\/i><span data-contrast=\"auto\">: <\/span><span data-contrast=\"auto\">mediraprenderMIA<\/span><span data-contrast=\"auto\"> e <\/span><i><span data-contrast=\"auto\">Instagram<\/span><\/i><span data-contrast=\"auto\">: medicion_independiente_mia<\/span><span data-contrast=\"auto\">, mismas que se actualizan constantemente.<\/span><span data-ccp-props=\"{&quot;335559731&quot;:708}\">\u00a0<\/span><\/p>\n","protected":false},"excerpt":{"rendered":"<p>Es el \u00fanico proyecto en M\u00e9xico que elabora evaluaciones alternativas de gran escala, enfoc\u00e1ndose en estados del sureste y del Caribe mexicano<\/p>\n","protected":false},"author":1508,"featured_media":67309,"comment_status":"closed","ping_status":"closed","sticky":false,"template":"","format":"standard","meta":{"footnotes":""},"categories":[1],"tags":[],"class_list":["post-67301","post","type-post","status-publish","format-standard","has-post-thumbnail","hentry","category-general"],"_links":{"self":[{"href":"https:\/\/www.uv.mx\/prensa\/wp-json\/wp\/v2\/posts\/67301","targetHints":{"allow":["GET"]}}],"collection":[{"href":"https:\/\/www.uv.mx\/prensa\/wp-json\/wp\/v2\/posts"}],"about":[{"href":"https:\/\/www.uv.mx\/prensa\/wp-json\/wp\/v2\/types\/post"}],"author":[{"embeddable":true,"href":"https:\/\/www.uv.mx\/prensa\/wp-json\/wp\/v2\/users\/1508"}],"replies":[{"embeddable":true,"href":"https:\/\/www.uv.mx\/prensa\/wp-json\/wp\/v2\/comments?post=67301"}],"version-history":[{"count":0,"href":"https:\/\/www.uv.mx\/prensa\/wp-json\/wp\/v2\/posts\/67301\/revisions"}],"wp:featuredmedia":[{"embeddable":true,"href":"https:\/\/www.uv.mx\/prensa\/wp-json\/wp\/v2\/media\/67309"}],"wp:attachment":[{"href":"https:\/\/www.uv.mx\/prensa\/wp-json\/wp\/v2\/media?parent=67301"}],"wp:term":[{"taxonomy":"category","embeddable":true,"href":"https:\/\/www.uv.mx\/prensa\/wp-json\/wp\/v2\/categories?post=67301"},{"taxonomy":"post_tag","embeddable":true,"href":"https:\/\/www.uv.mx\/prensa\/wp-json\/wp\/v2\/tags?post=67301"}],"curies":[{"name":"wp","href":"https:\/\/api.w.org\/{rel}","templated":true}]}}