{"id":67157,"date":"2019-04-30T14:15:39","date_gmt":"2019-04-30T19:15:39","guid":{"rendered":"https:\/\/www.uv.mx\/prensa\/?p=67157"},"modified":"2019-04-30T14:48:52","modified_gmt":"2019-04-30T19:48:52","slug":"francia-en-foco-ciclo-de-cine-en-el-aula-clavijero","status":"publish","type":"post","link":"https:\/\/www.uv.mx\/prensa\/cultura\/francia-en-foco-ciclo-de-cine-en-el-aula-clavijero\/","title":{"rendered":"<em>Francia en foco<\/em>, ciclo de cine en el Aula Clavijero\u00a0"},"content":{"rendered":"<ul>\n<li data-leveltext=\"\uf0b7\" data-font=\"Symbol\" data-listid=\"1\" data-aria-posinset=\"1\" data-aria-level=\"1\"><i><span data-contrast=\"auto\">Las funciones ser\u00e1n a las 18:00 horas,\u00a0 la entrada es libre<\/span><\/i><span data-ccp-props=\"{&quot;134233279&quot;:true,&quot;201341983&quot;:0,&quot;335559739&quot;:160,&quot;335559740&quot;:240}\">\u00a0<\/span><\/li>\n<\/ul>\n<p><span data-ccp-props=\"{&quot;201341983&quot;:0,&quot;335559739&quot;:160,&quot;335559740&quot;:240}\">\u00a0<\/span><b><i><\/i><\/b><\/p>\n<div id=\"attachment_67164\" style=\"width: 516px\" class=\"wp-caption aligncenter\"><a href=\"https:\/\/www.uv.mx\/prensa\/files\/2019\/04\/CARTEL-CINE-FRANCeS-1-Definitivo.jpg\"><img loading=\"lazy\" decoding=\"async\" aria-describedby=\"caption-attachment-67164\" class=\"wp-image-67164 size-full\" src=\"https:\/\/www.uv.mx\/prensa\/files\/2019\/04\/CARTEL-CINE-FRANCeS-1-Definitivo-e1556653634529.jpg\" alt=\"\" width=\"506\" height=\"722\" \/><\/a><p id=\"caption-attachment-67164\" class=\"wp-caption-text\">Cartel del ciclo <em>Francia en foco<\/em><\/p><\/div>\n<p><span data-ccp-props=\"{&quot;201341983&quot;:0,&quot;335559739&quot;:160,&quot;335559740&quot;:240}\">\u00a0<\/span><\/p>\n<p><span data-ccp-props=\"{&quot;201341983&quot;:0,&quot;335559739&quot;:160,&quot;335559740&quot;:240}\">\u00a0<\/span><\/p>\n<p><b><i><span data-contrast=\"auto\">30\/04\/19, Xalapa, Ver.- <\/span><\/i><\/b><span data-contrast=\"auto\">La <\/span><span data-contrast=\"auto\">Universidad Veracruzana<\/span><span data-contrast=\"auto\">, <\/span><span data-contrast=\"auto\">la Embajada de Francia en M\u00e9xico<\/span><span data-contrast=\"auto\"> y<\/span><span data-contrast=\"auto\"> la Cineteca Nacional<\/span><span data-contrast=\"auto\"> llevar\u00e1n a cabo, <\/span><span data-contrast=\"auto\">del 3 al 17 de mayo en el Aula Clavijero<\/span><span data-contrast=\"auto\">,<\/span><span data-contrast=\"auto\"> el ciclo <\/span><i><span data-contrast=\"auto\">Francia en foco<\/span><\/i><span data-contrast=\"auto\">,<\/span> <span data-contrast=\"auto\">conformado por siete producciones galas realizadas entre 2015<\/span><span data-contrast=\"auto\"> y <\/span><span data-contrast=\"auto\">2018, las cuales permitir\u00e1n ubicar el estado actual de salud de una industria nacional que, al crear el cinemat\u00f3grafo, gener\u00f3 el espect\u00e1culo masivo de las im\u00e1genes animadas.<\/span><span data-ccp-props=\"{&quot;201341983&quot;:0,&quot;335559739&quot;:160,&quot;335559740&quot;:240}\">\u00a0<\/span><\/p>\n<p><span data-contrast=\"auto\">De vertiente c\u00f3mica<\/span><span data-contrast=\"auto\">, <\/span><i><span data-contrast=\"auto\">B\u00e9cassine<\/span><\/i><i><span data-contrast=\"auto\">!<\/span><\/i> <span data-contrast=\"auto\">(<\/span><span data-contrast=\"auto\">2018<\/span><span data-contrast=\"auto\">, de Bruno <\/span><span data-contrast=\"auto\">Podayldes<\/span><span data-contrast=\"auto\">)<\/span><span data-contrast=\"auto\"> aborda el tema de la ingenuidad en un adulto y las posibilid<\/span><span data-contrast=\"auto\">ades de la conciliaci\u00f3n humana.<\/span><span data-contrast=\"auto\"> La proyecci\u00f3n ser\u00e1 el viernes 3 de mayo.<\/span><span data-ccp-props=\"{&quot;201341983&quot;:0,&quot;335559731&quot;:708,&quot;335559739&quot;:160,&quot;335559740&quot;:240}\">\u00a0<\/span><\/p>\n<p><i><span data-contrast=\"auto\">Compte<\/span><\/i> <i><span data-contrast=\"auto\">tes<\/span><\/i> <i><span data-contrast=\"auto\">blessures<\/span><\/i><span data-contrast=\"auto\"> (2016, de Morgan <\/span><span data-contrast=\"auto\">Simon<\/span><span data-contrast=\"auto\">)<\/span><span data-contrast=\"auto\">, que se exhibir\u00e1 el lunes 6,<\/span><span data-contrast=\"auto\"> se remite al \u00edmpetu juve<\/span><span data-contrast=\"auto\">nil <\/span><span data-contrast=\"auto\">de un chico abri\u00e9ndose camino a<\/span><span data-contrast=\"auto\"> la vida, no obstante los conf<\/span><span data-contrast=\"auto\">lictos famil<\/span><span data-contrast=\"auto\">i<\/span><span data-contrast=\"auto\">ares. <\/span><span data-contrast=\"auto\">En la b\u00fasqueda de una identidad se inscriben <\/span><span data-contrast=\"auto\">sus preferencias por el <\/span><i><span data-contrast=\"auto\">hard<\/span><\/i><i><span data-contrast=\"auto\">-rock<\/span><\/i><span data-contrast=\"auto\"> y el tatuaje <\/span><span data-contrast=\"auto\">en gran parte de su cuerpo. <\/span><span data-contrast=\"auto\">En <\/span><span data-contrast=\"auto\">el <\/span><span data-contrast=\"auto\">Festival de Cine Europeo, la cinta obtuvo el<\/span> <span data-contrast=\"auto\">Premio Especial del Jurado a la Mejor Pel\u00edcula y el Premio del Jurado Estudiantil.<\/span><span data-ccp-props=\"{&quot;201341983&quot;:0,&quot;335559731&quot;:708,&quot;335559739&quot;:160,&quot;335559740&quot;:240}\">\u00a0<\/span><\/p>\n<p><span data-contrast=\"auto\">Para e<\/span><span data-contrast=\"auto\">l martes 7<\/span><span data-contrast=\"auto\">,<\/span> <i><span data-contrast=\"auto\">El taller de escritura<\/span><\/i><span data-contrast=\"auto\"> (<\/span><i><span data-contrast=\"auto\">L\u2019e<\/span><\/i><i><span data-contrast=\"auto\"> atelier<\/span><\/i><span data-contrast=\"auto\">, 2017)<\/span><span data-contrast=\"auto\">, de<\/span><span data-contrast=\"auto\"> L<\/span><span data-contrast=\"auto\">aurent <\/span><span data-contrast=\"auto\">Cantet<\/span><span data-contrast=\"auto\">, p<\/span><span data-contrast=\"auto\">lantea un debate moral sobre el aprendizaje intelectual de j\u00f3venes de distintos or\u00edgenes<\/span><span data-contrast=\"auto\"> \u00e9tnicos en la provincia francesa y <\/span><span data-contrast=\"auto\">los riesgos <\/span><span data-contrast=\"auto\">en la juventud <\/span><span data-contrast=\"auto\">ante el radicalismo <\/span><span data-contrast=\"auto\">terrorista.<\/span><span data-ccp-props=\"{&quot;201341983&quot;:0,&quot;335559731&quot;:708,&quot;335559739&quot;:160,&quot;335559740&quot;:240}\">\u00a0<\/span><\/p>\n<p><span data-contrast=\"auto\">Basada en un hecho real, <\/span><i><span data-contrast=\"auto\">El competidor<\/span><\/i><span data-contrast=\"auto\"> (<\/span><i><span data-contrast=\"auto\">L\u2019Outsider<\/span><\/i><span data-contrast=\"auto\">, 2017, de <\/span><span data-contrast=\"auto\">Chri<\/span><span data-contrast=\"auto\">stophe<\/span> <span data-contrast=\"auto\">Barratier<\/span><span data-contrast=\"auto\">)<\/span> <span data-contrast=\"auto\">expone el itinerario de un corredor de bolsa convertido en el mayor defraudador de la bolsa de valores en <\/span><span data-contrast=\"auto\">el Par\u00ed<\/span><span data-contrast=\"auto\">s de<\/span><span data-contrast=\"auto\"> 2008.<\/span><span data-contrast=\"auto\"> La cita es el mi\u00e9rcoles 8.<\/span><span data-ccp-props=\"{&quot;201341983&quot;:0,&quot;335559731&quot;:708,&quot;335559739&quot;:160,&quot;335559740&quot;:240}\">\u00a0<\/span><\/p>\n<p><span data-contrast=\"auto\">Interesante por el tema de la obsesi\u00f3n de u<\/span><span data-contrast=\"auto\">n hombre que cree vivir un <\/span><i><span data-contrast=\"auto\">deja <\/span><\/i><i><span data-contrast=\"auto\">vu<\/span><\/i><span data-contrast=\"auto\"> al <\/span><span data-contrast=\"auto\">con<\/span><span data-contrast=\"auto\">ocer a una joven misteriosa, <\/span><i><span data-contrast=\"auto\">Rosalie<\/span><\/i> <i><span data-contrast=\"auto\">Blum<\/span><\/i><span data-contrast=\"auto\"> (2015,<\/span><span data-contrast=\"auto\"> de <\/span><span data-contrast=\"auto\">Julien<\/span> <span data-contrast=\"auto\">Rappeneau<\/span><span data-contrast=\"auto\">) <\/span><span data-contrast=\"auto\">gan\u00f3<\/span> <span data-contrast=\"auto\">un <\/span><span data-contrast=\"auto\">premio en el <\/span><span data-contrast=\"auto\">Festival<\/span> <span data-contrast=\"auto\">Internacional de Cine de Gij\u00f3n.<\/span><span data-contrast=\"auto\"> Se proyectar\u00e1 el lunes 13.<\/span><span data-ccp-props=\"{&quot;201341983&quot;:0,&quot;335559731&quot;:708,&quot;335559739&quot;:160,&quot;335559740&quot;:240}\">\u00a0<\/span><\/p>\n<p><span data-contrast=\"auto\">La dura vida en una granja de animales se expone en <\/span><i><span data-contrast=\"auto\">Un h\u00e9roe singular<\/span><\/i><span data-contrast=\"auto\"> (<\/span><i><span data-contrast=\"auto\">Petit<\/span><\/i> <i><span data-contrast=\"auto\">paysan<\/span><\/i><span data-contrast=\"auto\">, 2017, de <\/span><span data-contrast=\"auto\">Hubert<\/span> <span data-contrast=\"auto\">Charuel<\/span><span data-contrast=\"auto\">), <\/span><span data-contrast=\"auto\">ganadora de tres <\/span><span data-contrast=\"auto\">P<\/span><span data-contrast=\"auto\">remios C\u00e9sar.<\/span><span data-contrast=\"auto\"> Este film se exhibir\u00e1 el martes 14.<\/span><span data-ccp-props=\"{&quot;201341983&quot;:0,&quot;335559731&quot;:708,&quot;335559739&quot;:160,&quot;335559740&quot;:240}\">\u00a0<\/span><\/p>\n<p><span data-contrast=\"auto\">El ciclo cierra el viernes 17 con <\/span><i><span data-contrast=\"auto\">Una raz\u00f3n brillante<\/span><\/i><span data-contrast=\"auto\"> (<\/span><i><span data-contrast=\"auto\">Le <\/span><\/i><i><span data-contrast=\"auto\">brio<\/span><\/i><span data-contrast=\"auto\">, 2017, de <\/span><span data-contrast=\"auto\">Yvan<\/span> <span data-contrast=\"auto\">Attal<\/span><span data-contrast=\"auto\">), <\/span><span data-contrast=\"auto\">que aborda<\/span> <span data-contrast=\"auto\">l<\/span><span data-contrast=\"auto\">as relaciones tensas entre una estudiante de Derecho y un profesor conflictivo<\/span><span data-contrast=\"auto\">. La cinta<\/span> <span data-contrast=\"auto\">fue <\/span><span data-contrast=\"auto\">merecedora<\/span><span data-contrast=\"auto\"> del Premio C\u00e9sar a mejor actr<\/span><span data-contrast=\"auto\">iz revelaci\u00f3n (<\/span><span data-contrast=\"auto\">Cam\u00e9lia<\/span><span data-contrast=\"auto\"> Jordana).<\/span><span data-ccp-props=\"{&quot;201341983&quot;:0,&quot;335559731&quot;:708,&quot;335559739&quot;:160,&quot;335559740&quot;:240}\">\u00a0<\/span><\/p>\n<p><span data-contrast=\"auto\">El magn\u00edfico recorrido tem\u00e1tico expuesto por algunos de los cineastas contempor\u00e1neos franceses estar\u00e1 presente en el ciclo <\/span><i><span data-contrast=\"auto\">Francia en foco<\/span><\/i><span data-contrast=\"auto\">. Las <\/span><span data-contrast=\"auto\">funciones <\/span><span data-contrast=\"auto\">ser\u00e1n <\/span><span data-contrast=\"auto\">a las 18:00 horas <\/span><span data-contrast=\"auto\">en el Aula Clavijero <\/span><span data-contrast=\"auto\">y la entrada es libre<\/span><span data-contrast=\"auto\">.<\/span><span data-ccp-props=\"{&quot;201341983&quot;:0,&quot;335559731&quot;:708,&quot;335559739&quot;:160,&quot;335559740&quot;:240}\">\u00a0<\/span><\/p>\n<p>&nbsp;<\/p>\n","protected":false},"excerpt":{"rendered":"<p>Del 3 al 17 de mayo se proyectar\u00e1n siete producciones realizadas entre 2015 y 2018\u00a0<\/p>\n","protected":false},"author":1869,"featured_media":67164,"comment_status":"closed","ping_status":"closed","sticky":false,"template":"","format":"standard","meta":{"footnotes":""},"categories":[11,47],"tags":[],"class_list":["post-67157","post","type-post","status-publish","format-standard","has-post-thumbnail","hentry","category-cultura","category-eventos"],"_links":{"self":[{"href":"https:\/\/www.uv.mx\/prensa\/wp-json\/wp\/v2\/posts\/67157","targetHints":{"allow":["GET"]}}],"collection":[{"href":"https:\/\/www.uv.mx\/prensa\/wp-json\/wp\/v2\/posts"}],"about":[{"href":"https:\/\/www.uv.mx\/prensa\/wp-json\/wp\/v2\/types\/post"}],"author":[{"embeddable":true,"href":"https:\/\/www.uv.mx\/prensa\/wp-json\/wp\/v2\/users\/1869"}],"replies":[{"embeddable":true,"href":"https:\/\/www.uv.mx\/prensa\/wp-json\/wp\/v2\/comments?post=67157"}],"version-history":[{"count":0,"href":"https:\/\/www.uv.mx\/prensa\/wp-json\/wp\/v2\/posts\/67157\/revisions"}],"wp:featuredmedia":[{"embeddable":true,"href":"https:\/\/www.uv.mx\/prensa\/wp-json\/wp\/v2\/media\/67164"}],"wp:attachment":[{"href":"https:\/\/www.uv.mx\/prensa\/wp-json\/wp\/v2\/media?parent=67157"}],"wp:term":[{"taxonomy":"category","embeddable":true,"href":"https:\/\/www.uv.mx\/prensa\/wp-json\/wp\/v2\/categories?post=67157"},{"taxonomy":"post_tag","embeddable":true,"href":"https:\/\/www.uv.mx\/prensa\/wp-json\/wp\/v2\/tags?post=67157"}],"curies":[{"name":"wp","href":"https:\/\/api.w.org\/{rel}","templated":true}]}}