{"id":67053,"date":"2019-04-29T13:26:13","date_gmt":"2019-04-29T18:26:13","guid":{"rendered":"https:\/\/www.uv.mx\/prensa\/?p=67053"},"modified":"2019-04-29T15:22:30","modified_gmt":"2019-04-29T20:22:30","slug":"uv-presento-nuevo-portal-web","status":"publish","type":"post","link":"https:\/\/www.uv.mx\/prensa\/banner\/uv-presento-nuevo-portal-web\/","title":{"rendered":"UV present\u00f3 nuevo portal <em>web<\/em>"},"content":{"rendered":"<ul>\n<li data-leveltext=\"\uf0b7\" data-font=\"Symbol\" data-listid=\"1\" data-aria-posinset=\"1\" data-aria-level=\"1\"><i><span data-contrast=\"auto\">\u201cA trav\u00e9s de este espacio<\/span><\/i><i><span data-contrast=\"auto\">,<\/span><\/i><i><span data-contrast=\"auto\"> la U<\/span><\/i><i><span data-contrast=\"auto\">niversidad <\/span><\/i><i><span data-contrast=\"auto\">V<\/span><\/i><i><span data-contrast=\"auto\">eracruzana <\/span><\/i><i><span data-contrast=\"auto\">se posiciona como l\u00edder de opini\u00f3n a nivel internacional<\/span><\/i><i><span data-contrast=\"auto\">\u201d: <\/span><\/i><i><span data-contrast=\"auto\">Sara Ladr\u00f3n de Guevara<\/span><\/i><span data-ccp-props=\"{&quot;134233279&quot;:true,&quot;201341983&quot;:0,&quot;335559739&quot;:160,&quot;335559740&quot;:240}\">\u00a0<\/span><\/li>\n<li data-leveltext=\"\uf0b7\" data-font=\"Symbol\" data-listid=\"1\" data-aria-posinset=\"2\" data-aria-level=\"1\"><i><span data-contrast=\"auto\">El nuevo <\/span><\/i><i><span data-contrast=\"auto\">sitio ser\u00e1 <\/span><\/i><i><span data-contrast=\"auto\">lanzado <\/span><\/i><i><span data-contrast=\"auto\">a <\/span><\/i><i><span data-contrast=\"auto\">principios<\/span><\/i><i><span data-contrast=\"auto\"> de mayo<\/span><\/i><span data-ccp-props=\"{&quot;134233279&quot;:true,&quot;201341983&quot;:0,&quot;335559739&quot;:160,&quot;335559740&quot;:240}\">\u00a0<\/span><\/li>\n<li data-leveltext=\"\uf0b7\" data-font=\"Symbol\" data-listid=\"1\" data-aria-posinset=\"3\" data-aria-level=\"1\"><i><span data-contrast=\"auto\">La UV registra c<\/span><\/i><i><span data-contrast=\"auto\">erca de cinco millones de <\/span><\/i><i><span data-contrast=\"auto\">visitas de <\/span><\/i><i><span data-contrast=\"auto\">usuarios <\/span><\/i><i><span data-contrast=\"auto\">del pa\u00eds y el mundo<\/span><\/i><span data-ccp-props=\"{&quot;134233279&quot;:true,&quot;201341983&quot;:0,&quot;335559739&quot;:160,&quot;335559740&quot;:240}\">\u00a0<\/span><\/li>\n<\/ul>\n<p><span data-ccp-props=\"{&quot;201341983&quot;:0,&quot;335559739&quot;:160,&quot;335559740&quot;:240}\">\u00a0<\/span><\/p>\n<div id=\"attachment_67060\" style=\"width: 732px\" class=\"wp-caption aligncenter\"><a href=\"https:\/\/www.uv.mx\/prensa\/files\/2019\/04\/290419-CALUDIA-Portal-UV-1-100k.jpg\"><img loading=\"lazy\" decoding=\"async\" aria-describedby=\"caption-attachment-67060\" class=\"size-full wp-image-67060\" src=\"https:\/\/www.uv.mx\/prensa\/files\/2019\/04\/290419-CALUDIA-Portal-UV-1-100k.jpg\" alt=\"\" width=\"722\" height=\"482\" srcset=\"https:\/\/www.uv.mx\/prensa\/files\/2019\/04\/290419-CALUDIA-Portal-UV-1-100k.jpg 722w, https:\/\/www.uv.mx\/prensa\/files\/2019\/04\/290419-CALUDIA-Portal-UV-1-100k-300x200.jpg 300w\" sizes=\"auto, (max-width: 722px) 100vw, 722px\" \/><\/a><p id=\"caption-attachment-67060\" class=\"wp-caption-text\">Autoridades universitarias presentaron ante la rectora Sara Ladr\u00f3n de Guevara la propuesta del nuevo portal UV<\/p><\/div>\n<p><span data-ccp-props=\"{&quot;201341983&quot;:0,&quot;335559739&quot;:160,&quot;335559740&quot;:240}\">\u00a0<\/span><\/p>\n<p><b><i><span data-contrast=\"auto\">C<\/span><\/i><\/b><b><i><span data-contrast=\"auto\">laudia Peralta V\u00e1zquez<\/span><\/i><\/b><span data-ccp-props=\"{&quot;201341983&quot;:0,&quot;335559739&quot;:160,&quot;335559740&quot;:240}\">\u00a0<\/span><\/p>\n<p><b><i><span data-contrast=\"auto\">29\/04\/19, Xalapa, <\/span><\/i><\/b><b><i><span data-contrast=\"auto\">Ver.-<\/span><\/i><\/b> <span data-contrast=\"auto\">La Universidad Veracruzana (UV) <\/span><span data-contrast=\"auto\">contar\u00e1 con un nuevo portal web institucional y abrir\u00e1, as\u00ed, <\/span><span data-contrast=\"auto\">una nueva ventana al mundo para mostrarse como una instituci\u00f3n de calidad ante la comunidad universitaria y los millones de visitantes nacionales e internacionales que anualmente acceden a su p\u00e1gina <\/span><i><span data-contrast=\"auto\">web<\/span><\/i><span data-contrast=\"auto\">.<\/span><span data-ccp-props=\"{&quot;201341983&quot;:0,&quot;335559739&quot;:160,&quot;335559740&quot;:240}\">\u00a0<\/span><\/p>\n<p><span data-contrast=\"auto\">Durante la pr<\/span><span data-contrast=\"auto\">esentaci\u00f3n del <\/span><span data-contrast=\"auto\">portal <\/span><span data-contrast=\"auto\">d<\/span><span data-contrast=\"auto\">emo y propuesta de<\/span><span data-contrast=\"auto\">l <\/span><span data-contrast=\"auto\">nuevo portal a<\/span><span data-contrast=\"auto\">nte<\/span><span data-contrast=\"auto\"> la rectora<\/span><span data-contrast=\"auto\">, <\/span><span data-contrast=\"auto\">Sara Ladr\u00f3n de Guevara<\/span><span data-contrast=\"auto\">, <\/span><span data-contrast=\"auto\">y autoridades universitarias de <\/span><span data-contrast=\"auto\">las cinco regiones<\/span> <span data-contrast=\"auto\">\u2013<\/span><span data-contrast=\"auto\">que <\/span><span data-contrast=\"auto\">tuvo lugar el lunes 29 de abril<\/span><span data-contrast=\"auto\"> en la Sala de Juntas de Rector\u00eda<\/span><span data-contrast=\"auto\">\u2013<\/span><span data-contrast=\"auto\">, <\/span><span data-contrast=\"auto\">Octavio Ochoa Contreras, secretario de Desarrollo Institucional, destac\u00f3 que los beneficios de esta actualizaci\u00f3n re<\/span><span data-contrast=\"auto\">dunda<\/span><span data-contrast=\"auto\">r\u00e1n en<\/span><span data-contrast=\"auto\"> un mayor<\/span><span data-contrast=\"auto\"> apoyo a la <\/span><span data-contrast=\"auto\">difusi\u00f3n de las actividade<\/span><span data-contrast=\"auto\">s sustantivas de la Universidad y<\/span> <span data-contrast=\"auto\">una <\/span><span data-contrast=\"auto\">r<\/span><span data-contrast=\"auto\">e<\/span><span data-contrast=\"auto\">estructura<\/span><span data-contrast=\"auto\">ci\u00f3n de<\/span><span data-contrast=\"auto\"> los <\/span><span data-contrast=\"auto\">contenidos para una ef<\/span><span data-contrast=\"auto\">iciente consulta de informaci\u00f3n.<\/span><span data-ccp-props=\"{&quot;201341983&quot;:0,&quot;335559739&quot;:160,&quot;335559740&quot;:240}\">\u00a0<\/span><\/p>\n<p><span data-contrast=\"auto\">Tambi\u00e9n, f<\/span><span data-contrast=\"auto\">acilitar<\/span><span data-contrast=\"auto\">\u00e1<\/span><span data-contrast=\"auto\"> el<\/span> <span data-contrast=\"auto\">acceso a los servicios institucionales que se brindan a la comunidad uni<\/span><span data-contrast=\"auto\">versitaria y p\u00fablico en general<\/span><span data-contrast=\"auto\">,<\/span><span data-contrast=\"auto\"> e incorporar\u00e1 una nu<\/span><span data-contrast=\"auto\">eva imagen basada en accesibilidad y usabilidad.<\/span><span data-ccp-props=\"{&quot;201341983&quot;:0,&quot;335559739&quot;:160,&quot;335559740&quot;:240}\">\u00a0<\/span><\/p>\n<p><span data-contrast=\"auto\">Coment\u00f3 que desde hace un tiempo se ha trabajado para el mejoramiento del actual porta<\/span><span data-contrast=\"auto\">l <\/span><span data-contrast=\"auto\">que opera desde marzo de 2013. \u201cEs uno de los principales medios de difusi\u00f3n de las actividades sustantivas de la Universidad\u201d.<\/span><span data-ccp-props=\"{&quot;201341983&quot;:0,&quot;335559731&quot;:708,&quot;335559739&quot;:160,&quot;335559740&quot;:240}\">\u00a0<\/span><\/p>\n<p><span data-contrast=\"auto\">Puntualiz\u00f3 que desde el 2000 ha tenido diversas modificaciones, pero ahora, dadas las caracter\u00edsticas y necesidades de la instituci\u00f3n, se renueva y se presenta <\/span><span data-contrast=\"auto\">otra<\/span><span data-contrast=\"auto\"> propuesta.<\/span><span data-ccp-props=\"{&quot;201341983&quot;:0,&quot;335559731&quot;:708,&quot;335559739&quot;:160,&quot;335559740&quot;:240}\">\u00a0<\/span><\/p>\n<p><span data-contrast=\"auto\">Para ello, se integr\u00f3 un equipo multidisciplinario conforma<\/span><span data-contrast=\"auto\">do por personal de las secretar\u00ed<\/span><span data-contrast=\"auto\">as Acad\u00e9mica, de Desarrollo Institucional, <\/span><span data-contrast=\"auto\">de <\/span><span data-contrast=\"auto\">Administraci\u00f3n y Finanzas, <\/span><span data-contrast=\"auto\">as\u00ed como las direcciones<\/span> <span data-contrast=\"auto\">g<\/span><span data-contrast=\"auto\">eneral<\/span><span data-contrast=\"auto\">es<\/span><span data-contrast=\"auto\"> de Comunicaci\u00f3n Universitaria y<\/span> <span data-contrast=\"auto\">de Tecnolog\u00eda de Informaci\u00f3n<\/span><span data-contrast=\"auto\"> (DGTI)<\/span><span data-contrast=\"auto\">.<\/span><span data-ccp-props=\"{&quot;201341983&quot;:0,&quot;335559731&quot;:708,&quot;335559739&quot;:160,&quot;335559740&quot;:240}\">\u00a0<\/span><\/p>\n<p><span data-contrast=\"auto\">Por su parte, Sara Ladr\u00f3n de Guevara <\/span><span data-contrast=\"auto\">reconoci\u00f3 el esfuerzo de todos los que participan en este proceso de renovaci\u00f3n de<\/span><span data-contrast=\"auto\">l portal UV<\/span><span data-contrast=\"auto\">,<\/span><span data-contrast=\"auto\"> que brindar\u00e1 a<\/span><span data-contrast=\"auto\"> los j\u00f3venes universitarios un <\/span><span data-contrast=\"auto\">mejor acceso a la <\/span><span data-contrast=\"auto\">inf<\/span><span data-contrast=\"auto\">ormaci\u00f3n institucional, y a lo<\/span><span data-contrast=\"auto\">s millones de visitantes<\/span><span data-contrast=\"auto\"> nacionales y extranjeros, lo cual <\/span><span data-contrast=\"auto\">significa una enorme responsabilidad.<\/span><span data-ccp-props=\"{&quot;201341983&quot;:0,&quot;335559731&quot;:708,&quot;335559739&quot;:160,&quot;335559740&quot;:240}\">\u00a0<\/span><\/p>\n<p><span data-contrast=\"auto\">Record\u00f3 que desde anteriores evaluaciones y mediciones de p\u00e1ginas <\/span><i><span data-contrast=\"auto\">web<\/span><\/i><span data-contrast=\"auto\">, la UV ocupa un espacio importante en el contexto internacional.<\/span><span data-ccp-props=\"{&quot;201341983&quot;:0,&quot;335559731&quot;:708,&quot;335559739&quot;:160,&quot;335559740&quot;:240}\">\u00a0<\/span><\/p>\n<p><span data-contrast=\"auto\">\u201cA trav\u00e9s de este espacio, la UV tiene una forma de posicionarse como l\u00edder de opini\u00f3n a nivel mundial, eso habla del esfuerzo que hacemos como comunidad y de la responsabilidad que eso significa.\u201d<\/span><span data-ccp-props=\"{&quot;201341983&quot;:0,&quot;335559731&quot;:708,&quot;335559739&quot;:160,&quot;335559740&quot;:240}\">\u00a0<\/span><\/p>\n<p><span data-contrast=\"auto\">En este sentido, conmin\u00f3 a alimentar este sitio <\/span><span data-contrast=\"auto\">con el concierto de todos los miembros de la comunidad universitaria<\/span><span data-contrast=\"auto\">.<\/span> <span data-contrast=\"auto\">\u201cNo s<\/span><span data-contrast=\"auto\">er\u00e1 de calidad si no es alimentado continuamente, el \u00e9xito de las p\u00e1ginas <\/span><i><span data-contrast=\"auto\">web<\/span><\/i><span data-contrast=\"auto\"> es que sigan siendo oportunas<\/span><span data-contrast=\"auto\">\u201d.<\/span><span data-ccp-props=\"{&quot;201341983&quot;:0,&quot;335559731&quot;:708,&quot;335559739&quot;:160,&quot;335559740&quot;:240}\">\u00a0<\/span><\/p>\n<p>&nbsp;<\/p>\n<div id=\"attachment_67061\" style=\"width: 732px\" class=\"wp-caption aligncenter\"><a href=\"https:\/\/www.uv.mx\/prensa\/files\/2019\/04\/290419-CALUDIA-Portal-UV-2-100k.jpg\"><img loading=\"lazy\" decoding=\"async\" aria-describedby=\"caption-attachment-67061\" class=\"size-full wp-image-67061\" src=\"https:\/\/www.uv.mx\/prensa\/files\/2019\/04\/290419-CALUDIA-Portal-UV-2-100k.jpg\" alt=\"\" width=\"722\" height=\"481\" srcset=\"https:\/\/www.uv.mx\/prensa\/files\/2019\/04\/290419-CALUDIA-Portal-UV-2-100k.jpg 722w, https:\/\/www.uv.mx\/prensa\/files\/2019\/04\/290419-CALUDIA-Portal-UV-2-100k-300x200.jpg 300w\" sizes=\"auto, (max-width: 722px) 100vw, 722px\" \/><\/a><p id=\"caption-attachment-67061\" class=\"wp-caption-text\">Jos\u00e9 Alejandro Colunga y Juan Carlos Jim\u00e9nez mostraron un demo de la nueva imagen y caracter\u00edsticas<\/p><\/div>\n<p>&nbsp;<\/p>\n<p><span data-contrast=\"auto\">En tanto, <\/span><span data-contrast=\"auto\">Juan Carlos Jim\u00e9nez M\u00e1rquez, <\/span><span data-contrast=\"auto\">titular de la <\/span><span data-contrast=\"auto\">DGTI, dio a conocer el aumento sustancial de sitios <\/span><i><span data-contrast=\"auto\">web<\/span><\/i><span data-contrast=\"auto\"> que se tienen en el portal y del n\u00famero de visitantes y usuarios de la p\u00e1gina<\/span><span data-contrast=\"auto\">.<\/span><span data-ccp-props=\"{&quot;201341983&quot;:0,&quot;335559731&quot;:708,&quot;335559739&quot;:160,&quot;335559740&quot;:240}\">\u00a0<\/span><\/p>\n<p><span data-contrast=\"auto\">Asimismo, precis\u00f3 que la <\/span><span data-contrast=\"auto\">actualizaci\u00f3n incluye una serie de mejoras en el sistema de gesti\u00f3n de contenido <\/span><span data-contrast=\"auto\">como: n<\/span><span data-contrast=\"auto\">ueva imagen y estructura de infor<\/span><span data-contrast=\"auto\">maci\u00f3n enfocada en el <\/span><span data-contrast=\"auto\">contenido<\/span><span data-contrast=\"auto\"> con inte<\/span><span data-contrast=\"auto\">graci\u00f3n para ambientes m\u00f3viles; may<\/span><span data-contrast=\"auto\">or funcionalidad y <\/span><span data-contrast=\"auto\">flexibilidad en la administraci\u00f3n y d<\/span><span data-contrast=\"auto\">espliegue <\/span><span data-contrast=\"auto\">de informaci\u00f3n; <\/span><span data-contrast=\"auto\">velocidad de visualizaci\u00f3n, con<\/span><span data-contrast=\"auto\">sulta y b\u00fasqueda de informaci\u00f3n; <\/span><span data-contrast=\"auto\">difusi\u00f3n de los servicios brindados<\/span><span data-contrast=\"auto\"> a la <\/span><span data-contrast=\"auto\">comunidad uni<\/span><span data-contrast=\"auto\">versitaria y p\u00fablico en general, as\u00ed como m<\/span><span data-contrast=\"auto\">ejores caracter\u00edsticas de usabilidad y accesibilidad.<\/span><span data-ccp-props=\"{&quot;201341983&quot;:0,&quot;335559739&quot;:160,&quot;335559740&quot;:240}\">\u00a0<\/span><\/p>\n<p><span data-contrast=\"auto\">A trav\u00e9s de una presentaci\u00f3n, mostr\u00f3 que d<\/span><span data-contrast=\"auto\">esde el 200<\/span><span data-contrast=\"auto\">0<\/span><span data-contrast=\"auto\"> ha habido una evoluci\u00f3n constante del contenido de la p\u00e1gina y estructura de la informaci\u00f3n que continu\u00f3 en 2001, 2007, 2009 y 2013.<\/span><span data-ccp-props=\"{&quot;201341983&quot;:0,&quot;335559731&quot;:708,&quot;335559739&quot;:160,&quot;335559740&quot;:240}\">\u00a0<\/span><\/p>\n<p><span data-contrast=\"auto\">En la parte estad\u00edstica, dijo que en 2009 el portal contaba con 93 sitios <\/span><i><span data-contrast=\"auto\">web<\/span><\/i><span data-contrast=\"auto\">; <\/span><span data-contrast=\"auto\">120 en 2013; 847 en<\/span><span data-contrast=\"auto\"> 2019<\/span><span data-contrast=\"auto\">, <\/span><span data-contrast=\"auto\">alojados en el sitio institucional.<\/span><span data-ccp-props=\"{&quot;201341983&quot;:0,&quot;335559739&quot;:160,&quot;335559740&quot;:240}\">\u00a0<\/span><\/p>\n<p><span data-contrast=\"auto\">Tambi\u00e9n se tienen diversos navegadores de Internet como: <\/span><i><span data-contrast=\"auto\">Chrome<\/span><\/i><span data-contrast=\"auto\">, <\/span><i><span data-contrast=\"auto\">Edge<\/span><\/i><span data-contrast=\"auto\">, <\/span><i><span data-contrast=\"auto\">Safari<\/span><\/i><span data-contrast=\"auto\">, <\/span><i><span data-contrast=\"auto\">Fire<\/span><\/i><i><span data-contrast=\"auto\">f<\/span><\/i><i><span data-contrast=\"auto\">ox<\/span><\/i><span data-contrast=\"auto\">, <\/span><i><span data-contrast=\"auto\">Explorer<\/span><\/i><span data-contrast=\"auto\">, entre otros.<\/span><span data-ccp-props=\"{&quot;201341983&quot;:0,&quot;335559731&quot;:708,&quot;335559739&quot;:160,&quot;335559740&quot;:240}\">\u00a0<\/span><\/p>\n<p><span data-contrast=\"auto\">E<\/span><span data-contrast=\"auto\">n 2015 se contabilizaron <\/span><span data-contrast=\"auto\">4.4 millones de visitantes;<\/span><span data-contrast=\"auto\"> en 2016, 4.5; <\/span><span data-contrast=\"auto\">en <\/span><span data-contrast=\"auto\">2017, <\/span><span data-contrast=\"auto\">cinco <\/span><span data-contrast=\"auto\">millones; y en<\/span><span data-contrast=\"auto\"> 2<\/span><span data-contrast=\"auto\">018, 4.9 millones.<\/span><span data-ccp-props=\"{&quot;201341983&quot;:0,&quot;335559739&quot;:160,&quot;335559740&quot;:240}\">\u00a0<\/span><\/p>\n<p><span data-contrast=\"auto\">Este a\u00f1o se <\/span><span data-contrast=\"auto\">hizo un corte de enero a abril<\/span><span data-contrast=\"auto\"> y se detect\u00f3 que a la fecha<\/span><span data-contrast=\"auto\"> han ingre<\/span><span data-contrast=\"auto\">sado 1.8 millones de visitantes<\/span><span data-contrast=\"auto\"> al portal<\/span><span data-contrast=\"auto\">. D<\/span><span data-contrast=\"auto\">e continuar esta tendencia, 2019 <\/span><span data-contrast=\"auto\">cerrar\u00e1 con 5.5 millones<\/span><span data-contrast=\"auto\">.<\/span><span data-ccp-props=\"{&quot;201341983&quot;:0,&quot;335559739&quot;:160,&quot;335559740&quot;:240}\">\u00a0<\/span><\/p>\n<p><span data-contrast=\"auto\">Los <\/span><span data-contrast=\"auto\">usuarios que m\u00e1s lo visitan radican en<\/span><span data-contrast=\"auto\">: Colombia, Estados Unidos, Per\u00fa, Argentina, Ecuador, Espa\u00f1a, Chile, Venezuela, Rep\u00fablica Dominicana, Bolivia, Guatemala, Panam\u00e1, Costa Rica, El Salvador y Honduras.<\/span><span data-ccp-props=\"{&quot;201341983&quot;:0,&quot;335559739&quot;:160,&quot;335559740&quot;:240}\">\u00a0<\/span><\/p>\n<p><span data-contrast=\"auto\">Finalmente, agreg\u00f3 que el <\/span><span data-contrast=\"auto\">objetivo de la renovaci\u00f3n es en apoyo de las actividades sustantivas de la<\/span><span data-contrast=\"auto\"> UV; <\/span><span data-contrast=\"auto\">tambi\u00e9n <\/span><span data-contrast=\"auto\">se aprovech\u00f3 para r<\/span><span data-contrast=\"auto\">e<\/span><span data-contrast=\"auto\">estructurar los contenidos para una eficiente consulta, para facilitar el acceso a los s<\/span><span data-contrast=\"auto\">ervicios institucionales e<\/span><span data-contrast=\"auto\"> incorporar una nueva imagen basada en la accesibilidad y flexibilidad.<\/span><span data-ccp-props=\"{&quot;201341983&quot;:0,&quot;335559731&quot;:708,&quot;335559739&quot;:160,&quot;335559740&quot;:240}\">\u00a0<\/span><\/p>\n<p><span data-contrast=\"auto\">En tanto, <\/span><span data-contrast=\"auto\">Jos\u00e9 Alejandro Colunga Moreno, director de Desarrollo Inform\u00e1tico de Apoyo Acad\u00e9mico<\/span><span data-contrast=\"auto\">,<\/span><span data-contrast=\"auto\"> cit\u00f3 cada uno de los cam<\/span><span data-contrast=\"auto\">bios en el portal que se centra en la funcionalidad y est\u00e9tica con un formato atractivo e intu<\/span><span data-contrast=\"auto\">itivo centrado en el contenido.<\/span><span data-ccp-props=\"{&quot;201341983&quot;:0,&quot;335559731&quot;:708,&quot;335559739&quot;:160,&quot;335559740&quot;:240}\">\u00a0<\/span><\/p>\n<p><span data-contrast=\"auto\">Adem\u00e1s<\/span><span data-contrast=\"auto\">,<\/span><span data-contrast=\"auto\"> incorpora elementos visuales tales como: fotograf\u00eda, video, tipograf\u00eda, color, sombras, acentuaciones, iconograf\u00eda, elementos simples o formas geom\u00e9tricas b\u00e1sicas.<\/span><span data-ccp-props=\"{&quot;201341983&quot;:0,&quot;335559731&quot;:708,&quot;335559739&quot;:160,&quot;335559740&quot;:240}\">\u00a0<\/span><\/p>\n<p><span data-contrast=\"auto\">El plan de trabajo contempla tres fases. La primera, de distribuci\u00f3n de la gu\u00eda de uso del nuevo portal, que ser\u00e1 el 2 de mayo; la segunda, ser\u00e1 la actualizaci\u00f3n al nuevo portal y 840 sitios <\/span><i><span data-contrast=\"auto\">web<\/span><\/i><span data-contrast=\"auto\">, a partir del 3 y 4 de mayo; la tercera, la migraci\u00f3n de informaci\u00f3n por parte de las \u00e1reas responsables, se contempla entre el 5 y10 del mismo mes.<\/span><span data-ccp-props=\"{&quot;201341983&quot;:0,&quot;335559731&quot;:708,&quot;335559739&quot;:160,&quot;335559740&quot;:240}\">\u00a0<\/span><\/p>\n<p><span data-ccp-props=\"{&quot;201341983&quot;:0,&quot;335559739&quot;:160,&quot;335559740&quot;:240}\">\u00a0<\/span><\/p>\n<div id=\"attachment_67062\" style=\"width: 732px\" class=\"wp-caption aligncenter\"><a href=\"https:\/\/www.uv.mx\/prensa\/files\/2019\/04\/290419-CALUDIA-Portal-UV-3-100k.jpg\"><img loading=\"lazy\" decoding=\"async\" aria-describedby=\"caption-attachment-67062\" class=\"size-full wp-image-67062\" src=\"https:\/\/www.uv.mx\/prensa\/files\/2019\/04\/290419-CALUDIA-Portal-UV-3-100k.jpg\" alt=\"\" width=\"722\" height=\"482\" srcset=\"https:\/\/www.uv.mx\/prensa\/files\/2019\/04\/290419-CALUDIA-Portal-UV-3-100k.jpg 722w, https:\/\/www.uv.mx\/prensa\/files\/2019\/04\/290419-CALUDIA-Portal-UV-3-100k-300x200.jpg 300w\" sizes=\"auto, (max-width: 722px) 100vw, 722px\" \/><\/a><p id=\"caption-attachment-67062\" class=\"wp-caption-text\">En la Sala de Juntas de Rector\u00eda fue presentado el nuevo portal institucional de la UV<\/p><\/div>\n","protected":false},"excerpt":{"rendered":"<p>\u201cA trav\u00e9s de este espacio, la UV tiene una forma de posicionarse como l\u00edder de opini\u00f3n a nivel mundial, eso habla del esfuerzo que hacemos como comunidad y de la responsabilidad que eso significa\u201d: Rectora<\/p>\n","protected":false},"author":1869,"featured_media":67058,"comment_status":"closed","ping_status":"closed","sticky":false,"template":"","format":"standard","meta":{"footnotes":""},"categories":[61],"tags":[],"class_list":["post-67053","post","type-post","status-publish","format-standard","has-post-thumbnail","hentry","category-banner"],"_links":{"self":[{"href":"https:\/\/www.uv.mx\/prensa\/wp-json\/wp\/v2\/posts\/67053","targetHints":{"allow":["GET"]}}],"collection":[{"href":"https:\/\/www.uv.mx\/prensa\/wp-json\/wp\/v2\/posts"}],"about":[{"href":"https:\/\/www.uv.mx\/prensa\/wp-json\/wp\/v2\/types\/post"}],"author":[{"embeddable":true,"href":"https:\/\/www.uv.mx\/prensa\/wp-json\/wp\/v2\/users\/1869"}],"replies":[{"embeddable":true,"href":"https:\/\/www.uv.mx\/prensa\/wp-json\/wp\/v2\/comments?post=67053"}],"version-history":[{"count":0,"href":"https:\/\/www.uv.mx\/prensa\/wp-json\/wp\/v2\/posts\/67053\/revisions"}],"wp:featuredmedia":[{"embeddable":true,"href":"https:\/\/www.uv.mx\/prensa\/wp-json\/wp\/v2\/media\/67058"}],"wp:attachment":[{"href":"https:\/\/www.uv.mx\/prensa\/wp-json\/wp\/v2\/media?parent=67053"}],"wp:term":[{"taxonomy":"category","embeddable":true,"href":"https:\/\/www.uv.mx\/prensa\/wp-json\/wp\/v2\/categories?post=67053"},{"taxonomy":"post_tag","embeddable":true,"href":"https:\/\/www.uv.mx\/prensa\/wp-json\/wp\/v2\/tags?post=67053"}],"curies":[{"name":"wp","href":"https:\/\/api.w.org\/{rel}","templated":true}]}}