{"id":66960,"date":"2019-04-27T09:00:45","date_gmt":"2019-04-27T14:00:45","guid":{"rendered":"https:\/\/www.uv.mx\/prensa\/?p=66960"},"modified":"2019-04-26T15:15:28","modified_gmt":"2019-04-26T20:15:28","slug":"egresada-uv-difunde-obra-de-jose-rolon","status":"publish","type":"post","link":"https:\/\/www.uv.mx\/prensa\/cultura\/egresada-uv-difunde-obra-de-jose-rolon\/","title":{"rendered":"Egresada UV difunde obra de Jos\u00e9 Rol\u00f3n"},"content":{"rendered":"<ul>\n<li><i><span data-contrast=\"auto\">La pianista Claudia Corona anal<\/span><\/i><i><span data-contrast=\"auto\">iza s<\/span><\/i><i><span data-contrast=\"auto\">u trabajo en torno de <\/span><\/i><i><span data-contrast=\"auto\">un\u00a0<\/span><\/i><i><span data-contrast=\"auto\">maestro mexi<\/span><\/i><i><span data-contrast=\"auto\">cano de forja art\u00edstica europea<\/span><\/i><\/li>\n<\/ul>\n<p>&nbsp;<\/p>\n<div id=\"attachment_66949\" style=\"width: 732px\" class=\"wp-caption aligncenter\"><a href=\"https:\/\/www.uv.mx\/prensa\/files\/2019\/04\/250419-Claudia-Corona.jpg\"><img loading=\"lazy\" decoding=\"async\" aria-describedby=\"caption-attachment-66949\" class=\"size-full wp-image-66949\" src=\"https:\/\/www.uv.mx\/prensa\/files\/2019\/04\/250419-Claudia-Corona.jpg\" alt=\"\" width=\"722\" height=\"543\" srcset=\"https:\/\/www.uv.mx\/prensa\/files\/2019\/04\/250419-Claudia-Corona.jpg 722w, https:\/\/www.uv.mx\/prensa\/files\/2019\/04\/250419-Claudia-Corona-300x226.jpg 300w\" sizes=\"auto, (max-width: 722px) 100vw, 722px\" \/><\/a><p id=\"caption-attachment-66949\" class=\"wp-caption-text\">Claudia Corona<\/p><\/div>\n<p>&nbsp;<\/p>\n<p><b><i><span data-contrast=\"auto\">Jo<\/span><\/i><\/b><b><i><span data-contrast=\"auto\">rge V\u00e1zquez Pacheco<\/span><\/i><\/b><span data-ccp-props=\"{&quot;134233279&quot;:true,&quot;335559685&quot;:720}\">\u00a0<\/span><\/p>\n<p><b><i><span data-contrast=\"auto\">2<\/span><\/i><\/b><b><i><span data-contrast=\"auto\">7<\/span><\/i><\/b><b><i><span data-contrast=\"auto\">\/04\/19, Xalapa, Ver.-<\/span><\/i><\/b><span data-contrast=\"auto\"> La obra de Jos\u00e9 Rol\u00f3n muestra hechuras sorprendentes y s\u00f3lida estructura, producto de su preparaci\u00f3n al lado de maestros de primer orden como Moritz <\/span><span data-contrast=\"auto\">Moszkowski<\/span><span data-contrast=\"auto\">, Paul Dukas y Nadia <\/span><span data-contrast=\"auto\">Boulanger<\/span><span data-contrast=\"auto\">, expres\u00f3 Claudia Corona, ejecutante de piano egresada de la Facultad de M\u00fasica de la Universidad Veracruzana (UV) y quien reside en Friburgo, Alemania.<\/span><span data-ccp-props=\"{}\">\u00a0<\/span><\/p>\n<p><span data-contrast=\"auto\">Su <\/span><span data-contrast=\"auto\">inter\u00e9s por la creatividad de este maestro nacido en 1876 en Zapotl\u00e1n, Jalisco<\/span><span data-contrast=\"auto\">, y<\/span><span data-contrast=\"auto\"> fallecido en la Ciudad de M\u00e9xico en 1945<\/span><span data-contrast=\"auto\">, surgi\u00f3 de un obsequio de Luis Herrera de la Fuente<\/span><span data-contrast=\"auto\">, quien<\/span><span data-contrast=\"auto\"> \u201cme entreg\u00f3 una reducci\u00f3n para dos pianos del Concierto de Rol\u00f3n. Al <\/span><span data-contrast=\"auto\">leer<\/span> <span data-contrast=\"auto\">la obra<\/span><span data-contrast=\"auto\">, me dej\u00f3 fascinada por sus armon\u00edas, su ritmo, su fuerza. Me pregunt\u00e9 <\/span><span data-contrast=\"auto\">por qu\u00e9 <\/span><span data-contrast=\"auto\">no se conoce<\/span><span data-contrast=\"auto\">n <\/span><span data-contrast=\"auto\">su<\/span><span data-contrast=\"auto\">s<\/span><span data-contrast=\"auto\"> obra<\/span><span data-contrast=\"auto\">s<\/span><span data-contrast=\"auto\"> y me propuse difundir <\/span><span data-contrast=\"auto\">ese <\/span><span data-contrast=\"auto\">Concierto para piano, tuve la oportunidad de tocarlo con la Filarm\u00f3nica de Jalisco y m\u00e1s adelante <\/span><span data-contrast=\"auto\">lo <\/span><span data-contrast=\"auto\">grab\u00e9 <\/span><span data-contrast=\"auto\">en un disco, <\/span><span data-contrast=\"auto\">en Alemania<\/span><span data-contrast=\"auto\">\u201d<\/span><span data-contrast=\"auto\">.<\/span><span data-ccp-props=\"{&quot;335559731&quot;:708}\">\u00a0<\/span><\/p>\n<p><span data-contrast=\"auto\">La pianista se puso en contacto con los familiares de Rol\u00f3n y con Ricardo Miranda, quien ten\u00eda en custodia el archivo del compositor, lo que le dio la oportunidad de conocer <\/span><span data-contrast=\"auto\">mucho <\/span><span data-contrast=\"auto\">m\u00e1s material, algo de lo cual se contiene en el \u00e1lbum de dos discos presentado el martes 23 de abril en el auditorio de la Facultad de M\u00fasica<\/span><span data-contrast=\"auto\"> de la<\/span><span data-contrast=\"auto\"> UV.<\/span><span data-ccp-props=\"{&quot;335559731&quot;:708}\">\u00a0<\/span><\/p>\n<p><span data-contrast=\"auto\">\u201c<\/span><span data-contrast=\"auto\">Cuando toco una pieza de Rol\u00f3n, aunque sea una obra cortita, siento de inmediato su poder<\/span><span data-contrast=\"auto\">\u00edo<\/span><span data-contrast=\"auto\">, la <\/span><span data-contrast=\"auto\">rica complejidad polif\u00f3nica y un estilo que le emparenta con los principales compositores del romanticismo<\/span><span data-contrast=\"auto\">.<\/span><span data-contrast=\"auto\">\u201d<\/span><span data-ccp-props=\"{&quot;335559731&quot;:708}\">\u00a0<\/span><\/p>\n<p><span data-contrast=\"auto\">Corona indic\u00f3<\/span><span data-contrast=\"auto\"> que, luego de analizar vida y obra del compositor referido, descubri\u00f3 que se trataba de un hombre sumamente estudioso que contaba con 51 a\u00f1os de edad cuando se hizo alumno de la c\u00e9lebre pedagoga francesa Nadia Boulanger. \u201c<\/span><span data-contrast=\"auto\">I<\/span><span data-contrast=\"auto\">ntegr\u00f3 elementos ind\u00edgenas y nacionalismo, un tanto a la manera de quienes vivimos fuera de nuestro pa\u00eds y lo<\/span><span data-contrast=\"auto\"> extra\u00f1amos intensamente\u201d, a\u00f1adi\u00f3<\/span><span data-contrast=\"auto\">.<\/span><span data-ccp-props=\"{&quot;335559731&quot;:708}\">\u00a0<\/span><\/p>\n<p>&nbsp;<\/p>\n<div id=\"attachment_66938\" style=\"width: 732px\" class=\"wp-caption aligncenter\"><a href=\"https:\/\/www.uv.mx\/prensa\/files\/2019\/04\/250419-Claudia-Corona-2.jpg\"><img loading=\"lazy\" decoding=\"async\" aria-describedby=\"caption-attachment-66938\" class=\"size-full wp-image-66938\" src=\"https:\/\/www.uv.mx\/prensa\/files\/2019\/04\/250419-Claudia-Corona-2.jpg\" alt=\"\" width=\"722\" height=\"610\" srcset=\"https:\/\/www.uv.mx\/prensa\/files\/2019\/04\/250419-Claudia-Corona-2.jpg 722w, https:\/\/www.uv.mx\/prensa\/files\/2019\/04\/250419-Claudia-Corona-2-300x253.jpg 300w\" sizes=\"auto, (max-width: 722px) 100vw, 722px\" \/><\/a><p id=\"caption-attachment-66938\" class=\"wp-caption-text\"><br \/>Portada del \u00e1lbum discogr\u00e1fico recientemente presentado<\/p><\/div>\n<p>&nbsp;<\/p>\n<p><span data-contrast=\"auto\">L<\/span><span data-contrast=\"auto\">a entrevistada<\/span><span data-contrast=\"auto\"> remarc\u00f3 que s<\/span><span data-contrast=\"auto\">u repertorio es amplio, \u201c<\/span><span data-contrast=\"auto\">c<\/span><span data-contrast=\"auto\">ontiene obras para orquesta, m\u00fasica de c\u00e1mara, canciones, m\u00fasica para ballet <\/span><span data-contrast=\"auto\">y para piano solo. <\/span><span data-contrast=\"auto\">Es abundante el <\/span><span data-contrast=\"auto\">material que, por desgr<\/span><span data-contrast=\"auto\">acia, no se ha dado a conocer\u201d<\/span><span data-contrast=\"auto\">.<\/span><span data-ccp-props=\"{&quot;335559731&quot;:708}\">\u00a0<\/span><\/p>\n<p><span data-contrast=\"auto\">El \u00e1lbum presentado contiene obras que <\/span><span data-contrast=\"auto\">Rol\u00f3n<\/span><span data-contrast=\"auto\"> escribi\u00f3 durante 1908 a 1932. Su<\/span><span data-contrast=\"auto\"> estad\u00eda inicial en Par\u00eds estuvo nublada por la desgracia<\/span><span data-contrast=\"auto\">, l<\/span><span data-contrast=\"auto\">leg\u00f3 a Europa cuando <\/span><span data-contrast=\"auto\">ten\u00eda <\/span><span data-contrast=\"auto\">27 <\/span><span data-contrast=\"auto\">a\u00f1os <\/span><span data-contrast=\"auto\">y luego <\/span><span data-contrast=\"auto\">enviud\u00f3<\/span><span data-contrast=\"auto\"> muy joven<\/span><span data-contrast=\"auto\">, se vio en la necesidad de <\/span><span data-contrast=\"auto\">regres<\/span><span data-contrast=\"auto\">ar <\/span><span data-contrast=\"auto\">intempestivamente al enterarse del fallecimiento de su segunda hija y cuando Moszkowski le hab\u00eda ofrecido trabajo como ense\u00f1ante. \u201cNo dejo de preguntarme cu\u00e1l ser\u00eda su importancia en Europa, si hubiese permanecido m\u00e1s tiempo.<\/span><span data-ccp-props=\"{&quot;335559731&quot;:708}\">\u00a0<\/span><\/p>\n<p><span data-contrast=\"auto\">\u201d<\/span><span data-contrast=\"auto\">Mi proyecto es tratar de poner al alcance de todos la m\u00fasica de Rol\u00f3n<\/span><span data-contrast=\"auto\">;<\/span><span data-contrast=\"auto\"> que sea accesible para pianistas, cantantes, instrumentistas de c\u00e1mara y directores de orquesta. <\/span><span data-contrast=\"auto\">Que haya n<\/span><span data-contrast=\"auto\">ue<\/span><span data-contrast=\"auto\">vas ediciones de lo ya editado e incrementar su presencia en <\/span><span data-contrast=\"auto\">universidades<\/span><span data-contrast=\"auto\"> y conservatorios<\/span><span data-contrast=\"auto\">. Y no es un caso aislado; hay mucha m\u00fasica de maestros mexicanos como Ernesto Elorduy, Felipe Villanueva, Gustavo E. Campa y <\/span><span data-contrast=\"auto\">otros <\/span><span data-contrast=\"auto\">m\u00e1s.\u201d<\/span><span data-ccp-props=\"{&quot;335559731&quot;:708}\">\u00a0<\/span><\/p>\n<p><span data-contrast=\"auto\">Otro de sus proyectos <\/span><span data-contrast=\"auto\">a su regreso a Friburgo <\/span><span data-contrast=\"auto\">es grabar el Concierto para piano de <\/span><span data-contrast=\"auto\">Clara Schumann<\/span><span data-contrast=\"auto\">, <\/span><span data-contrast=\"auto\">adem\u00e1s <\/span><span data-contrast=\"auto\">continuar\u00e1 impartiendo clases y participar\u00e1 en un cuarteto de tango. Colmada de plane<\/span><span data-contrast=\"auto\">s e intenciones, Claudia remarc\u00f3<\/span><span data-contrast=\"auto\"> la concordancia entre interpretaci\u00f3n e invest<\/span><span data-contrast=\"auto\">igaci\u00f3n, labores que en su caso<\/span><span data-contrast=\"auto\"> marchan de la mano.<\/span><span data-ccp-props=\"{&quot;335559731&quot;:708}\">\u00a0<\/span><\/p>\n","protected":false},"excerpt":{"rendered":"<p>\u201cCuando toco una pieza de Rol\u00f3n, siento de inmediato su poder\u00edo, la rica complejidad polif\u00f3nica y un estilo que le emparenta con los principales compositores del romanticismo\u201d: Claudia Corona<\/p>\n","protected":false},"author":1809,"featured_media":0,"comment_status":"closed","ping_status":"closed","sticky":false,"template":"","format":"standard","meta":{"footnotes":""},"categories":[11],"tags":[],"class_list":["post-66960","post","type-post","status-publish","format-standard","hentry","category-cultura"],"_links":{"self":[{"href":"https:\/\/www.uv.mx\/prensa\/wp-json\/wp\/v2\/posts\/66960","targetHints":{"allow":["GET"]}}],"collection":[{"href":"https:\/\/www.uv.mx\/prensa\/wp-json\/wp\/v2\/posts"}],"about":[{"href":"https:\/\/www.uv.mx\/prensa\/wp-json\/wp\/v2\/types\/post"}],"author":[{"embeddable":true,"href":"https:\/\/www.uv.mx\/prensa\/wp-json\/wp\/v2\/users\/1809"}],"replies":[{"embeddable":true,"href":"https:\/\/www.uv.mx\/prensa\/wp-json\/wp\/v2\/comments?post=66960"}],"version-history":[{"count":0,"href":"https:\/\/www.uv.mx\/prensa\/wp-json\/wp\/v2\/posts\/66960\/revisions"}],"wp:attachment":[{"href":"https:\/\/www.uv.mx\/prensa\/wp-json\/wp\/v2\/media?parent=66960"}],"wp:term":[{"taxonomy":"category","embeddable":true,"href":"https:\/\/www.uv.mx\/prensa\/wp-json\/wp\/v2\/categories?post=66960"},{"taxonomy":"post_tag","embeddable":true,"href":"https:\/\/www.uv.mx\/prensa\/wp-json\/wp\/v2\/tags?post=66960"}],"curies":[{"name":"wp","href":"https:\/\/api.w.org\/{rel}","templated":true}]}}