{"id":66934,"date":"2019-04-28T09:00:26","date_gmt":"2019-04-28T14:00:26","guid":{"rendered":"https:\/\/www.uv.mx\/prensa\/?p=66934"},"modified":"2019-04-26T14:54:58","modified_gmt":"2019-04-26T19:54:58","slug":"cambio-climatico-traera-efectos-negativos-para-veracruz-en-materia-economica","status":"publish","type":"post","link":"https:\/\/www.uv.mx\/prensa\/ciencia\/cambio-climatico-traera-efectos-negativos-para-veracruz-en-materia-economica\/","title":{"rendered":"Cambio clim\u00e1tico traer\u00e1 efectos negativos para Veracruz en materia econ\u00f3mica"},"content":{"rendered":"<ul>\n<li data-leveltext=\"\uf0b7\" data-font=\"Symbol\" data-listid=\"1\" data-aria-posinset=\"1\" data-aria-level=\"1\"><i><span data-contrast=\"auto\">Para los pr\u00f3ximos 15 o 20 a\u00f1os, se prev\u00e9 que haya p\u00e9rdida del PIB, de empleos e importaci\u00f3n de alimentos<\/span><\/i><i><span data-contrast=\"auto\">, <\/span><\/i><i><span data-contrast=\"auto\">d<\/span><\/i><i><span data-contrast=\"auto\">estac\u00f3 Carlos Manuel <\/span><\/i><i><span data-contrast=\"auto\">Welsh<\/span><\/i><i><span data-contrast=\"auto\">, <\/span><\/i><i><span data-contrast=\"auto\">acad\u00e9mico de la Facultad de Econom\u00eda<\/span><\/i><span data-ccp-props=\"{&quot;134233279&quot;:true,&quot;201341983&quot;:0,&quot;335559739&quot;:160,&quot;335559740&quot;:240}\">\u00a0<\/span><\/li>\n<li data-leveltext=\"\uf0b7\" data-font=\"Symbol\" data-listid=\"1\" data-aria-posinset=\"2\" data-aria-level=\"1\"><i><span data-contrast=\"auto\">D<\/span><\/i><i><span data-contrast=\"auto\">urante su participaci\u00f3n en el 2do Foro Ambiente Calidad Seis Sigma, Confiabilidad y Normas ISO,<\/span><\/i><i><span data-contrast=\"auto\"> organizado por la FCQ<\/span><\/i><span data-ccp-props=\"{&quot;134233279&quot;:true,&quot;201341983&quot;:0,&quot;335559739&quot;:160,&quot;335559740&quot;:240}\">\u00a0<\/span><\/li>\n<\/ul>\n<p>&nbsp;<\/p>\n<div id=\"attachment_66884\" style=\"width: 732px\" class=\"wp-caption aligncenter\"><a href=\"https:\/\/www.uv.mx\/prensa\/files\/2019\/04\/260419-EFECTOS-CAMBIO-CLIMATICO-1-100.jpg\"><img loading=\"lazy\" decoding=\"async\" aria-describedby=\"caption-attachment-66884\" class=\"size-full wp-image-66884\" src=\"https:\/\/www.uv.mx\/prensa\/files\/2019\/04\/260419-EFECTOS-CAMBIO-CLIMATICO-1-100.jpg\" alt=\"\" width=\"722\" height=\"481\" srcset=\"https:\/\/www.uv.mx\/prensa\/files\/2019\/04\/260419-EFECTOS-CAMBIO-CLIMATICO-1-100.jpg 722w, https:\/\/www.uv.mx\/prensa\/files\/2019\/04\/260419-EFECTOS-CAMBIO-CLIMATICO-1-100-300x200.jpg 300w\" sizes=\"auto, (max-width: 722px) 100vw, 722px\" \/><\/a><p id=\"caption-attachment-66884\" class=\"wp-caption-text\"><span data-contrast=\"auto\">Carlos <\/span><span data-contrast=\"auto\">Welsh<\/span> <span data-contrast=\"auto\">advirti\u00f3 de efectos negativos en la econom\u00eda de Veracruz por el cambio clim\u00e1tico<\/span><span data-ccp-props=\"{&quot;201341983&quot;:0,&quot;335559739&quot;:160,&quot;335559740&quot;:240}\">\u00a0<\/span><\/p><\/div>\n<p>&nbsp;<\/p>\n<p><b><i><span data-contrast=\"auto\">Claudia Peralta V\u00e1zquez<\/span><\/i><\/b><span data-ccp-props=\"{&quot;201341983&quot;:0,&quot;335559739&quot;:160,&quot;335559740&quot;:240}\">\u00a0<\/span><\/p>\n<p><span data-ccp-props=\"{&quot;201341983&quot;:0,&quot;335559739&quot;:160,&quot;335559740&quot;:240}\">\u00a0<\/span><b><i><span data-contrast=\"auto\">2<\/span><\/i><\/b><b><i><span data-contrast=\"auto\">8<\/span><\/i><\/b><b><i><span data-contrast=\"auto\">\/04\/19, Xalapa, Ver.- <\/span><\/i><\/b><span data-contrast=\"auto\">A largo plazo, los efectos que trae consigo el cambio clim\u00e1tico son poco alentadores para la econom\u00eda del <\/span><span data-contrast=\"auto\">e<\/span><span data-contrast=\"auto\">stado de Veracruz, destac\u00f3 Carlos Manuel <\/span><span data-contrast=\"auto\">Welsh<\/span><span data-contrast=\"auto\"> Rodr\u00edguez, catedr\u00e1tico de la Facultad de Econom\u00eda de <\/span><span data-contrast=\"auto\">la Universidad Veracruzana (UV), durante <\/span><span data-contrast=\"auto\">su par<\/span><span data-contrast=\"auto\">ticipaci\u00f3n dentro del <\/span><span data-contrast=\"auto\">2do Foro Ambiente Calidad Seis Sigma, Confiabilidad y Normas ISO<\/span><span data-contrast=\"auto\">.<\/span><span data-ccp-props=\"{&quot;201341983&quot;:0,&quot;335559739&quot;:160,&quot;335559740&quot;:240}\">\u00a0<\/span><\/p>\n<p><span data-contrast=\"auto\">En el evento <\/span><span data-contrast=\"auto\">realizado el 12 de abril por la Facultad de Ciencias Qu\u00edmicas (FCQ),<\/span><span data-contrast=\"auto\"> el c<\/span><span data-contrast=\"auto\">oordinador de la<\/span><span data-contrast=\"auto\"> Maestr\u00eda en Econom\u00eda<\/span><span data-contrast=\"auto\"> Ambiental y Ecol\u00f3gica de la UV<\/span><span data-contrast=\"auto\"> dict\u00f3 la ponencia \u201c<\/span><span data-contrast=\"auto\">Econom\u00eda del <\/span><span data-contrast=\"auto\">c<\/span><span data-contrast=\"auto\">ambio <\/span><span data-contrast=\"auto\">c<\/span><span data-contrast=\"auto\">lim\u00e1tico<\/span><span data-contrast=\"auto\">\u201d y <\/span><span data-contrast=\"auto\">advirti\u00f3 que estas afectaciones no se prev\u00e9n para los pr\u00f3ximos <\/span><span data-contrast=\"auto\">50<\/span><span data-contrast=\"auto\"> a\u00f1os, sino <\/span><span data-contrast=\"auto\">dentro de<\/span><span data-contrast=\"auto\"> 15 o 20, por lo que el gobierno estatal deber\u00e1 prepararse para atender esta <\/span><span data-contrast=\"auto\">problem\u00e1tica <\/span><span data-contrast=\"auto\">que propiciar\u00e1 p\u00e9rdida del producto interno bruto (PIB) hasta <\/span><span data-contrast=\"auto\">de<\/span><span data-contrast=\"auto\"> un ocho por ciento,<\/span> <span data-contrast=\"auto\">as\u00ed como <\/span><span data-contrast=\"auto\">de<\/span><span data-contrast=\"auto\"> empleo<\/span><span data-contrast=\"auto\">s y la importaci\u00f3n de alimentos<\/span><span data-contrast=\"auto\">.<\/span><span data-ccp-props=\"{&quot;201341983&quot;:0,&quot;335559731&quot;:708,&quot;335559739&quot;:160,&quot;335559740&quot;:240}\">\u00a0<\/span><\/p>\n<p><span data-contrast=\"auto\">En el \u00e1mbito de cambio clim\u00e1tico, coment\u00f3 que Veracruz tiene una de las mejores leyes del pa\u00eds<\/span><span data-contrast=\"auto\">;<\/span><span data-contrast=\"auto\"> sin embargo, \u00e9sta<\/span><span data-contrast=\"auto\">s<\/span><span data-contrast=\"auto\"> requiere<\/span><span data-contrast=\"auto\">n<\/span><span data-contrast=\"auto\"> ser aplicada<\/span><span data-contrast=\"auto\">s<\/span><span data-contrast=\"auto\"> con mayor rigor.<\/span><span data-ccp-props=\"{&quot;201341983&quot;:0,&quot;335559731&quot;:708,&quot;335559739&quot;:160,&quot;335559740&quot;:240}\">\u00a0<\/span><\/p>\n<p><span data-contrast=\"auto\">Como parte de su exposici\u00f3n <\/span><span data-contrast=\"auto\">a la que asistieron <\/span><span data-contrast=\"auto\">estudiantes universitarios<\/span><span data-contrast=\"auto\">, cit\u00f3 algunos ejemplos que dan cuenta de las <\/span><span data-contrast=\"auto\">notorias <\/span><span data-contrast=\"auto\">afectaciones.<\/span> <span data-contrast=\"auto\">Dio a conocer que<\/span> <span data-contrast=\"auto\">en <\/span><span data-contrast=\"auto\">la entidad<\/span> <span data-contrast=\"auto\">se <\/span><span data-contrast=\"auto\">produce cerca del 90 por ciento de la petroqu\u00edmica secundaria del pa\u00eds,<\/span><span data-contrast=\"auto\"> como <\/span><span data-contrast=\"auto\">los aceites<\/span><span data-contrast=\"auto\">;<\/span> <span data-contrast=\"auto\">n<\/span><span data-contrast=\"auto\">o obstante, se sabe que existe un gran pasivo ambiental y derrames por las actividades de dicha industria.<\/span><span data-ccp-props=\"{&quot;201341983&quot;:0,&quot;335559731&quot;:708,&quot;335559739&quot;:160,&quot;335559740&quot;:240}\">\u00a0<\/span><\/p>\n<p><span data-contrast=\"auto\">Aunado a esto, los efectos de<\/span><span data-contrast=\"auto\"> grandes fen\u00f3menos como huracanes e inundaciones en es<\/span><span data-contrast=\"auto\">a<\/span><span data-contrast=\"auto\">s<\/span><span data-contrast=\"auto\"> zona<\/span><span data-contrast=\"auto\">s han <\/span><span data-contrast=\"auto\">disminuido <\/span><span data-contrast=\"auto\">la recepci\u00f3n de ingresos y de producci\u00f3n<\/span><span data-contrast=\"auto\"> petroqu\u00edmica.<\/span><span data-ccp-props=\"{&quot;201341983&quot;:0,&quot;335559731&quot;:708,&quot;335559739&quot;:160,&quot;335559740&quot;:240}\">\u00a0<\/span><\/p>\n<p><span data-contrast=\"auto\">Otra muestra de la negativa transformaci\u00f3n se observa en la<\/span><span data-contrast=\"auto\"> sequ\u00eda que ha alterado la<\/span><span data-contrast=\"auto\"> producci\u00f3n de arroz<\/span><span data-contrast=\"auto\">, pues el cambio <\/span><span data-contrast=\"auto\">clim\u00e1tico ha da\u00f1ado al <\/span><span data-contrast=\"auto\">sistema agropecuario<\/span><span data-contrast=\"auto\">.<\/span> <span data-contrast=\"auto\">\u201cLugares <\/span><span data-contrast=\"auto\">donde antes s<\/span><span data-contrast=\"auto\">e produc\u00eda <\/span><span data-contrast=\"auto\">este grano<\/span><span data-contrast=\"auto\"> ya son \u00e1reas de<\/span><span data-contrast=\"auto\"> seca<\/span><span data-contrast=\"auto\">, por lo tanto ya no se produce\u201d.<\/span><span data-ccp-props=\"{&quot;201341983&quot;:0,&quot;335559731&quot;:708,&quot;335559739&quot;:160,&quot;335559740&quot;:240}\">\u00a0<\/span><\/p>\n<p><span data-contrast=\"auto\">Son efectos directos que se ven y eso redun<\/span><span data-contrast=\"auto\">da en la agricultura del e<\/span><span data-contrast=\"auto\">stado, asever\u00f3 <\/span><span data-contrast=\"auto\">Welsh<\/span><span data-contrast=\"auto\"> Rodr\u00edguez.<\/span><span data-ccp-props=\"{&quot;201341983&quot;:0,&quot;335559731&quot;:708,&quot;335559739&quot;:160,&quot;335559740&quot;:240}\">\u00a0<\/span><\/p>\n<p><span data-contrast=\"auto\">Tambi\u00e9n menci<\/span><span data-contrast=\"auto\">on<\/span><span data-contrast=\"auto\">\u00f3 el adelanto en la floraci\u00f3n de la naranja, lo cual ha reducido la cantidad y calidad del c\u00edtrico, y afectado su exportaci\u00f3n.<\/span><span data-ccp-props=\"{&quot;201341983&quot;:0,&quot;335559731&quot;:708,&quot;335559739&quot;:160,&quot;335559740&quot;:240}\">\u00a0<\/span><\/p>\n<p><span data-contrast=\"auto\">\u201c<\/span><span data-contrast=\"auto\">\u00c9<\/span><span data-contrast=\"auto\">stos son efect<\/span><span data-contrast=\"auto\">os econ\u00f3micos sobre el PIB del e<\/span><span data-contrast=\"auto\">stado, <\/span><span data-contrast=\"auto\">por mencionar el sistema primario<\/span><span data-contrast=\"auto\">\u201d<\/span><span data-contrast=\"auto\">, <\/span><span data-contrast=\"auto\">enfatiz\u00f3 que la p\u00e9rdida del PIB <\/span><span data-contrast=\"auto\">re<\/span><span data-contrast=\"auto\">dunda<\/span><span data-contrast=\"auto\">r\u00e1 en p\u00e9rdida de empleos,<\/span> <span data-contrast=\"auto\">menos producci\u00f3n y <\/span><span data-contrast=\"auto\">mayor desigualdad. Significa adem\u00e1s que se tendr\u00e1 que <\/span><span data-contrast=\"auto\">recurrir a la importaci\u00f3n de alimentos para satisfacer las dema<\/span><span data-contrast=\"auto\">ndas de la poblaci\u00f3n<\/span><span data-contrast=\"auto\">.<\/span><span data-ccp-props=\"{&quot;201341983&quot;:0,&quot;335559731&quot;:708,&quot;335559739&quot;:160,&quot;335559740&quot;:240}\">\u00a0<\/span><\/p>\n<p><span data-contrast=\"auto\">En el auditorio de la FCQ expuso que este diagn\u00f3stico forma parte de un <\/span><span data-contrast=\"auto\">trabajo<\/span><span data-contrast=\"auto\"> realizado en conjunto con<\/span><span data-contrast=\"auto\"> Rogelio Rend\u00f3n<\/span><span data-contrast=\"auto\"> Hern\u00e1ndez, acad\u00e9mico de la F<\/span><span data-contrast=\"auto\">acultad de <\/span><span data-contrast=\"auto\">E<\/span><span data-contrast=\"auto\">conom\u00eda,<\/span><span data-contrast=\"auto\"> y <\/span><span data-contrast=\"auto\">Rafael Pati\u00f1o<\/span><span data-contrast=\"auto\"> P\u00e9rez<\/span><span data-contrast=\"auto\">,<\/span><span data-contrast=\"auto\"> titular de Ambiente y Energ\u00eda de Granjas Carroll de M\u00e9xico (GCM).<\/span><span data-ccp-props=\"{&quot;201341983&quot;:0,&quot;335559731&quot;:708,&quot;335559739&quot;:160,&quot;335559740&quot;:240}\">\u00a0<\/span><\/p>\n<p><span data-contrast=\"auto\">El objetivo del estudio fue <\/span><span data-contrast=\"auto\">evaluar la econom\u00eda y presentar un caso de \u00e9xito<\/span><span data-contrast=\"auto\">, pues GCM<\/span> <span data-contrast=\"auto\">es una <\/span><span data-contrast=\"auto\">empresa socialmente respon<\/span><span data-contrast=\"auto\">sable, certificada en materia a<\/span><span data-contrast=\"auto\">mbiental<\/span><span data-contrast=\"auto\"> y reconocida por las Naciones Unidas por<\/span><span data-contrast=\"auto\"> conservaci\u00f3n del medio ambiente y reduc<\/span><span data-contrast=\"auto\">ci\u00f3n del <\/span><span data-contrast=\"auto\">impacto ambiental en el <\/span><span data-contrast=\"auto\">v<\/span><span data-contrast=\"auto\">alle del Cofre de Perote.<\/span><span data-ccp-props=\"{&quot;201341983&quot;:0,&quot;335559731&quot;:708,&quot;335559739&quot;:160,&quot;335559740&quot;:240}\">\u00a0<\/span><\/p>\n<p><span data-contrast=\"auto\">En su ponencia, el acad\u00e9mico e investigador resalt\u00f3 aspectos importantes del <\/span><span data-contrast=\"auto\">concepto de<\/span><span data-contrast=\"auto\"> econom\u00eda del cambio clim\u00e1tico e impactos en algunas econom\u00edas.<\/span><span data-ccp-props=\"{&quot;201341983&quot;:0,&quot;335559731&quot;:708,&quot;335559739&quot;:160,&quot;335559740&quot;:240}\">\u00a0<\/span><\/p>\n<p><span data-contrast=\"auto\">Subray\u00f3 que la econom\u00eda ambiental es conocida como la <\/span><span data-contrast=\"auto\">ciencia de la s<\/span><span data-contrast=\"auto\">ustentabilidad porque describe<\/span><span data-contrast=\"auto\"> de manera funcional cu\u00e1les son los principios de ser socialmente justa, ambientalmente respetuosa y econ\u00f3micamente viable.<\/span><span data-ccp-props=\"{&quot;201341983&quot;:0,&quot;335559731&quot;:708,&quot;335559739&quot;:160,&quot;335559740&quot;:240}\">\u00a0<\/span><\/p>\n<p>&nbsp;<\/p>\n<div id=\"attachment_66885\" style=\"width: 732px\" class=\"wp-caption aligncenter\"><a href=\"https:\/\/www.uv.mx\/prensa\/files\/2019\/04\/260419-EFECTOS-CAMBIO-CLIMATICO-2-100.jpg\"><img loading=\"lazy\" decoding=\"async\" aria-describedby=\"caption-attachment-66885\" class=\"size-full wp-image-66885\" src=\"https:\/\/www.uv.mx\/prensa\/files\/2019\/04\/260419-EFECTOS-CAMBIO-CLIMATICO-2-100.jpg\" alt=\"\" width=\"722\" height=\"481\" srcset=\"https:\/\/www.uv.mx\/prensa\/files\/2019\/04\/260419-EFECTOS-CAMBIO-CLIMATICO-2-100.jpg 722w, https:\/\/www.uv.mx\/prensa\/files\/2019\/04\/260419-EFECTOS-CAMBIO-CLIMATICO-2-100-300x200.jpg 300w\" sizes=\"auto, (max-width: 722px) 100vw, 722px\" \/><\/a><p id=\"caption-attachment-66885\" class=\"wp-caption-text\"><span class=\"TextRun SCXW201561033 BCX2\" lang=\"ES-MX\" xml:lang=\"ES-MX\" data-contrast=\"auto\"><span class=\"NormalTextRun SCXW201561033 BCX2\">Estudiantes de la FCQ presenciaron la <\/span><\/span><span class=\"TextRun SCXW201561033 BCX2\" lang=\"ES-MX\" xml:lang=\"ES-MX\" data-contrast=\"auto\"><span class=\"NormalTextRun SCXW201561033 BCX2\">ponencia \u201c<\/span><\/span><span class=\"TextRun SCXW201561033 BCX2\" lang=\"ES-MX\" xml:lang=\"ES-MX\" data-contrast=\"auto\"><span class=\"NormalTextRun SCXW201561033 BCX2\">Econom\u00eda del <\/span><\/span><span class=\"TextRun SCXW201561033 BCX2\" lang=\"ES-MX\" xml:lang=\"ES-MX\" data-contrast=\"auto\"><span class=\"NormalTextRun SCXW201561033 BCX2\">c<\/span><\/span><span class=\"TextRun SCXW201561033 BCX2\" lang=\"ES-MX\" xml:lang=\"ES-MX\" data-contrast=\"auto\"><span class=\"NormalTextRun SCXW201561033 BCX2\">ambio <\/span><\/span><span class=\"TextRun SCXW201561033 BCX2\" lang=\"ES-MX\" xml:lang=\"ES-MX\" data-contrast=\"auto\"><span class=\"NormalTextRun SCXW201561033 BCX2\">c<\/span><\/span><span class=\"TextRun SCXW201561033 BCX2\" lang=\"ES-MX\" xml:lang=\"ES-MX\" data-contrast=\"auto\"><span class=\"NormalTextRun SCXW201561033 BCX2\">lim\u00e1tico<\/span><\/span><span class=\"TextRun SCXW201561033 BCX2\" lang=\"ES-MX\" xml:lang=\"ES-MX\" data-contrast=\"auto\"><span class=\"NormalTextRun SCXW201561033 BCX2\">\u201d<\/span><\/span><\/p><\/div>\n","protected":false},"excerpt":{"rendered":"<p>El investigador Carlos Welsh coment\u00f3 que Veracruz tiene una de las mejores leyes del pa\u00eds en l materia; sin embargo, \u00e9stas requieren ser aplicadas con mayor rigor<\/p>\n","protected":false},"author":1508,"featured_media":66884,"comment_status":"closed","ping_status":"closed","sticky":false,"template":"","format":"standard","meta":{"footnotes":""},"categories":[45],"tags":[],"class_list":["post-66934","post","type-post","status-publish","format-standard","has-post-thumbnail","hentry","category-ciencia"],"_links":{"self":[{"href":"https:\/\/www.uv.mx\/prensa\/wp-json\/wp\/v2\/posts\/66934","targetHints":{"allow":["GET"]}}],"collection":[{"href":"https:\/\/www.uv.mx\/prensa\/wp-json\/wp\/v2\/posts"}],"about":[{"href":"https:\/\/www.uv.mx\/prensa\/wp-json\/wp\/v2\/types\/post"}],"author":[{"embeddable":true,"href":"https:\/\/www.uv.mx\/prensa\/wp-json\/wp\/v2\/users\/1508"}],"replies":[{"embeddable":true,"href":"https:\/\/www.uv.mx\/prensa\/wp-json\/wp\/v2\/comments?post=66934"}],"version-history":[{"count":0,"href":"https:\/\/www.uv.mx\/prensa\/wp-json\/wp\/v2\/posts\/66934\/revisions"}],"wp:featuredmedia":[{"embeddable":true,"href":"https:\/\/www.uv.mx\/prensa\/wp-json\/wp\/v2\/media\/66884"}],"wp:attachment":[{"href":"https:\/\/www.uv.mx\/prensa\/wp-json\/wp\/v2\/media?parent=66934"}],"wp:term":[{"taxonomy":"category","embeddable":true,"href":"https:\/\/www.uv.mx\/prensa\/wp-json\/wp\/v2\/categories?post=66934"},{"taxonomy":"post_tag","embeddable":true,"href":"https:\/\/www.uv.mx\/prensa\/wp-json\/wp\/v2\/tags?post=66934"}],"curies":[{"name":"wp","href":"https:\/\/api.w.org\/{rel}","templated":true}]}}