{"id":66847,"date":"2019-04-25T20:30:02","date_gmt":"2019-04-26T01:30:02","guid":{"rendered":"https:\/\/www.uv.mx\/prensa\/?p=66847"},"modified":"2019-04-25T20:30:02","modified_gmt":"2019-04-26T01:30:02","slug":"uv-realizo-el-primer-foro-regional-de-temas-tutoriales","status":"publish","type":"post","link":"https:\/\/www.uv.mx\/prensa\/regiones\/veracruz\/uv-realizo-el-primer-foro-regional-de-temas-tutoriales\/","title":{"rendered":"UV realiz\u00f3 el Primer Foro Regional de Temas Tutoriales"},"content":{"rendered":"<ul>\n<li data-leveltext=\"\uf0b7\" data-font=\"Symbol\" data-listid=\"1\" data-aria-posinset=\"0\" data-aria-level=\"1\"><i><span data-contrast=\"auto\">La iniciativa de la regi\u00f3n Veracruz servir\u00e1 para orientar la trayectoria estudiantil\u00a0<\/span><\/i><span data-ccp-props=\"{&quot;134233279&quot;:true,&quot;201341983&quot;:0,&quot;335559739&quot;:200,&quot;335559740&quot;:240}\">\u00a0<\/span><\/li>\n<\/ul>\n<p>&nbsp;<\/p>\n<div id=\"attachment_66838\" style=\"width: 732px\" class=\"wp-caption aligncenter\"><a href=\"https:\/\/www.uv.mx\/prensa\/files\/2019\/04\/240419-veracruz-foro-tutorias-1-100k.jpg\"><img loading=\"lazy\" decoding=\"async\" aria-describedby=\"caption-attachment-66838\" class=\"size-full wp-image-66838\" src=\"https:\/\/www.uv.mx\/prensa\/files\/2019\/04\/240419-veracruz-foro-tutorias-1-100k.jpg\" alt=\"\" width=\"722\" height=\"481\" srcset=\"https:\/\/www.uv.mx\/prensa\/files\/2019\/04\/240419-veracruz-foro-tutorias-1-100k.jpg 722w, https:\/\/www.uv.mx\/prensa\/files\/2019\/04\/240419-veracruz-foro-tutorias-1-100k-300x200.jpg 300w\" sizes=\"auto, (max-width: 722px) 100vw, 722px\" \/><\/a><p id=\"caption-attachment-66838\" class=\"wp-caption-text\">La regi\u00f3n Veracruz realiz\u00f3 el Primer Foro de Temas Tutoriales<\/p><\/div>\n<p>&nbsp;<\/p>\n<p><b><i><span data-contrast=\"auto\">Shuguey<\/span><\/i><\/b><b><i><span data-contrast=\"auto\"> Enr\u00edquez <\/span><\/i><\/b><b><i><span data-contrast=\"auto\">Ambell<\/span><\/i><\/b><span data-ccp-props=\"{&quot;201341983&quot;:0,&quot;335559739&quot;:200,&quot;335559740&quot;:240}\">\u00a0<\/span><\/p>\n<p><b><i><span data-contrast=\"auto\">2<\/span><\/i><\/b><b><i><span data-contrast=\"auto\">5<\/span><\/i><\/b><b><i><span data-contrast=\"auto\">\/04\/19, Boca del R\u00edo, <\/span><\/i><\/b><b><i><span data-contrast=\"auto\">Ver.-<\/span><\/i><\/b> <span data-contrast=\"auto\">La <\/span><span data-contrast=\"none\">Coordinaci\u00f3n de Tutor\u00edas<\/span><span data-contrast=\"none\">\u202f<\/span><span data-contrast=\"auto\"> de la <\/span><span data-contrast=\"auto\">regi\u00f3n Veracruz de la Universidad Veracruzana <\/span><span data-contrast=\"auto\">(UV) llev\u00f3 a cabo <\/span><span data-contrast=\"auto\">el <\/span><span data-contrast=\"auto\">P<\/span><span data-contrast=\"auto\">rimer Foro <\/span><span data-contrast=\"auto\">R<\/span><span data-contrast=\"auto\">egional de <\/span><span data-contrast=\"auto\">T<\/span><span data-contrast=\"auto\">emas <\/span><span data-contrast=\"auto\">T<\/span><span data-contrast=\"auto\">utoriales orientados al conocimiento y difusi\u00f3n de la normatividad estudiantil, <\/span><span data-contrast=\"auto\">bajo la premisa de tener un acercamiento a los estudiantes.<\/span><span data-ccp-props=\"{&quot;201341983&quot;:0,&quot;335559739&quot;:200,&quot;335559740&quot;:240}\">\u00a0<\/span><\/p>\n<p><span data-contrast=\"auto\">El foro se realiz\u00f3 el 24 de abril en la sala de videoconferencias de la <\/span><span data-contrast=\"auto\">Unidad de Servicios Bibliotecarios y de Informaci\u00f3n (<\/span><span data-contrast=\"auto\">USBI<\/span><span data-contrast=\"auto\">)<\/span><span data-contrast=\"auto\">,<\/span><span data-contrast=\"auto\"> con la participaci\u00f3n de los titulares de la Direcci\u00f3n General de Desarrollo Acad\u00e9mico e Innovaci\u00f3n Educativa (DGDAIE) y la Defensor\u00eda <\/span><span data-contrast=\"auto\">de los <\/span><span data-contrast=\"auto\">D<\/span><span data-contrast=\"auto\">erechos <\/span><span data-contrast=\"auto\">U<\/span><span data-contrast=\"auto\">niversitarios.<\/span><span data-ccp-props=\"{&quot;201341983&quot;:0,&quot;335559731&quot;:708,&quot;335559739&quot;:200,&quot;335559740&quot;:240}\">\u00a0<\/span><\/p>\n<p><span data-contrast=\"auto\">El vicerrector <\/span><span data-contrast=\"auto\">Alfonso Gerardo P\u00e9rez Morales <\/span><span data-contrast=\"auto\">subray\u00f3 que<\/span><span data-contrast=\"auto\"> e<\/span><span data-contrast=\"auto\">l aspecto tutorial en la Universidad e<\/span><span data-contrast=\"auto\">stimula en los estudiantes m\u00e1s que la ense\u00f1anza formal <\/span><span data-contrast=\"auto\">y repetitiva.<\/span><span data-ccp-props=\"{&quot;201341983&quot;:0,&quot;335559731&quot;:708,&quot;335559739&quot;:200,&quot;335559740&quot;:240}\">\u00a0<\/span><\/p>\n<p><span data-contrast=\"auto\">Afirm\u00f3 que a trav<\/span><span data-contrast=\"auto\">\u00e9s de las tutor\u00edas se fomenta \u201cu<\/span><span data-contrast=\"auto\">na ense\u00f1anza basada en la creatividad, en <\/span><span data-contrast=\"auto\">el cuestionamiento de los temas y<\/span><span data-contrast=\"auto\"> en tratar de ser investigador<\/span><span data-contrast=\"auto\">\u201d. A<\/span><span data-contrast=\"auto\">greg\u00f3 <\/span><span data-contrast=\"auto\">que los<\/span> <span data-contrast=\"auto\">productos de investigaci\u00f3n \u201c<\/span><span data-contrast=\"auto\">c<\/span><span data-contrast=\"auto\">rean<\/span><span data-contrast=\"auto\"> un mundo diferente en el entorno de universidad<\/span><span data-contrast=\"auto\">\u201d.<\/span><span data-ccp-props=\"{&quot;201341983&quot;:0,&quot;335559731&quot;:708,&quot;335559739&quot;:200,&quot;335559740&quot;:240}\">\u00a0<\/span><\/p>\n<p><span data-contrast=\"auto\">Detall\u00f3 que el acercamiento del estudiante-maestro enriquece la formaci\u00f3n personal y acad\u00e9mica de<\/span><span data-contrast=\"auto\"> ambos y puntualiz\u00f3:<\/span><span data-contrast=\"auto\"> \u201cY<\/span><span data-contrast=\"auto\">o aspiro <\/span><span data-contrast=\"auto\">a <\/span><span data-contrast=\"auto\">que nuestros tutores sean<\/span><span data-contrast=\"auto\"> creadores de nuevos individuos<\/span> <span data-contrast=\"auto\">que cuestione<\/span><span data-contrast=\"auto\">n, que pregunten<\/span><span data-contrast=\"auto\">,<\/span><span data-contrast=\"auto\"> que investiguen, que creen y sean capaces de modificar su entorno dentro <\/span><span data-contrast=\"auto\">y alrededor de la <\/span><span data-contrast=\"auto\">U<\/span><span data-contrast=\"auto\">niversidad\u201d<\/span><span data-contrast=\"auto\">.<\/span><span data-ccp-props=\"{&quot;201341983&quot;:0,&quot;335559731&quot;:708,&quot;335559739&quot;:200,&quot;335559740&quot;:240}\">\u00a0<\/span><\/p>\n<p>&nbsp;<\/p>\n<div id=\"attachment_66839\" style=\"width: 732px\" class=\"wp-caption aligncenter\"><a href=\"https:\/\/www.uv.mx\/prensa\/files\/2019\/04\/240419-veracruz-foro-tutorias-2-100k.jpg\"><img loading=\"lazy\" decoding=\"async\" aria-describedby=\"caption-attachment-66839\" class=\"size-full wp-image-66839\" src=\"https:\/\/www.uv.mx\/prensa\/files\/2019\/04\/240419-veracruz-foro-tutorias-2-100k.jpg\" alt=\"\" width=\"722\" height=\"481\" srcset=\"https:\/\/www.uv.mx\/prensa\/files\/2019\/04\/240419-veracruz-foro-tutorias-2-100k.jpg 722w, https:\/\/www.uv.mx\/prensa\/files\/2019\/04\/240419-veracruz-foro-tutorias-2-100k-300x200.jpg 300w\" sizes=\"auto, (max-width: 722px) 100vw, 722px\" \/><\/a><p id=\"caption-attachment-66839\" class=\"wp-caption-text\">El Vicerrector expuso que las tutor\u00edas enriquecen la formaci\u00f3n estudiantil<\/p><\/div>\n<p>&nbsp;<\/p>\n<p><span data-contrast=\"auto\">Antes de<\/span><span data-contrast=\"auto\"> la inauguraci\u00f3n<\/span><span data-contrast=\"auto\"> agradeci\u00f3 la presencia de los ponentes y exhort\u00f3 a los estudiantes a <\/span><span data-contrast=\"auto\">participar activamente<\/span><span data-contrast=\"auto\"> y <\/span><span data-contrast=\"auto\">cuestionar, no <\/span><span data-contrast=\"auto\">\u00fanicamente <\/span><span data-contrast=\"auto\">escuchar.<\/span><span data-ccp-props=\"{&quot;201341983&quot;:0,&quot;335559731&quot;:708,&quot;335559739&quot;:200,&quot;335559740&quot;:240}\">\u00a0<\/span><\/p>\n<p><span data-contrast=\"auto\">Acompa\u00f1aron al Vicerrector<\/span><span data-contrast=\"auto\">:<\/span> <span data-contrast=\"auto\">Ulises Aguirre Orozco<\/span><span data-contrast=\"auto\">,<\/span> <span data-contrast=\"auto\">s<\/span><span data-contrast=\"auto\">ecretario <\/span><span data-contrast=\"auto\">A<\/span><span data-contrast=\"auto\">cad\u00e9mico regional<\/span><span data-contrast=\"auto\">;<\/span> <span data-contrast=\"auto\">Pilar Enr\u00edquez G\u00f3mez, <\/span><span data-contrast=\"auto\">coordinadora regional de <\/span><span data-contrast=\"auto\">T<\/span><span data-contrast=\"auto\">utor\u00edas<\/span><span data-contrast=\"auto\">;<\/span> <span data-contrast=\"auto\">Martha Elena Aguirre Serena<\/span><span data-contrast=\"auto\">,<\/span> <span data-contrast=\"auto\">coordinadora Acad\u00e9mica, <\/span><span data-contrast=\"auto\">y <\/span><span data-contrast=\"auto\">Rogelio Lozano Enr\u00edquez, <\/span><span data-contrast=\"auto\">abogado <\/span><span data-contrast=\"auto\">regional<\/span><span data-contrast=\"auto\">.<\/span><span data-ccp-props=\"{&quot;201341983&quot;:0,&quot;335559731&quot;:708,&quot;335559739&quot;:200,&quot;335559740&quot;:240}\">\u00a0<\/span><\/p>\n<p><span data-contrast=\"auto\">Liliana Betancourt <\/span><span data-contrast=\"auto\">Trevedhan<\/span><span data-contrast=\"auto\">, titular<\/span><span data-contrast=\"auto\"> de la DGDAIE<\/span><span data-contrast=\"auto\">,<\/span><span data-contrast=\"auto\"> platic\u00f3 sobre las modalidades de titulaci\u00f3n<\/span><span data-contrast=\"auto\">;<\/span> <span data-contrast=\"auto\">Jorge Rivera Huesca, <\/span><span data-contrast=\"auto\">defensor de los <\/span><span data-contrast=\"auto\">D<\/span><span data-contrast=\"auto\">erechos <\/span><span data-contrast=\"auto\">U<\/span><span data-contrast=\"auto\">niversitarios<\/span><span data-contrast=\"auto\">,<\/span><span data-contrast=\"auto\"> coment\u00f3 acerca de las <\/span><span data-contrast=\"auto\">f<\/span><span data-contrast=\"auto\">altas y sanciones.<\/span><span data-ccp-props=\"{&quot;201341983&quot;:0,&quot;335559731&quot;:708,&quot;335559739&quot;:200,&quot;335559740&quot;:240}\">\u00a0<\/span><\/p>\n<p><span data-contrast=\"auto\">Alejandra Assad Meza<\/span><span data-contrast=\"auto\">,<\/span><span data-contrast=\"auto\"> del \u00e1rea de apoyo a la formaci\u00f3n integral del estudiante<\/span><span data-contrast=\"auto\">,<\/span><span data-contrast=\"auto\"> les expuso los derechos y obligaciones <\/span><span data-contrast=\"auto\">en la tutor\u00eda<\/span><span data-contrast=\"auto\">;<\/span><span data-contrast=\"auto\"> y el coordinador regional<\/span><span data-contrast=\"auto\">,<\/span><span data-contrast=\"auto\"> Frank Ram\u00edrez Mar\u00edn<\/span><span data-contrast=\"auto\">,<\/span> <span data-contrast=\"auto\">mencion\u00f3 las opciones de movilidad estudiantil.<\/span><span data-ccp-props=\"{&quot;201341983&quot;:0,&quot;335559731&quot;:708,&quot;335559739&quot;:200,&quot;335559740&quot;:240}\">\u00a0<\/span><\/p>\n<p><span data-contrast=\"auto\">Por \u00faltimo<\/span><span data-contrast=\"auto\">,<\/span><span data-contrast=\"auto\"> la consejera maestra de la Facultad de Enfermer\u00eda<\/span><span data-contrast=\"auto\">,<\/span><span data-contrast=\"auto\"> Edith Castellanos Contreras<\/span><span data-contrast=\"auto\">,<\/span><span data-contrast=\"auto\"> present\u00f3 el tema <\/span><span data-contrast=\"auto\">\u201c<\/span><span data-contrast=\"auto\">Servicio social<\/span><span data-contrast=\"auto\">\u201d;<\/span><span data-contrast=\"auto\"> el consejero alumno de la Facultad de Psicolog\u00eda<\/span><span data-contrast=\"auto\">,<\/span><span data-contrast=\"auto\"> Lorenzo de Jes\u00fas Arellano <\/span><span data-contrast=\"auto\">Rib\u00f3n<\/span><span data-contrast=\"auto\">,<\/span><span data-contrast=\"auto\"> co<\/span><span data-contrast=\"auto\">mparti\u00f3 con sus compa\u00f1eros las m<\/span><span data-contrast=\"auto\">odalidades de acreditaci\u00f3n <\/span><span data-contrast=\"auto\">de las experiencias educativas.<\/span><span data-ccp-props=\"{&quot;201341983&quot;:0,&quot;335559731&quot;:708,&quot;335559739&quot;:200,&quot;335559740&quot;:240}\">\u00a0<\/span><\/p>\n<p>&nbsp;<\/p>\n<div id=\"attachment_66841\" style=\"width: 732px\" class=\"wp-caption aligncenter\"><a href=\"https:\/\/www.uv.mx\/prensa\/files\/2019\/04\/240419-veracruz-foro-tutorias-3-100k.jpg\"><img loading=\"lazy\" decoding=\"async\" aria-describedby=\"caption-attachment-66841\" class=\"size-full wp-image-66841\" src=\"https:\/\/www.uv.mx\/prensa\/files\/2019\/04\/240419-veracruz-foro-tutorias-3-100k.jpg\" alt=\"\" width=\"722\" height=\"481\" srcset=\"https:\/\/www.uv.mx\/prensa\/files\/2019\/04\/240419-veracruz-foro-tutorias-3-100k.jpg 722w, https:\/\/www.uv.mx\/prensa\/files\/2019\/04\/240419-veracruz-foro-tutorias-3-100k-300x200.jpg 300w\" sizes=\"auto, (max-width: 722px) 100vw, 722px\" \/><\/a><p id=\"caption-attachment-66841\" class=\"wp-caption-text\">La Directora de la DGDAEI platic\u00f3 con los asistentes<\/p><\/div>\n","protected":false},"excerpt":{"rendered":"<p>El vicerrector de la regi\u00f3n Veracruz, Alfonso Gerardo P\u00e9rez Morales, subray\u00f3 que las tutor\u00edas fomenta \u201cuna ense\u00f1anza basada en la creatividad, en el cuestionamiento de los temas y en tratar de ser investigador\u201d<\/p>\n","protected":false},"author":1508,"featured_media":66839,"comment_status":"closed","ping_status":"closed","sticky":false,"template":"","format":"standard","meta":{"footnotes":""},"categories":[55],"tags":[],"class_list":["post-66847","post","type-post","status-publish","format-standard","has-post-thumbnail","hentry","category-veracruz"],"_links":{"self":[{"href":"https:\/\/www.uv.mx\/prensa\/wp-json\/wp\/v2\/posts\/66847","targetHints":{"allow":["GET"]}}],"collection":[{"href":"https:\/\/www.uv.mx\/prensa\/wp-json\/wp\/v2\/posts"}],"about":[{"href":"https:\/\/www.uv.mx\/prensa\/wp-json\/wp\/v2\/types\/post"}],"author":[{"embeddable":true,"href":"https:\/\/www.uv.mx\/prensa\/wp-json\/wp\/v2\/users\/1508"}],"replies":[{"embeddable":true,"href":"https:\/\/www.uv.mx\/prensa\/wp-json\/wp\/v2\/comments?post=66847"}],"version-history":[{"count":0,"href":"https:\/\/www.uv.mx\/prensa\/wp-json\/wp\/v2\/posts\/66847\/revisions"}],"wp:featuredmedia":[{"embeddable":true,"href":"https:\/\/www.uv.mx\/prensa\/wp-json\/wp\/v2\/media\/66839"}],"wp:attachment":[{"href":"https:\/\/www.uv.mx\/prensa\/wp-json\/wp\/v2\/media?parent=66847"}],"wp:term":[{"taxonomy":"category","embeddable":true,"href":"https:\/\/www.uv.mx\/prensa\/wp-json\/wp\/v2\/categories?post=66847"},{"taxonomy":"post_tag","embeddable":true,"href":"https:\/\/www.uv.mx\/prensa\/wp-json\/wp\/v2\/tags?post=66847"}],"curies":[{"name":"wp","href":"https:\/\/api.w.org\/{rel}","templated":true}]}}