{"id":66518,"date":"2019-04-17T09:00:40","date_gmt":"2019-04-17T14:00:40","guid":{"rendered":"https:\/\/www.uv.mx\/prensa\/?p=66518"},"modified":"2019-04-22T11:20:34","modified_gmt":"2019-04-22T16:20:34","slug":"invitan-a-academicos-a-curso-sobre-politica-en-eeuu-y-el-gobierno-de-trump","status":"publish","type":"post","link":"https:\/\/www.uv.mx\/prensa\/general\/invitan-a-academicos-a-curso-sobre-politica-en-eeuu-y-el-gobierno-de-trump\/","title":{"rendered":"Invitan a acad\u00e9micos a curso sobre pol\u00edtica en EEUU y el gobierno de Trump"},"content":{"rendered":"<ul>\n<li><i><span data-contrast=\"auto\">Est\u00e1<\/span><\/i><i><span data-contrast=\"auto\"> registrado dentro del Programa de Formaci\u00f3n de\u00a0 <\/span><\/i><i><span data-contrast=\"auto\">Acad\u00e9micos (<\/span><\/i><i><span data-contrast=\"auto\">ProFA<\/span><\/i><i><span data-contrast=\"auto\">) y expedir\u00e1 constancias a los participantes<\/span><\/i><\/li>\n<li><i><span data-contrast=\"auto\">Se impartir\u00e1 <\/span><\/i><i><span data-contrast=\"auto\">en la Escuela <\/span><\/i><i><span data-contrast=\"auto\">para<\/span><\/i><i><span data-contrast=\"auto\"> Estudiantes Extranjeros <\/span><\/i><i><span data-contrast=\"auto\">los\u00a0 <\/span><\/i><i><span data-contrast=\"auto\">viernes 26 de abril, 3, 17, 24 y 31 de mayo y 7 de junio<\/span><\/i><i><span data-contrast=\"auto\">,<\/span><\/i><i><span data-contrast=\"auto\"> de 17:00\u00a0<\/span><\/i><i><span data-contrast=\"auto\">a 20:00 horas<\/span><\/i><\/li>\n<\/ul>\n<div id=\"attachment_66028\" style=\"width: 732px\" class=\"wp-caption alignnone\"><a href=\"https:\/\/www.uv.mx\/prensa\/files\/2019\/04\/100419-DAVID-Becario-Fulbright-impartira-curso-sobre-politica-de-EEUU-para-academicos.jpg\"><img loading=\"lazy\" decoding=\"async\" aria-describedby=\"caption-attachment-66028\" class=\"size-full wp-image-66028\" src=\"https:\/\/www.uv.mx\/prensa\/files\/2019\/04\/100419-DAVID-Becario-Fulbright-impartira-curso-sobre-politica-de-EEUU-para-academicos.jpg\" alt=\"\" width=\"722\" height=\"481\" srcset=\"https:\/\/www.uv.mx\/prensa\/files\/2019\/04\/100419-DAVID-Becario-Fulbright-impartira-curso-sobre-politica-de-EEUU-para-academicos.jpg 722w, https:\/\/www.uv.mx\/prensa\/files\/2019\/04\/100419-DAVID-Becario-Fulbright-impartira-curso-sobre-politica-de-EEUU-para-academicos-300x200.jpg 300w\" sizes=\"auto, (max-width: 722px) 100vw, 722px\" \/><\/a><p id=\"caption-attachment-66028\" class=\"wp-caption-text\">Thomas Hayes, profesor de ciencia pol\u00edtica de la Universidad de Connecticut, dar\u00e1 el curso en la EEE<\/p><\/div>\n<p>&nbsp;<\/p>\n<p><b><i><span data-contrast=\"auto\">David Sandoval Rodr\u00edguez<\/span><\/i><\/b><span data-ccp-props=\"{}\">\u00a0<\/span><\/p>\n<p><b><i><span data-contrast=\"auto\">1<\/span><\/i><\/b><b><i><span data-contrast=\"auto\">7<\/span><\/i><\/b><b><i><span data-contrast=\"auto\">\/04\/19, Xalapa, Ver.-<\/span><\/i><\/b><span data-contrast=\"auto\"> Con el objetivo de dotar de una comprensi\u00f3n m\u00e1s amplia del contexto pol\u00edtico actual de los Estados Unidos (EEUU), la <a href=\"https:\/\/www.uv.mx\/internacional\/\">Direcci\u00f3n General de Relaciones Internacionales<\/a> (DGRI) de la Universidad Veracruzana (UV), a trav\u00e9s del Programa de Estudios sobre Am\u00e9rica del Norte (PEAN), invitan al curso <\/span><span data-contrast=\"auto\">United<\/span> <span data-contrast=\"auto\">States<\/span> <span data-contrast=\"auto\">Politics<\/span><span data-contrast=\"auto\"> and <\/span><span data-contrast=\"auto\">Government<\/span> <span data-contrast=\"auto\">under<\/span><span data-contrast=\"auto\"> Trump.<\/span><span data-ccp-props=\"{}\">\u00a0<\/span><\/p>\n<p><span data-contrast=\"auto\">La actividad <\/span><span data-contrast=\"auto\">est\u00e1 registrad<\/span><span data-contrast=\"auto\">a<\/span><span data-contrast=\"auto\"> dentro del <\/span><span data-contrast=\"auto\">Programa de Formaci\u00f3n de Acad\u00e9micos<\/span><span data-contrast=\"auto\"> (<\/span><i><span data-contrast=\"auto\">ProFA<\/span><\/i><span data-contrast=\"auto\">) y <\/span><span data-contrast=\"auto\">s<\/span><span data-contrast=\"auto\">e<\/span><span data-contrast=\"auto\"> e<\/span><span data-contrast=\"auto\">xpedir\u00e1<\/span><span data-contrast=\"auto\">n<\/span><span data-contrast=\"auto\"> constancias de participaci\u00f3n a quienes asistan a las sesiones que tendr\u00e1n lugar los viernes 26 de abril, 3, 17, 24 y 31 de mayo y 7 de junio<\/span><span data-contrast=\"auto\">,<\/span><span data-contrast=\"auto\"> de 17:00 a 20:00 horas en la Escuela para Estudiantes Extranjeros (EEE).<\/span><span data-ccp-props=\"{}\">\u00a0<\/span><\/p>\n<p><span data-contrast=\"auto\">El curso ser\u00e1 impartido por Thomas Hayes, <\/span><span data-contrast=\"auto\">profesor del Departamento de Ciencia Pol\u00edtica de la Universidad de Connecticut<\/span><span data-contrast=\"auto\"> y becario del Programa <\/span><span data-contrast=\"auto\">Fulbright<\/span><span data-contrast=\"auto\"> que realiza una estancia en la UV.<\/span><span data-ccp-props=\"{&quot;335559731&quot;:708}\">\u00a0<\/span><\/p>\n<p><span data-contrast=\"auto\">Diversos cambios est\u00e1n ocurriendo en los <\/span><span data-contrast=\"auto\">EEUU<\/span> <span data-contrast=\"auto\">y todos ellos <\/span><span data-contrast=\"auto\">afectan<\/span><span data-contrast=\"auto\"> la democracia, por ello este curso est\u00e1 estructurado en seis tem\u00e1ticas, explic\u00f3 el acad\u00e9mico.<\/span> <span data-contrast=\"auto\">La intenci\u00f3n es e<\/span><span data-contrast=\"auto\">xplorar <\/span><span data-contrast=\"auto\">los <\/span><span data-contrast=\"auto\">diferentes cambios sociales y econ\u00f3micos que han sucedido <\/span><span data-contrast=\"auto\">y <\/span><span data-contrast=\"auto\">que incidieron en la elecci\u00f3n de Donald <\/span><span data-contrast=\"auto\">Trump<\/span><span data-contrast=\"auto\"> como presidente, pero tambi\u00e9n se busca analizar c\u00f3mo estos cambios <\/span><span data-contrast=\"auto\">afectan<\/span><span data-contrast=\"auto\"> a la democracia en la naci\u00f3n.<\/span><span data-ccp-props=\"{&quot;335559731&quot;:708}\">\u00a0<\/span><\/p>\n<p><span data-contrast=\"auto\">\u201cNos enfocaremos en seis diferentes temas, comenzando por la Constituci\u00f3n de los EEUU y los <\/span><span data-contrast=\"auto\">numerosos <\/span><span data-contrast=\"auto\">cambios que ha recibido, as\u00ed como las actualizaciones centradas en los procesos electorales y la operaci\u00f3n del sistema electoral que, en muchos sentidos, est\u00e1 fracturado y necesita restaurarse\u201d, coment\u00f3 Hayes.<\/span><span data-ccp-props=\"{&quot;335559731&quot;:708}\">\u00a0<\/span><\/p>\n<p><span data-contrast=\"auto\">\u201c<\/span><span data-contrast=\"auto\">Luego se abordar\u00e1 la inequidad econ\u00f3mica que se ha venido incrementando desde los \u00faltimos 40 a\u00f1os y c\u00f3mo esto ha generado <\/span><span data-contrast=\"auto\">mucha frustraci\u00f3n en el pa\u00eds, que quiz\u00e1 sea una de las razones por las c<\/span><span data-contrast=\"auto\">uales <\/span><span data-contrast=\"auto\">Trump<\/span><span data-contrast=\"auto\"> gan\u00f3 la presidencia\u201d, a\u00f1adi\u00f3.<\/span><span data-ccp-props=\"{&quot;335559731&quot;:708}\">\u00a0<\/span><\/p>\n<p><span data-contrast=\"auto\">Tambi\u00e9n se tratar\u00e1 el racismo en los <\/span><span data-contrast=\"auto\">EEUU<\/span> <span data-contrast=\"auto\">y sobre todo el discurso racista de <\/span><span data-contrast=\"auto\">Trump<\/span><span data-contrast=\"auto\"> que le hizo obtener <\/span><span data-contrast=\"auto\">los<\/span><span data-contrast=\"auto\"> votos <\/span><span data-contrast=\"auto\">suficientes <\/span><span data-contrast=\"auto\">para <\/span><span data-contrast=\"auto\">ganar <\/span><span data-contrast=\"auto\">la presidencia.<\/span><span data-ccp-props=\"{&quot;335559731&quot;:708}\">\u00a0<\/span><\/p>\n<p><span data-contrast=\"auto\">El acad\u00e9mico subray\u00f3 que e<\/span><span data-contrast=\"auto\">s motivo de reflexi\u00f3n que en esta \u00e9poca un discurso tan xen\u00f3fobo y que parece inaceptable, que refleja creencias de una <\/span><span data-contrast=\"auto\">parte de la poblaci\u00f3n, permiti\u00f3 a <\/span><span data-contrast=\"auto\">Trump<\/span><span data-contrast=\"auto\"> activar una especie de <\/span><span data-contrast=\"auto\">\u201c<\/span><span data-contrast=\"auto\">identidad blanca<\/span><span data-contrast=\"auto\">\u201d<\/span><span data-contrast=\"auto\"> y <\/span><span data-contrast=\"auto\">en consecuencia <\/span><span data-contrast=\"auto\">u<\/span><span data-contrast=\"auto\">n n\u00famero importante de votantes.<\/span><span data-ccp-props=\"{&quot;335559731&quot;:708}\">\u00a0<\/span><\/p>\n<p><span data-contrast=\"auto\">El curso tratar\u00e1 tambi\u00e9n del crecimiento gradual de poder del Ejecutivo sobre el Congreso y c\u00f3mo al d\u00eda de hoy, tanto dem\u00f3cratas como republicanos se han pronunciado al respecto.<\/span><span data-ccp-props=\"{&quot;335559731&quot;:708}\">\u00a0<\/span><\/p>\n<p><span data-contrast=\"auto\">En el cierre se reflexionar\u00e1 sobre la transici\u00f3n que ocurre de un r\u00e9gimen democr\u00e1tico a uno m\u00e1s autoritario que, como han dicho especialistas, amenaza a la democracia como sistema de gobierno, y c\u00f3mo el presidente aboga por tener un mayor poder de decisi\u00f3n.<\/span><span data-ccp-props=\"{&quot;335559731&quot;:708}\">\u00a0<\/span><\/p>\n<p><span data-contrast=\"auto\">\u201cPens\u00e1bamos que la democracia en los <\/span><span data-contrast=\"auto\">EEUU<\/span> <span data-contrast=\"auto\">era s\u00f3lida y las instituciones fuertes, <\/span><span data-contrast=\"auto\">que <\/span><span data-contrast=\"auto\">alguien como <\/span><span data-contrast=\"auto\">Trump<\/span><span data-contrast=\"auto\"> no po<\/span><span data-contrast=\"auto\">dr\u00eda ser presidente, no podr\u00eda<\/span><span data-contrast=\"auto\"> hacer grandes <\/span><span data-contrast=\"auto\">cambios, <\/span><span data-contrast=\"auto\">pero hemos visto que <\/span><span data-contrast=\"auto\">los <\/span><span data-contrast=\"auto\">ha provocado, tanto que el <\/span><span data-contrast=\"auto\">P<\/span><span data-contrast=\"auto\">artido <\/span><span data-contrast=\"auto\">R<\/span><span data-contrast=\"auto\">epublicano, que al principio se resist\u00eda, ha optado por aceptarlo y aunque el Congreso deber\u00eda funcionar como su contrapeso, han aceptado <\/span><span data-contrast=\"auto\">y aprobado <\/span><span data-contrast=\"auto\">sus decisiones.\u201d<\/span><span data-ccp-props=\"{&quot;335559731&quot;:708}\">\u00a0<\/span><\/p>\n<p><span data-contrast=\"auto\">Respecto a impartir este curso a los acad\u00e9micos de la UV, consider\u00f3 importante explorar la pluralidad de enfoques que brinda recibir profesores de distintos campos disciplinares.<\/span><span data-ccp-props=\"{&quot;335559731&quot;:708}\">\u00a0<\/span><\/p>\n<p><span data-contrast=\"auto\">\u201c<\/span><span data-contrast=\"auto\">Espero que acudan profesores de las m\u00e1s diversas disciplinas porque sabemos que ninguna posee el conocimiento total, aqu\u00ed la sociolog\u00eda, la historia, la psicolog\u00eda<\/span><span data-contrast=\"auto\">,<\/span><span data-contrast=\"auto\"> nos pueden ayudar a comprender el racismo, la discriminaci\u00f3n y la intolerancia que <\/span><span data-contrast=\"auto\">sucede<\/span><span data-contrast=\"auto\"> actualmente en los <\/span><span data-contrast=\"auto\">EEUU<\/span><span data-contrast=\"auto\">.<\/span><span data-contrast=\"auto\">\u201d<\/span><span data-ccp-props=\"{&quot;335559731&quot;:708}\">\u00a0<\/span><\/p>\n<p><span data-contrast=\"auto\">Para la realizaci\u00f3n del curso, Hayes<\/span><span data-contrast=\"auto\"> ofrecer\u00e1 a los participantes una selecci\u00f3n de los art\u00edculos especializados m\u00e1s recientes que tratan los temas <\/span><span data-contrast=\"auto\">mencionados<\/span><span data-contrast=\"auto\"> y record\u00f3 que se extender\u00e1n constancias de participaci\u00f3n avaladas por <\/span><span data-contrast=\"auto\">el <\/span><i><span data-contrast=\"auto\">ProFA<\/span><\/i><span data-contrast=\"auto\"> a quienes fin<\/span><span data-contrast=\"auto\">alicen el curso que constar\u00e1 de <\/span><span data-contrast=\"auto\">18 horas presenciales y 11 horas virtuales<\/span><span data-contrast=\"auto\">.<\/span><span data-ccp-props=\"{&quot;335559731&quot;:708}\">\u00a0<\/span><\/p>\n<p><span data-contrast=\"auto\">Para m<\/span><span data-contrast=\"auto\">ayores <\/span><span data-contrast=\"auto\">informes consultar: <\/span><span data-contrast=\"auto\">www.uv.mx\/internacional<\/span> <span data-contrast=\"auto\">o dirigirse<\/span><span data-contrast=\"auto\"> al correo electr\u00f3nico pean@uv.mx<\/span><\/p>\n<p>&nbsp;<\/p>\n","protected":false},"excerpt":{"rendered":"<p>Ser\u00e1 impartido por Thomas Hayes, profesor de la Universidad de Connecticut y becario del Programa Fulbright<\/p>\n","protected":false},"author":1809,"featured_media":66028,"comment_status":"closed","ping_status":"closed","sticky":false,"template":"","format":"standard","meta":{"footnotes":""},"categories":[1],"tags":[],"class_list":["post-66518","post","type-post","status-publish","format-standard","has-post-thumbnail","hentry","category-general"],"_links":{"self":[{"href":"https:\/\/www.uv.mx\/prensa\/wp-json\/wp\/v2\/posts\/66518","targetHints":{"allow":["GET"]}}],"collection":[{"href":"https:\/\/www.uv.mx\/prensa\/wp-json\/wp\/v2\/posts"}],"about":[{"href":"https:\/\/www.uv.mx\/prensa\/wp-json\/wp\/v2\/types\/post"}],"author":[{"embeddable":true,"href":"https:\/\/www.uv.mx\/prensa\/wp-json\/wp\/v2\/users\/1809"}],"replies":[{"embeddable":true,"href":"https:\/\/www.uv.mx\/prensa\/wp-json\/wp\/v2\/comments?post=66518"}],"version-history":[{"count":0,"href":"https:\/\/www.uv.mx\/prensa\/wp-json\/wp\/v2\/posts\/66518\/revisions"}],"wp:featuredmedia":[{"embeddable":true,"href":"https:\/\/www.uv.mx\/prensa\/wp-json\/wp\/v2\/media\/66028"}],"wp:attachment":[{"href":"https:\/\/www.uv.mx\/prensa\/wp-json\/wp\/v2\/media?parent=66518"}],"wp:term":[{"taxonomy":"category","embeddable":true,"href":"https:\/\/www.uv.mx\/prensa\/wp-json\/wp\/v2\/categories?post=66518"},{"taxonomy":"post_tag","embeddable":true,"href":"https:\/\/www.uv.mx\/prensa\/wp-json\/wp\/v2\/tags?post=66518"}],"curies":[{"name":"wp","href":"https:\/\/api.w.org\/{rel}","templated":true}]}}