{"id":66511,"date":"2019-04-14T18:08:25","date_gmt":"2019-04-14T23:08:25","guid":{"rendered":"https:\/\/www.uv.mx\/prensa\/?p=66511"},"modified":"2021-11-08T08:33:26","modified_gmt":"2021-11-08T14:33:26","slug":"vamos-hacia-una-republica-de-lectores-paco-ignacio-taibo-ii","status":"publish","type":"post","link":"https:\/\/www.uv.mx\/prensa\/filu\/vamos-hacia-una-republica-de-lectores-paco-ignacio-taibo-ii\/","title":{"rendered":"\u201cVamos hacia una Rep\u00fablica de lectores\u201d: Paco Ignacio Taibo II"},"content":{"rendered":"<ul>\n<li><em>\u201cEl gobierno anterior tra\u00eda balas, nosotros traemos libros\u201d, dijo el Director general del FCE en la FILU 2019 de la UV<\/em><\/li>\n<\/ul>\n<div id=\"attachment_66491\" style=\"width: 732px\" class=\"wp-caption aligncenter\"><a href=\"https:\/\/www.uv.mx\/prensa\/files\/2019\/04\/140419-KARINA-FILU-Vientos-del-pueblo-1.jpg\"><img loading=\"lazy\" decoding=\"async\" aria-describedby=\"caption-attachment-66491\" class=\"size-full wp-image-66491\" src=\"https:\/\/www.uv.mx\/prensa\/files\/2019\/04\/140419-KARINA-FILU-Vientos-del-pueblo-1.jpg\" alt=\"\" width=\"722\" height=\"481\" srcset=\"https:\/\/www.uv.mx\/prensa\/files\/2019\/04\/140419-KARINA-FILU-Vientos-del-pueblo-1.jpg 722w, https:\/\/www.uv.mx\/prensa\/files\/2019\/04\/140419-KARINA-FILU-Vientos-del-pueblo-1-300x200.jpg 300w\" sizes=\"auto, (max-width: 722px) 100vw, 722px\" \/><\/a><p id=\"caption-attachment-66491\" class=\"wp-caption-text\">Vientos del pueblo se present\u00f3 en el Foro \u201cSergio Galindo\u201d<\/p><\/div>\n<p><b><i><span data-contrast=\"auto\">Karina de la Paz Reyes D\u00edaz<\/span><\/i><\/b><span data-ccp-props=\"{&quot;201341983&quot;:0,&quot;335559739&quot;:160,&quot;335559740&quot;:240}\">\u00a0<\/span><\/p>\n<p><b><i><span data-contrast=\"auto\">14\/04\/19, Xalapa, <\/span><\/i><\/b><b><i><span data-contrast=\"auto\">Ver.-<\/span><\/i><\/b> <span data-contrast=\"auto\">El director general del Fondo de Cultura Econ\u00f3mica (FCE), Paco Ignacio Taibo II, present\u00f3 en la\u00a0 Feria Internacional del Libro Universitario (FILU) 2019 de la Universidad Veracruzana (UV) la Colecci\u00f3n <\/span><i><span data-contrast=\"auto\">Vientos del Pueblo<\/span><\/i><span data-contrast=\"auto\">, acompa\u00f1ado del escritor <\/span><span data-contrast=\"auto\">Fabrizio<\/span><span data-contrast=\"auto\"> Mej\u00eda Madrid.<\/span><span data-ccp-props=\"{&quot;201341983&quot;:0,&quot;335559739&quot;:160,&quot;335559740&quot;:240}\">\u00a0<\/span><\/p>\n<p><span data-contrast=\"auto\">La presentaci\u00f3n se realiz\u00f3 en el \u00faltimo d\u00eda de este evento, en el principal y m\u00e1s grande foro del Complejo Deportivo Omega, el \u201cSergio Galindo\u201d, espacio que <\/span><span data-contrast=\"auto\">conjunt\u00f3<\/span><span data-contrast=\"auto\"> una diversidad de p\u00fablicos: ni\u00f1os, j\u00f3venes, adultos y adultos mayores.\u00a0<\/span><span data-ccp-props=\"{&quot;201341983&quot;:0,&quot;335559739&quot;:160,&quot;335559740&quot;:240}\">\u00a0<\/span><\/p>\n<p><span data-contrast=\"auto\">Entre los n\u00fameros que ya est\u00e1n publicados y que fueron notoriamente vendidos en la FILU 2019, est\u00e1n: <\/span><i><span data-contrast=\"auto\">Los yanquis en M\u00e9xico<\/span><\/i><span data-contrast=\"auto\">, de Guillermo Prieto; <\/span><i><span data-contrast=\"auto\">De noche vienes<\/span><\/i><span data-contrast=\"auto\">, de Elena Poniatowska; <\/span><i><span data-contrast=\"auto\">Rikki-Tikki-Tavi<\/span><\/i><span data-contrast=\"auto\">, de Rudyard Kipling; <\/span><i><span data-contrast=\"auto\">La muerte tiene permiso<\/span><\/i><span data-contrast=\"auto\">, de Edmundo Valad\u00e9s; <\/span><i><span data-contrast=\"auto\">Los convidados de agosto<\/span><\/i><span data-contrast=\"auto\">, de Rosario Castellanos, y <\/span><i><span data-contrast=\"auto\">Apuntes para mis hijos<\/span><\/i><span data-contrast=\"auto\">, de Benito Ju\u00e1rez. Todos ellos tienen precios variados y el m\u00e1s accesible es de 9:00 pesos.<\/span><span data-ccp-props=\"{&quot;201341983&quot;:0,&quot;335559739&quot;:160,&quot;335559740&quot;:240}\">\u00a0<\/span><\/p>\n<div id=\"attachment_66493\" style=\"width: 732px\" class=\"wp-caption aligncenter\"><a href=\"https:\/\/www.uv.mx\/prensa\/files\/2019\/04\/140419-KARINA-FILU-Vientos-del-pueblo-2.jpg\"><img loading=\"lazy\" decoding=\"async\" aria-describedby=\"caption-attachment-66493\" class=\"size-full wp-image-66493\" src=\"https:\/\/www.uv.mx\/prensa\/files\/2019\/04\/140419-KARINA-FILU-Vientos-del-pueblo-2.jpg\" alt=\"\" width=\"722\" height=\"481\" srcset=\"https:\/\/www.uv.mx\/prensa\/files\/2019\/04\/140419-KARINA-FILU-Vientos-del-pueblo-2.jpg 722w, https:\/\/www.uv.mx\/prensa\/files\/2019\/04\/140419-KARINA-FILU-Vientos-del-pueblo-2-300x200.jpg 300w\" sizes=\"auto, (max-width: 722px) 100vw, 722px\" \/><\/a><p id=\"caption-attachment-66493\" class=\"wp-caption-text\">Fabrizio Mej\u00eda Madrid y Paco Ignacio Taibo II<\/p><\/div>\n<p><span data-contrast=\"auto\">Paco Ignacio Taibo II precis\u00f3 que es la primera fase de un proyecto editorial cuya finalidad es acercar los libros del FCE a quien desee leer, y que el precio no sea m\u00e1s un obst\u00e1culo. La Colecci\u00f3n, paulatinamente, se ir\u00e1 conformando con textos sobre la historia de M\u00e9xico, cr\u00f3nicas, cuentos cl\u00e1sicos y contempor\u00e1neos, obra de autores del pa\u00eds, incluso, poes\u00eda y teatro. \u201cEs un primer escal\u00f3n en la lectura\u201d, dijo en m\u00e1s de una ocasi\u00f3n.<\/span><span data-ccp-props=\"{&quot;201341983&quot;:0,&quot;335559739&quot;:160,&quot;335559740&quot;:240}\">\u00a0<\/span><\/p>\n<p><i><span data-contrast=\"auto\">Vientos del Pueblo<\/span><\/i><span data-contrast=\"auto\"> \u2013cuyas obras contienen tambi\u00e9n ilustraciones de destacados artistas\u2013, ha tenido una favorable aceptaci\u00f3n en la sociedad mexicana, misma que se palp\u00f3 en la FILU 2019. El titular del FCE precis\u00f3 que hacen ediciones de 40 mil ejemplares, para lograr bajar el precio unitario, y a la fecha han vendido m\u00e1s de 25 mil de cada uno.<\/span><span data-ccp-props=\"{&quot;201341983&quot;:0,&quot;335559739&quot;:160,&quot;335559740&quot;:240}\">\u00a0<\/span><\/p>\n<div id=\"attachment_66504\" style=\"width: 732px\" class=\"wp-caption aligncenter\"><a href=\"https:\/\/www.uv.mx\/prensa\/files\/2019\/04\/140419-KARINA-FILU-Vientos-del-pueblo-3.jpg\"><img loading=\"lazy\" decoding=\"async\" aria-describedby=\"caption-attachment-66504\" class=\"size-full wp-image-66504\" src=\"https:\/\/www.uv.mx\/prensa\/files\/2019\/04\/140419-KARINA-FILU-Vientos-del-pueblo-3.jpg\" alt=\"\" width=\"722\" height=\"481\" srcset=\"https:\/\/www.uv.mx\/prensa\/files\/2019\/04\/140419-KARINA-FILU-Vientos-del-pueblo-3.jpg 722w, https:\/\/www.uv.mx\/prensa\/files\/2019\/04\/140419-KARINA-FILU-Vientos-del-pueblo-3-300x200.jpg 300w\" sizes=\"auto, (max-width: 722px) 100vw, 722px\" \/><\/a><p id=\"caption-attachment-66504\" class=\"wp-caption-text\">La presentaci\u00f3n tuvo una notoria convocatoria<\/p><\/div>\n<p><span data-contrast=\"auto\">\u201cEs apasionante ver c\u00f3mo la gran revoluci\u00f3n electoral que se produjo en M\u00e9xico hace unos meses abri\u00f3 la puerta a la curiosidad, a la necesidad de informaci\u00f3n, el placer de leer, y lo \u00fanico que tenemos que hacer es palanquearnos en eso, no romper la motivaci\u00f3n profunda para darle camino, salida, v\u00eda\u201d, dijo el autor de obras como <\/span><i><span data-contrast=\"auto\">Pancho Villa: una biograf\u00eda narrativa<\/span><\/i><span data-contrast=\"auto\"> (2006). \u201cVamos hacia una Rep\u00fablica de lectores, sin duda. Qu\u00e9 tantos, no lo s\u00e9; en d\u00f3nde, no lo s\u00e9; qu\u00e9 clavijas tenemos que apretar, no lo s\u00e9<\/span><span data-contrast=\"auto\">;<\/span><span data-contrast=\"auto\"> estamos probando, pero lo hacemos a toda velocidad y con resultados, francamente, apasionantes\u201d.<\/span><span data-ccp-props=\"{&quot;201341983&quot;:0,&quot;335559739&quot;:160,&quot;335559740&quot;:240}\">\u00a0<\/span><\/p>\n<p><span data-contrast=\"auto\">Cit\u00f3 las iniciativas que han desarrollado en estos meses \u2013adem\u00e1s de <\/span><i><span data-contrast=\"auto\">Vientos del pueblo<\/span><\/i><span data-contrast=\"auto\">\u2013, como llevar libros a comunidades \u201cinimaginables\u201d de Oaxaca, Guerrero entre otros estados. \u201cLugares a donde fuimos a decirle a la poblaci\u00f3n: \u2018el gobierno anterior tra\u00eda bala, nosotros traemos libro\u2019 \u201d. \u00c9sta fue una de las tantas expresiones que provoc\u00f3 aplausos del p\u00fablico concentrado en el foro \u201cSerio Galindo\u201d.<\/span><span data-ccp-props=\"{&quot;201341983&quot;:0,&quot;335559739&quot;:160,&quot;335559740&quot;:240}\">\u00a0<\/span><\/p>\n","protected":false},"excerpt":{"rendered":"<p>El titular del Fondo de Cultura Econ\u00f3mica precis\u00f3 que hacen ediciones de 40 mil ejemplares para lograr bajar el precio unitario; a la fecha han vendido m\u00e1s de 25 mil de cada uno <\/p>\n","protected":false},"author":1810,"featured_media":66494,"comment_status":"closed","ping_status":"closed","sticky":false,"template":"","format":"standard","meta":{"footnotes":""},"categories":[5128],"tags":[],"class_list":["post-66511","post","type-post","status-publish","format-standard","has-post-thumbnail","hentry","category-filu"],"_links":{"self":[{"href":"https:\/\/www.uv.mx\/prensa\/wp-json\/wp\/v2\/posts\/66511","targetHints":{"allow":["GET"]}}],"collection":[{"href":"https:\/\/www.uv.mx\/prensa\/wp-json\/wp\/v2\/posts"}],"about":[{"href":"https:\/\/www.uv.mx\/prensa\/wp-json\/wp\/v2\/types\/post"}],"author":[{"embeddable":true,"href":"https:\/\/www.uv.mx\/prensa\/wp-json\/wp\/v2\/users\/1810"}],"replies":[{"embeddable":true,"href":"https:\/\/www.uv.mx\/prensa\/wp-json\/wp\/v2\/comments?post=66511"}],"version-history":[{"count":1,"href":"https:\/\/www.uv.mx\/prensa\/wp-json\/wp\/v2\/posts\/66511\/revisions"}],"predecessor-version":[{"id":104740,"href":"https:\/\/www.uv.mx\/prensa\/wp-json\/wp\/v2\/posts\/66511\/revisions\/104740"}],"wp:featuredmedia":[{"embeddable":true,"href":"https:\/\/www.uv.mx\/prensa\/wp-json\/wp\/v2\/media\/66494"}],"wp:attachment":[{"href":"https:\/\/www.uv.mx\/prensa\/wp-json\/wp\/v2\/media?parent=66511"}],"wp:term":[{"taxonomy":"category","embeddable":true,"href":"https:\/\/www.uv.mx\/prensa\/wp-json\/wp\/v2\/categories?post=66511"},{"taxonomy":"post_tag","embeddable":true,"href":"https:\/\/www.uv.mx\/prensa\/wp-json\/wp\/v2\/tags?post=66511"}],"curies":[{"name":"wp","href":"https:\/\/api.w.org\/{rel}","templated":true}]}}