{"id":66232,"date":"2019-04-12T17:48:02","date_gmt":"2019-04-12T22:48:02","guid":{"rendered":"https:\/\/www.uv.mx\/prensa\/?p=66232"},"modified":"2021-11-08T08:40:06","modified_gmt":"2021-11-08T14:40:06","slug":"oump-y-maguare-interpretan-musica-colombiana","status":"publish","type":"post","link":"https:\/\/www.uv.mx\/prensa\/filu\/oump-y-maguare-interpretan-musica-colombiana\/","title":{"rendered":"OUMP y Maguar\u00e9 interpretan m\u00fasica colombiana"},"content":{"rendered":"<ul>\n<li data-leveltext=\"\uf0b7\" data-font=\"Symbol\" data-listid=\"2\" data-aria-posinset=\"1\" data-aria-level=\"1\"><i><span data-contrast=\"auto\">La<\/span><\/i><i><span data-contrast=\"auto\"> Orquesta Universitaria de M\u00fasica Popular <\/span><\/i><i><span data-contrast=\"auto\">y m\u00fasicos d<\/span><\/i><i><span data-contrast=\"auto\">el <\/span><\/i><i><span data-contrast=\"auto\">grupo colombiano <\/span><\/i><i><span data-contrast=\"auto\">ofrecen concierto <\/span><\/i><i><span data-contrast=\"auto\">e<\/span><\/i><i><span data-contrast=\"auto\">l <\/span><\/i><i><span data-contrast=\"auto\">s\u00e1bado <\/span><\/i><i><span data-contrast=\"auto\">13 de abril <\/span><\/i><i><span data-contrast=\"auto\">a las 19:00 horas en el Cine-Teatro <\/span><\/i><i><span data-contrast=\"auto\">\u201c<\/span><\/i><i><span data-contrast=\"auto\">Carmela Rey<\/span><\/i><i><span data-contrast=\"auto\">\u201d<\/span><\/i><span data-ccp-props=\"{&quot;134233279&quot;:true,&quot;201341983&quot;:0,&quot;335559739&quot;:160,&quot;335559740&quot;:240}\">\u00a0<\/span><\/li>\n<\/ul>\n<p>&nbsp;<\/p>\n<div id=\"attachment_66223\" style=\"width: 732px\" class=\"wp-caption aligncenter\"><a href=\"https:\/\/www.uv.mx\/prensa\/files\/2019\/04\/120419-OUMP.jpg\"><img aria-describedby=\"caption-attachment-66223\" decoding=\"async\" loading=\"lazy\" class=\"size-full wp-image-66223\" src=\"https:\/\/www.uv.mx\/prensa\/files\/2019\/04\/120419-OUMP.jpg\" alt=\"\" width=\"722\" height=\"294\" srcset=\"https:\/\/www.uv.mx\/prensa\/files\/2019\/04\/120419-OUMP.jpg 722w, https:\/\/www.uv.mx\/prensa\/files\/2019\/04\/120419-OUMP-300x122.jpg 300w\" sizes=\"(max-width: 722px) 100vw, 722px\" \/><\/a><p id=\"caption-attachment-66223\" class=\"wp-caption-text\">La Orquesta Universitaria de M\u00fasica Popular ser\u00e1 dirigida por Rub\u00e9n Flores<\/p><\/div>\n<p>&nbsp;<\/p>\n<p><b><i><span data-contrast=\"auto\">12\/04\/19, Xalapa, Ver.- <\/span><\/i><\/b><span data-contrast=\"auto\">L<\/span><span data-contrast=\"auto\">a Orquesta Universitaria de M\u00fasica Popular <\/span><span data-contrast=\"auto\">(OUMP)<\/span><span data-contrast=\"auto\">,<\/span> <span data-contrast=\"auto\">dirigida por su titular Rub\u00e9n Flores, <\/span><span data-contrast=\"auto\">se presentar\u00e1 <\/span><span data-contrast=\"auto\">con<\/span><span data-contrast=\"auto\"> m\u00fasicos invitados del grupo Maguar\u00e9 de Colombia<\/span><span data-contrast=\"auto\">,<\/span> <span data-contrast=\"auto\">e<\/span><span data-contrast=\"auto\">l <\/span><span data-contrast=\"auto\">s<\/span><span data-contrast=\"auto\">\u00e1bado 13 <\/span><span data-contrast=\"auto\">de <\/span><span data-contrast=\"auto\">abril <\/span><span data-contrast=\"auto\">a las 19:00 horas en el Cine-Teatro <\/span><span data-contrast=\"auto\">\u201c<\/span><span data-contrast=\"auto\">Carmela Rey<\/span><span data-contrast=\"auto\">\u201d<\/span><span data-contrast=\"auto\">, como parte de la programaci\u00f3n art\u00edstica que ofrece la Direcci\u00f3n General de <\/span><span data-contrast=\"auto\">D<\/span><span data-contrast=\"auto\">ifusi\u00f3n Cultural de la Universidad Veracruzana al p\u00fablico en general.<\/span><span data-ccp-props=\"{&quot;201341983&quot;:0,&quot;335559739&quot;:160,&quot;335559740&quot;:240}\">\u00a0<\/span><\/p>\n<p><span data-contrast=\"auto\">En esta audici\u00f3n abierta para todo p\u00fablico, la OUMP dar\u00e1 muestra de su versatilidad interpretativa <\/span><span data-contrast=\"auto\">con un atractivo programa compuesto por una selecci\u00f3n de m<\/span><span data-contrast=\"auto\">\u00fasica colombiana<\/span><span data-contrast=\"auto\">, en el que contar\u00e1 con la participaci\u00f3n de la vocalista <\/span><span data-contrast=\"auto\">invitada <\/span><span data-contrast=\"auto\">Paola M\u00e1rquez y el saxofonista C\u00e9sar A. Medina, integrantes del grupo <\/span><span data-contrast=\"auto\">Maguar\u00e9,\u00a0<\/span><span data-ccp-props=\"{&quot;201341983&quot;:0,&quot;335559731&quot;:708,&quot;335559739&quot;:160,&quot;335559740&quot;:240}\">\u00a0<\/span><\/p>\n<p><span data-contrast=\"auto\">Acuda en familia a disfrutar lo mejor de la m\u00fasica colombiana con la OUMP y el grupo Maguar\u00e9.<\/span><span data-contrast=\"auto\"> La cita es en <\/span><span data-contrast=\"auto\">Altamirano <\/span><span data-contrast=\"auto\">sin n\u00famero<\/span><span data-contrast=\"auto\">, <\/span><span data-contrast=\"auto\">en el centro de la ciudad y l<\/span><span data-contrast=\"auto\">a entrada es libre.<\/span><span data-ccp-props=\"{&quot;201341983&quot;:0,&quot;335559731&quot;:708,&quot;335559739&quot;:160,&quot;335559740&quot;:240}\">\u00a0<\/span><\/p>\n","protected":false},"excerpt":{"rendered":"<p>Acuda en familia a disfrutar lo mejor de la m\u00fasica colombiana con la Orquesta Universitaria de M\u00fasica Popular y m\u00fasicos de aquel pa\u00eds<\/p>\n","protected":false},"author":1508,"featured_media":66223,"comment_status":"closed","ping_status":"closed","sticky":false,"template":"","format":"standard","meta":[],"categories":[5128],"tags":[],"_links":{"self":[{"href":"https:\/\/www.uv.mx\/prensa\/wp-json\/wp\/v2\/posts\/66232"}],"collection":[{"href":"https:\/\/www.uv.mx\/prensa\/wp-json\/wp\/v2\/posts"}],"about":[{"href":"https:\/\/www.uv.mx\/prensa\/wp-json\/wp\/v2\/types\/post"}],"author":[{"embeddable":true,"href":"https:\/\/www.uv.mx\/prensa\/wp-json\/wp\/v2\/users\/1508"}],"replies":[{"embeddable":true,"href":"https:\/\/www.uv.mx\/prensa\/wp-json\/wp\/v2\/comments?post=66232"}],"version-history":[{"count":1,"href":"https:\/\/www.uv.mx\/prensa\/wp-json\/wp\/v2\/posts\/66232\/revisions"}],"predecessor-version":[{"id":104774,"href":"https:\/\/www.uv.mx\/prensa\/wp-json\/wp\/v2\/posts\/66232\/revisions\/104774"}],"wp:featuredmedia":[{"embeddable":true,"href":"https:\/\/www.uv.mx\/prensa\/wp-json\/wp\/v2\/media\/66223"}],"wp:attachment":[{"href":"https:\/\/www.uv.mx\/prensa\/wp-json\/wp\/v2\/media?parent=66232"}],"wp:term":[{"taxonomy":"category","embeddable":true,"href":"https:\/\/www.uv.mx\/prensa\/wp-json\/wp\/v2\/categories?post=66232"},{"taxonomy":"post_tag","embeddable":true,"href":"https:\/\/www.uv.mx\/prensa\/wp-json\/wp\/v2\/tags?post=66232"}],"curies":[{"name":"wp","href":"https:\/\/api.w.org\/{rel}","templated":true}]}}