{"id":65890,"date":"2019-04-09T11:43:43","date_gmt":"2019-04-09T16:43:43","guid":{"rendered":"https:\/\/www.uv.mx\/prensa\/?p=65890"},"modified":"2021-11-08T08:40:38","modified_gmt":"2021-11-08T14:40:38","slug":"el-nervio-principal-de-daniel-saldana-se-distingue-por-su-narrativa-clasica","status":"publish","type":"post","link":"https:\/\/www.uv.mx\/prensa\/filu\/el-nervio-principal-de-daniel-saldana-se-distingue-por-su-narrativa-clasica\/","title":{"rendered":"<em>El nervio principal<\/em>, de Daniel Salda\u00f1a, se distingue por su narrativa cl\u00e1sica\u00a0"},"content":{"rendered":"<ul>\n<li data-leveltext=\"\uf0b7\" data-font=\"Symbol\" data-listid=\"2\" data-aria-posinset=\"1\" data-aria-level=\"1\"><i><span data-contrast=\"auto\">El novelista fue elegido por el Hay Festival<\/span><\/i> <i><span data-contrast=\"auto\">como uno de los 39 mejores escritores de<\/span><\/i> <i><span data-contrast=\"auto\">ficci\u00f3n menor<\/span><\/i><i><span data-contrast=\"auto\">es de 40 a\u00f1os de Am\u00e9rica Latina<\/span><\/i><span data-ccp-props=\"{&quot;201341983&quot;:0,&quot;335559739&quot;:0,&quot;335559740&quot;:240}\">\u00a0<\/span><\/li>\n<\/ul>\n<p><span data-ccp-props=\"{&quot;201341983&quot;:0,&quot;335559739&quot;:0,&quot;335559740&quot;:240}\">\u00a0<\/span><\/p>\n<div id=\"attachment_65884\" style=\"width: 732px\" class=\"wp-caption aligncenter\"><a href=\"https:\/\/www.uv.mx\/prensa\/files\/2019\/04\/080419-COUTTOLENC-FILU-El-nervio-principal-1.jpg\"><img loading=\"lazy\" decoding=\"async\" aria-describedby=\"caption-attachment-65884\" class=\"size-full wp-image-65884\" src=\"https:\/\/www.uv.mx\/prensa\/files\/2019\/04\/080419-COUTTOLENC-FILU-El-nervio-principal-1.jpg\" alt=\"\" width=\"722\" height=\"482\" srcset=\"https:\/\/www.uv.mx\/prensa\/files\/2019\/04\/080419-COUTTOLENC-FILU-El-nervio-principal-1.jpg 722w, https:\/\/www.uv.mx\/prensa\/files\/2019\/04\/080419-COUTTOLENC-FILU-El-nervio-principal-1-300x200.jpg 300w\" sizes=\"auto, (max-width: 722px) 100vw, 722px\" \/><\/a><p id=\"caption-attachment-65884\" class=\"wp-caption-text\">Mois\u00e9s Hern\u00e1ndez, Daniel Salda\u00f1a Par\u00eds y Claudia Paola Beltr\u00e1n Garc\u00eda, en la presentaci\u00f3n de <em>El nervio principal<\/em><\/p><\/div>\n<p>&nbsp;<\/p>\n<p><b><i><span data-contrast=\"auto\">Jos\u00e9 Luis <\/span><\/i><\/b><b><i><span data-contrast=\"auto\">Couttolenc<\/span><\/i><\/b><b><i><span data-contrast=\"auto\"> Soto<\/span><\/i><\/b><span data-ccp-props=\"{&quot;201341983&quot;:0,&quot;335559739&quot;:0,&quot;335559740&quot;:240}\">\u00a0<\/span><\/p>\n<p><b><i><span data-contrast=\"auto\">0<\/span><\/i><\/b><b><i><span data-contrast=\"auto\">9<\/span><\/i><\/b><b><i><span data-contrast=\"auto\">\/04\/<\/span><\/i><\/b><b><i><span data-contrast=\"auto\">1<\/span><\/i><\/b><b><i><span data-contrast=\"auto\">9, Xalapa, Ver.-<\/span><\/i><\/b><span data-contrast=\"auto\"> En el marco de la Feria Internacional del Libro Universitario (FILU) 2019, el s\u00e1bado 6 de abril fue presentada la novela <\/span><i><span data-contrast=\"auto\">El nervio principal<\/span><\/i><span data-contrast=\"auto\">, editada por Sexto Piso, autor\u00eda del escritor, poeta, ensayista y novelista Daniel Salda\u00f1a Par\u00eds, quien fue distinguido por el Hay Festival como uno de los 39 mejores escritores de ficci\u00f3n menores de 39 a\u00f1os de Am\u00e9rica Latina.<\/span><span data-ccp-props=\"{&quot;201341983&quot;:0,&quot;335559739&quot;:0,&quot;335559740&quot;:240}\">\u00a0<\/span><\/p>\n<p><span data-contrast=\"auto\">La historia se fija desde el punto de vista de un ni\u00f1o de 10 a\u00f1os de edad que tiene una obsesi\u00f3n con la simetr\u00eda y por ordenar el mundo de una manera casi <\/span><span data-contrast=\"auto\">b<\/span><span data-contrast=\"auto\">inaria; dentro de esto su padre cae en el lado malo y oscuro de una lectura plana. Sin embargo, es \u00e9sta una novela juvenil en cuanto a estructura con un viaje y una revelaci\u00f3n, que hacen de ella una novela con mucha trama y una narrativa cl\u00e1sica hacia el siglo XIX.<\/span><span data-ccp-props=\"{&quot;201341983&quot;:0,&quot;335559739&quot;:0,&quot;335559740&quot;:240}\">\u00a0<\/span><\/p>\n<p><span data-contrast=\"auto\">En el recorrido de la historia, e<\/span><span data-contrast=\"auto\">l <\/span><span data-contrast=\"auto\">protagonista, ya con 33 a\u00f1os de edad y un largo tiempo postrado en cama, sin salir de su departamento, intenta recomponer su vida al escribirla, atando recuerdos<\/span><span data-contrast=\"auto\"> en torno a lo que lo marcar\u00eda <\/span><span data-contrast=\"auto\">para siempre, y por ello quiere viajar al pasado, hacia <\/span><span data-contrast=\"auto\">el verano de 1994, cuando su madre, de nombre Teresa, <\/span><span data-contrast=\"auto\">decidi\u00f3 abandonarlos a \u00e9l, a su hermana Mariana y a su padre, para unirse al movimiento zapatista.<\/span><span data-ccp-props=\"{&quot;201341983&quot;:0,&quot;335559739&quot;:0,&quot;335559740&quot;:240}\">\u00a0<\/span><\/p>\n<p><span data-contrast=\"auto\">A m\u00e1s de 20 a\u00f1os de ese verano, el personaje<\/span><span data-contrast=\"auto\"> vive de la herencia que le dej\u00f3<\/span><span data-contrast=\"auto\"> su padre pero su vida est\u00e1 en pausa, se esfuerza por hacer como si nada hubiese sucedido, pero es incapaz de dejar ir el pasado para aceptar su presente.<\/span><span data-ccp-props=\"{&quot;201341983&quot;:0,&quot;335559739&quot;:0,&quot;335559740&quot;:240}\">\u00a0<\/span><\/p>\n<p><span data-contrast=\"auto\">Los comentarios estuvieron a cargo del tambi\u00e9n escritor Mois\u00e9s Hern\u00e1ndez,<\/span><span data-contrast=\"auto\"> quien opin\u00f3 que <\/span><span data-contrast=\"auto\">esta novela <\/span><span data-contrast=\"auto\">\u201ccontiene una prosa sumamente cuidada, m\u00e1s all\u00e1 de los enunciados y los p\u00e1rrafos bonitos, que logran meter al lector a la cotidianidad del ni\u00f1o\u201d, y durante la narraci\u00f3n la madre ausente aparece de manera insistente<\/span><span data-contrast=\"auto\"> como un fantasma o una suposici\u00f3n constante.<\/span><span data-ccp-props=\"{&quot;201341983&quot;:0,&quot;335559739&quot;:0,&quot;335559740&quot;:240}\">\u00a0<\/span><\/p>\n<p><span data-ccp-props=\"{&quot;201341983&quot;:0,&quot;335559739&quot;:0,&quot;335559740&quot;:240}\">\u00a0<\/span><\/p>\n<div id=\"attachment_65876\" style=\"width: 732px\" class=\"wp-caption aligncenter\"><a href=\"https:\/\/www.uv.mx\/prensa\/files\/2019\/04\/080419-COUTTOLENC-FILU-El-nervio-principal-2.jpg\"><img loading=\"lazy\" decoding=\"async\" aria-describedby=\"caption-attachment-65876\" class=\"size-full wp-image-65876\" src=\"https:\/\/www.uv.mx\/prensa\/files\/2019\/04\/080419-COUTTOLENC-FILU-El-nervio-principal-2.jpg\" alt=\"\" width=\"722\" height=\"481\" srcset=\"https:\/\/www.uv.mx\/prensa\/files\/2019\/04\/080419-COUTTOLENC-FILU-El-nervio-principal-2.jpg 722w, https:\/\/www.uv.mx\/prensa\/files\/2019\/04\/080419-COUTTOLENC-FILU-El-nervio-principal-2-300x200.jpg 300w\" sizes=\"auto, (max-width: 722px) 100vw, 722px\" \/><\/a><p id=\"caption-attachment-65876\" class=\"wp-caption-text\">Daniel Salda\u00f1a Par\u00eds, autor de la novela <em>El nervio principal<\/em><\/p><\/div>\n","protected":false},"excerpt":{"rendered":"<p>En el recorrido de la historia, el protagonista, ya con 33 a\u00f1os de edad y un largo tiempo postrado en cama, sin salir de su departamento, intenta recomponer su vida al escribirla\u00a0\u00a0<\/p>\n","protected":false},"author":1869,"featured_media":65876,"comment_status":"closed","ping_status":"closed","sticky":false,"template":"","format":"standard","meta":{"footnotes":""},"categories":[5128],"tags":[],"class_list":["post-65890","post","type-post","status-publish","format-standard","has-post-thumbnail","hentry","category-filu"],"_links":{"self":[{"href":"https:\/\/www.uv.mx\/prensa\/wp-json\/wp\/v2\/posts\/65890","targetHints":{"allow":["GET"]}}],"collection":[{"href":"https:\/\/www.uv.mx\/prensa\/wp-json\/wp\/v2\/posts"}],"about":[{"href":"https:\/\/www.uv.mx\/prensa\/wp-json\/wp\/v2\/types\/post"}],"author":[{"embeddable":true,"href":"https:\/\/www.uv.mx\/prensa\/wp-json\/wp\/v2\/users\/1869"}],"replies":[{"embeddable":true,"href":"https:\/\/www.uv.mx\/prensa\/wp-json\/wp\/v2\/comments?post=65890"}],"version-history":[{"count":1,"href":"https:\/\/www.uv.mx\/prensa\/wp-json\/wp\/v2\/posts\/65890\/revisions"}],"predecessor-version":[{"id":104814,"href":"https:\/\/www.uv.mx\/prensa\/wp-json\/wp\/v2\/posts\/65890\/revisions\/104814"}],"wp:featuredmedia":[{"embeddable":true,"href":"https:\/\/www.uv.mx\/prensa\/wp-json\/wp\/v2\/media\/65876"}],"wp:attachment":[{"href":"https:\/\/www.uv.mx\/prensa\/wp-json\/wp\/v2\/media?parent=65890"}],"wp:term":[{"taxonomy":"category","embeddable":true,"href":"https:\/\/www.uv.mx\/prensa\/wp-json\/wp\/v2\/categories?post=65890"},{"taxonomy":"post_tag","embeddable":true,"href":"https:\/\/www.uv.mx\/prensa\/wp-json\/wp\/v2\/tags?post=65890"}],"curies":[{"name":"wp","href":"https:\/\/api.w.org\/{rel}","templated":true}]}}