{"id":65857,"date":"2019-04-09T11:06:50","date_gmt":"2019-04-09T16:06:50","guid":{"rendered":"https:\/\/www.uv.mx\/prensa\/?p=65857"},"modified":"2019-04-09T11:06:50","modified_gmt":"2019-04-09T16:06:50","slug":"comision-transitoria-presento-avances-de-anteproyecto-de-ley-organica","status":"publish","type":"post","link":"https:\/\/www.uv.mx\/prensa\/banner\/comision-transitoria-presento-avances-de-anteproyecto-de-ley-organica\/","title":{"rendered":"Comisi\u00f3n Transitoria present\u00f3 avances de Anteproyecto de Ley Org\u00e1nica"},"content":{"rendered":"<ul>\n<li><em>Destacan<\/em><em>: fortalecer al CUG; dotar de una nueva naturaleza jur\u00eddica al Contralor; reestructurar la Junta de Gobierno; transformar la Comisi\u00f3n de Honor y Justicia en Tribunal Universitario, entre otros<\/em><\/li>\n<li><em>La Comisi\u00f3n expres\u00f3 que los integrantes est\u00e1n satisfechos con el documento elaborado, luego de 34 sesiones de trabajo<\/em><\/li>\n<\/ul>\n<p>&nbsp;<\/p>\n<div id=\"attachment_65841\" style=\"width: 732px\" class=\"wp-caption aligncenter\"><a href=\"https:\/\/www.uv.mx\/prensa\/files\/2019\/04\/090419_Ley-organica-Banner-Universo-Portal-UV-1-100k.jpg\"><img loading=\"lazy\" decoding=\"async\" aria-describedby=\"caption-attachment-65841\" class=\"size-full wp-image-65841\" src=\"https:\/\/www.uv.mx\/prensa\/files\/2019\/04\/090419_Ley-organica-Banner-Universo-Portal-UV-1-100k.jpg\" alt=\"\" width=\"722\" height=\"482\" srcset=\"https:\/\/www.uv.mx\/prensa\/files\/2019\/04\/090419_Ley-organica-Banner-Universo-Portal-UV-1-100k.jpg 722w, https:\/\/www.uv.mx\/prensa\/files\/2019\/04\/090419_Ley-organica-Banner-Universo-Portal-UV-1-100k-300x200.jpg 300w\" sizes=\"auto, (max-width: 722px) 100vw, 722px\" \/><\/a><p id=\"caption-attachment-65841\" class=\"wp-caption-text\">CTIALO present\u00f3 avances a autoridades universitarias<\/p><\/div>\n<p>&nbsp;<\/p>\n<p><strong><em>Paola Cort\u00e9s P\u00e9rez<\/em><\/strong><\/p>\n<p><strong><em>09\/04\/2019, Xalapa, Ver.-<\/em><\/strong> La Comisi\u00f3n Transitoria para la Integraci\u00f3n del Anteproyecto de Ley Org\u00e1nica (CTIALO) present\u00f3 ante las autoridades de la Universidad Veracruzana (UV) los avances de sus trabajos con la finalidad de enriquecer el proyecto legislativo.<\/p>\n<p>La reuni\u00f3n tuvo lugar en la Sala de Juntas de Rector\u00eda, con la presencia de la rectora de la UV, Sara Ladr\u00f3n de Guevara; la secretaria Acad\u00e9mica, Magdalena Hern\u00e1ndez Alarc\u00f3n; el secretario de Administraci\u00f3n y Finanzas, Salvador Tapia Spinoso; el secretario de Desarrollo Institucional, Octavio Ochoa Contreras; los cuatro vicerrectores a trav\u00e9s del sistema de videoconferencias; los directores general de las \u00e1reas acad\u00e9micas y los integrantes de la CTIALO.<\/p>\n<p>La presentaci\u00f3n de los avances estuvo a cargo de Jorge Manzo Denes, director del Centro de Investigaciones Cerebrales; Mar\u00eda del Roc\u00edo Ojeda Callado, acad\u00e9mica de la Facultad de Ciencias de la Comunicaci\u00f3n (<em>Facico<\/em>), y Emil Awad Abed, acad\u00e9mico de la Facultad de M\u00fasica.<\/p>\n<p>Roc\u00edo Ojeda destac\u00f3 que en las 34 sesiones que ha tenido la CTIALO siempre ha prevalecido el di\u00e1logo y el inter\u00e9s por fortalecer a la m\u00e1xima casa de estudios de Veracruz, por ello este anteproyecto de Ley Org\u00e1nica que presentan considera los aspectos generales que debe contener, pero la manera en que funcionar\u00e1 estar\u00e1 centrada en la ley secundaria que son los estatutos y reglamentos.<\/p>\n<p>Se\u00f1al\u00f3 que la propuesta se concentra en algunos puntos: tener una estructura org\u00e1nica y acad\u00e9mica; establecer un equilibrio de pesos y contrapesos en las diferentes instancias universitarias; fortalecer al Consejo Universitario General (CUG); dotar de una nueva naturaleza jur\u00eddica al Contralor; reestructurar la Junta de Gobierno; redefinir los periodos de las autoridades, de los representantes acad\u00e9micos y estudiantiles; transformar la Comisi\u00f3n de Honor y Justicia en Tribunal Universitario, y sobre todo respetar los derechos laborales.<\/p>\n<p>Emil Awad destac\u00f3 que la propuesta presentada est\u00e1 encaminada a fortalecer la autonom\u00eda de la UV, y record\u00f3 que la Ley Org\u00e1nica debe ser aprobada por la Legislatura del Estado, as\u00ed que debe contener las estructuras que permanecer\u00e1n por largo tiempo y que robustecer\u00e1n las funciones sustantivas de la Universidad.<\/p>\n<p>\u201cLo hicimos con la mejor de las intenciones para fortalecer a nuestra Universidad, debemos estar unidos y llegar a consensos para que los tiempos no nos ganen y estemos preparados ante los embates que se presentan.\u201d<\/p>\n<p>En tanto, Jorge Manzo expres\u00f3 que tras las 34 sesiones los integrantes del CTIALO est\u00e1n satisfechos con el documento elaborado, aunque saben que puede ser enriquecido con las opiniones de la comunidad universitaria.<\/p>\n<p>Ojeda Callado adelant\u00f3 que el viernes 12 de abril la CTIALO sesionar\u00e1 de nueva cuenta, a fin de incluir las observaciones hechas por las autoridades universitarias.<\/p>\n<p>Por \u00faltimo, la rectora Sara Ladr\u00f3n de Guevara dijo que es oportuna la presentaci\u00f3n de los avances de la Comisi\u00f3n, ya que el Consejo Nacional de la Asociaci\u00f3n Nacional de Universidades e Instituciones de Educaci\u00f3n Superior (ANUIES) public\u00f3 un exhorto dirigido a las legislaturas estatales de Veracruz, Estado de M\u00e9xico y Baja California Sur, porque han presentado iniciativas para modificar las leyes org\u00e1nicas sin el conocimiento de las comunidades universitarias y sin reconocer el trabajo que se realiza para presentar un proyecto de Ley Org\u00e1nica en dichas casas de estudios.<\/p>\n<p>Subray\u00f3 que la intenci\u00f3n inicial es presentar un proyecto de Ley Org\u00e1nica que sea aprobado por el Congreso del Estado, que d\u00e9 posibilidad a la Universidad de modificar sus reglamentos y estructuras a trav\u00e9s del CUG y no por la Legislatura Estatal.<\/p>\n<p>&nbsp;<\/p>\n<div id=\"attachment_65840\" style=\"width: 732px\" class=\"wp-caption aligncenter\"><a href=\"https:\/\/www.uv.mx\/prensa\/files\/2019\/04\/090419_Ley-organica-2-100k.jpg\"><img loading=\"lazy\" decoding=\"async\" aria-describedby=\"caption-attachment-65840\" class=\"size-full wp-image-65840\" src=\"https:\/\/www.uv.mx\/prensa\/files\/2019\/04\/090419_Ley-organica-2-100k.jpg\" alt=\"\" width=\"722\" height=\"482\" srcset=\"https:\/\/www.uv.mx\/prensa\/files\/2019\/04\/090419_Ley-organica-2-100k.jpg 722w, https:\/\/www.uv.mx\/prensa\/files\/2019\/04\/090419_Ley-organica-2-100k-300x200.jpg 300w\" sizes=\"auto, (max-width: 722px) 100vw, 722px\" \/><\/a><p id=\"caption-attachment-65840\" class=\"wp-caption-text\">Roc\u00edo Ojeda, Emil Awad y Jorge Manzo fueron los responsables de presentar los avances<\/p><\/div>\n","protected":false},"excerpt":{"rendered":"<p>Los integrantes de la CTIALO coinciden en que en las 34 ocasiones en que sesionaron siempre ha prevalecido el di\u00e1logo y el inter\u00e9s por fortalecer a la m\u00e1xima casa de estudios de Veracruz<\/p>\n","protected":false},"author":1869,"featured_media":65858,"comment_status":"closed","ping_status":"closed","sticky":false,"template":"","format":"standard","meta":{"footnotes":""},"categories":[61],"tags":[],"class_list":["post-65857","post","type-post","status-publish","format-standard","has-post-thumbnail","hentry","category-banner"],"_links":{"self":[{"href":"https:\/\/www.uv.mx\/prensa\/wp-json\/wp\/v2\/posts\/65857","targetHints":{"allow":["GET"]}}],"collection":[{"href":"https:\/\/www.uv.mx\/prensa\/wp-json\/wp\/v2\/posts"}],"about":[{"href":"https:\/\/www.uv.mx\/prensa\/wp-json\/wp\/v2\/types\/post"}],"author":[{"embeddable":true,"href":"https:\/\/www.uv.mx\/prensa\/wp-json\/wp\/v2\/users\/1869"}],"replies":[{"embeddable":true,"href":"https:\/\/www.uv.mx\/prensa\/wp-json\/wp\/v2\/comments?post=65857"}],"version-history":[{"count":0,"href":"https:\/\/www.uv.mx\/prensa\/wp-json\/wp\/v2\/posts\/65857\/revisions"}],"wp:featuredmedia":[{"embeddable":true,"href":"https:\/\/www.uv.mx\/prensa\/wp-json\/wp\/v2\/media\/65858"}],"wp:attachment":[{"href":"https:\/\/www.uv.mx\/prensa\/wp-json\/wp\/v2\/media?parent=65857"}],"wp:term":[{"taxonomy":"category","embeddable":true,"href":"https:\/\/www.uv.mx\/prensa\/wp-json\/wp\/v2\/categories?post=65857"},{"taxonomy":"post_tag","embeddable":true,"href":"https:\/\/www.uv.mx\/prensa\/wp-json\/wp\/v2\/tags?post=65857"}],"curies":[{"name":"wp","href":"https:\/\/api.w.org\/{rel}","templated":true}]}}