{"id":65855,"date":"2019-04-09T10:58:40","date_gmt":"2019-04-09T15:58:40","guid":{"rendered":"https:\/\/www.uv.mx\/prensa\/?p=65855"},"modified":"2021-11-08T08:40:38","modified_gmt":"2021-11-08T14:40:38","slug":"los-dh-constituyen-el-ultimo-reducto-en-la-busqueda-de-justicia-en-el-mundo","status":"publish","type":"post","link":"https:\/\/www.uv.mx\/prensa\/filu\/los-dh-constituyen-el-ultimo-reducto-en-la-busqueda-de-justicia-en-el-mundo\/","title":{"rendered":"Los DH constituyen el \u00faltimo reducto\u00a0en la b\u00fasqueda de justicia en el mundo\u00a0"},"content":{"rendered":"<ul>\n<li data-leveltext=\"\uf0b7\" data-font=\"Symbol\" data-listid=\"2\" data-aria-posinset=\"1\" data-aria-level=\"1\"><i><span data-contrast=\"auto\">Investigadores de la UV participaron en conversatorio<\/span><\/i><i><span data-contrast=\"auto\"> \u201c<\/span><\/i><i><span data-contrast=\"auto\">Literatura, derechos humanos y movimientos sociales:<\/span><\/i> <i><span data-contrast=\"auto\">una agenda de investigaci\u00f3n del presente<\/span><\/i><i><span data-contrast=\"auto\">\u201d<\/span><\/i><i><span data-contrast=\"auto\">, en la FILU<\/span><\/i><span data-ccp-props=\"{&quot;201341983&quot;:0,&quot;335559739&quot;:0,&quot;335559740&quot;:240}\">\u00a0<\/span><\/li>\n<\/ul>\n<p><span data-ccp-props=\"{&quot;201341983&quot;:0,&quot;335559739&quot;:0,&quot;335559740&quot;:240}\">\u00a0<\/span><b><i><\/i><\/b><\/p>\n<div id=\"attachment_65792\" style=\"width: 732px\" class=\"wp-caption aligncenter\"><a href=\"https:\/\/www.uv.mx\/prensa\/files\/2019\/04\/080419-Conversatorio-sobre-derechos-humanos-1.jpg\"><img loading=\"lazy\" decoding=\"async\" aria-describedby=\"caption-attachment-65792\" class=\"size-full wp-image-65792\" src=\"https:\/\/www.uv.mx\/prensa\/files\/2019\/04\/080419-Conversatorio-sobre-derechos-humanos-1.jpg\" alt=\"\" width=\"722\" height=\"482\" srcset=\"https:\/\/www.uv.mx\/prensa\/files\/2019\/04\/080419-Conversatorio-sobre-derechos-humanos-1.jpg 722w, https:\/\/www.uv.mx\/prensa\/files\/2019\/04\/080419-Conversatorio-sobre-derechos-humanos-1-300x200.jpg 300w\" sizes=\"auto, (max-width: 722px) 100vw, 722px\" \/><\/a><p id=\"caption-attachment-65792\" class=\"wp-caption-text\">Jaqueline del Carmen Jongitud, Leticia Mora y Mart\u00edn Gerardo Aguilar, en el conversatorio \u201cLiteratura, derechos humanos y movimientos sociales\u201d<\/p><\/div>\n<p><span data-ccp-props=\"{&quot;201341983&quot;:0,&quot;335559739&quot;:0,&quot;335559740&quot;:240}\">\u00a0<\/span><\/p>\n<p><span data-ccp-props=\"{&quot;201341983&quot;:0,&quot;335559739&quot;:0,&quot;335559740&quot;:240}\">\u00a0<\/span><\/p>\n<p><b><i><span data-contrast=\"auto\">Jos\u00e9 Luis <\/span><\/i><\/b><b><i><span data-contrast=\"auto\">Couttolenc<\/span><\/i><\/b><b><i><span data-contrast=\"auto\"> Soto<\/span><\/i><\/b><span data-ccp-props=\"{&quot;201341983&quot;:0,&quot;335559739&quot;:0,&quot;335559740&quot;:240}\">\u00a0<\/span><\/p>\n<p><b><i><span data-contrast=\"auto\">0<\/span><\/i><\/b><b><i><span data-contrast=\"auto\">9<\/span><\/i><\/b><b><i><span data-contrast=\"auto\">\/04\/19, Xalapa, Ver.-<\/span><\/i><\/b><span data-contrast=\"auto\"> A partir de la estructuraci\u00f3n que se ha hecho de su marco legal, los derechos humanos (DH) constituyen el \u00faltimo reducto en la b\u00fasqueda de justicia en el mundo, sostuvo Jaqueline del Carmen <\/span><span data-contrast=\"auto\">Jongitud<\/span><span data-contrast=\"auto\"> Zamora, investigadora adscrita al <a href=\"https:\/\/www.uv.mx\/cedegs\/\">Centro de Estudios sobre Derecho, Globalizaci\u00f3n y Seguridad<\/a> (<\/span><i><span data-contrast=\"auto\">Cedegs<\/span><\/i><span data-contrast=\"auto\">) de la Universidad Veracruzana (UV).<\/span><span data-ccp-props=\"{&quot;201341983&quot;:0,&quot;335559739&quot;:0,&quot;335559740&quot;:240}\">\u00a0<\/span><\/p>\n<p><span data-contrast=\"auto\">L<\/span><span data-contrast=\"auto\">a acad\u00e9mica <\/span><span data-contrast=\"auto\">particip\u00f3<\/span><span data-contrast=\"auto\"> en el conversatorio \u201cLiteratura, derechos humanos y movimientos sociales: una agenda de investigaci\u00f3n del presente\u201d, que el domingo <\/span><span data-contrast=\"auto\">7<\/span><span data-contrast=\"auto\"> de abril tuvo lugar en el Complejo Deportivo Omega como parte de las actividades de la Feria Internacional del Libro Universitario (FILU) 2019.<\/span><span data-ccp-props=\"{&quot;201341983&quot;:0,&quot;335559739&quot;:0,&quot;335559740&quot;:240}\">\u00a0<\/span><\/p>\n<p><span data-contrast=\"auto\">Jongitud<\/span> <span data-contrast=\"auto\">Zamora<\/span><span data-contrast=\"auto\"> estuvo acompa\u00f1ada por Leticia Mora Perdomo, del Instituto<\/span><span data-contrast=\"auto\"> de Investigaciones Ling\u00fc\u00edstico-<\/span><span data-contrast=\"auto\">Literarias (IIL-L), <\/span><span data-contrast=\"auto\">y<\/span><span data-contrast=\"auto\"> Mart\u00edn Gerardo Aguilar S\u00e1nchez, del Institu<\/span><span data-contrast=\"auto\">to de Investigaciones Hist\u00f3rico-<\/span><span data-contrast=\"auto\">Sociales (IIH-S)<\/span><span data-contrast=\"auto\">.<\/span><span data-ccp-props=\"{&quot;201341983&quot;:0,&quot;335559739&quot;:0,&quot;335559740&quot;:240}\">\u00a0<\/span><\/p>\n<p><span data-contrast=\"auto\">La acad\u00e9mica <\/span><span data-contrast=\"auto\">consider\u00f3 que la Declaraci\u00f3n de los Derechos Humanos surgi\u00f3 como un discurso estructurado de manera interdisciplinaria, dado que se requiere de estas visiones para comprenderlos, analizarlos y hacer una defensa efectiva de esos mismos derechos.<\/span><span data-ccp-props=\"{&quot;201341983&quot;:0,&quot;335559731&quot;:708,&quot;335559739&quot;:0,&quot;335559740&quot;:240}\">\u00a0<\/span><\/p>\n<p><span data-contrast=\"auto\">D<\/span><span data-contrast=\"auto\">ijo que los DH se convirtieron en un discurso universal que cuenta con cinco declaraciones regionales, una por <\/span><span data-contrast=\"auto\">continente<\/span><span data-contrast=\"auto\">, con tres sistemas de protecci<\/span><span data-contrast=\"auto\">\u00f3n de esos mismos derechos: el a<\/span><span data-contrast=\"auto\">fricano, el <\/span><span data-contrast=\"auto\">e<\/span><span data-contrast=\"auto\">uropeo y el <\/span><span data-contrast=\"auto\">l<\/span><span data-contrast=\"auto\">atinoamericano, y nueve tratados<\/span><span data-contrast=\"auto\">, todos con mecanismos de seguimiento.<\/span><span data-ccp-props=\"{&quot;201341983&quot;:0,&quot;335559739&quot;:0,&quot;335559740&quot;:240}\">\u00a0<\/span><\/p>\n<p><span data-contrast=\"auto\">No obstante, dijo que a\u00fan quedan muchos pendientes en la materia, entre <\/span><span data-contrast=\"auto\">el<\/span><span data-contrast=\"auto\">los: la materializaci\u00f3n efectiva de los DH para todas las personas en el mundo; la permanencia y legitimidad de las instituciones encargadas de promover y proteger los DH; acabar con el desequilibrio existente entre las normas internacionales en materia de <\/span><span data-contrast=\"auto\">comercio y de DH; promover que el discurso de <\/span><span data-contrast=\"auto\">\u00e9stos<\/span><span data-contrast=\"auto\"> sea tomado en su doble faceta, entendiendo que son derechos, pero que tambi\u00e9n implican obligaciones; evitar la banalizaci\u00f3n del discurso de los DH, y superar la paradoja a\u00fan existente entre la pretendida universalidad de los DH y el reconocimiento de la diversidad.<\/span><span data-ccp-props=\"{&quot;201341983&quot;:0,&quot;335559739&quot;:0,&quot;335559740&quot;:240}\">\u00a0<\/span><\/p>\n<p><span data-ccp-props=\"{&quot;201341983&quot;:0,&quot;335559739&quot;:0,&quot;335559740&quot;:240}\">\u00a0<\/span><\/p>\n<p><b><span data-contrast=\"auto\">Pensar en alternativas te\u00f3ricas<\/span><\/b><span data-ccp-props=\"{&quot;201341983&quot;:0,&quot;335559739&quot;:0,&quot;335559740&quot;:240}\">\u00a0<\/span><\/p>\n<p><span data-contrast=\"auto\">Leticia <\/span><span data-contrast=\"auto\">Mora <\/span><span data-contrast=\"auto\">indic\u00f3 que los DH y los movimientos sociales \u201cson asuntos presentes\u201d que obligan a pensar en alternativas te\u00f3ricas que permitan hacer propuestas metodol\u00f3gicas desde la academia y de su campo de acci\u00f3n, involucr\u00e1ndolos directamente con la sociedad.<\/span><span data-ccp-props=\"{&quot;201341983&quot;:0,&quot;335559739&quot;:0,&quot;335559740&quot;:240}\">\u00a0<\/span><\/p>\n<p><span data-contrast=\"auto\">Record\u00f3 que en M\u00e9xico <\/span><span data-contrast=\"auto\">existe <\/span><span data-contrast=\"auto\">una red internacional de investigaci\u00f3n en literatura y <\/span><span data-contrast=\"auto\">DH<\/span><span data-contrast=\"auto\">, que en su reuni\u00f3n del a\u00f1o pasado en Morelia, Michoac\u00e1n, plante\u00f3 la apertura de la movilizaci\u00f3n local a la acci\u00f3n global para dar a conocer y visibilizar<\/span><span data-contrast=\"auto\"> los nuevo<\/span><span data-contrast=\"auto\">s movimientos sociales del pa\u00eds.<\/span><span data-ccp-props=\"{&quot;201341983&quot;:0,&quot;335559739&quot;:0,&quot;335559740&quot;:240}\">\u00a0<\/span><\/p>\n<p><span data-contrast=\"auto\">Expuso que los estudios literarios han partido al encuentro de otras disciplinas que contengan la misma agenda de investigaci\u00f3n, a fin de tender puentes y generar agendas comunes que permitan abordar los conflictos sociales, desde lo emp\u00edrico a lo simb\u00f3lico y lo normativo, contribuyendo a la soluci\u00f3n de problemas de injusticia y una cultura de paz.<\/span><span data-ccp-props=\"{&quot;201341983&quot;:0,&quot;335559739&quot;:0,&quot;335559740&quot;:240}\">\u00a0<\/span><\/p>\n<p><span data-ccp-props=\"{&quot;201341983&quot;:0,&quot;335559739&quot;:0,&quot;335559740&quot;:240}\">\u00a0<\/span><\/p>\n<p><b><span data-contrast=\"auto\">Orientaciones y perspectivas complicadas<\/span><\/b><span data-ccp-props=\"{&quot;201341983&quot;:0,&quot;335559739&quot;:0,&quot;335559740&quot;:240}\">\u00a0<\/span><\/p>\n<p><span data-contrast=\"auto\">Mart\u00edn Gerardo Aguilar, especialista en movimientos sociales, opin\u00f3 que los estudios inter y transdisciplinarios son una necesidad en un sistema pol\u00edtico mundial ya muy globalizado, en donde la predominancia del sistema capitalista de las hegemon\u00edas y de las exclusiones \u201cest\u00e1 a la orden del d\u00eda, y pensar en hacer estudios parcelarios est\u00e1 ya muy rebasado\u201d.<\/span><span data-ccp-props=\"{&quot;201341983&quot;:0,&quot;335559739&quot;:0,&quot;335559740&quot;:240}\">\u00a0<\/span><\/p>\n<p><span data-contrast=\"auto\">Dijo que en M\u00e9xico y Latinoam\u00e9rica \u201cno es novedad que estamos en un momento y sistema pol\u00edtico y social muy convulsiona<\/span><span data-contrast=\"auto\">do, y Veracruz ya ni se diga; au<\/span><span data-contrast=\"auto\">n con el cambio pol\u00edtico las orientaciones y las perspectivas son complicadas\u201d.<\/span><span data-ccp-props=\"{&quot;201341983&quot;:0,&quot;335559739&quot;:0,&quot;335559740&quot;:240}\">\u00a0<\/span><\/p>\n","protected":false},"excerpt":{"rendered":"<p>\u201cNo es novedad que estamos en un momento y sistema pol\u00edtico y social muy convulsionado, y Veracruz ya ni se diga\u201d\u00a0<\/p>\n","protected":false},"author":1869,"featured_media":65792,"comment_status":"closed","ping_status":"closed","sticky":false,"template":"","format":"standard","meta":{"footnotes":""},"categories":[5128],"tags":[],"class_list":["post-65855","post","type-post","status-publish","format-standard","has-post-thumbnail","hentry","category-filu"],"_links":{"self":[{"href":"https:\/\/www.uv.mx\/prensa\/wp-json\/wp\/v2\/posts\/65855","targetHints":{"allow":["GET"]}}],"collection":[{"href":"https:\/\/www.uv.mx\/prensa\/wp-json\/wp\/v2\/posts"}],"about":[{"href":"https:\/\/www.uv.mx\/prensa\/wp-json\/wp\/v2\/types\/post"}],"author":[{"embeddable":true,"href":"https:\/\/www.uv.mx\/prensa\/wp-json\/wp\/v2\/users\/1869"}],"replies":[{"embeddable":true,"href":"https:\/\/www.uv.mx\/prensa\/wp-json\/wp\/v2\/comments?post=65855"}],"version-history":[{"count":1,"href":"https:\/\/www.uv.mx\/prensa\/wp-json\/wp\/v2\/posts\/65855\/revisions"}],"predecessor-version":[{"id":104819,"href":"https:\/\/www.uv.mx\/prensa\/wp-json\/wp\/v2\/posts\/65855\/revisions\/104819"}],"wp:featuredmedia":[{"embeddable":true,"href":"https:\/\/www.uv.mx\/prensa\/wp-json\/wp\/v2\/media\/65792"}],"wp:attachment":[{"href":"https:\/\/www.uv.mx\/prensa\/wp-json\/wp\/v2\/media?parent=65855"}],"wp:term":[{"taxonomy":"category","embeddable":true,"href":"https:\/\/www.uv.mx\/prensa\/wp-json\/wp\/v2\/categories?post=65855"},{"taxonomy":"post_tag","embeddable":true,"href":"https:\/\/www.uv.mx\/prensa\/wp-json\/wp\/v2\/tags?post=65855"}],"curies":[{"name":"wp","href":"https:\/\/api.w.org\/{rel}","templated":true}]}}