{"id":65849,"date":"2019-04-09T10:47:52","date_gmt":"2019-04-09T15:47:52","guid":{"rendered":"https:\/\/www.uv.mx\/prensa\/?p=65849"},"modified":"2019-04-09T13:26:09","modified_gmt":"2019-04-09T18:26:09","slug":"el-dolor-es-una-experiencia-sensorial-y-emocional-stephane-henry-polanco","status":"publish","type":"post","link":"https:\/\/www.uv.mx\/prensa\/regiones\/el-dolor-es-una-experiencia-sensorial-y-emocional-stephane-henry-polanco\/","title":{"rendered":"El dolor es una experiencia sensorial y emocional: St\u00e9phane Henry Polanco\u00a0"},"content":{"rendered":"<ul>\n<li data-leveltext=\"\uf0b7\" data-font=\"Symbol\" data-listid=\"1\" data-aria-posinset=\"1\" data-aria-level=\"1\"><i><span data-contrast=\"auto\">El <\/span><\/i><i><span data-contrast=\"auto\">especialista en endodoncia<\/span><\/i><i><span data-contrast=\"auto\"> ofreci\u00f3 conferencia en el <\/span><\/i><i><span data-contrast=\"auto\">Segundo Congreso Int<\/span><\/i><i><span data-contrast=\"auto\">ernacional de Actualizaci\u00f3n en Odontolog\u00eda<\/span><\/i><span data-ccp-props=\"{&quot;134233279&quot;:true,&quot;201341983&quot;:0,&quot;335559739&quot;:160,&quot;335559740&quot;:240}\">\u00a0<\/span><\/li>\n<\/ul>\n<p><span data-ccp-props=\"{&quot;201341983&quot;:0,&quot;335559739&quot;:160,&quot;335559740&quot;:240}\">\u00a0<\/span><b><i><\/i><\/b><\/p>\n<div id=\"attachment_65586\" style=\"width: 732px\" class=\"wp-caption aligncenter\"><a href=\"https:\/\/www.uv.mx\/prensa\/files\/2019\/04\/050419-Manejo-del-dolor.jpg\"><img loading=\"lazy\" decoding=\"async\" aria-describedby=\"caption-attachment-65586\" class=\"size-full wp-image-65586\" src=\"https:\/\/www.uv.mx\/prensa\/files\/2019\/04\/050419-Manejo-del-dolor.jpg\" alt=\"\" width=\"722\" height=\"347\" srcset=\"https:\/\/www.uv.mx\/prensa\/files\/2019\/04\/050419-Manejo-del-dolor.jpg 722w, https:\/\/www.uv.mx\/prensa\/files\/2019\/04\/050419-Manejo-del-dolor-300x144.jpg 300w\" sizes=\"auto, (max-width: 722px) 100vw, 722px\" \/><\/a><p id=\"caption-attachment-65586\" class=\"wp-caption-text\">St\u00e9phane Henry Polanco explic\u00f3 el manejo del dolor<\/p><\/div>\n<p><span data-ccp-props=\"{&quot;201341983&quot;:0,&quot;335559739&quot;:160,&quot;335559740&quot;:240}\">\u00a0<\/span><\/p>\n<p><span data-ccp-props=\"{&quot;201341983&quot;:0,&quot;335559739&quot;:160,&quot;335559740&quot;:240}\">\u00a0<\/span><\/p>\n<p><b><i><span data-contrast=\"auto\">Francisco Javier <\/span><\/i><\/b><b><i><span data-contrast=\"auto\">Cha\u00edn<\/span><\/i><\/b><b><i><span data-contrast=\"auto\"> Revuelta<\/span><\/i><\/b><span data-ccp-props=\"{&quot;201341983&quot;:0,&quot;335559739&quot;:160,&quot;335559740&quot;:240}\">\u00a0<\/span><\/p>\n<p><b><i><span data-contrast=\"auto\">0<\/span><\/i><\/b><b><i><span data-contrast=\"auto\">9<\/span><\/i><\/b><b><i><span data-contrast=\"auto\">\/04\/19, Orizaba, Ver.-<\/span><\/i><\/b> <span data-contrast=\"auto\">St\u00e9phane Henry Polanco, especialista en endodoncia, imparti\u00f3 la conferencia \u201cManejo del dolor\u201d, con la que inici\u00f3 el Segundo Congreso Internacional de Actualizaci\u00f3n en Odontolog\u00eda, que se llev\u00f3 a cabo los d\u00edas 4 y 5 de abril, organizado por la<a href=\"https:\/\/www.uv.mx\/orizaba\/odontologia\/\"> Facultad de Odontolog\u00eda de la Universidad Veracruzana<\/a> (UV), <\/span><i><span data-contrast=\"auto\">campus<\/span><\/i><span data-contrast=\"auto\"> R\u00edo Blanco.<\/span><span data-ccp-props=\"{&quot;201341983&quot;:0,&quot;335559739&quot;:160,&quot;335559740&quot;:240}\">\u00a0<\/span><\/p>\n<p><span data-contrast=\"auto\">En el evento realizado <\/span><span data-contrast=\"auto\">en el Teatro <\/span><span data-contrast=\"auto\">\u201cIgnacio de la <\/span><span data-contrast=\"auto\">Llave<\/span><span data-contrast=\"auto\">\u201d<\/span><span data-contrast=\"auto\"> de Orizaba<\/span><span data-contrast=\"auto\">,<\/span> <span data-contrast=\"auto\">e<\/span><span data-contrast=\"auto\">l ponente defini\u00f3 el dolor como <\/span><span data-contrast=\"auto\">una <\/span><span data-contrast=\"auto\">experiencia sensorial y emocional <\/span><span data-contrast=\"auto\">que normalmente no es placentera pues <\/span><span data-contrast=\"auto\">a nadie le gusta sufrir<\/span><span data-contrast=\"auto\">.<\/span><span data-ccp-props=\"{&quot;201341983&quot;:0,&quot;335559739&quot;:160,&quot;335559740&quot;:240}\">\u00a0<\/span><\/p>\n<p><span data-contrast=\"auto\">St\u00e9phane Henry <\/span><span data-contrast=\"auto\">r<\/span><span data-contrast=\"auto\">efiri\u00f3 que <\/span><span data-contrast=\"auto\">el cerebro tiene capacidad de modificar lo que siente (neuroplasticidad) <\/span><span data-contrast=\"auto\">y <\/span><span data-contrast=\"auto\">dijo <\/span><span data-contrast=\"auto\">que luego de una experiencia no placentera en consultorio, <\/span><span data-contrast=\"auto\">el <\/span><span data-contrast=\"auto\">recuerdo <\/span><span data-contrast=\"auto\">de los <\/span><span data-contrast=\"auto\">pacientes <\/span><span data-contrast=\"auto\">produce m\u00e1s dolor que el real.<\/span><span data-ccp-props=\"{&quot;201341983&quot;:0,&quot;335559731&quot;:708,&quot;335559739&quot;:160,&quot;335559740&quot;:240}\">\u00a0<\/span><\/p>\n<p><span data-contrast=\"auto\">Tambi\u00e9n abord\u00f3 el tema de<\/span><span data-contrast=\"auto\"> la sensibilidad perif\u00e9rica <\/span><span data-contrast=\"auto\">producida <\/span><span data-contrast=\"auto\">cuando una estimulaci\u00f3n normalmente no nociva produce sensaci\u00f3n de dolor, o cuando est\u00edmulos dolorosos se perciben con m\u00e1s intensidad de lo normal; la sensibilizaci\u00f3n central <\/span><span data-contrast=\"auto\">es<\/span><span data-contrast=\"auto\"> un estado de hiperexcitabilidad neuronal ante un est\u00edmulo perif\u00e9rico, de tal forma que hay una respuesta dolorosa exagerada en intensidad y duraci\u00f3n (hiperalgesia), as\u00ed como la percepci\u00f3n de dolor ante est\u00edmulos normalmente no dolorosos (alodinia).<\/span><span data-ccp-props=\"{&quot;201341983&quot;:0,&quot;335559731&quot;:708,&quot;335559739&quot;:160,&quot;335559740&quot;:240}\">\u00a0<\/span><\/p>\n<p><span data-contrast=\"auto\">Disert\u00f3 sobre la historia, calid<\/span><span data-contrast=\"auto\">ad y reproducibilidad del dolor<\/span><span data-contrast=\"auto\"> dental y no dental<\/span><span data-contrast=\"auto\">, para lo cual<\/span> <span data-contrast=\"auto\">plante\u00f3 <\/span><span data-contrast=\"auto\">las siguientes cuestiones: \u00bfCu\u00e1ndo empez\u00f3 el dolor? \u00bf<\/span><span data-contrast=\"auto\">Comenz\u00f3 <\/span><span data-contrast=\"auto\">espont\u00e1neamente o despu\u00e9s de un tratamiento? \u00bfQu\u00e9 provoca el dolor? \u00bfAlgo hace que el dolor cese? <\/span><span data-contrast=\"auto\">\u00bfEmpez\u00f3 despu\u00e9s de morder algo duro? \u00bfEst\u00e1 empeorando? \u00bf<\/span><span data-contrast=\"auto\">E<\/span><span data-contrast=\"auto\">l dolor <\/span><span data-contrast=\"auto\">hace que despierte durante <\/span><span data-contrast=\"auto\">la noche<\/span><span data-contrast=\"auto\">? \u00bfPuede masticar con ese diente sin dolor? \u00bfQu\u00e9 medicamento est\u00e1 tomando para el dolor? \u00bf<\/span><span data-contrast=\"auto\">Es<\/span><span data-contrast=\"auto\"> efectivo? \u00bfDel 1 al 10, qu\u00e9<\/span><span data-contrast=\"auto\"> tanto le duele?\u00a0<\/span><span data-ccp-props=\"{&quot;201341983&quot;:0,&quot;335559739&quot;:160,&quot;335559740&quot;:240}\">\u00a0<\/span><\/p>\n<p><span data-contrast=\"auto\">Clasific\u00f3 el dolor en <\/span><span data-contrast=\"auto\">m<\/span><span data-contrast=\"auto\">uscular, <\/span><span data-contrast=\"auto\">a<\/span><span data-contrast=\"auto\">rticular, <\/span><span data-contrast=\"auto\">p<\/span><span data-contrast=\"auto\">eriodontal, <\/span><span data-contrast=\"auto\">n<\/span><span data-contrast=\"auto\">europ\u00e1tico, <\/span><span data-contrast=\"auto\">s<\/span><span data-contrast=\"auto\">inusal, <\/span><span data-contrast=\"auto\">a<\/span><span data-contrast=\"auto\">nginal y <\/span><span data-contrast=\"auto\">d<\/span><span data-contrast=\"auto\">ental, exponiendo sus significados y experiencias en la pr\u00e1ctica del oficio dental.<\/span><span data-ccp-props=\"{&quot;201341983&quot;:0,&quot;335559739&quot;:160,&quot;335559740&quot;:240}\">\u00a0<\/span><\/p>\n<p><span data-contrast=\"auto\">Henry Polanco<\/span> <span data-contrast=\"auto\">r<\/span><span data-contrast=\"auto\">ealiz\u00f3 una amplia relator\u00eda de tips cl\u00ednicos sobre el <\/span><span data-contrast=\"auto\">dolor del diente fanta<\/span><span data-contrast=\"auto\">sma<\/span><span data-contrast=\"auto\">, <\/span><span data-contrast=\"auto\">de la odontolog\u00eda <\/span><span data-contrast=\"auto\">at\u00edpica<\/span><span data-contrast=\"auto\"> y del dentoalveo<\/span><span data-contrast=\"auto\">lar continuo cr\u00f3nico, <\/span><span data-contrast=\"auto\">as\u00ed<\/span><span data-contrast=\"auto\"> como del dolor con cambios t\u00e9rmicos y sobre la imposibilidad para masticar con el o los dientes sospechosos.<\/span><span data-ccp-props=\"{&quot;201341983&quot;:0,&quot;335559739&quot;:160,&quot;335559740&quot;:240}\">\u00a0<\/span><\/p>\n<p><span data-contrast=\"auto\">Refiri<\/span><span data-contrast=\"auto\">\u00f3<\/span><span data-contrast=\"auto\"> tambi\u00e9n la falta de respuesta a <\/span><span data-contrast=\"auto\">est\u00edmulos<\/span><span data-contrast=\"auto\"> que normalmente causan dolor, sobre m\u00faltiples exodoncias y\/o endodoncias en el \u00e1rea afectada, sobre largas historias de dolor (meses, a\u00f1os)<\/span><span data-contrast=\"auto\">,<\/span> <span data-contrast=\"auto\">as\u00ed<\/span><span data-contrast=\"auto\"> como la presencia de otros<\/span><span data-contrast=\"auto\"> dolores cr\u00f3nicos, punto gatillo muscular y apertura intermaxilar limitada.<\/span><span data-ccp-props=\"{&quot;201341983&quot;:0,&quot;335559739&quot;:160,&quot;335559740&quot;:240}\">\u00a0<\/span><\/p>\n<p><span data-contrast=\"auto\">Comparti\u00f3 que e<\/span><span data-contrast=\"auto\">l <\/span><span data-contrast=\"auto\">manejo del dolor lo trat<\/span><span data-contrast=\"auto\">a<\/span> <span data-contrast=\"auto\">dando mucha <\/span><span data-contrast=\"auto\">importancia <\/span><span data-contrast=\"auto\">al<\/span> <span data-contrast=\"auto\">exacto diagn\u00f3stico, anestesia p<\/span><span data-contrast=\"auto\">rofunda, aislamiento absoluto, <\/span><span data-contrast=\"auto\">cavidad de acceso, instrumentaci\u00f3n tercio coronal y medio, medicaci\u00f3n <\/span><span data-contrast=\"auto\">intraconducto<\/span><span data-contrast=\"auto\"> y medicaci\u00f3n sist\u00e9mica.<\/span><span data-ccp-props=\"{&quot;201341983&quot;:0,&quot;335559731&quot;:708,&quot;335559739&quot;:160,&quot;335559740&quot;:240}\">\u00a0<\/span><\/p>\n<p><span data-contrast=\"auto\">Tambi\u00e9n coment\u00f3<\/span><span data-contrast=\"auto\"> sobre la evaluaci\u00f3n radiogr\u00e1fica y periodontal, <\/span><span data-contrast=\"auto\">y<\/span><span data-contrast=\"auto\"> expuso ampliamente t\u00e9cnicas, previsiones, instrumentos y medicamentos en el uso y pr\u00e1ctica de la anestesia.<\/span><span data-ccp-props=\"{&quot;201341983&quot;:0,&quot;335559739&quot;:160,&quot;335559740&quot;:240}\">\u00a0<\/span><\/p>\n<p><span data-contrast=\"auto\">Destac\u00f3 al final<\/span><span data-contrast=\"auto\"> que no se debe abusar de <\/span><span data-contrast=\"auto\">antibi\u00f3ticos, recomendando que un buen drenado los hace innecesarios.<\/span><span data-ccp-props=\"{&quot;201341983&quot;:0,&quot;335559739&quot;:160,&quot;335559740&quot;:240}\">\u00a0<\/span><\/p>\n<p><span data-contrast=\"auto\">Cabe se\u00f1alar que durante el congreso se <\/span><span data-contrast=\"auto\">impartieron <\/span><span data-contrast=\"auto\">otras <\/span><span data-contrast=\"auto\">co<\/span><span data-contrast=\"auto\">nferencias <\/span><span data-contrast=\"auto\">como: \u201cMicroscop\u00ed<\/span><span data-contrast=\"auto\">a en endodoncia\u201d<\/span><span data-contrast=\"auto\">,<\/span><span data-contrast=\"auto\"> \u201c<\/span><span data-contrast=\"auto\">M<\/span><span data-contrast=\"auto\">a<\/span><span data-contrast=\"auto\">nejo de tejidos blandos e implan<\/span><span data-contrast=\"auto\">tes\u201d<\/span><span data-contrast=\"auto\">,<\/span><span data-contrast=\"auto\"> \u201cAdhesi\u00f3n y fotopolimerizaci\u00f3n<\/span> <span data-contrast=\"auto\">estrategias para el \u00e9xito de la cl\u00ednica\u201d<\/span><span data-contrast=\"auto\">,<\/span><span data-contrast=\"auto\"> \u201cOrtopedia, ortodoncia y cirug\u00eda en edade<\/span><span data-contrast=\"auto\">s<\/span><span data-contrast=\"auto\"> tempranas\u201d<\/span><span data-contrast=\"auto\"> y <\/span><span data-contrast=\"auto\">\u201c<\/span><span data-contrast=\"auto\">D<\/span><span data-contrast=\"auto\">istracci\u00f3n osteog\u00e9nica\u201d<\/span><span data-contrast=\"auto\">.<\/span><span data-ccp-props=\"{&quot;201341983&quot;:0,&quot;335559739&quot;:160,&quot;335559740&quot;:240}\">\u00a0<\/span><\/p>\n","protected":false},"excerpt":{"rendered":"<p>El ponente defini\u00f3 el dolor como una experiencia sensorial y emocional que normalmente no es placentera pues a nadie le gusta sufrir<\/p>\n","protected":false},"author":1869,"featured_media":65586,"comment_status":"closed","ping_status":"closed","sticky":false,"template":"","format":"standard","meta":{"footnotes":""},"categories":[53,32],"tags":[],"class_list":["post-65849","post","type-post","status-publish","format-standard","has-post-thumbnail","hentry","category-orizaba","category-regiones"],"_links":{"self":[{"href":"https:\/\/www.uv.mx\/prensa\/wp-json\/wp\/v2\/posts\/65849","targetHints":{"allow":["GET"]}}],"collection":[{"href":"https:\/\/www.uv.mx\/prensa\/wp-json\/wp\/v2\/posts"}],"about":[{"href":"https:\/\/www.uv.mx\/prensa\/wp-json\/wp\/v2\/types\/post"}],"author":[{"embeddable":true,"href":"https:\/\/www.uv.mx\/prensa\/wp-json\/wp\/v2\/users\/1869"}],"replies":[{"embeddable":true,"href":"https:\/\/www.uv.mx\/prensa\/wp-json\/wp\/v2\/comments?post=65849"}],"version-history":[{"count":0,"href":"https:\/\/www.uv.mx\/prensa\/wp-json\/wp\/v2\/posts\/65849\/revisions"}],"wp:featuredmedia":[{"embeddable":true,"href":"https:\/\/www.uv.mx\/prensa\/wp-json\/wp\/v2\/media\/65586"}],"wp:attachment":[{"href":"https:\/\/www.uv.mx\/prensa\/wp-json\/wp\/v2\/media?parent=65849"}],"wp:term":[{"taxonomy":"category","embeddable":true,"href":"https:\/\/www.uv.mx\/prensa\/wp-json\/wp\/v2\/categories?post=65849"},{"taxonomy":"post_tag","embeddable":true,"href":"https:\/\/www.uv.mx\/prensa\/wp-json\/wp\/v2\/tags?post=65849"}],"curies":[{"name":"wp","href":"https:\/\/api.w.org\/{rel}","templated":true}]}}