{"id":65843,"date":"2019-04-09T10:30:22","date_gmt":"2019-04-09T15:30:22","guid":{"rendered":"https:\/\/www.uv.mx\/prensa\/?p=65843"},"modified":"2026-06-02T11:35:06","modified_gmt":"2026-06-02T17:35:06","slug":"orteuv-estreno-los-6-garcia","status":"publish","type":"post","link":"https:\/\/www.uv.mx\/prensa\/filu\/orteuv-estreno-los-6-garcia\/","title":{"rendered":"Orteuv estren\u00f3 <em>Los 6 Garc\u00eda<\/em>"},"content":{"rendered":"<ul>\n<li data-leveltext=\"\uf0b7\" data-font=\"Symbol\" data-listid=\"5\" data-aria-posinset=\"1\" data-aria-level=\"1\"><i><span data-contrast=\"auto\">La primera temporada de esta obra teatral que aborda el fen\u00f3meno social de la \u201ccasa chica\u201d, terminar\u00e1 el 5 de mayo<\/span><\/i><span data-ccp-props=\"{}\">\u00a0<\/span><\/li>\n<\/ul>\n<div id=\"attachment_65752\" style=\"width: 732px\" class=\"wp-caption aligncenter\"><a href=\"https:\/\/www.uv.mx\/prensa\/files\/2019\/04\/080419-Carlos-Los-6-Garcia-1.jpg\"><img loading=\"lazy\" decoding=\"async\" aria-describedby=\"caption-attachment-65752\" class=\"size-full wp-image-65752\" src=\"https:\/\/www.uv.mx\/prensa\/files\/2019\/04\/080419-Carlos-Los-6-Garcia-1.jpg\" alt=\"\" width=\"722\" height=\"481\" srcset=\"https:\/\/www.uv.mx\/prensa\/files\/2019\/04\/080419-Carlos-Los-6-Garcia-1.jpg 722w, https:\/\/www.uv.mx\/prensa\/files\/2019\/04\/080419-Carlos-Los-6-Garcia-1-300x200.jpg 300w\" sizes=\"auto, (max-width: 722px) 100vw, 722px\" \/><\/a><p id=\"caption-attachment-65752\" class=\"wp-caption-text\">Los actores recurren constantemente a la comedia al interpretar a sus personajes<\/p><\/div>\n<p>&nbsp;<\/p>\n<p><b><i><span data-contrast=\"auto\">Carlos Hugo Hermida Rosales<\/span><\/i><\/b><span data-ccp-props=\"{}\">\u00a0<\/span><\/p>\n<p><b><i><span data-contrast=\"auto\">0<\/span><\/i><\/b><b><i><span data-contrast=\"auto\">9<\/span><\/i><\/b><b><i><span data-contrast=\"auto\">\/04\/19, Xalapa, Ver.- <\/span><\/i><\/b><span data-contrast=\"auto\">La <a href=\"https:\/\/www.uv.mx\/orteuv\/\">Organizaci\u00f3n Teatral de la Universidad Veracruzana<\/a> (<\/span><i><span data-contrast=\"auto\">Orteuv<\/span><\/i><span data-contrast=\"auto\">) estren\u00f3 el 5 de abril en la Sala \u201cDagoberto <\/span><span data-contrast=\"auto\">Guillaum\u00edn<\/span><span data-contrast=\"auto\">\u201d del Teatro del Estado \u201cGral. Ignacio de la Llave\u201d la puesta en escena <\/span><i><span data-contrast=\"auto\">Los 6 Garc\u00eda<\/span><\/i><span data-contrast=\"auto\">, dirigida por Roc\u00edo Carrillo y basada en el <\/span><span data-contrast=\"auto\">gui\u00f3n<\/span><span data-contrast=\"auto\"> de Luis Mario Moncada, director art\u00edstico de la <\/span><i><span data-contrast=\"auto\">Orteuv<\/span><\/i><span data-contrast=\"auto\">.<\/span><span data-ccp-props=\"{}\">\u00a0<\/span><\/p>\n<p><span data-contrast=\"auto\">Ante un<\/span><span data-contrast=\"auto\">a sala repleta<\/span><span data-contrast=\"auto\">, 15 actores entre los que estuvieron H\u00e9ctor <\/span><span data-contrast=\"auto\">Moraz<\/span><span data-contrast=\"auto\">, Alba Dom\u00ednguez, Juana Mar\u00eda Garza y Miriam Ch\u00e1zaro, interpretaron esta obra teatral que gira en torno al fen\u00f3meno social y cultural de la \u201ccasa chica\u201d y los dilemas familiares que esto acarrea.<\/span><\/p>\n<div id=\"attachment_65754\" style=\"width: 732px\" class=\"wp-caption aligncenter\"><a href=\"https:\/\/www.uv.mx\/prensa\/files\/2019\/04\/080419-Carlos-Los-6-Garcia-2.jpg\"><img loading=\"lazy\" decoding=\"async\" aria-describedby=\"caption-attachment-65754\" class=\"size-full wp-image-65754\" src=\"https:\/\/www.uv.mx\/prensa\/files\/2019\/04\/080419-Carlos-Los-6-Garcia-2.jpg\" alt=\"\" width=\"722\" height=\"481\" srcset=\"https:\/\/www.uv.mx\/prensa\/files\/2019\/04\/080419-Carlos-Los-6-Garcia-2.jpg 722w, https:\/\/www.uv.mx\/prensa\/files\/2019\/04\/080419-Carlos-Los-6-Garcia-2-300x200.jpg 300w\" sizes=\"auto, (max-width: 722px) 100vw, 722px\" \/><\/a><p id=\"caption-attachment-65754\" class=\"wp-caption-text\">En la obra se aborda el fen\u00f3meno de la \u201ccasa chica\u201d y los dilemas que esto acarrea<\/p><\/div>\n<p>&nbsp;<\/p>\n<p><span data-contrast=\"auto\">El montaje de esta puesta en escena consta de cuatro cuadros que van desde el drama y la farsa, hasta la comedia,<\/span> <span data-contrast=\"auto\">acci\u00f3n <\/span><span data-contrast=\"auto\">que Luis Mario Moncada justific\u00f3<\/span><span data-contrast=\"auto\"> al afirmar: \u201cNo puede ser de otra forma con un tema que el imaginario nacional nos ha filtrado desde el melodrama cinematogr\u00e1fico y televisivo\u201d.<\/span><span data-ccp-props=\"{&quot;335559731&quot;:708}\">\u00a0<\/span><\/p>\n<p><span data-contrast=\"auto\">La obra <\/span><i><span data-contrast=\"auto\">Los 6 Garc\u00eda<\/span><\/i><span data-contrast=\"auto\"> se mantendr\u00e1 en cartelera hasta el 5 de mayo (excepto los d\u00edas 7, 19, 20 y 21 de abril) en la Sala \u201cDagoberto Guillaum<\/span><span data-contrast=\"auto\">i<\/span><span data-contrast=\"auto\">n\u201d del Teatro del Estado. Los viernes a las 20:00, s\u00e1bados a las 19:00 y domingos a 18:00 horas.<\/span><span data-ccp-props=\"{&quot;335559731&quot;:708}\">\u00a0<\/span><\/p>\n<p><span data-contrast=\"auto\">El costo del boleto es de 80 pesos general, y 60 para estudiantes e <\/span><i><span data-contrast=\"auto\">Inapam<\/span><\/i><span data-contrast=\"auto\"> (la venta ser\u00e1 en <\/span><span data-contrast=\"auto\">taquilla<\/span><span data-contrast=\"auto\">, 60 minutos previos a cada funci\u00f3n).<\/span><\/p>\n<div id=\"attachment_65756\" style=\"width: 732px\" class=\"wp-caption aligncenter\"><a href=\"https:\/\/www.uv.mx\/prensa\/files\/2019\/04\/080419-Carlos-Los-6-Garcia-3.jpg\"><img loading=\"lazy\" decoding=\"async\" aria-describedby=\"caption-attachment-65756\" class=\"size-full wp-image-65756\" src=\"https:\/\/www.uv.mx\/prensa\/files\/2019\/04\/080419-Carlos-Los-6-Garcia-3.jpg\" alt=\"\" width=\"722\" height=\"481\" srcset=\"https:\/\/www.uv.mx\/prensa\/files\/2019\/04\/080419-Carlos-Los-6-Garcia-3.jpg 722w, https:\/\/www.uv.mx\/prensa\/files\/2019\/04\/080419-Carlos-Los-6-Garcia-3-300x200.jpg 300w\" sizes=\"auto, (max-width: 722px) 100vw, 722px\" \/><\/a><p id=\"caption-attachment-65756\" class=\"wp-caption-text\">La puesta en escena cuenta con la participaci\u00f3n de 15 actores<\/p><\/div>\n","protected":false},"excerpt":{"rendered":"<p>La obra Los 6 Garc\u00eda se mantendr\u00e1 en cartelera hasta el 5 de mayo (excepto los d\u00edas 7, 19, 20 y 21 de abril). Los viernes a las 20:00, s\u00e1bados a las 19:00 y domingos a las 18:00 horas <\/p>\n","protected":false},"author":1775,"featured_media":65752,"comment_status":"closed","ping_status":"closed","sticky":false,"template":"","format":"standard","meta":{"footnotes":""},"categories":[5128],"tags":[2195,2474,5713,33449,24722,1868,28438,16585,11816,180,5393,33448,2473,181],"class_list":["post-65843","post","type-post","status-publish","format-standard","has-post-thumbnail","hentry","category-filu","tag-alba-dominguez","tag-dagoberto-guillaumin","tag-gral-ignacio-de-la-llave","tag-hector-moraz","tag-juana-maria-garza","tag-luis-mario-moncada","tag-miriam-chazaro","tag-obra-teatral","tag-organizacion-teatral-de-la-universidad-veracruzana","tag-orteuv","tag-puesta-en-escena","tag-rocio-carrillo","tag-sala","tag-teatro-del-estado"],"_links":{"self":[{"href":"https:\/\/www.uv.mx\/prensa\/wp-json\/wp\/v2\/posts\/65843","targetHints":{"allow":["GET"]}}],"collection":[{"href":"https:\/\/www.uv.mx\/prensa\/wp-json\/wp\/v2\/posts"}],"about":[{"href":"https:\/\/www.uv.mx\/prensa\/wp-json\/wp\/v2\/types\/post"}],"author":[{"embeddable":true,"href":"https:\/\/www.uv.mx\/prensa\/wp-json\/wp\/v2\/users\/1775"}],"replies":[{"embeddable":true,"href":"https:\/\/www.uv.mx\/prensa\/wp-json\/wp\/v2\/comments?post=65843"}],"version-history":[{"count":1,"href":"https:\/\/www.uv.mx\/prensa\/wp-json\/wp\/v2\/posts\/65843\/revisions"}],"predecessor-version":[{"id":169886,"href":"https:\/\/www.uv.mx\/prensa\/wp-json\/wp\/v2\/posts\/65843\/revisions\/169886"}],"wp:featuredmedia":[{"embeddable":true,"href":"https:\/\/www.uv.mx\/prensa\/wp-json\/wp\/v2\/media\/65752"}],"wp:attachment":[{"href":"https:\/\/www.uv.mx\/prensa\/wp-json\/wp\/v2\/media?parent=65843"}],"wp:term":[{"taxonomy":"category","embeddable":true,"href":"https:\/\/www.uv.mx\/prensa\/wp-json\/wp\/v2\/categories?post=65843"},{"taxonomy":"post_tag","embeddable":true,"href":"https:\/\/www.uv.mx\/prensa\/wp-json\/wp\/v2\/tags?post=65843"}],"curies":[{"name":"wp","href":"https:\/\/api.w.org\/{rel}","templated":true}]}}