{"id":65839,"date":"2019-04-09T10:24:11","date_gmt":"2019-04-09T15:24:11","guid":{"rendered":"https:\/\/www.uv.mx\/prensa\/?p=65839"},"modified":"2026-06-02T11:32:34","modified_gmt":"2026-06-02T17:32:34","slug":"ninos-de-preescolar-aprendieron-sobre-como-proteger-al-manati","status":"publish","type":"post","link":"https:\/\/www.uv.mx\/prensa\/filu\/ninos-de-preescolar-aprendieron-sobre-como-proteger-al-manati\/","title":{"rendered":"Ni\u00f1os de preescolar aprendieron  sobre c\u00f3mo proteger al manat\u00ed"},"content":{"rendered":"<ul>\n<li data-leveltext=\"\uf0b7\" data-font=\"Symbol\" data-listid=\"5\" data-aria-posinset=\"1\" data-aria-level=\"1\"><i><span data-contrast=\"auto\">Blanca Elizabeth Cortina Julio imparti\u00f3 el taller de ciencias \u201cEl mundo fant\u00e1stico donde viven las sirenas\u201d, el 8 de abril en <\/span><\/i><i><span data-contrast=\"auto\">la FILU<\/span><\/i><\/li>\n<\/ul>\n<div id=\"attachment_65791\" style=\"width: 732px\" class=\"wp-caption aligncenter\"><a href=\"https:\/\/www.uv.mx\/prensa\/files\/2019\/04\/080419-CARLOS-FILU-Blanca-Cortina-Manati-2.jpg\"><img loading=\"lazy\" decoding=\"async\" aria-describedby=\"caption-attachment-65791\" class=\"size-full wp-image-65791\" src=\"https:\/\/www.uv.mx\/prensa\/files\/2019\/04\/080419-CARLOS-FILU-Blanca-Cortina-Manati-2.jpg\" alt=\"\" width=\"722\" height=\"481\" srcset=\"https:\/\/www.uv.mx\/prensa\/files\/2019\/04\/080419-CARLOS-FILU-Blanca-Cortina-Manati-2.jpg 722w, https:\/\/www.uv.mx\/prensa\/files\/2019\/04\/080419-CARLOS-FILU-Blanca-Cortina-Manati-2-300x200.jpg 300w\" sizes=\"auto, (max-width: 722px) 100vw, 722px\" \/><\/a><p id=\"caption-attachment-65791\" class=\"wp-caption-text\">La investigadora Blanca Elizabeth Cortina Julio<\/p><\/div>\n<p>&nbsp;<\/p>\n<p><b><i><span data-contrast=\"auto\">Carlos Hugo Hermida Rosales<\/span><\/i><\/b><span data-ccp-props=\"{}\">\u00a0<\/span><\/p>\n<p><b><i><span data-contrast=\"auto\">0<\/span><\/i><\/b><b><i><span data-contrast=\"auto\">9<\/span><\/i><\/b><b><i><span data-contrast=\"auto\">\/04\/19, Xalapa, Ver.- <\/span><\/i><\/b><span data-contrast=\"auto\">Medio centenar de<\/span> <span data-contrast=\"auto\">peque\u00f1os que cursan educaci\u00f3n preescolar en el Centro de Desarrollo Infantil (<\/span><i><span data-contrast=\"auto\">Cendi<\/span><\/i><span data-contrast=\"auto\">) de la Asociaci\u00f3n de Funcionarios y Empleados de Confianza de la Universidad Veracruzana (AFECUV), aprendieron sobre el manat\u00ed dentro del taller de ciencias \u201cEl mundo fant\u00e1stico donde viven las sirenas\u201d, realizado el 8 de abril en el Complejo Deportivo Omega.<\/span><span data-ccp-props=\"{}\">\u00a0<\/span><\/p>\n<p><span data-contrast=\"auto\">\u00c9<\/span><span data-contrast=\"auto\">ste fue impartido por Blanca Elizabeth Cortina Julio, i<\/span><span data-contrast=\"auto\">ntegrante <\/span><span data-contrast=\"auto\">del <a href=\"https:\/\/www.uv.mx\/iib\/\">Instituto de Investigaciones Biol\u00f3gicas<\/a> de la Universidad Veracruzana (UV), <\/span><span data-contrast=\"auto\">con<\/span><span data-contrast=\"auto\"> el apoyo de Abigail del Socorro Jim\u00e9nez <\/span><span data-contrast=\"auto\">Osegura<\/span><span data-contrast=\"auto\">, <\/span><span data-contrast=\"auto\">Melida<\/span> <span data-contrast=\"auto\">Tha\u00eds<\/span> <span data-contrast=\"auto\">Cagnant<\/span><span data-contrast=\"auto\"> Lara, Beatriz Elena Olmos Andrade y Marlene P\u00e9rez L\u00f3pez, estudiantes de la Facultad de Biolog\u00eda.<\/span><span data-ccp-props=\"{&quot;335559731&quot;:708}\">\u00a0<\/span><\/p>\n<p><span data-contrast=\"auto\">E<\/span><span data-contrast=\"auto\">l <\/span><span data-contrast=\"auto\">evento se desarroll\u00f3 dentro de la Feria Internacional del Libro Universitario (FILU) 2019, realizada por la UV del 5 al 14 de abril en distintas sedes de la ciudad de Xalapa.<\/span><span data-ccp-props=\"{&quot;335559731&quot;:708}\">\u00a0<\/span><\/p>\n<p><span data-contrast=\"auto\">Mediante diversas <\/span><span data-contrast=\"auto\">din\u00e1micas y actividades los peque\u00f1os aprendieron sobre la importancia del manat\u00ed, as\u00ed como por qu\u00e9 deben protegerlo; afirm\u00f3 que los ni\u00f1os se divirtieron mucho y quedaron muy contentos.<\/span><span data-ccp-props=\"{&quot;335559731&quot;:708}\">\u00a0<\/span><\/p>\n<p><span data-contrast=\"auto\">Mar\u00eda Isabel Lagunes Acosta, directora del <\/span><i><span data-contrast=\"auto\">Cendi<\/span><\/i><span data-contrast=\"auto\">, <\/span><span data-contrast=\"auto\">comparti\u00f3 <\/span><span data-contrast=\"auto\">que es muy importante que la UV realice actividades de divulgaci\u00f3n ambiental y que sean coordinadas por expertos en el tema, <\/span><span data-contrast=\"auto\">pue<\/span><span data-contrast=\"auto\">s transmiten informaci\u00f3n valiosa a los peque\u00f1os.<\/span><span data-ccp-props=\"{&quot;335559731&quot;:708}\">\u00a0<\/span><\/p>\n<p><span data-contrast=\"auto\">Asegur\u00f3 que los ni\u00f1os del centro educativo a su cargo pusieron mucho empe\u00f1o en el taller, y que desde d\u00edas antes se encontraban ansiosos por asistir a<\/span><span data-contrast=\"auto\">l mismo<\/span><span data-contrast=\"auto\">.<\/span><span data-ccp-props=\"{&quot;335559731&quot;:708}\">\u00a0<\/span><\/p>\n<p><span data-contrast=\"none\">Las actividades de la FILU 2019 continuar\u00e1n hasta el domingo 14 de abril. El programa completo de eventos se encuen<\/span><span data-contrast=\"none\">tra en la p\u00e1gina <\/span><span data-contrast=\"none\"><a href=\"https:\/\/www.uv.mx\/filu\">www.uv.mx\/filu<\/a>.<\/span><\/p>\n","protected":false},"excerpt":{"rendered":"<p>Mediante diversas din\u00e1micas y actividades los peque\u00f1os aprendieron sobre la importancia del manat\u00ed, as\u00ed como por qu\u00e9 deben protegerlo <\/p>\n","protected":false},"author":1775,"featured_media":65791,"comment_status":"closed","ping_status":"closed","sticky":false,"template":"","format":"standard","meta":{"footnotes":""},"categories":[5128],"tags":[33444,9678,33442,33446,4828,4161,33441,33440,33299,15351,559,147,792,13303,33447,33445,29682,33443],"class_list":["post-65839","post","type-post","status-publish","format-standard","has-post-thumbnail","hentry","category-filu","tag-abigail-del-socorro-jimenez-osegura","tag-afecuv","tag-asociacion-de-funcionarios-y-empleados-de-confianza","tag-beatriz-elena-olmos-andrade","tag-blanca-elizabeth-cortina-julio","tag-carlos-hugo-hermida-rosales","tag-cendi","tag-centro-de-desarrollo-infantil","tag-complejo-deportivo-omega","tag-educacion-preescolar","tag-estudiantes","tag-facultad-de-biologia","tag-instituto-de-investigaciones-biologicas","tag-manati","tag-marlene-perez-lopez","tag-melida-thais-cagnant-lara","tag-sirenas","tag-taller-de-ciencias"],"_links":{"self":[{"href":"https:\/\/www.uv.mx\/prensa\/wp-json\/wp\/v2\/posts\/65839","targetHints":{"allow":["GET"]}}],"collection":[{"href":"https:\/\/www.uv.mx\/prensa\/wp-json\/wp\/v2\/posts"}],"about":[{"href":"https:\/\/www.uv.mx\/prensa\/wp-json\/wp\/v2\/types\/post"}],"author":[{"embeddable":true,"href":"https:\/\/www.uv.mx\/prensa\/wp-json\/wp\/v2\/users\/1775"}],"replies":[{"embeddable":true,"href":"https:\/\/www.uv.mx\/prensa\/wp-json\/wp\/v2\/comments?post=65839"}],"version-history":[{"count":1,"href":"https:\/\/www.uv.mx\/prensa\/wp-json\/wp\/v2\/posts\/65839\/revisions"}],"predecessor-version":[{"id":169885,"href":"https:\/\/www.uv.mx\/prensa\/wp-json\/wp\/v2\/posts\/65839\/revisions\/169885"}],"wp:featuredmedia":[{"embeddable":true,"href":"https:\/\/www.uv.mx\/prensa\/wp-json\/wp\/v2\/media\/65791"}],"wp:attachment":[{"href":"https:\/\/www.uv.mx\/prensa\/wp-json\/wp\/v2\/media?parent=65839"}],"wp:term":[{"taxonomy":"category","embeddable":true,"href":"https:\/\/www.uv.mx\/prensa\/wp-json\/wp\/v2\/categories?post=65839"},{"taxonomy":"post_tag","embeddable":true,"href":"https:\/\/www.uv.mx\/prensa\/wp-json\/wp\/v2\/tags?post=65839"}],"curies":[{"name":"wp","href":"https:\/\/api.w.org\/{rel}","templated":true}]}}