{"id":65825,"date":"2019-04-09T09:00:15","date_gmt":"2019-04-09T14:00:15","guid":{"rendered":"https:\/\/www.uv.mx\/prensa\/?p=65825"},"modified":"2021-11-08T08:40:57","modified_gmt":"2021-11-08T14:40:57","slug":"sin-humedad-atmosferica-seria-imposible-la-vida-en-la-tierra","status":"publish","type":"post","link":"https:\/\/www.uv.mx\/prensa\/filu\/sin-humedad-atmosferica-seria-imposible-la-vida-en-la-tierra\/","title":{"rendered":"Sin humedad atmosf\u00e9rica ser\u00eda imposible la vida en la Tierra"},"content":{"rendered":"<ul>\n<li data-leveltext=\"\uf0b7\" data-font=\"Symbol\" data-listid=\"1\" data-aria-posinset=\"1\" data-aria-level=\"1\"><i><span data-contrast=\"auto\">El investigador Adalberto Tejeda present\u00f3 en la FILU un libro sobre este tema, que <\/span><\/i><i><span data-contrast=\"auto\">puede ser consultado y descargado gratuitamente en<\/span><\/i><i><\/i> <a href=\"http:\/\/www.ucol.mx\/publicacionesenlinea\"><span data-contrast=\"none\">www.ucol.mx\/publicacionesenlinea<\/span><\/a><span data-ccp-props=\"{&quot;134233279&quot;:true,&quot;335551550&quot;:1,&quot;335551620&quot;:1,&quot;335559685&quot;:720,&quot;335559737&quot;:0,&quot;335559740&quot;:259,&quot;335559991&quot;:360}\">\u00a0<\/span><\/li>\n<li data-leveltext=\"\uf0b7\" data-font=\"Symbol\" data-listid=\"1\" data-aria-posinset=\"2\" data-aria-level=\"1\"><i><span data-contrast=\"auto\">La edici\u00f3n enlista sus efectos en la salud y en el bioclima, las formas m\u00e1s \u00fatiles para los c\u00e1lculos de la humedad, as\u00ed como su relaci\u00f3n con las industrias diversas<\/span><\/i><span data-ccp-props=\"{&quot;134233279&quot;:true,&quot;335551550&quot;:1,&quot;335551620&quot;:1,&quot;335559685&quot;:720,&quot;335559737&quot;:0,&quot;335559740&quot;:259,&quot;335559991&quot;:360}\">\u00a0<\/span><\/li>\n<\/ul>\n<p>&nbsp;<\/p>\n<div id=\"attachment_65755\" style=\"width: 732px\" class=\"wp-caption aligncenter\"><a href=\"https:\/\/www.uv.mx\/prensa\/files\/2019\/04\/070419-PACHECO-Libro-Humedad-en-la-atmoisfera-1-100k.jpg\"><img loading=\"lazy\" decoding=\"async\" aria-describedby=\"caption-attachment-65755\" class=\"size-full wp-image-65755\" src=\"https:\/\/www.uv.mx\/prensa\/files\/2019\/04\/070419-PACHECO-Libro-Humedad-en-la-atmoisfera-1-100k.jpg\" alt=\"\" width=\"722\" height=\"550\" srcset=\"https:\/\/www.uv.mx\/prensa\/files\/2019\/04\/070419-PACHECO-Libro-Humedad-en-la-atmoisfera-1-100k.jpg 722w, https:\/\/www.uv.mx\/prensa\/files\/2019\/04\/070419-PACHECO-Libro-Humedad-en-la-atmoisfera-1-100k-300x229.jpg 300w\" sizes=\"auto, (max-width: 722px) 100vw, 722px\" \/><\/a><p id=\"caption-attachment-65755\" class=\"wp-caption-text\">Adalberto Tejeda Mart\u00ednez<\/p><\/div>\n<p>&nbsp;<\/p>\n<p><b><i><span data-contrast=\"auto\">09\/04\/19, Xalapa, Ver.- <\/span><\/i><\/b><span data-contrast=\"auto\">Adalberto Tejeda Mart\u00ednez, profesor-investigador en la Facultad de Ciencias Atmosf\u00e9ricas de la Universidad Veracruzana (UV)<\/span><span data-contrast=\"auto\">,<\/span> <span data-contrast=\"auto\">present\u00f3 en la <\/span><span data-contrast=\"auto\">Feria Internacional del Libro Universitario (FILU) 2019<\/span><span data-contrast=\"auto\"> su<\/span><span data-contrast=\"auto\"> libro <\/span><i><span data-contrast=\"auto\">La humedad en la atm\u00f3sfera; bases cient\u00edficas, instrumentos y aplicaciones<\/span><\/i><span data-contrast=\"auto\">, publicado de forma virtual por la Universidad de Colima<\/span><span data-contrast=\"auto\">.<\/span><span data-ccp-props=\"{}\">\u00a0<\/span><\/p>\n<p><span data-contrast=\"auto\">En <\/span><span data-contrast=\"auto\">el evento, realizado en el Sal\u00f3n \u201cEmilio Carballido\u201d del Complejo Deportivo Omega<\/span><span data-contrast=\"auto\">, tambi\u00e9n particip\u00f3 <\/span><span data-contrast=\"auto\">Cecilia Conde, especialista en Ciencias de la Tierra con Maestr\u00eda en Geof\u00edsica por la Universidad Nacional Aut\u00f3noma de M\u00e9xico (UNAM)<\/span><span data-contrast=\"auto\">.<\/span><span data-ccp-props=\"{&quot;335559731&quot;:708}\">\u00a0<\/span><\/p>\n<p><span data-contrast=\"auto\">Ambos coincidieron en que n<\/span><span data-contrast=\"auto\">o es conveniente confundir el vapor de agua que sale de la olla de presi\u00f3n con el que existe en la atm\u00f3sfera; el primero es una de las formas del agua al ser sometido a calor, mientras que el segundo es uno de los elementos que permiten la vida sobre la Tierra. Sin la humedad presente en nuestro entorno, el aire ser\u00eda irrespirable y nuestros pulmones se secar\u00edan.<\/span><span data-ccp-props=\"{&quot;335559731&quot;:708}\">\u00a0<\/span><\/p>\n<p><span data-contrast=\"auto\">L<\/span><span data-contrast=\"auto\">os ponentes mencionaron que al vapor de agua disuelto en el aire se le conoce como \u201chumedad atmosf\u00e9rica\u201d, representa apenas dos mil millon\u00e9simas del agua existente en el planeta y no se le encuentra m\u00e1s all\u00e1 de los 20 mil metros sobre el nivel del mar.<\/span><span data-ccp-props=\"{&quot;335559731&quot;:708}\">\u00a0<\/span><\/p>\n<p><span data-contrast=\"auto\">Abundaron que<\/span> <span data-contrast=\"auto\">es el precursor de la formaci\u00f3n de nubes<\/span><span data-contrast=\"auto\"> y precipitaciones<\/span><span data-contrast=\"auto\">, transporta calor a <\/span><span data-contrast=\"auto\">todas las <\/span><span data-contrast=\"auto\">regiones del mundo<\/span><span data-contrast=\"auto\">, <\/span><span data-contrast=\"auto\">alimenta de energ\u00eda diversos fen\u00f3menos meteorol\u00f3gicos y es determinante en la sensaci\u00f3n t\u00e9rmica que percibimos los humanos. Sin ese vapor, la vida no existir\u00eda sobre la Tierra.<\/span><span data-ccp-props=\"{&quot;335559731&quot;:708}\">\u00a0<\/span><\/p>\n<p><span data-contrast=\"auto\">El autor coment\u00f3 en torno de las <\/span><span data-contrast=\"auto\">antiguas <\/span><span data-contrast=\"auto\">formas <\/span><span data-contrast=\"auto\">de <\/span><span data-contrast=\"auto\">medir la humedad, algo que desde siglos atr\u00e1s se ha <\/span><span data-contrast=\"auto\">intentado <\/span><span data-contrast=\"auto\">incluso con procedimientos tan sencillos como exponer una bola de algod\u00f3n de determinado peso al medio ambiente para, m\u00e1s tarde, volver a pesarla y de esa forma tratar de medir su <\/span><span data-contrast=\"auto\">nivel de <\/span><span data-contrast=\"auto\">absorci\u00f3n <\/span><span data-contrast=\"auto\">de <\/span><span data-contrast=\"auto\">la humedad imperante.<\/span><span data-ccp-props=\"{&quot;335559731&quot;:708}\">\u00a0<\/span><\/p>\n<p><span data-contrast=\"auto\">La edici\u00f3n enlista sus efectos en la salud y en el <\/span><span data-contrast=\"auto\">bioclima<\/span><span data-contrast=\"auto\">, <\/span><span data-contrast=\"auto\">las formas m\u00e1s \u00fatiles para los c\u00e1lculos de la humedad, <\/span><span data-contrast=\"auto\">as\u00ed como su relaci<\/span><span data-contrast=\"auto\">\u00f3n con las industrias diversas.<\/span><span data-ccp-props=\"{&quot;335559731&quot;:708}\">\u00a0<\/span><\/p>\n<p><span data-contrast=\"auto\">En el mismo contexto, Tejeda Mart\u00ednez reconoci\u00f3 el liderazgo de la Universidad de Colima en la edici\u00f3n virtual de libros<\/span><span data-contrast=\"auto\">;<\/span><span data-contrast=\"auto\"> deposit\u00f3 especial acento en que su libro <\/span><i><span data-contrast=\"auto\">La humedad en la atm\u00f3sfera<\/span><\/i><span data-contrast=\"auto\"> puede ser consultado y descargado gratuitamente desde el portal: <\/span><a href=\"http:\/\/www.ucol.mx\/publicacionesenlinea\"><span data-contrast=\"none\">www.ucol.mx\/publicacionesenlinea.<\/span><\/a><\/p>\n<p>&nbsp;<\/p>\n<div id=\"attachment_65753\" style=\"width: 732px\" class=\"wp-caption aligncenter\"><a href=\"https:\/\/www.uv.mx\/prensa\/files\/2019\/04\/070419-PACHECO-Libro-Humedad-en-la-atmoisfera-100k.jpg\"><img loading=\"lazy\" decoding=\"async\" aria-describedby=\"caption-attachment-65753\" class=\"size-full wp-image-65753\" src=\"https:\/\/www.uv.mx\/prensa\/files\/2019\/04\/070419-PACHECO-Libro-Humedad-en-la-atmoisfera-100k.jpg\" alt=\"\" width=\"722\" height=\"518\" srcset=\"https:\/\/www.uv.mx\/prensa\/files\/2019\/04\/070419-PACHECO-Libro-Humedad-en-la-atmoisfera-100k.jpg 722w, https:\/\/www.uv.mx\/prensa\/files\/2019\/04\/070419-PACHECO-Libro-Humedad-en-la-atmoisfera-100k-300x215.jpg 300w\" sizes=\"auto, (max-width: 722px) 100vw, 722px\" \/><\/a><p id=\"caption-attachment-65753\" class=\"wp-caption-text\">Los ponentes durante la presentaci\u00f3n del libro <em>La humedad en la atm\u00f3sfera<\/em><\/p><\/div>\n","protected":false},"excerpt":{"rendered":"<p>Adalberto Tejeda Mart\u00ednez present\u00f3 en la FILU 2019 su libro <em>La humedad en la atm\u00f3sfera; bases cient\u00edficas, instrumentos y aplicaciones<\/em><\/p>\n","protected":false},"author":1508,"featured_media":65755,"comment_status":"closed","ping_status":"closed","sticky":false,"template":"","format":"standard","meta":{"footnotes":""},"categories":[5128],"tags":[],"class_list":["post-65825","post","type-post","status-publish","format-standard","has-post-thumbnail","hentry","category-filu"],"_links":{"self":[{"href":"https:\/\/www.uv.mx\/prensa\/wp-json\/wp\/v2\/posts\/65825","targetHints":{"allow":["GET"]}}],"collection":[{"href":"https:\/\/www.uv.mx\/prensa\/wp-json\/wp\/v2\/posts"}],"about":[{"href":"https:\/\/www.uv.mx\/prensa\/wp-json\/wp\/v2\/types\/post"}],"author":[{"embeddable":true,"href":"https:\/\/www.uv.mx\/prensa\/wp-json\/wp\/v2\/users\/1508"}],"replies":[{"embeddable":true,"href":"https:\/\/www.uv.mx\/prensa\/wp-json\/wp\/v2\/comments?post=65825"}],"version-history":[{"count":1,"href":"https:\/\/www.uv.mx\/prensa\/wp-json\/wp\/v2\/posts\/65825\/revisions"}],"predecessor-version":[{"id":104826,"href":"https:\/\/www.uv.mx\/prensa\/wp-json\/wp\/v2\/posts\/65825\/revisions\/104826"}],"wp:featuredmedia":[{"embeddable":true,"href":"https:\/\/www.uv.mx\/prensa\/wp-json\/wp\/v2\/media\/65755"}],"wp:attachment":[{"href":"https:\/\/www.uv.mx\/prensa\/wp-json\/wp\/v2\/media?parent=65825"}],"wp:term":[{"taxonomy":"category","embeddable":true,"href":"https:\/\/www.uv.mx\/prensa\/wp-json\/wp\/v2\/categories?post=65825"},{"taxonomy":"post_tag","embeddable":true,"href":"https:\/\/www.uv.mx\/prensa\/wp-json\/wp\/v2\/tags?post=65825"}],"curies":[{"name":"wp","href":"https:\/\/api.w.org\/{rel}","templated":true}]}}