{"id":65819,"date":"2019-04-09T09:00:00","date_gmt":"2019-04-09T14:00:00","guid":{"rendered":"https:\/\/www.uv.mx\/prensa\/?p=65819"},"modified":"2019-04-09T11:41:54","modified_gmt":"2019-04-09T16:41:54","slug":"alumnos-de-enfermeria-brindaron-platicas-sobre-tuberculosis-y-sexualidad","status":"publish","type":"post","link":"https:\/\/www.uv.mx\/prensa\/general\/alumnos-de-enfermeria-brindaron-platicas-sobre-tuberculosis-y-sexualidad\/","title":{"rendered":"Alumnos de Enfermer\u00eda brindaron pl\u00e1ticas sobre tuberculosis y sexualidad"},"content":{"rendered":"<style type=\"text\/css\">\n  blockquote p { color: #28519b; font-family: helvetica; font-size: 1.6em; }\n<\/style>\n<ul>\n<li data-leveltext=\"\uf0b7\" data-font=\"Symbol\" data-listid=\"1\" data-aria-posinset=\"1\" data-aria-level=\"1\"><i><span data-contrast=\"auto\">A ni\u00f1os de cuarto, quinto y sexto <\/span><\/i><i><span data-contrast=\"auto\">grado <\/span><\/i><i><span data-contrast=\"auto\">de la Escuela Primaria Federal <\/span><\/i><i><span data-contrast=\"auto\">\u201c<\/span><\/i><i><span data-contrast=\"auto\">Adolfo L\u00f3pez Mateos<\/span><\/i><i><span data-contrast=\"auto\">\u201d<\/span><\/i><span data-ccp-props=\"{&quot;134233279&quot;:true,&quot;201341983&quot;:0,&quot;335559739&quot;:160,&quot;335559740&quot;:240}\">\u00a0<\/span><\/li>\n<li data-leveltext=\"\uf0b7\" data-font=\"Symbol\" data-listid=\"1\" data-aria-posinset=\"2\" data-aria-level=\"1\"><i><span data-contrast=\"auto\">Los universitarios son de sexto semestre y cursan la EE Pr\u00e1ctica de Atenci\u00f3n Primaria a la Salud<\/span><\/i><span data-ccp-props=\"{&quot;134233279&quot;:true,&quot;201341983&quot;:0,&quot;335559739&quot;:160,&quot;335559740&quot;:240}\">\u00a0<\/span><\/li>\n<\/ul>\n<p>&nbsp;<\/p>\n<p><span class=\"TextRun Highlight BCX2 SCXW127094568\" lang=\"ES-MX\" xml:lang=\"ES-MX\" data-contrast=\"auto\"><span class=\"NormalTextRun BCX2 SCXW127094568\">\u00a0<\/span><\/span><\/p>\n<p>&nbsp;<\/p>\n<div id=\"attachment_65793\" style=\"width: 732px\" class=\"wp-caption aligncenter\"><a href=\"https:\/\/www.uv.mx\/prensa\/files\/2019\/04\/080419-ENFERMERiA-1.jpg\"><img loading=\"lazy\" decoding=\"async\" aria-describedby=\"caption-attachment-65793\" class=\"size-full wp-image-65793\" src=\"https:\/\/www.uv.mx\/prensa\/files\/2019\/04\/080419-ENFERMERiA-1.jpg\" alt=\"\" width=\"722\" height=\"481\" srcset=\"https:\/\/www.uv.mx\/prensa\/files\/2019\/04\/080419-ENFERMERiA-1.jpg 722w, https:\/\/www.uv.mx\/prensa\/files\/2019\/04\/080419-ENFERMERiA-1-300x200.jpg 300w\" sizes=\"auto, (max-width: 722px) 100vw, 722px\" \/><\/a><p id=\"caption-attachment-65793\" class=\"wp-caption-text\">Alumnos de sexto semestre de la Facultad de Enfermer\u00eda<\/p><\/div>\n<p>&nbsp;<\/p>\n<p><b><i><span data-contrast=\"auto\">Claudia Peralta V\u00e1zquez<\/span><\/i><\/b><span data-ccp-props=\"{&quot;201341983&quot;:0,&quot;335559739&quot;:160,&quot;335559740&quot;:240}\">\u00a0<\/span><\/p>\n<p><b><i><span data-contrast=\"auto\">09<\/span><\/i><\/b><b><i><span data-contrast=\"auto\">\/<\/span><\/i><\/b><b><i><span data-contrast=\"auto\">04<\/span><\/i><\/b><b><i><span data-contrast=\"auto\">\/<\/span><\/i><\/b><b><i><span data-contrast=\"auto\">19, Xalapa, Ver.- <\/span><\/i><\/b><span data-contrast=\"auto\">Alumnos de<\/span><span data-contrast=\"auto\"> sexto semestre de<\/span><span data-contrast=\"auto\"> la Facultad de Enfermer\u00eda de <\/span><span data-contrast=\"auto\">la Universidad Veracruzana (UV)<\/span><span data-contrast=\"auto\"> brindaron pl\u00e1ticas <\/span><span data-contrast=\"auto\">sobre tuberculosis y sexualidad a<\/span><span data-contrast=\"auto\"> estudiantes de la Escuela Primaria<\/span><span data-contrast=\"auto\"> Federal <\/span><span data-contrast=\"auto\">\u201c<\/span><span data-contrast=\"auto\">Adolfo L\u00f3pez Mateos<\/span><span data-contrast=\"auto\">\u201d<\/span><span data-contrast=\"auto\"> de esta ciudad, con el fin de<\/span><span data-contrast=\"auto\"> que adquieran los conocimientos adecuados en esta etapa temprana de sus vidas.<\/span><span data-ccp-props=\"{&quot;201341983&quot;:0,&quot;335559739&quot;:160,&quot;335559740&quot;:240}\">\u00a0<\/span><\/p>\n<p><span data-contrast=\"auto\">Esta actividad forma parte de l<\/span><span data-contrast=\"auto\">a experiencia educativa (EE)<\/span><span data-contrast=\"auto\"> Pr\u00e1ctica de Atenci\u00f3n Primaria a la Salud<\/span><span data-contrast=\"auto\">, impartida por <\/span><span data-contrast=\"auto\">la acad\u00e9mica <\/span><span data-contrast=\"auto\">Ruth Ang\u00e9lica Landa Rivera<\/span><span data-contrast=\"auto\">, quien inform\u00f3 que<\/span> <span data-contrast=\"auto\">del 19 al 29 de marzo se beneficiaron con estas pl\u00e1ticas a un total de 160 <\/span><span data-contrast=\"auto\">ni\u00f1os <\/span><span data-contrast=\"auto\">de<\/span><span data-contrast=\"auto\"> cuarto<\/span><span data-contrast=\"auto\">, quinto<\/span><span data-contrast=\"auto\"> y sexto grado<\/span><span data-contrast=\"auto\"> de primaria<\/span><span data-contrast=\"auto\">.<\/span><span data-ccp-props=\"{&quot;201341983&quot;:0,&quot;335559739&quot;:160,&quot;335559740&quot;:240}\">\u00a0<\/span><\/p>\n<p>&nbsp;<\/p>\n<blockquote><p><em><span class=\"TextRun Highlight BCX2 SCXW167463853\" lang=\"ES-MX\" xml:lang=\"ES-MX\" data-contrast=\"auto\"><span class=\"NormalTextRun BCX2 SCXW167463853\">Aprendieron <\/span><\/span><span class=\"TextRun Highlight BCX2 SCXW167463853\" lang=\"ES-MX\" xml:lang=\"ES-MX\" data-contrast=\"auto\"><span class=\"NormalTextRun BCX2 SCXW167463853\">que la p\u00e9rdida de peso, sudoraciones nocturnas, tos por m\u00e1s de 15 d\u00edas, secreciones sanguinolentas y <\/span><\/span><span class=\"TextRun Highlight BCX2 SCXW167463853\" lang=\"ES-MX\" xml:lang=\"ES-MX\" data-contrast=\"auto\"><span class=\"SpellingError BCX2 SCXW167463853\">mucopurolentas<\/span><\/span><span class=\"TextRun Highlight BCX2 SCXW167463853\" lang=\"ES-MX\" xml:lang=\"ES-MX\" data-contrast=\"auto\"><span class=\"NormalTextRun BCX2 SCXW167463853\">, son s\u00edntomas espec\u00edficos de este pade<\/span><\/span><span class=\"TextRun Highlight BCX2 SCXW167463853\" lang=\"ES-MX\" xml:lang=\"ES-MX\" data-contrast=\"auto\"><span class=\"NormalTextRun BCX2 SCXW167463853\">cimiento<\/span><\/span><\/em><\/p><\/blockquote>\n<p>&nbsp;<\/p>\n<p><span data-contrast=\"auto\">Previo a<\/span><span data-contrast=\"auto\">l<\/span> <span data-contrast=\"auto\">D\u00eda Mundial de la Tuberculosis<\/span><span data-contrast=\"auto\">,<\/span><span data-contrast=\"auto\"> que se conmemora el 24 de marzo,<\/span><span data-contrast=\"auto\"> iniciaron <\/span><span data-contrast=\"auto\">las din\u00e1micas <\/span><span data-contrast=\"auto\">a petici\u00f3n de las autoridade<\/span><span data-contrast=\"auto\">s de es<\/span><span data-contrast=\"auto\">a instituci\u00f3n educativa, por parte de 13 estudiantes <\/span><span data-contrast=\"auto\">de Enfermer\u00eda, con <\/span><span data-contrast=\"auto\">la finalidad de que<\/span><span data-contrast=\"auto\"> los peque\u00f1os<\/span><span data-contrast=\"auto\"> conozcan la sintomatolog\u00eda, identificaci\u00f3n y tratamiento de esta enfermedad infecto-contagiosa que se supon\u00eda estaba erradicada<\/span><span data-contrast=\"auto\">;<\/span><span data-contrast=\"auto\"> sin embargo, \u00faltimamente a nivel nacional y estatal se ha reportado una alta incidencia de casos.<\/span><span data-ccp-props=\"{&quot;201341983&quot;:0,&quot;335559731&quot;:708,&quot;335559739&quot;:160,&quot;335559740&quot;:240}\">\u00a0<\/span><\/p>\n<p><span data-contrast=\"auto\">Coment\u00f3 que a trav\u00e9s de estas<\/span><span data-contrast=\"auto\"> pl\u00e1ticas <\/span><span data-contrast=\"auto\">aprendieron <\/span><span data-contrast=\"auto\">que la p\u00e9rdida de peso, sudoraciones nocturnas, tos por m\u00e1s de 15 d\u00edas, secreciones sanguinolentas y <\/span><span data-contrast=\"auto\">mucopurolentas<\/span><span data-contrast=\"auto\">, son s\u00edntomas espec\u00edficos de este pade<\/span><span data-contrast=\"auto\">cimiento<\/span><span data-contrast=\"auto\"> que <\/span><span data-contrast=\"auto\">pu<\/span><span data-contrast=\"auto\">ede llegar a ser mortal si no es atendido a<\/span><span data-contrast=\"auto\"> tiempo y se le brinda al p<\/span><span data-contrast=\"auto\">aciente el tratamiento adecuado, el cual adem\u00e1s es gratuito.<\/span><span data-ccp-props=\"{&quot;201341983&quot;:0,&quot;335559739&quot;:160,&quot;335559740&quot;:240}\">\u00a0<\/span><\/p>\n<p><span data-contrast=\"auto\">Con relaci\u00f3n a lo anterior, dijo que el problema actual es la <\/span><span data-contrast=\"auto\">drogo<\/span><span data-contrast=\"auto\">r<\/span><span data-contrast=\"auto\">resistencia<\/span><span data-contrast=\"auto\">, debido a que el tratamiento <\/span><span data-contrast=\"auto\">antif\u00edmico<\/span><span data-contrast=\"auto\"> ya no es eficaz para<\/span><span data-contrast=\"auto\"> curarla en el tiempo estimado.<\/span><span data-ccp-props=\"{&quot;201341983&quot;:0,&quot;335559739&quot;:160,&quot;335559740&quot;:240}\">\u00a0<\/span><\/p>\n<p><span data-contrast=\"auto\">A\u00f1adi\u00f3 que la <\/span><span data-contrast=\"auto\">tuberculosis se presenta principalmente en personas mayores de 15 a\u00f1os, aunque tambi\u00e9n se p<\/span><span data-contrast=\"auto\">uede afectar a ni\u00f1os.<\/span><span data-ccp-props=\"{&quot;201341983&quot;:0,&quot;335559731&quot;:708,&quot;335559739&quot;:160,&quot;335559740&quot;:240}\">\u00a0<\/span><\/p>\n<p><span data-contrast=\"auto\">\u201c<\/span><span data-contrast=\"auto\">Muchas personas piensan que con tener la vacuna de la tuberculosis est\u00e1n protegidos<\/span><span data-contrast=\"auto\">,<\/span><span data-contrast=\"auto\"> pero no es<\/span><span data-contrast=\"auto\"> as\u00ed <\/span><span data-contrast=\"auto\">porque<\/span><span data-contrast=\"auto\"> s<\/span><span data-contrast=\"auto\">\u00f3<\/span><span data-contrast=\"auto\">lo es efectiva contra la<\/span><span data-contrast=\"auto\"> me<\/span><span data-contrast=\"auto\">n\u00edngea<\/span><span data-contrast=\"auto\"> ma<\/span><span data-contrast=\"auto\">s no contra<\/span><span data-contrast=\"auto\"> las miliares o pulmonares.\u201d<\/span><span data-ccp-props=\"{&quot;201341983&quot;:0,&quot;335559731&quot;:708,&quot;335559739&quot;:160,&quot;335559740&quot;:240}\">\u00a0<\/span><\/p>\n<p><span data-contrast=\"auto\">Landa Rivera subray\u00f3 que el acercamiento con la sociedad es fundamental para la UV, es por esa raz\u00f3n que como parte de esta EE los universitarios, quienes previamente recibieron un curso te\u00f3rico<\/span><span data-contrast=\"auto\">; <\/span><span data-contrast=\"auto\">tambi\u00e9n<\/span><span data-contrast=\"auto\">,<\/span><span data-contrast=\"auto\"> abordaron el tema de la sexualidad.<\/span><span data-ccp-props=\"{&quot;201341983&quot;:0,&quot;335559731&quot;:708,&quot;335559739&quot;:160,&quot;335559740&quot;:240}\">\u00a0<\/span><\/p>\n<p><span data-contrast=\"auto\">Por ello se<\/span><span data-contrast=\"auto\"> impartieron pl\u00e1ticas sobre prevenci\u00f3n de embarazos no deseados, m\u00e9todos anticonceptivos, enfermedades de transmisi\u00f3n sexual, fortalecimiento de la autoestima y <\/span><span data-contrast=\"auto\">autoconcepto<\/span><span data-contrast=\"auto\">.<\/span> <span data-contrast=\"auto\">Abarcaron<\/span><span data-contrast=\"auto\"> adem\u00e1s informaci\u00f3n sobre los cambios anat\u00f3micos, fisiol\u00f3gicos y emocionales que se presentan durante la adolescencia.<\/span><span data-ccp-props=\"{&quot;201341983&quot;:0,&quot;335559739&quot;:160,&quot;335559740&quot;:240}\">\u00a0<\/span><\/p>\n<p>&nbsp;<\/p>\n<div id=\"attachment_65794\" style=\"width: 732px\" class=\"wp-caption aligncenter\"><a href=\"https:\/\/www.uv.mx\/prensa\/files\/2019\/04\/080419-ENFERMERiA-2.jpg\"><img loading=\"lazy\" decoding=\"async\" aria-describedby=\"caption-attachment-65794\" class=\"size-full wp-image-65794\" src=\"https:\/\/www.uv.mx\/prensa\/files\/2019\/04\/080419-ENFERMERiA-2.jpg\" alt=\"\" width=\"722\" height=\"481\" srcset=\"https:\/\/www.uv.mx\/prensa\/files\/2019\/04\/080419-ENFERMERiA-2.jpg 722w, https:\/\/www.uv.mx\/prensa\/files\/2019\/04\/080419-ENFERMERiA-2-300x200.jpg 300w\" sizes=\"auto, (max-width: 722px) 100vw, 722px\" \/><\/a><p id=\"caption-attachment-65794\" class=\"wp-caption-text\">Estudiantes de Enfermer\u00eda impartieron pl\u00e1ticas sobre tuberculosis y sexualidad a ni\u00f1as y ni\u00f1os de primaria<\/p><\/div>\n<p>&nbsp;<\/p>\n<p><span data-contrast=\"auto\">\u201c<\/span><span data-contrast=\"auto\">Los j\u00f3venes los orientaron<\/span> <span data-contrast=\"auto\">sob<\/span><span data-contrast=\"auto\">re la prevenci\u00f3n del embarazo,<\/span><span data-contrast=\"auto\"> plan de vida, sue\u00f1os, ideales <\/span><span data-contrast=\"auto\">como<\/span><span data-contrast=\"auto\"> una maner<\/span><span data-contrast=\"auto\">a de prevenir la problem\u00e1tica de <\/span><span data-contrast=\"auto\">los embarazos a una corta edad.\u201d<\/span><span data-ccp-props=\"{&quot;201341983&quot;:0,&quot;335559731&quot;:708,&quot;335559739&quot;:160,&quot;335559740&quot;:240}\">\u00a0<\/span><\/p>\n<p><span data-contrast=\"auto\">Expuso que en pleno siglo XXI a\u00fan se presentan tab\u00faes sobre la informaci\u00f3n sexual, pues los ni\u00f1os manifiestan dudas y pena al hablar de los cambios hormonales que presentan durante la sexualidad.<\/span> <span data-contrast=\"auto\">\u201cLas ni\u00f1as, por ejemplo, tienen dudas sobre el ciclo menstrual, c\u00f3mo prevenir un embarazo, por qu\u00e9 y cu\u00e1ndo se presenta la menstruaci\u00f3n\u201d.<\/span><span data-ccp-props=\"{&quot;201341983&quot;:0,&quot;335559731&quot;:708,&quot;335559739&quot;:160,&quot;335559740&quot;:240}\">\u00a0<\/span><\/p>\n<p><span data-contrast=\"auto\">Por su parte, Citlalli Melgarejo Ortiz, directora del plantel educativo<\/span><span data-contrast=\"auto\">,<\/span><span data-contrast=\"auto\"> agradeci\u00f3 el apoyo de la UV a trav\u00e9s de los alumnos de la Facultad de Enfermer\u00eda<\/span><span data-contrast=\"auto\">,<\/span> <span data-contrast=\"auto\">a<\/span><span data-contrast=\"auto\"> quienes reconoci\u00f3 su entusi<\/span><span data-contrast=\"auto\">asmo y dedicaci\u00f3n con los ni\u00f1os, s<\/span><span data-contrast=\"auto\">obre todo porque emplearon din\u00e1micas diferentes y presentaciones mediante juegos interactivos.<\/span><span data-ccp-props=\"{&quot;201341983&quot;:0,&quot;335559739&quot;:160,&quot;335559740&quot;:240}\">\u00a0<\/span><\/p>\n<p><span data-contrast=\"auto\">Puntualiz\u00f3 que estos temas est\u00e1n contemplados dentro del plan de estudios<\/span><span data-contrast=\"auto\">;<\/span><span data-contrast=\"auto\"> sin embargo,<\/span><span data-contrast=\"auto\"> la disposici\u00f3n y<\/span><span data-contrast=\"auto\"> conocimientos de los universitarios <\/span><span data-contrast=\"auto\">han sido primordiales en el desarrollo de los infantes, pues son los principales<\/span><span data-contrast=\"auto\"> mensajeros de los hogares.<\/span><span data-ccp-props=\"{&quot;201341983&quot;:0,&quot;335559739&quot;:160,&quot;335559740&quot;:240}\">\u00a0<\/span><\/p>\n<p><span data-contrast=\"auto\">\u201cCreo que la UV tiene mucho recurso humano disponible que ojal\u00e1 pudiera seguir canalizando a las escuelas p\u00fablicas, no s\u00f3lo en temas de salud, sino tambi\u00e9n en las \u00e1reas de m\u00fasica, danza, teatro, ingl\u00e9s, literatura y muchas otras disciplinas\u201d, enfatiz\u00f3 la docente.<\/span><span data-ccp-props=\"{&quot;201341983&quot;:0,&quot;335559731&quot;:708,&quot;335559739&quot;:160,&quot;335559740&quot;:240}\">\u00a0<\/span><\/p>\n<p>&nbsp;<\/p>\n<blockquote><p><span class=\"TextRun Highlight BCX2 SCXW127094568\" lang=\"ES-MX\" xml:lang=\"ES-MX\" data-contrast=\"auto\"><span class=\"NormalTextRun BCX2 SCXW127094568\">Alejandra Guzm\u00e1n Garc\u00eda dijo que es importante que desde temprana edad a los ni\u00f1os se les <\/span><\/span><span class=\"TextRun Highlight BCX2 SCXW127094568\" lang=\"ES-MX\" xml:lang=\"ES-MX\" data-contrast=\"auto\"><span class=\"NormalTextRun BCX2 SCXW127094568\">inculque la cultura de<\/span><\/span><span class=\"TextRun Highlight BCX2 SCXW127094568\" lang=\"ES-MX\" xml:lang=\"ES-MX\" data-contrast=\"auto\"><span class=\"NormalTextRun BCX2 SCXW127094568\"> la sexualidad: \u201cL<\/span><\/span><span class=\"TextRun Highlight BCX2 SCXW127094568\" lang=\"ES-MX\" xml:lang=\"ES-MX\" data-contrast=\"auto\"><span class=\"NormalTextRun BCX2 SCXW127094568\">a tasa de embarazos ha aumentado, hemos visto n<\/span><\/span><span class=\"TextRun Highlight BCX2 SCXW127094568\" lang=\"ES-MX\" xml:lang=\"ES-MX\" data-contrast=\"auto\"><span class=\"NormalTextRun BCX2 SCXW127094568\">i\u00f1as de 13 y 14 a\u00f1os en esa situaci\u00f3n<\/span><\/span><span class=\"TextRun Highlight BCX2 SCXW127094568\" lang=\"ES-MX\" xml:lang=\"ES-MX\" data-contrast=\"auto\"><span class=\"NormalTextRun BCX2 SCXW127094568\">.<\/span><\/span> <span class=\"TextRun Highlight BCX2 SCXW127094568\" lang=\"ES-MX\" xml:lang=\"ES-MX\" data-contrast=\"auto\"><span class=\"NormalTextRun BCX2 SCXW127094568\">Si tenemos una cultura de prevenci\u00f3n se pueden prevenir estos casos que tambi\u00e9n ponen en riesgo la vida de las ni\u00f1as y los beb\u00e9s<\/span><\/span><span class=\"TextRun Highlight BCX2 SCXW127094568\" lang=\"ES-MX\" xml:lang=\"ES-MX\" data-contrast=\"auto\"><span class=\"NormalTextRun BCX2 SCXW127094568\">\u201d<\/span><\/span><\/p><\/blockquote>\n<p>&nbsp;<\/p>\n<p><span data-contrast=\"auto\">Para <\/span><span data-contrast=\"auto\">Diana Esmeralda Landa M\u00e9ndez<\/span><span data-contrast=\"auto\"> fue una <\/span><span data-contrast=\"auto\">experiencia<\/span><span data-contrast=\"auto\"> enriquecedora, sobre todo al hablar frente a un grupo, adecuarse a sus <\/span><span data-contrast=\"auto\">caracter\u00edsticas y <\/span><span data-contrast=\"auto\">transmitirles informaci\u00f3n valiosa de forma profesional.<\/span><span data-ccp-props=\"{&quot;201341983&quot;:0,&quot;335559731&quot;:708,&quot;335559739&quot;:160,&quot;335559740&quot;:240}\">\u00a0<\/span><\/p>\n<p><span data-contrast=\"auto\">\u201c<\/span><span data-contrast=\"auto\">Aqu\u00ed tenemos la pr\u00e1ctica de nuestros conocimientos<\/span><span data-contrast=\"auto\">,<\/span><span data-contrast=\"auto\"> los aplicamos y <\/span><span data-contrast=\"auto\">explica<\/span><span data-contrast=\"auto\">mos<\/span><span data-contrast=\"auto\"> lo m\u00e1s claro posible para que no haya malos entendidos entre ellos<\/span><span data-contrast=\"auto\">.<\/span><span data-contrast=\"auto\">\u201d<\/span><span data-ccp-props=\"{&quot;201341983&quot;:0,&quot;335559731&quot;:708,&quot;335559739&quot;:160,&quot;335559740&quot;:240}\">\u00a0<\/span><\/p>\n<p><span data-contrast=\"auto\">En tanto, Maira Leticia Salvador Cervantes comparti\u00f3 que es la primera vez que tiene contacto con ni\u00f1os de esta edad y le pareci\u00f3 fundamental abordar estas tem\u00e1ticas debido a que Veracruz <\/span><span data-contrast=\"auto\">se ubica entre <\/span><span data-contrast=\"auto\">los primeros lugares <\/span><span data-contrast=\"auto\">co<\/span><span data-contrast=\"auto\">n embarazos en adolescentes.<\/span><span data-ccp-props=\"{&quot;201341983&quot;:0,&quot;335559731&quot;:708,&quot;335559739&quot;:160,&quot;335559740&quot;:240}\">\u00a0<\/span><\/p>\n<p><span data-contrast=\"auto\">\u201c<\/span><span data-contrast=\"auto\">C<\/span><span data-contrast=\"auto\">omo enfermera <\/span><span data-contrast=\"auto\">n<\/span><span data-contrast=\"auto\">unca hab\u00eda estado frente a un grupo dando pl\u00e1ticas referentes al \u00e1mbito de salud, esto nos da la oportunidad de que la labor se nos facilite una vez <\/span><span data-contrast=\"auto\">que egresemos de la F<\/span><span data-contrast=\"auto\">acultad\u201d, <\/span><span data-contrast=\"auto\">expres\u00f3 Monserrat Quiroz Ochoa.<\/span><span data-ccp-props=\"{&quot;201341983&quot;:0,&quot;335559731&quot;:708,&quot;335559739&quot;:160,&quot;335559740&quot;:240}\">\u00a0<\/span><\/p>\n<p><span data-contrast=\"auto\">Tambi\u00e9n <\/span><span data-contrast=\"auto\">Alejandra Guzm\u00e1n Garc\u00eda dijo que es importante que desde temprana edad a los ni\u00f1os se les <\/span><span data-contrast=\"auto\">inculque la cultura de<\/span><span data-contrast=\"auto\"> la sexualidad, \u201c<\/span><span data-contrast=\"auto\">la tasa de embarazos ha aumentado, hemos visto n<\/span><span data-contrast=\"auto\">i\u00f1as de 13 y 14 a\u00f1os en esa situaci\u00f3n<\/span><span data-contrast=\"auto\">.<\/span> <span data-contrast=\"auto\">Si tenemos una cultura de prevenci\u00f3n se pueden prevenir estos casos que tambi\u00e9n ponen en riesgo la vida de las ni\u00f1as y los beb\u00e9s<\/span><span data-contrast=\"auto\">\u201d<\/span><span data-contrast=\"auto\">.<\/span><span data-ccp-props=\"{&quot;201341983&quot;:0,&quot;335559731&quot;:708,&quot;335559739&quot;:160,&quot;335559740&quot;:240}\">\u00a0<\/span><\/p>\n<p><span data-contrast=\"auto\">Por su parte, Jessica Jasive Libreros Fern\u00e1ndez dijo que a trav\u00e9s de estas din\u00e1micas se dieron cuentan de que algunos ni\u00f1os nunca han recibido informaci\u00f3n b\u00e1sica al respecto<\/span><span data-contrast=\"auto\">.<\/span><span data-ccp-props=\"{&quot;201341983&quot;:0,&quot;335559731&quot;:708,&quot;335559739&quot;:160,&quot;335559740&quot;:240}\">\u00a0<\/span><\/p>\n<p><span data-contrast=\"auto\">Jareth<\/span><span data-contrast=\"auto\"> Jim\u00e9nez Tejeda<\/span><span data-contrast=\"auto\"> expres\u00f3: \u201cM<\/span><span data-contrast=\"auto\">e parece de suma importancia <\/span><span data-contrast=\"auto\">que los ni\u00f1os absorban esta informaci\u00f3n, <\/span><span data-contrast=\"auto\">ya que no <\/span><span data-contrast=\"auto\">est\u00e1n preparados<\/span> <span data-contrast=\"auto\">emocional ni f\u00edsicamente\u201d.<\/span><span data-ccp-props=\"{&quot;201341983&quot;:0,&quot;335559731&quot;:708,&quot;335559739&quot;:160,&quot;335559740&quot;:240}\">\u00a0<\/span><\/p>\n<p>&nbsp;<\/p>\n<div id=\"attachment_65795\" style=\"width: 732px\" class=\"wp-caption aligncenter\"><a href=\"https:\/\/www.uv.mx\/prensa\/files\/2019\/04\/080419-ENFERMERiA-3.jpg\"><img loading=\"lazy\" decoding=\"async\" aria-describedby=\"caption-attachment-65795\" class=\"size-full wp-image-65795\" src=\"https:\/\/www.uv.mx\/prensa\/files\/2019\/04\/080419-ENFERMERiA-3.jpg\" alt=\"\" width=\"722\" height=\"481\" srcset=\"https:\/\/www.uv.mx\/prensa\/files\/2019\/04\/080419-ENFERMERiA-3.jpg 722w, https:\/\/www.uv.mx\/prensa\/files\/2019\/04\/080419-ENFERMERiA-3-300x200.jpg 300w\" sizes=\"auto, (max-width: 722px) 100vw, 722px\" \/><\/a><p id=\"caption-attachment-65795\" class=\"wp-caption-text\">La Escuela Primaria Federal \u201cAdolfo L\u00f3pez Mateos\u201d fue sede de pl\u00e1ticas orientativas<\/p><\/div>\n","protected":false},"excerpt":{"rendered":"<p>Esta actividad forma parte de la experiencia educativa (EE) Pr\u00e1ctica de Atenci\u00f3n Primaria a la Salud, impartida por la acad\u00e9mica Ruth Ang\u00e9lica Landa Rivera<\/p>\n","protected":false},"author":1508,"featured_media":65793,"comment_status":"closed","ping_status":"closed","sticky":false,"template":"","format":"standard","meta":{"footnotes":""},"categories":[1],"tags":[],"class_list":["post-65819","post","type-post","status-publish","format-standard","has-post-thumbnail","hentry","category-general"],"_links":{"self":[{"href":"https:\/\/www.uv.mx\/prensa\/wp-json\/wp\/v2\/posts\/65819","targetHints":{"allow":["GET"]}}],"collection":[{"href":"https:\/\/www.uv.mx\/prensa\/wp-json\/wp\/v2\/posts"}],"about":[{"href":"https:\/\/www.uv.mx\/prensa\/wp-json\/wp\/v2\/types\/post"}],"author":[{"embeddable":true,"href":"https:\/\/www.uv.mx\/prensa\/wp-json\/wp\/v2\/users\/1508"}],"replies":[{"embeddable":true,"href":"https:\/\/www.uv.mx\/prensa\/wp-json\/wp\/v2\/comments?post=65819"}],"version-history":[{"count":0,"href":"https:\/\/www.uv.mx\/prensa\/wp-json\/wp\/v2\/posts\/65819\/revisions"}],"wp:featuredmedia":[{"embeddable":true,"href":"https:\/\/www.uv.mx\/prensa\/wp-json\/wp\/v2\/media\/65793"}],"wp:attachment":[{"href":"https:\/\/www.uv.mx\/prensa\/wp-json\/wp\/v2\/media?parent=65819"}],"wp:term":[{"taxonomy":"category","embeddable":true,"href":"https:\/\/www.uv.mx\/prensa\/wp-json\/wp\/v2\/categories?post=65819"},{"taxonomy":"post_tag","embeddable":true,"href":"https:\/\/www.uv.mx\/prensa\/wp-json\/wp\/v2\/tags?post=65819"}],"curies":[{"name":"wp","href":"https:\/\/api.w.org\/{rel}","templated":true}]}}