{"id":65621,"date":"2019-04-05T20:15:49","date_gmt":"2019-04-06T02:15:49","guid":{"rendered":"https:\/\/www.uv.mx\/prensa\/?p=65621"},"modified":"2021-11-08T08:41:33","modified_gmt":"2021-11-08T14:41:33","slug":"con-desfile-en-honor-a-colombia-inicio-la-filu-2019","status":"publish","type":"post","link":"https:\/\/www.uv.mx\/prensa\/filu\/con-desfile-en-honor-a-colombia-inicio-la-filu-2019\/","title":{"rendered":"Con desfile en honor a Colombia, inici\u00f3 la FILU 2019"},"content":{"rendered":"<ul>\n<li><em>Fue la primera actividad de la fiesta de las letras de la UV<\/em><\/li>\n<li><em>Batucada y Petrona Mart\u00ednez sonaron por las calles del centro de Xalapa<\/em><\/li>\n<\/ul>\n<p>&nbsp;<\/p>\n<div id=\"attachment_65598\" style=\"width: 732px\" class=\"wp-caption aligncenter\"><a href=\"https:\/\/www.uv.mx\/prensa\/files\/2019\/04\/050419-Desfile-FILU-1.jpg\"><img loading=\"lazy\" decoding=\"async\" aria-describedby=\"caption-attachment-65598\" class=\"size-full wp-image-65598\" src=\"https:\/\/www.uv.mx\/prensa\/files\/2019\/04\/050419-Desfile-FILU-1.jpg\" alt=\"\" width=\"722\" height=\"482\" srcset=\"https:\/\/www.uv.mx\/prensa\/files\/2019\/04\/050419-Desfile-FILU-1.jpg 722w, https:\/\/www.uv.mx\/prensa\/files\/2019\/04\/050419-Desfile-FILU-1-300x200.jpg 300w\" sizes=\"auto, (max-width: 722px) 100vw, 722px\" \/><\/a><p id=\"caption-attachment-65598\" class=\"wp-caption-text\">Estudiantes de movilidad colombianos engalanaron el desfile en honor a su pa\u00eds<\/p><\/div>\n<p>&nbsp;<\/p>\n<p><strong><em>Karina de la Paz Reyes D\u00edaz<\/em><\/strong><\/p>\n<p><strong><em>05\/04\/19, Xalapa, Ver<\/em><\/strong><strong>.- <\/strong>La primera actividad de la Feria Internacional del Libro Universitario (FILU) de la Universidad Veracruzana (UV), en su edici\u00f3n 2019, fue un desfile de carnaval, con m\u00fasica del pa\u00eds invitado: Colombia.<\/p>\n<p>Esta fiesta de la m\u00fasica parti\u00f3 del edificio de Correos de M\u00e9xico,\u00a0 en la calle Diego Le\u00f1o, con direcci\u00f3n a la sede de la FILU, el Complejo Deportivo Omega, y pas\u00f3 por las calles del Centro de la Ciudad, como Juan de la Luz Enr\u00edquez y Miguel Hidalgo.<\/p>\n<p>En ella participaron el Ballet Folkl\u00f3rico de la UV, que bail\u00f3 canciones de la afrocolombiana Petrona Mart\u00ednez, como <em>Aguacero de mayo<\/em>; atr\u00e1s, alumnos del Programa de Movilidad de la Direcci\u00f3n General de Relaciones Internacionales (DGRI) y un grupo de ciclistas encabezado por el titular de la Coordinaci\u00f3n Universitaria para la Sustentabilidad (<em>CoSustenta<\/em>), Miguel \u00c1ngel Escalona Aguilar. Este\u00a0 contingente fue acompa\u00f1ado por la Batucada Xalapa y personajes en zancos,\u00a0 as\u00ed como por las mascotas oficiales de la instituci\u00f3n, <em>Luzio<\/em> y <em>Lis<\/em>.<\/p>\n<p>&nbsp;<\/p>\n<div id='gallery-1' class='gallery galleryid-65621 gallery-columns-2 gallery-size-full'><dl class='gallery-item'>\n\t\t\t<dt class='gallery-icon landscape'>\n\t\t\t\t<a href='https:\/\/www.uv.mx\/prensa\/files\/2019\/04\/050419-Desfile-FILU-3.jpg'><img loading=\"lazy\" decoding=\"async\" width=\"722\" height=\"482\" src=\"https:\/\/www.uv.mx\/prensa\/files\/2019\/04\/050419-Desfile-FILU-3.jpg\" class=\"attachment-full size-full\" alt=\"\" aria-describedby=\"gallery-1-65596\" srcset=\"https:\/\/www.uv.mx\/prensa\/files\/2019\/04\/050419-Desfile-FILU-3.jpg 722w, https:\/\/www.uv.mx\/prensa\/files\/2019\/04\/050419-Desfile-FILU-3-300x200.jpg 300w\" sizes=\"auto, (max-width: 722px) 100vw, 722px\" \/><\/a>\n\t\t\t<\/dt>\n\t\t\t\t<dd class='wp-caption-text gallery-caption' id='gallery-1-65596'>\n\t\t\t\tEl desfile concluy\u00f3 en el Foro \u201cSergio Galindo\u201d\n\t\t\t\t<\/dd><\/dl><dl class='gallery-item'>\n\t\t\t<dt class='gallery-icon landscape'>\n\t\t\t\t<a href='https:\/\/www.uv.mx\/prensa\/files\/2019\/04\/050419-Desfile-FILU-2.jpg'><img loading=\"lazy\" decoding=\"async\" width=\"722\" height=\"482\" src=\"https:\/\/www.uv.mx\/prensa\/files\/2019\/04\/050419-Desfile-FILU-2.jpg\" class=\"attachment-full size-full\" alt=\"\" aria-describedby=\"gallery-1-65597\" srcset=\"https:\/\/www.uv.mx\/prensa\/files\/2019\/04\/050419-Desfile-FILU-2.jpg 722w, https:\/\/www.uv.mx\/prensa\/files\/2019\/04\/050419-Desfile-FILU-2-300x200.jpg 300w\" sizes=\"auto, (max-width: 722px) 100vw, 722px\" \/><\/a>\n\t\t\t<\/dt>\n\t\t\t\t<dd class='wp-caption-text gallery-caption' id='gallery-1-65597'>\n\t\t\t\tGerm\u00e1n Mart\u00ednez, Mario Oliva y Miguel Escalona, as\u00ed como estudiantes, participaron en el festejo\n\t\t\t\t<\/dd><\/dl><br style=\"clear: both\" \/>\n\t\t<\/div>\n\n<p>&nbsp;<\/p>\n<p>El desfile contagi\u00f3 su j\u00fabilo a quienes lo atestiguaron desde las aceras, toda vez que la batucada contagiaba a propios y extra\u00f1os.<\/p>\n<p>Pero quienes m\u00e1s gozaron dfueron los estudiantes del Programa de Movilidad de la DGRI, provenientes de diferentes universidades de Colombia.<\/p>\n<p>Este carnaval arrib\u00f3 al Gimnasio Omega y la batucada, estudiantes y p\u00fablico en general, terminaron bailando en el estrado del Foro \u201cSergio Galindo\u201d, donde minutos m\u00e1s tarde se realiz\u00f3 la inauguraci\u00f3n oficial de la FILU 2019, presidida por las autoridades universitarias.<\/p>\n<p>&nbsp;<\/p>\n<div id='gallery-2' class='gallery galleryid-65621 gallery-columns-2 gallery-size-full'><dl class='gallery-item'>\n\t\t\t<dt class='gallery-icon landscape'>\n\t\t\t\t<a href='https:\/\/www.uv.mx\/prensa\/files\/2019\/04\/050419-Desfile-FILU-4.jpg'><img loading=\"lazy\" decoding=\"async\" width=\"722\" height=\"482\" src=\"https:\/\/www.uv.mx\/prensa\/files\/2019\/04\/050419-Desfile-FILU-4.jpg\" class=\"attachment-full size-full\" alt=\"\" aria-describedby=\"gallery-2-65595\" srcset=\"https:\/\/www.uv.mx\/prensa\/files\/2019\/04\/050419-Desfile-FILU-4.jpg 722w, https:\/\/www.uv.mx\/prensa\/files\/2019\/04\/050419-Desfile-FILU-4-300x200.jpg 300w\" sizes=\"auto, (max-width: 722px) 100vw, 722px\" \/><\/a>\n\t\t\t<\/dt>\n\t\t\t\t<dd class='wp-caption-text gallery-caption' id='gallery-2-65595'>\n\t\t\t\tEspectacular presentaci\u00f3n del Ballet Folkl\u00f3rico de la UV en el desfile de carnaval\n\t\t\t\t<\/dd><\/dl><dl class='gallery-item'>\n\t\t\t<dt class='gallery-icon landscape'>\n\t\t\t\t<a href='https:\/\/www.uv.mx\/prensa\/files\/2019\/04\/050419-Desfile-FILU-5.jpg'><img loading=\"lazy\" decoding=\"async\" width=\"722\" height=\"482\" src=\"https:\/\/www.uv.mx\/prensa\/files\/2019\/04\/050419-Desfile-FILU-5.jpg\" class=\"attachment-full size-full\" alt=\"\" aria-describedby=\"gallery-2-65593\" srcset=\"https:\/\/www.uv.mx\/prensa\/files\/2019\/04\/050419-Desfile-FILU-5.jpg 722w, https:\/\/www.uv.mx\/prensa\/files\/2019\/04\/050419-Desfile-FILU-5-300x200.jpg 300w\" sizes=\"auto, (max-width: 722px) 100vw, 722px\" \/><\/a>\n\t\t\t<\/dt>\n\t\t\t\t<dd class='wp-caption-text gallery-caption' id='gallery-2-65593'>\n\t\t\t\tEl centro hist\u00f3rico de Xalapa luci\u00f3 de fiesta, por la FILU 2019 de la UV\n\t\t\t\t<\/dd><\/dl><br style=\"clear: both\" \/>\n\t\t<\/div>\n\n","protected":false},"excerpt":{"rendered":"<p>Fue la primera actividad de la fiesta de las letras de la Universidad Veracruzana<\/p>\n","protected":false},"author":1508,"featured_media":65598,"comment_status":"closed","ping_status":"closed","sticky":false,"template":"","format":"standard","meta":{"footnotes":""},"categories":[5128],"tags":[],"class_list":["post-65621","post","type-post","status-publish","format-standard","has-post-thumbnail","hentry","category-filu"],"_links":{"self":[{"href":"https:\/\/www.uv.mx\/prensa\/wp-json\/wp\/v2\/posts\/65621","targetHints":{"allow":["GET"]}}],"collection":[{"href":"https:\/\/www.uv.mx\/prensa\/wp-json\/wp\/v2\/posts"}],"about":[{"href":"https:\/\/www.uv.mx\/prensa\/wp-json\/wp\/v2\/types\/post"}],"author":[{"embeddable":true,"href":"https:\/\/www.uv.mx\/prensa\/wp-json\/wp\/v2\/users\/1508"}],"replies":[{"embeddable":true,"href":"https:\/\/www.uv.mx\/prensa\/wp-json\/wp\/v2\/comments?post=65621"}],"version-history":[{"count":1,"href":"https:\/\/www.uv.mx\/prensa\/wp-json\/wp\/v2\/posts\/65621\/revisions"}],"predecessor-version":[{"id":104851,"href":"https:\/\/www.uv.mx\/prensa\/wp-json\/wp\/v2\/posts\/65621\/revisions\/104851"}],"wp:featuredmedia":[{"embeddable":true,"href":"https:\/\/www.uv.mx\/prensa\/wp-json\/wp\/v2\/media\/65598"}],"wp:attachment":[{"href":"https:\/\/www.uv.mx\/prensa\/wp-json\/wp\/v2\/media?parent=65621"}],"wp:term":[{"taxonomy":"category","embeddable":true,"href":"https:\/\/www.uv.mx\/prensa\/wp-json\/wp\/v2\/categories?post=65621"},{"taxonomy":"post_tag","embeddable":true,"href":"https:\/\/www.uv.mx\/prensa\/wp-json\/wp\/v2\/tags?post=65621"}],"curies":[{"name":"wp","href":"https:\/\/api.w.org\/{rel}","templated":true}]}}