{"id":65582,"date":"2019-04-06T09:00:21","date_gmt":"2019-04-06T15:00:21","guid":{"rendered":"https:\/\/www.uv.mx\/prensa\/?p=65582"},"modified":"2019-04-05T17:01:14","modified_gmt":"2019-04-05T23:01:14","slug":"dgi-invita-al-programa-de-estancias-intersemestrales-de-investigacion-cientifica","status":"publish","type":"post","link":"https:\/\/www.uv.mx\/prensa\/general\/dgi-invita-al-programa-de-estancias-intersemestrales-de-investigacion-cientifica\/","title":{"rendered":"DGI invita al Programa de Estancias Intersemestrales de Investigaci\u00f3n Cient\u00edfica"},"content":{"rendered":"<ul>\n<li data-leveltext=\"\uf0b7\" data-font=\"Symbol\" data-listid=\"2\" data-aria-posinset=\"1\" data-aria-level=\"1\"><i><span data-contrast=\"none\">Se desarrollar\u00e1n<\/span><\/i><i><span data-contrast=\"none\"> del 11 de junio al 5 de julio<\/span><\/i><i><span data-contrast=\"none\">, <\/span><\/i><i><span data-contrast=\"none\">para<\/span><\/i><i><span data-contrast=\"none\"> fomentar el inter\u00e9s de estudiantes de licenciatura <\/span><\/i><i><span data-contrast=\"none\">por la investigaci\u00f3n cient\u00edfica<\/span><\/i><\/li>\n<\/ul>\n<p>&nbsp;<\/p>\n<div id=\"attachment_65512\" style=\"width: 1010px\" class=\"wp-caption aligncenter\"><a href=\"https:\/\/www.uv.mx\/prensa\/files\/2019\/04\/040419-ESTANCIAS-INTERSEMESTRALES-1.jpg\"><img loading=\"lazy\" decoding=\"async\" aria-describedby=\"caption-attachment-65512\" class=\"size-full wp-image-65512\" src=\"https:\/\/www.uv.mx\/prensa\/files\/2019\/04\/040419-ESTANCIAS-INTERSEMESTRALES-1.jpg\" alt=\"\" width=\"1000\" height=\"346\" srcset=\"https:\/\/www.uv.mx\/prensa\/files\/2019\/04\/040419-ESTANCIAS-INTERSEMESTRALES-1.jpg 1000w, https:\/\/www.uv.mx\/prensa\/files\/2019\/04\/040419-ESTANCIAS-INTERSEMESTRALES-1-300x104.jpg 300w, https:\/\/www.uv.mx\/prensa\/files\/2019\/04\/040419-ESTANCIAS-INTERSEMESTRALES-1-768x266.jpg 768w\" sizes=\"auto, (max-width: 1000px) 100vw, 1000px\" \/><\/a><p id=\"caption-attachment-65512\" class=\"wp-caption-text\">Pueden postularse acad\u00e9micos e investigadores<\/p><\/div>\n<p>&nbsp;<\/p>\n<p><b><i><span data-contrast=\"none\">Claudia Peralta V\u00e1zquez<\/span><\/i><\/b><span data-ccp-props=\"{&quot;134233117&quot;:true,&quot;134233118&quot;:true,&quot;335551550&quot;:1,&quot;335551620&quot;:1}\">\u00a0<\/span><\/p>\n<p><b><i><span data-contrast=\"none\">0<\/span><\/i><\/b><b><i><span data-contrast=\"none\">6<\/span><\/i><\/b><b><i><span data-contrast=\"none\">\/<\/span><\/i><\/b><b><i><span data-contrast=\"none\">04<\/span><\/i><\/b><b><i><span data-contrast=\"none\">\/<\/span><\/i><\/b><b><i><span data-contrast=\"none\">19, Xalapa, <\/span><\/i><\/b><b><i><span data-contrast=\"none\">Ver.-<\/span><\/i><\/b> <span data-contrast=\"none\">La<\/span><span data-contrast=\"none\"> Universidad Veracruzana (UV), a trav\u00e9s d<\/span><span data-contrast=\"none\">e la <\/span><span data-contrast=\"none\">Direcci\u00f3n General de Investigaciones (DGI)<\/span><span data-contrast=\"none\">, convoca a <\/span><span data-contrast=\"none\">acad\u00e9micos e investigadores<\/span> <span data-contrast=\"none\">a participar en el V<\/span><span data-contrast=\"none\">I<\/span><span data-contrast=\"none\">II Programa de Estancias Intersemestrales de Investigaci\u00f3n Cient\u00edfica 201<\/span><span data-contrast=\"none\">9<\/span><span data-contrast=\"none\">, <\/span><span data-contrast=\"none\">que se realizar\u00e1 del 11 de junio al 5 de julio <\/span><span data-contrast=\"none\">con<\/span><span data-contrast=\"none\"> la finalidad de fo<\/span><span data-contrast=\"none\">mentar el inter\u00e9s de los estudiantes de licenciatura por la investigaci\u00f3n cient\u00edfica<\/span><span data-contrast=\"none\">.<\/span><span data-ccp-props=\"{&quot;134233117&quot;:true,&quot;134233118&quot;:true,&quot;335551550&quot;:1,&quot;335551620&quot;:1}\">\u00a0<\/span><\/p>\n<p><span data-contrast=\"none\">\u00a0<\/span><span data-contrast=\"none\">Adem\u00e1s de promover<\/span><span data-contrast=\"none\"> la movilidad de los estudiantes dentro de las diferentes regiones de la<\/span><span data-contrast=\"none\"> m\u00e1xima casa de estudios,<\/span><span data-contrast=\"none\"> c<\/span><span data-contrast=\"none\">oadyuvan<\/span><span data-contrast=\"none\"> a <\/span><span data-contrast=\"none\">su<\/span><span data-contrast=\"none\"> formaci\u00f3n acad\u00e9mica y al fortalecimiento de sus conocimientos disciplinares<\/span><span data-contrast=\"none\">.<\/span><span data-ccp-props=\"{&quot;134233117&quot;:true,&quot;134233118&quot;:true,&quot;335551550&quot;:1,&quot;335551620&quot;:1,&quot;335559731&quot;:708}\">\u00a0<\/span><\/p>\n<p><span data-contrast=\"none\">E<\/span><span data-contrast=\"none\">ste programa permite a<\/span><span data-contrast=\"none\"> los alumnos a<\/span><span data-contrast=\"none\">m<\/span><span data-contrast=\"none\">pliar sus opciones de formaci\u00f3n profesional futura<\/span><span data-contrast=\"none\"> y<\/span><span data-contrast=\"auto\"> f<\/span><span data-contrast=\"none\">omentar la divulgaci\u00f3n cient\u00edfic<\/span><span data-contrast=\"none\">a<\/span><span data-contrast=\"none\">.<\/span><span data-ccp-props=\"{&quot;134233117&quot;:true,&quot;134233118&quot;:true,&quot;335551550&quot;:1,&quot;335551620&quot;:1,&quot;335559731&quot;:708}\">\u00a0<\/span><\/p>\n<p><span data-contrast=\"none\">L<\/span><span data-contrast=\"none\">a fecha l\u00edmite para el registro es el 30 de abril<\/span><span data-contrast=\"none\">; <\/span><span data-contrast=\"none\">los detalles <\/span><span data-contrast=\"none\">sde<\/span><span data-contrast=\"none\"> la <\/span><span data-contrast=\"none\">Convocatoria <\/span><span data-contrast=\"none\">Verano <\/span><span data-contrast=\"none\">2019<\/span><span data-contrast=\"none\"> para <\/span><span data-contrast=\"none\">Acad\u00e9micos<\/span> <span data-contrast=\"none\">UV<\/span> <span data-contrast=\"none\">se pueden consultar <\/span><span data-contrast=\"none\">en<\/span> <span data-contrast=\"auto\">https:\/\/www.uv.mx\/investigacion\/files\/2019\/03\/Convocatoria-Estancias-Intersemestrales-Verano-2019-Academicos.pdf<\/span><span data-ccp-props=\"{&quot;134233117&quot;:true,&quot;134233118&quot;:true,&quot;335551550&quot;:1,&quot;335551620&quot;:1}\">\u00a0<\/span><\/p>\n<p><span data-contrast=\"none\">Tambi\u00e9n, pueden ponerse en contacto con <\/span><span data-contrast=\"none\">Rodrigo L\u00f3pez S\u00e1nchez, coordinador de Gesti\u00f3n y Divulgaci\u00f3n de la Investigaci\u00f3n<\/span><span data-contrast=\"none\">, adscrito a la DGI, a trav\u00e9s del correo electr\u00f3nico: <\/span><a href=\"mailto:rodlopez@uv.mx\"><span data-contrast=\"none\">rodlopez@uv.mx<\/span><\/a> <span data-contrast=\"none\">o<\/span><span data-contrast=\"none\"> al n\u00famero telef\u00f3nico<\/span> <span data-contrast=\"none\">(<\/span><span data-contrast=\"none\">228<\/span><span data-contrast=\"none\">) 84217<\/span><span data-contrast=\"none\">00 ext<\/span><span data-contrast=\"none\">ensi\u00f3n<\/span><span data-contrast=\"none\"> 13109.<\/span><span data-ccp-props=\"{&quot;134233117&quot;:true,&quot;134233118&quot;:true,&quot;335551550&quot;:1,&quot;335551620&quot;:1}\">\u00a0<\/span><\/p>\n","protected":false},"excerpt":{"rendered":"<p>Los acad\u00e9micos interesados en participar deber\u00e1n realizar su registro antes del 30 de abril<\/p>\n","protected":false},"author":1508,"featured_media":65512,"comment_status":"closed","ping_status":"closed","sticky":false,"template":"","format":"standard","meta":{"footnotes":""},"categories":[1],"tags":[],"class_list":["post-65582","post","type-post","status-publish","format-standard","has-post-thumbnail","hentry","category-general"],"_links":{"self":[{"href":"https:\/\/www.uv.mx\/prensa\/wp-json\/wp\/v2\/posts\/65582","targetHints":{"allow":["GET"]}}],"collection":[{"href":"https:\/\/www.uv.mx\/prensa\/wp-json\/wp\/v2\/posts"}],"about":[{"href":"https:\/\/www.uv.mx\/prensa\/wp-json\/wp\/v2\/types\/post"}],"author":[{"embeddable":true,"href":"https:\/\/www.uv.mx\/prensa\/wp-json\/wp\/v2\/users\/1508"}],"replies":[{"embeddable":true,"href":"https:\/\/www.uv.mx\/prensa\/wp-json\/wp\/v2\/comments?post=65582"}],"version-history":[{"count":0,"href":"https:\/\/www.uv.mx\/prensa\/wp-json\/wp\/v2\/posts\/65582\/revisions"}],"wp:featuredmedia":[{"embeddable":true,"href":"https:\/\/www.uv.mx\/prensa\/wp-json\/wp\/v2\/media\/65512"}],"wp:attachment":[{"href":"https:\/\/www.uv.mx\/prensa\/wp-json\/wp\/v2\/media?parent=65582"}],"wp:term":[{"taxonomy":"category","embeddable":true,"href":"https:\/\/www.uv.mx\/prensa\/wp-json\/wp\/v2\/categories?post=65582"},{"taxonomy":"post_tag","embeddable":true,"href":"https:\/\/www.uv.mx\/prensa\/wp-json\/wp\/v2\/tags?post=65582"}],"curies":[{"name":"wp","href":"https:\/\/api.w.org\/{rel}","templated":true}]}}