{"id":65546,"date":"2019-04-04T19:30:28","date_gmt":"2019-04-05T01:30:28","guid":{"rendered":"https:\/\/www.uv.mx\/prensa\/?p=65546"},"modified":"2019-04-04T19:30:28","modified_gmt":"2019-04-05T01:30:28","slug":"los-dictadores-tema-poco-abordado-desde-la-academia-guadalupe-rodriguez-de-ita","status":"publish","type":"post","link":"https:\/\/www.uv.mx\/prensa\/general\/los-dictadores-tema-poco-abordado-desde-la-academia-guadalupe-rodriguez-de-ita\/","title":{"rendered":"Los dictadores, tema poco abordado desde la academia: Guadalupe Rodr\u00edguez de Ita"},"content":{"rendered":"<ul>\n<li><em>La integrante del Instituto de Investigaciones \u201cDr. Jos\u00e9 Mar\u00eda Luis Mora\u201d dict\u00f3 conferencia en el Tercer Coloquio Internacional \u201cIntelectuales, migraci\u00f3n y exilio en Iberoam\u00e9rica\u201d<\/em><\/li>\n<\/ul>\n<p>&nbsp;<\/p>\n<div id=\"attachment_65520\" style=\"width: 732px\" class=\"wp-caption aligncenter\"><a href=\"https:\/\/www.uv.mx\/prensa\/files\/2019\/04\/040419-Los-dictadores-3.jpg\"><img loading=\"lazy\" decoding=\"async\" aria-describedby=\"caption-attachment-65520\" class=\"size-full wp-image-65520\" src=\"https:\/\/www.uv.mx\/prensa\/files\/2019\/04\/040419-Los-dictadores-3.jpg\" alt=\"\" width=\"722\" height=\"482\" srcset=\"https:\/\/www.uv.mx\/prensa\/files\/2019\/04\/040419-Los-dictadores-3.jpg 722w, https:\/\/www.uv.mx\/prensa\/files\/2019\/04\/040419-Los-dictadores-3-300x200.jpg 300w\" sizes=\"auto, (max-width: 722px) 100vw, 722px\" \/><\/a><p id=\"caption-attachment-65520\" class=\"wp-caption-text\">Guadalupe Rodr\u00edguez de Ita, investigadora del Instituto Mora<\/p><\/div>\n<p>&nbsp;<\/p>\n<p><b><i><span data-contrast=\"auto\">Jos\u00e9 Luis <\/span><\/i><\/b><b><i><span data-contrast=\"auto\">Couttolenc<\/span><\/i><\/b><b><i><span data-contrast=\"auto\"> Soto<\/span><\/i><\/b><span data-ccp-props=\"{&quot;201341983&quot;:0,&quot;335559739&quot;:0,&quot;335559740&quot;:240}\">\u00a0<\/span><\/p>\n<p><b><i><span data-contrast=\"auto\">04\/04\/19, Xalapa, Ver.-<\/span><\/i><\/b><span data-contrast=\"auto\"> Para Guadalupe Rodr\u00edguez de <\/span><span data-contrast=\"auto\">Ita<\/span><span data-contrast=\"auto\">, i<\/span><span data-contrast=\"auto\">ntegrante <\/span><span data-contrast=\"auto\">del Instituto de Investigaciones \u201cDr. Jos\u00e9 Mar\u00eda Luis Mora\u201d (Instituto Mora), el tema de los dictadores que por diversas circunstancias se han exiliado de su pa\u00eds de origen es poco abordado por la academia, \u201cpor lo que es poco sabido que estos personajes tambi\u00e9n lloran cuando tienen que dejar el poder\u201d.<\/span><span data-ccp-props=\"{&quot;201341983&quot;:0,&quot;335559739&quot;:0,&quot;335559740&quot;:240}\">\u00a0<\/span><\/p>\n<p><span data-contrast=\"auto\">La ponente, qu<\/span><span data-contrast=\"auto\">i<\/span><span data-contrast=\"auto\">e<\/span><span data-contrast=\"auto\">n<\/span><span data-contrast=\"auto\"> cuenta con D<\/span><span data-contrast=\"auto\">octorado en Estudios Latinoamericanos por la Universidad Nacional Aut\u00f3noma de M\u00e9xico (UNAM), fue la primera conferencista del Tercer Coloquio Internacional <\/span><span data-contrast=\"auto\">\u201c<\/span><span data-contrast=\"auto\">Intelectuales, migraci\u00f3n y exilio en Iberoam\u00e9rica<\/span><span data-contrast=\"auto\">\u201d<\/span><span data-contrast=\"auto\">, organizado por el Instituto de Investigaciones Hist\u00f3rico<\/span><span data-contrast=\"auto\">&#8211;<\/span><span data-contrast=\"auto\">Sociales (IIH-S) de la Universidad Veracruzana (UV) y el Centro de Investigaci\u00f3n sobre Am\u00e9ric<\/span><span data-contrast=\"auto\">a Latina y el Caribe de la UNAM.<\/span><span data-ccp-props=\"{&quot;201341983&quot;:0,&quot;335559739&quot;:0,&quot;335559740&quot;:240}\">\u00a0<\/span><\/p>\n<p><span data-contrast=\"auto\">El jueves<\/span> <span data-contrast=\"auto\">4 <\/span><span data-contrast=\"auto\">de abril en el <\/span><span data-contrast=\"auto\">A<\/span><span data-contrast=\"auto\">uditorio \u201cJes\u00fas Morales Fern\u00e1ndez\u201d de<\/span><span data-contrast=\"auto\"> la Unidad de Humanidades, <\/span><span data-contrast=\"auto\">Rodr\u00edguez de <\/span><span data-contrast=\"auto\">Ita<\/span> <span data-contrast=\"auto\">habl\u00f3 de los dictadores exiliados en la Rep\u00fablica Dominicana Trujillista a finales de los a\u00f1os <\/span><span data-contrast=\"auto\">cincuenta<\/span><span data-contrast=\"auto\">: Gustavo Rojas Pinilla, de Colombia; Marcos P\u00e9rez Jim\u00e9nez, de Venezuela; Juan Domingo Per\u00f3n, de Argentina<\/span><span data-contrast=\"auto\">,<\/span><span data-contrast=\"auto\"> y Fulgencio Batista <\/span><span data-contrast=\"auto\">Zaldivar<\/span><span data-contrast=\"auto\">, de la revoluci\u00f3n cubana.<\/span><span data-ccp-props=\"{&quot;201341983&quot;:0,&quot;335559731&quot;:708,&quot;335559739&quot;:0,&quot;335559740&quot;:240}\">\u00a0<\/span><\/p>\n<p><span data-contrast=\"auto\">De acuerdo a los estudios realizados sobre el tema, la investigadora del Instituto Mora consider<\/span><span data-contrast=\"auto\">\u00f3<\/span><span data-contrast=\"auto\"> que los dictadores eligieron a Rep\u00fablica Dominicana para su exilio por <\/span><span data-contrast=\"auto\">ser gobernada <\/span><span data-contrast=\"auto\">por otro dictador (Rafael Le\u00f3nidas Trujillo), adem\u00e1s de ser una<\/span><span data-contrast=\"auto\"> isla ubicada en el centro del C<\/span><span data-contrast=\"auto\">aribe, \u201clo que les permitir\u00eda retornar a su pa\u00eds una vez calmada la situaci\u00f3n que propici<\/span><span data-contrast=\"auto\">\u00f3<\/span><span data-contrast=\"auto\"> su salida, aunque no siempre sucede esto\u201d.<\/span><span data-ccp-props=\"{&quot;201341983&quot;:0,&quot;335559739&quot;:0,&quot;335559740&quot;:240}\">\u00a0<\/span><\/p>\n<p>&nbsp;<\/p>\n<div id=\"attachment_65518\" style=\"width: 732px\" class=\"wp-caption aligncenter\"><a href=\"https:\/\/www.uv.mx\/prensa\/files\/2019\/04\/040419-Los-dictadores-1.jpg\"><img loading=\"lazy\" decoding=\"async\" aria-describedby=\"caption-attachment-65518\" class=\"size-full wp-image-65518\" src=\"https:\/\/www.uv.mx\/prensa\/files\/2019\/04\/040419-Los-dictadores-1.jpg\" alt=\"\" width=\"722\" height=\"482\" srcset=\"https:\/\/www.uv.mx\/prensa\/files\/2019\/04\/040419-Los-dictadores-1.jpg 722w, https:\/\/www.uv.mx\/prensa\/files\/2019\/04\/040419-Los-dictadores-1-300x200.jpg 300w\" sizes=\"auto, (max-width: 722px) 100vw, 722px\" \/><\/a><p id=\"caption-attachment-65518\" class=\"wp-caption-text\">En la Unidad de Humanidades inici\u00f3 el Tercer Coloquio Internacional \u201cIntelectuales, migraci\u00f3n y exilio en Iberoam\u00e9rica\u201d<\/p><\/div>\n<p>&nbsp;<\/p>\n<p><span data-contrast=\"auto\">La <\/span><span data-contrast=\"auto\">integrante <\/span><span data-contrast=\"auto\">del Sistema Nacional de Investigadores (SNI) Nivel 2, apunt\u00f3 que por la personalidad que caracteriz\u00f3 al presidente dominicano, el trato a estos dictadores fue desigual dado que pensaba que en t\u00e9rminos pol\u00edticos \u201calguno le pod\u00eda hacer m\u00e1s ruido\u201d, como fue el caso de Batista <\/span><span data-contrast=\"auto\">Zaldivar<\/span><span data-contrast=\"auto\">, a quien trataba con indiferencia y agresividad, caso contrario de Domingo Per\u00f3n, al que siempre trat\u00f3 con amabilidad.<\/span><span data-ccp-props=\"{&quot;201341983&quot;:0,&quot;335559731&quot;:708,&quot;335559739&quot;:0,&quot;335559740&quot;:240}\">\u00a0<\/span><\/p>\n<p><span data-contrast=\"auto\">Otro punto <\/span><span data-contrast=\"auto\">de<\/span><span data-contrast=\"auto\"> la investigaci\u00f3n <\/span><span data-contrast=\"auto\">es<\/span><span data-contrast=\"auto\"> que por encontrarse ya en decadencia la era trujillista (de 1957 a 1959), los habitantes de la isla mostraron su inconformidad por la presencia de los dictadores, \u201cmanifestaciones que fueron controladas por el gobierno, pero en mayo de 1961 Le\u00f3nidas Trujillo fue ajusticiado \u2013como dicen ahora los dominicanos<\/span><span data-contrast=\"auto\">\u2013<\/span><span data-contrast=\"auto\">, por una combinaci\u00f3n de factores internos y externos, ya que hab\u00eda todo un movimiento\u201d.<\/span><span data-ccp-props=\"{&quot;201341983&quot;:0,&quot;335559739&quot;:0,&quot;335559740&quot;:240}\">\u00a0<\/span><\/p>\n<p><span data-contrast=\"auto\">Guadalupe <\/span><span data-contrast=\"auto\">Rodr\u00edguez se\u00f1al\u00f3 que<\/span><span data-contrast=\"auto\"> el tema de exilio en general s\u00ed<\/span><span data-contrast=\"auto\"> se ha estudiado, \u201cel espa\u00f1ol en M\u00e9xico, el chileno y el argentino en los <\/span><span data-contrast=\"auto\">setenta<\/span><span data-contrast=\"auto\">, y los centroamericanos en los <\/span><span data-contrast=\"auto\">ochenta<\/span><span data-contrast=\"auto\">, que son de izquierda, por persecuci\u00f3n pol\u00edtica<\/span><span data-contrast=\"auto\">, de clase media o intelectual<\/span><span data-contrast=\"auto\">;<\/span><span data-contrast=\"auto\"> pero de los dictadores exiliados poco se ha hecho, y por ello me estoy dedicando a este tema\u201d, concluy\u00f3.<\/span><span data-ccp-props=\"{&quot;201341983&quot;:0,&quot;335559739&quot;:0,&quot;335559740&quot;:240}\">\u00a0<\/span><\/p>\n<p><span data-contrast=\"auto\">Durante la ceremonia protocolaria de inauguraci\u00f3n, Ra\u00fal Romero Ram\u00edrez, director de la <\/span><span data-contrast=\"auto\">F<\/span><span data-contrast=\"auto\">acultad de Historia, expres\u00f3 que el coloquio tiene como prop\u00f3sito estudiar y analizar las relaciones que se generan entre las tareas intelectuales y los procesos migratorios y del exilio. De manera particular en el \u00e1mbito de las ideas, los procesos culturales y los contextos pol\u00edticos, que permiten comprender determinados momentos que han determinado las realidades iberoamericanas en el transcurso del devenir hist\u00f3rico.<\/span><span data-ccp-props=\"{&quot;201341983&quot;:0,&quot;335559739&quot;:0,&quot;335559740&quot;:240}\">\u00a0<\/span><\/p>\n<p><span data-contrast=\"auto\">E<\/span><span data-contrast=\"auto\">n el evento e<\/span><span data-contrast=\"auto\">stuvieron presentes<\/span><span data-contrast=\"auto\">:<\/span><span data-contrast=\"auto\"> Adalberto Enrique Santana Hern\u00e1ndez, coordinador acad\u00e9mico del <\/span><span data-contrast=\"auto\">\u00c1<\/span><span data-contrast=\"auto\">rea de Humanidades y Artes de la UNAM; <\/span><span data-contrast=\"auto\">Mayabel<\/span><span data-contrast=\"auto\"> Ranero Castro, coordinadora del Seminario de Historia Cultural e Intelectual de Am\u00e9rica Latina de la UV, y <\/span><span data-contrast=\"auto\">Elissa<\/span> <span data-contrast=\"auto\">Ras<\/span><span data-contrast=\"auto\">hkin<\/span><span data-contrast=\"auto\">, del Centro de Estudios de la Cultura y la Comunicaci\u00f3n, de la UV.<\/span><span data-ccp-props=\"{&quot;201341983&quot;:0,&quot;335559739&quot;:0,&quot;335559740&quot;:240}\">\u00a0<\/span><\/p>\n<p>&nbsp;<\/p>\n<div id=\"attachment_65519\" style=\"width: 732px\" class=\"wp-caption aligncenter\"><a href=\"https:\/\/www.uv.mx\/prensa\/files\/2019\/04\/040419-Los-dictadores-2.jpg\"><img loading=\"lazy\" decoding=\"async\" aria-describedby=\"caption-attachment-65519\" class=\"size-full wp-image-65519\" src=\"https:\/\/www.uv.mx\/prensa\/files\/2019\/04\/040419-Los-dictadores-2.jpg\" alt=\"\" width=\"722\" height=\"482\" srcset=\"https:\/\/www.uv.mx\/prensa\/files\/2019\/04\/040419-Los-dictadores-2.jpg 722w, https:\/\/www.uv.mx\/prensa\/files\/2019\/04\/040419-Los-dictadores-2-300x200.jpg 300w\" sizes=\"auto, (max-width: 722px) 100vw, 722px\" \/><\/a><p id=\"caption-attachment-65519\" class=\"wp-caption-text\">Ra\u00fal Romero Ram\u00edrez y Guadalupe Rodr\u00edguez de Ita<\/p><\/div>\n","protected":false},"excerpt":{"rendered":"<p>La integrante del Instituto de Investigaciones \u201cDr. Jos\u00e9 Mar\u00eda Luis Mora\u201d dict\u00f3 conferencia en el  Tercer Coloquio Internacional \u201cIntelectuales, migraci\u00f3n y exilio en Iberoam\u00e9rica\u201d<\/p>\n","protected":false},"author":1508,"featured_media":65520,"comment_status":"closed","ping_status":"closed","sticky":false,"template":"","format":"standard","meta":{"footnotes":""},"categories":[1],"tags":[],"class_list":["post-65546","post","type-post","status-publish","format-standard","has-post-thumbnail","hentry","category-general"],"_links":{"self":[{"href":"https:\/\/www.uv.mx\/prensa\/wp-json\/wp\/v2\/posts\/65546","targetHints":{"allow":["GET"]}}],"collection":[{"href":"https:\/\/www.uv.mx\/prensa\/wp-json\/wp\/v2\/posts"}],"about":[{"href":"https:\/\/www.uv.mx\/prensa\/wp-json\/wp\/v2\/types\/post"}],"author":[{"embeddable":true,"href":"https:\/\/www.uv.mx\/prensa\/wp-json\/wp\/v2\/users\/1508"}],"replies":[{"embeddable":true,"href":"https:\/\/www.uv.mx\/prensa\/wp-json\/wp\/v2\/comments?post=65546"}],"version-history":[{"count":0,"href":"https:\/\/www.uv.mx\/prensa\/wp-json\/wp\/v2\/posts\/65546\/revisions"}],"wp:featuredmedia":[{"embeddable":true,"href":"https:\/\/www.uv.mx\/prensa\/wp-json\/wp\/v2\/media\/65520"}],"wp:attachment":[{"href":"https:\/\/www.uv.mx\/prensa\/wp-json\/wp\/v2\/media?parent=65546"}],"wp:term":[{"taxonomy":"category","embeddable":true,"href":"https:\/\/www.uv.mx\/prensa\/wp-json\/wp\/v2\/categories?post=65546"},{"taxonomy":"post_tag","embeddable":true,"href":"https:\/\/www.uv.mx\/prensa\/wp-json\/wp\/v2\/tags?post=65546"}],"curies":[{"name":"wp","href":"https:\/\/api.w.org\/{rel}","templated":true}]}}