{"id":65014,"date":"2019-03-28T09:00:18","date_gmt":"2019-03-28T15:00:18","guid":{"rendered":"https:\/\/www.uv.mx\/prensa\/?p=65014"},"modified":"2019-03-27T20:08:09","modified_gmt":"2019-03-28T02:08:09","slug":"latinoamerica-aun-reproduce-discursos-hegemonicos-europeos-y-estadounidenses","status":"publish","type":"post","link":"https:\/\/www.uv.mx\/prensa\/general\/latinoamerica-aun-reproduce-discursos-hegemonicos-europeos-y-estadounidenses\/","title":{"rendered":"Latinoam\u00e9rica a\u00fan reproduce discursos hegem\u00f3nicos europeos y estadounidenses"},"content":{"rendered":"<ul>\n<li data-leveltext=\"\uf0b7\" data-font=\"Symbol\" data-listid=\"5\" data-aria-posinset=\"1\" data-aria-level=\"1\"><i><span data-contrast=\"auto\">\u201c<\/span><\/i><i><span data-contrast=\"auto\">Es necesario que las naciones latinoamericanas construyan teor\u00eda desde la praxis, es decir<\/span><\/i><i><span data-contrast=\"auto\">,<\/span><\/i> <i><span data-contrast=\"auto\">a partir de<\/span><\/i><i><span data-contrast=\"auto\"> sus territorios concretos\u201d: Carla <\/span><\/i><i><span data-contrast=\"auto\">Filipe<\/span><\/i><span data-ccp-props=\"{}\">\u00a0<\/span><\/li>\n<\/ul>\n<p>&nbsp;<\/p>\n<div id=\"attachment_64948\" style=\"width: 732px\" class=\"wp-caption aligncenter\"><a href=\"https:\/\/www.uv.mx\/prensa\/files\/2019\/03\/260319-Carla-Alexandra.jpg\"><img aria-describedby=\"caption-attachment-64948\" decoding=\"async\" loading=\"lazy\" class=\"size-full wp-image-64948\" src=\"https:\/\/www.uv.mx\/prensa\/files\/2019\/03\/260319-Carla-Alexandra.jpg\" alt=\"\" width=\"722\" height=\"482\" srcset=\"https:\/\/www.uv.mx\/prensa\/files\/2019\/03\/260319-Carla-Alexandra.jpg 722w, https:\/\/www.uv.mx\/prensa\/files\/2019\/03\/260319-Carla-Alexandra-300x200.jpg 300w\" sizes=\"(max-width: 722px) 100vw, 722px\" \/><\/a><p id=\"caption-attachment-64948\" class=\"wp-caption-text\">Carla Alexandra Filipe Narciso<\/p><\/div>\n<p>&nbsp;<\/p>\n<p><b><i><span data-contrast=\"auto\">Carlos Hugo Hermida Rosales<\/span><\/i><\/b><span data-ccp-props=\"{}\">\u00a0<\/span><\/p>\n<p><b><i><span data-contrast=\"auto\">28\/03\/19, Xalapa, Ver.- <\/span><\/i><\/b><span data-contrast=\"auto\">Carla Alexandra Filipe Narciso, in<\/span><span data-contrast=\"auto\">tegrante<\/span><span data-contrast=\"auto\"> del Centro de Investigaciones en Arquitectura, Urbanismo y Paisaje de la Universidad Nacional Aut\u00f3noma de M\u00e9xico, afirm\u00f3 que el modelo neoliberal ha impuesto una infraestructura urbana en Latinoam\u00e9rica que ha tenido implicaciones en la forma de control y dominaci\u00f3n de la poblaci\u00f3n, que vive bajo un sistema estructural de violencia.<\/span><span data-ccp-props=\"{}\">\u00a0<\/span><\/p>\n<p><span data-contrast=\"auto\">\u201cLos pa\u00edses latinoamericanos a\u00fa<\/span><span data-contrast=\"auto\">n reproducen los discursos<\/span> <span data-contrast=\"auto\">hegem\u00f3nicos <\/span><span data-contrast=\"auto\">e<\/span><span data-contrast=\"auto\">uropeos y <\/span><span data-contrast=\"auto\">e<\/span><span data-contrast=\"auto\">stadounidenses, y act\u00faan como t\u00edteres que otorgan sus recursos a estas naciones\u201d, declar\u00f3.<\/span><span data-ccp-props=\"{&quot;335559731&quot;:708}\">\u00a0<\/span><\/p>\n<p><span data-contrast=\"auto\">La investigadora expuso la conferencia magistral \u201c<\/span><span data-contrast=\"auto\">Narrativas neoliberales y transformaciones socio-espaciales en Am\u00e9rica Latina. Las l\u00f3gicas de organizaci\u00f3<\/span><span data-contrast=\"auto\">n econ\u00f3mica del espacio urbano\u201d, dentro del <\/span><span data-contrast=\"auto\">Tercer Congreso Internacional de Estudiantes de Posgrado en Arquitectura y Urbanismo 2019<\/span><span data-contrast=\"auto\">, realizado en la Facultad de Arquitectura <\/span><span data-contrast=\"auto\">de la Universidad Veracruzana (UV) <\/span><span data-contrast=\"auto\">los d\u00edas 25 y 26 de marzo.<\/span><span data-ccp-props=\"{&quot;335559731&quot;:708}\">\u00a0<\/span><\/p>\n<p><span data-contrast=\"auto\">Carla <\/span><span data-contrast=\"auto\">Filipe<\/span><span data-contrast=\"auto\"> asever\u00f3 que tradicionalmente las naciones m\u00e1s desarrolladas se han adentrado en t\u00e9rminos pol\u00edticos en los pa\u00edses <\/span><span data-contrast=\"auto\">latinoamericanos<\/span><span data-contrast=\"auto\">,<\/span><span data-contrast=\"auto\"> con el objetivo de apr<\/span><span data-contrast=\"auto\">opiarse de lo que \u00e9<\/span><span data-contrast=\"auto\">stos tienen.<\/span><span data-ccp-props=\"{&quot;335559731&quot;:708}\">\u00a0<\/span><\/p>\n<p><span data-contrast=\"auto\">Enfatiz\u00f3 que es necesario<\/span><span data-contrast=\"auto\"> que las naciones de Latinoam\u00e9rica<\/span> <span data-contrast=\"auto\">de<\/span><span data-contrast=\"auto\">construyan<\/span><span data-contrast=\"auto\"> los discursos hegem\u00f3ni<\/span><span data-contrast=\"auto\">cos de pa\u00edses m\u00e1s desarrollados<\/span><span data-contrast=\"auto\"> y pasen a crear<\/span> <span data-contrast=\"auto\">t<\/span><span data-contrast=\"auto\">eor\u00eda desde la praxis, es decir, a partir de <\/span><span data-contrast=\"auto\">sus territorios concretos.<\/span><span data-ccp-props=\"{&quot;335559731&quot;:708}\">\u00a0<\/span><\/p>\n<p><span data-contrast=\"auto\">Expres\u00f3 que si bien <\/span><span data-contrast=\"auto\">hace mucho tiempo<\/span> <span data-contrast=\"auto\">los pa\u00edses latinoamericanos ganaron su soberan\u00eda como <\/span><span data-contrast=\"auto\">naciones<\/span><span data-contrast=\"auto\">, a\u00fan mantienen una dependencia ideol\u00f3gica<\/span><span data-contrast=\"auto\"> con el exterior.<\/span><span data-ccp-props=\"{&quot;335559731&quot;:708}\">\u00a0<\/span><\/p>\n<p><span data-contrast=\"auto\">\u201c<\/span><span data-contrast=\"auto\">El<\/span><span data-contrast=\"auto\"> que las naciones de <\/span><span data-contrast=\"auto\">Latinoam\u00e9rica<\/span><span data-contrast=\"auto\"> se independicen ideol\u00f3gicamente es muy dif\u00edcil, ya que poseen grandes riquezas que despiertan el inter\u00e9s de <\/span><span data-contrast=\"auto\">otros pa\u00edses que impiden que esto ocurra<\/span><span data-contrast=\"auto\">, <\/span><span data-contrast=\"auto\">aunado a que no existen a\u00fan pol\u00edticas interiores que busquen romper estas fronteras ideol\u00f3gicas<\/span><span data-contrast=\"auto\">\u201d, explic\u00f3.<\/span><span data-ccp-props=\"{&quot;335559731&quot;:708}\">\u00a0<\/span><\/p>\n<p><span data-contrast=\"auto\">La investigadora mencion\u00f3 que la academia debe asumir el papel importante de formar recursos humanos cr\u00edticos y reflexivos, que no asuman como cierto todo lo que leen, y que salgan a la calle a conocer el terri<\/span><span data-contrast=\"auto\">torio sobre el que intervienen.<\/span><span data-ccp-props=\"{&quot;335559731&quot;:708}\">\u00a0<\/span><\/p>\n","protected":false},"excerpt":{"rendered":"<p>\u201cLos pa\u00edses latinoamericanos a\u00fan reproducen los discursos hegem\u00f3nicos europeos y estadounidenses, y act\u00faan como t\u00edteres que otorgan sus recursos a estas naciones\u201d: Carla Filipe <\/p>\n","protected":false},"author":1508,"featured_media":64948,"comment_status":"closed","ping_status":"closed","sticky":false,"template":"","format":"standard","meta":[],"categories":[1],"tags":[],"_links":{"self":[{"href":"https:\/\/www.uv.mx\/prensa\/wp-json\/wp\/v2\/posts\/65014"}],"collection":[{"href":"https:\/\/www.uv.mx\/prensa\/wp-json\/wp\/v2\/posts"}],"about":[{"href":"https:\/\/www.uv.mx\/prensa\/wp-json\/wp\/v2\/types\/post"}],"author":[{"embeddable":true,"href":"https:\/\/www.uv.mx\/prensa\/wp-json\/wp\/v2\/users\/1508"}],"replies":[{"embeddable":true,"href":"https:\/\/www.uv.mx\/prensa\/wp-json\/wp\/v2\/comments?post=65014"}],"version-history":[{"count":0,"href":"https:\/\/www.uv.mx\/prensa\/wp-json\/wp\/v2\/posts\/65014\/revisions"}],"wp:featuredmedia":[{"embeddable":true,"href":"https:\/\/www.uv.mx\/prensa\/wp-json\/wp\/v2\/media\/64948"}],"wp:attachment":[{"href":"https:\/\/www.uv.mx\/prensa\/wp-json\/wp\/v2\/media?parent=65014"}],"wp:term":[{"taxonomy":"category","embeddable":true,"href":"https:\/\/www.uv.mx\/prensa\/wp-json\/wp\/v2\/categories?post=65014"},{"taxonomy":"post_tag","embeddable":true,"href":"https:\/\/www.uv.mx\/prensa\/wp-json\/wp\/v2\/tags?post=65014"}],"curies":[{"name":"wp","href":"https:\/\/api.w.org\/{rel}","templated":true}]}}