{"id":64974,"date":"2019-03-27T12:40:15","date_gmt":"2019-03-27T18:40:15","guid":{"rendered":"https:\/\/www.uv.mx\/prensa\/?p=64974"},"modified":"2026-05-31T21:21:38","modified_gmt":"2026-06-01T03:21:38","slug":"uv-primer-lugar-nacional-en-iv-concurso-de-litigacion-oral","status":"publish","type":"post","link":"https:\/\/www.uv.mx\/prensa\/banner\/uv-primer-lugar-nacional-en-iv-concurso-de-litigacion-oral\/","title":{"rendered":"UV, primer lugar nacional en  IV Concurso de Litigaci\u00f3n Oral"},"content":{"rendered":"<ul>\n<li data-leveltext=\"\uf0b7\" data-font=\"Symbol\" data-listid=\"1\" data-aria-posinset=\"1\" data-aria-level=\"1\"><i><span data-contrast=\"auto\">E<\/span><\/i><i><span data-contrast=\"auto\">l equipo de la Facultad de Derecho <\/span><\/i><i><span data-contrast=\"auto\">t<\/span><\/i><i><span data-contrast=\"auto\">riunf\u00f3 <\/span><\/i><i><span data-contrast=\"auto\">en el <\/span><\/i><i><span data-contrast=\"auto\">IV C<\/span><\/i><i><span data-contrast=\"auto\">oncurso de <\/span><\/i><i><span data-contrast=\"auto\">D<\/span><\/i><i><span data-contrast=\"auto\">estreza de <\/span><\/i><i><span data-contrast=\"auto\">L<\/span><\/i><i><span data-contrast=\"auto\">itigaci\u00f3n <\/span><\/i><i><span data-contrast=\"auto\">O<\/span><\/i><i><span data-contrast=\"auto\">ral del Sistema Penal Acusatorio <\/span><\/i><i><span data-contrast=\"auto\">Adversarial<\/span><\/i><i><span data-contrast=\"auto\">,<\/span><\/i><i><span data-contrast=\"auto\"> convocado por <\/span><\/i><i><span data-contrast=\"auto\">la <\/span><\/i><i><span data-contrast=\"auto\">ANFADE<\/span><\/i><span data-ccp-props=\"{&quot;134233279&quot;:true}\">\u00a0<\/span><\/li>\n<li data-leveltext=\"\uf0b7\" data-font=\"Symbol\" data-listid=\"1\" data-aria-posinset=\"2\" data-aria-level=\"1\"><i><span data-contrast=\"auto\">Laura Ang\u00e9lica Garc\u00eda Tamayo, Pedro Eduardo Alcocer Jim\u00e9nez, Francisco Darwin P\u00e9rez Dom\u00ednguez, Sergio Olivares Amador y Jonathan Contreras Utrera<\/span><\/i><i><span data-contrast=\"auto\"> son los alumnos ganadores<\/span><\/i><\/li>\n<\/ul>\n<div id=\"attachment_64903\" style=\"width: 732px\" class=\"wp-caption aligncenter\"><a href=\"https:\/\/www.uv.mx\/prensa\/files\/2019\/03\/260319-SLG-y-ganadores-concurso-litigacion-1.jpg\"><img loading=\"lazy\" decoding=\"async\" aria-describedby=\"caption-attachment-64903\" class=\"size-full wp-image-64903\" src=\"https:\/\/www.uv.mx\/prensa\/files\/2019\/03\/260319-SLG-y-ganadores-concurso-litigacion-1.jpg\" alt=\"\" width=\"722\" height=\"482\" srcset=\"https:\/\/www.uv.mx\/prensa\/files\/2019\/03\/260319-SLG-y-ganadores-concurso-litigacion-1.jpg 722w, https:\/\/www.uv.mx\/prensa\/files\/2019\/03\/260319-SLG-y-ganadores-concurso-litigacion-1-300x200.jpg 300w\" sizes=\"auto, (max-width: 722px) 100vw, 722px\" \/><\/a><p id=\"caption-attachment-64903\" class=\"wp-caption-text\">Equipo ganador del concurso nacional y autoridades universitarias compartieron el premio<\/p><\/div>\n<p><b><i><span data-contrast=\"auto\">David Sandoval Rodr\u00edguez<\/span><\/i><\/b><\/p>\n<p><b><i><span data-contrast=\"auto\">2<\/span><\/i><\/b><b><i><span data-contrast=\"auto\">7<\/span><\/i><\/b><b><i><span data-contrast=\"auto\">\/03\/<\/span><\/i><\/b><b><i><span data-contrast=\"auto\">20<\/span><\/i><\/b><b><i><span data-contrast=\"auto\">19<\/span><\/i><\/b><b><i><span data-contrast=\"auto\">,<\/span><\/i><\/b><b><i><span data-contrast=\"auto\"> Xalapa, Ver.-<\/span><\/i><\/b><span data-contrast=\"auto\"> La Universidad Veracruzana (UV) fue la ganadora del <\/span><span data-contrast=\"auto\">primer lugar en el IV C<\/span><span data-contrast=\"auto\">oncurso de <\/span><span data-contrast=\"auto\">D<\/span><span data-contrast=\"auto\">estreza de <\/span><span data-contrast=\"auto\">L<\/span><span data-contrast=\"auto\">itigaci\u00f3n <\/span><span data-contrast=\"auto\">O<\/span><span data-contrast=\"auto\">ral del Sistema Penal Acusatorio <\/span><span data-contrast=\"auto\">Adversarial<\/span><span data-contrast=\"auto\">,<\/span><span data-contrast=\"auto\"> convocado por la Asociaci\u00f3n Nacional de Facultades, Escuelas de Derecho, Departamentos e Instituciones de Investigaci\u00f3n Jur\u00eddica, A.C. (ANFADE)<\/span><span data-contrast=\"auto\">.<\/span><span data-ccp-props=\"{}\">\u00a0<\/span><\/p>\n<p><span data-contrast=\"auto\">El equipo <\/span><span data-contrast=\"auto\">UV 1, conformado por <\/span><span data-contrast=\"auto\">Laura Ang\u00e9lica Garc\u00eda Tamayo, Pedro Eduardo Alcocer Jim\u00e9nez, Francisco Darwin P\u00e9rez Dom\u00ednguez, Sergio Olivares Amador y Jonathan Contreras Utrera<\/span><span data-contrast=\"auto\">, <\/span><span data-contrast=\"auto\">estudiantes de la Facultad de Derecho, triunf<\/span><span data-contrast=\"auto\">\u00f3 en este<\/span><span data-contrast=\"auto\"> concurso que finaliz\u00f3 el 26 de octubre de 2018 y fue recibido por las autoridades universitarias <\/span><span data-contrast=\"auto\">el<\/span><span data-contrast=\"auto\"> martes <\/span><span data-contrast=\"auto\">26 de marzo <\/span><span data-contrast=\"auto\">en la sala de juntas de la Rector\u00eda.<\/span><span data-ccp-props=\"{}\">\u00a0<\/span><\/p>\n<p><span data-contrast=\"auto\">Sara Ladr\u00f3n de Guevara, rectora de la UV<\/span><span data-contrast=\"auto\">, felicit\u00f3 a los j\u00f3venes y se\u00f1al\u00f3 que el premio es resultado de \u201c<\/span><span data-contrast=\"auto\">un trabajo en equipo que incluye a los ganadores, a sus profesores y a sus familias por su apoyo, comprensi\u00f3n y acompa\u00f1amiento, generando un c\u00edrculo virtuoso en este tipo de concursos<\/span><span data-contrast=\"auto\">,<\/span><span data-contrast=\"auto\"> as\u00ed como su incidencia en la Facultad de Derecho y las modificaciones del Sistema Penal Ac<\/span><span data-contrast=\"auto\">usatorio\u201d.<\/span><span data-ccp-props=\"{&quot;335559731&quot;:708}\">\u00a0<\/span><\/p>\n<p><span data-contrast=\"auto\">Record\u00f3 a los presentes que <\/span><span data-contrast=\"auto\">\u201c<\/span><span data-contrast=\"auto\">t<\/span><span data-contrast=\"auto\">enemos el distintivo de vanguardia, que habla de que estamos trabajando con estos nuevos sistemas<\/span><span data-contrast=\"auto\">\u201d<\/span><span data-contrast=\"auto\">.<\/span><span data-ccp-props=\"{&quot;335559731&quot;:708}\">\u00a0<\/span><\/p>\n<p><span data-contrast=\"auto\">Agradeci\u00f3 a los j\u00f3venes por llevar la representaci\u00f3n y el prestigio de la UV en estos concursos, \u201custedes est\u00e1n desarrollando las nuevas habilidades que el sistema requiere y nos da much\u00edsimo orgullo que no solamente lo hagan con la calidad que <\/span><span data-contrast=\"auto\">exige<\/span><span data-contrast=\"auto\"> una calificaci\u00f3n<\/span><span data-contrast=\"auto\">, <\/span><span data-contrast=\"auto\">sino que lo hagan para demostrar esta calidad de la que estamos orgullosos en la Facultad de Derecho, que goza de un enorme prestigio desde hace muchos a\u00f1os\u201d.<\/span><span data-ccp-props=\"{&quot;335559731&quot;:708}\">\u00a0<\/span><\/p>\n<p><span data-contrast=\"auto\">Este esfuerzo contin\u00faa el reconocimiento nacional que han tenido equipos anteriores y prueba las capacidades de los alumnos, de la Facultad de Derecho y de la instituci\u00f3n en <\/span><span data-contrast=\"auto\">su <\/span><span data-contrast=\"auto\">75 aniversario.<\/span><span data-ccp-props=\"{&quot;335559731&quot;:708}\">\u00a0<\/span><\/p>\n<p><span data-contrast=\"auto\">\u00c9ste<\/span><span data-contrast=\"auto\">, <\/span><span data-contrast=\"auto\">enfatiz\u00f3, <\/span><span data-contrast=\"auto\">\u201ces un marco dorado para el premio que ustedes entregan <\/span><span data-contrast=\"auto\">a <\/span><span data-contrast=\"auto\">su alma m\u00e1ter, muchas gracias a ustedes\u201d.<\/span><span data-ccp-props=\"{&quot;335559731&quot;:708}\">\u00a0<\/span><\/p>\n<p><span data-contrast=\"auto\">Laura Celia P\u00e9rez Estrada, acad\u00e9mica que fungi\u00f3 como entrenadora del equipo UV 1<\/span><span data-contrast=\"auto\">,<\/span> <span data-contrast=\"auto\">explic\u00f3 que <\/span><span data-contrast=\"auto\">desde el inicio obtuvo buenos resultados<\/span><span data-contrast=\"auto\"> y <\/span><span data-contrast=\"auto\">agreg\u00f3 que fue <\/span><span data-contrast=\"auto\">un gran equipo de docentes, t<\/span><span data-contrast=\"auto\">anto internos como externos, quienes<\/span><span data-contrast=\"auto\"> colaboraron para este logro.<\/span><span data-ccp-props=\"{&quot;335559731&quot;:708}\">\u00a0<\/span><\/p>\n<p><span data-contrast=\"auto\">En <\/span><span data-contrast=\"auto\">tanto, <\/span><span data-contrast=\"auto\">e<\/span><span data-contrast=\"auto\">l capit\u00e1n del equipo, Pedro Eduardo Alcocer, comparti\u00f3 que este logro lo es para ellos como para la Universidad y signific\u00f3 sacrificios, desvelos, atender el servicio social, pero ha sido el amor por la profesi\u00f3n lo que los inspir\u00f3.<\/span><span data-ccp-props=\"{&quot;335559731&quot;:708}\">\u00a0<\/span><\/p>\n<p><span data-contrast=\"auto\">\u201cEsto no ser\u00eda posible sin tod<\/span><span data-contrast=\"auto\">o el apoyo que se dio desde la D<\/span><span data-contrast=\"auto\">irecci\u00f3n de la <\/span><span data-contrast=\"auto\">F<\/span><span data-contrast=\"auto\">acultad que preside el doctor De la Fuente y del proyecto que inici\u00f3 hace tres a\u00f1os\u201d, apunt\u00f3.<\/span><span data-ccp-props=\"{&quot;335559731&quot;:708}\">\u00a0<\/span><\/p>\n<p><span data-contrast=\"auto\">El premio motiva para seguirle dando frutos a la UV y coloca<\/span><span data-contrast=\"auto\">r <\/span><span data-contrast=\"auto\">a la instituci\u00f3n en los primeros lugares nacionales, porque ya se cuenta con un reconocimiento de sus pares, asever\u00f3.<\/span><span data-ccp-props=\"{&quot;335559731&quot;:708}\">\u00a0<\/span><\/p>\n<p><span data-contrast=\"auto\">\u201cEs muy grato llegar a estos concursos y saber que se ponen a temblar cuando el contrincante es la Universidad Veracruzana, pero no es un logro nuestro, tambi\u00e9n del trabajo de otros equipos que han participado\u201d, dijo.<\/span><span data-ccp-props=\"{&quot;335559731&quot;:708}\">\u00a0<\/span><\/p>\n<p><span data-contrast=\"auto\">Actualmente parte del equipo se encuentr<\/span><span data-contrast=\"auto\">a compitiendo en el V Concurso N<\/span><span data-contrast=\"auto\">acional de <\/span><span data-contrast=\"auto\">J<\/span><span data-contrast=\"auto\">uicios <\/span><span data-contrast=\"auto\">O<\/span><span data-contrast=\"auto\">rales y <\/span><span data-contrast=\"auto\">A<\/span><span data-contrast=\"auto\">udiencias <\/span><span data-contrast=\"auto\">P<\/span><span data-contrast=\"auto\">reliminares que convoca la California Western <\/span><span data-contrast=\"auto\">School<\/span> <span data-contrast=\"auto\">of<\/span> <span data-contrast=\"auto\">Law<\/span><span data-contrast=\"auto\">,<\/span><span data-contrast=\"auto\"> donde la UV ha ganado el segundo lugar en tres a\u00f1os consecutivos.<\/span><span data-ccp-props=\"{&quot;335559731&quot;:708}\">\u00a0<\/span><\/p>\n<p><span data-contrast=\"auto\">Alcocer Jim\u00e9nez<\/span><span data-contrast=\"auto\"> agradeci\u00f3 a la R<\/span><span data-contrast=\"auto\">ectora por<\/span><span data-contrast=\"auto\">que<\/span> <span data-contrast=\"auto\">al d\u00eda de hoy la Facultad<\/span><span data-contrast=\"auto\"> de Derecho<\/span> <span data-contrast=\"auto\">c<\/span><span data-contrast=\"auto\">uenta <\/span><span data-contrast=\"auto\">con una sala de juicios orales<\/span><span data-contrast=\"auto\">,<\/span><span data-contrast=\"auto\"> \u201cnos ha ayudado much\u00edsimo y lo menos que podemos hacer como estudiantes es brindar estos resultados a la UV\u201d.<\/span><span data-ccp-props=\"{&quot;335559731&quot;:708}\">\u00a0<\/span><\/p>\n<p><span data-contrast=\"auto\">Igualmente, Francisco Darwin P\u00e9rez <\/span><span data-contrast=\"auto\">reconoci\u00f3<\/span><span data-contrast=\"auto\"> el apoyo de los acad\u00e9micos y la instituci\u00f3n porque se ha ganado un prestigio a nivel nacional, \u201cse est\u00e1n haciendo bien las cosas en la Facultad de Derecho y estamos muy contentos con este resultado\u201d.<\/span><span data-ccp-props=\"{&quot;335559731&quot;:708}\">\u00a0<\/span><\/p>\n<p><span data-contrast=\"auto\">En la recepci\u00f3n estuvieron presentes <\/span><span data-contrast=\"auto\">Jos\u00e9 Luis Mart\u00ednez Su\u00e1rez, director general del \u00c1rea Acad\u00e9mica de Humanidades<\/span><span data-contrast=\"auto\">; <\/span><span data-contrast=\"auto\">Juan <\/span><span data-contrast=\"auto\">Capetillo Hern\u00e1ndez, <\/span><span data-contrast=\"auto\">c<\/span><span data-contrast=\"auto\">oordinador universitario para <\/span><span data-contrast=\"auto\">la <\/span><span data-contrast=\"auto\">A<\/span><span data-contrast=\"auto\">tenci\u00f3n de los <\/span><span data-contrast=\"auto\">E<\/span><span data-contrast=\"auto\">studiantes; <\/span><span data-contrast=\"auto\">Alejandro de la Fuente Alonso, dir<\/span><span data-contrast=\"auto\">ector de la Facult<\/span><span data-contrast=\"auto\">ad de Derecho<\/span><span data-contrast=\"auto\">,<\/span><span data-contrast=\"auto\"> y los acad\u00e9micos <\/span><span data-contrast=\"auto\">Luis Fernando Reyes Rocha, Rafael Garc\u00eda Pe\u00f1a y Patricia Araceli D\u00edaz Rodr\u00edguez<\/span><span data-contrast=\"auto\">.<\/span><\/p>\n<div id=\"attachment_64901\" style=\"width: 732px\" class=\"wp-caption aligncenter\"><a href=\"https:\/\/www.uv.mx\/prensa\/files\/2019\/03\/260319-SLG-y-ganadores-concurso-litigacion-2.jpg\"><img loading=\"lazy\" decoding=\"async\" aria-describedby=\"caption-attachment-64901\" class=\"size-full wp-image-64901\" src=\"https:\/\/www.uv.mx\/prensa\/files\/2019\/03\/260319-SLG-y-ganadores-concurso-litigacion-2.jpg\" alt=\"\" width=\"722\" height=\"482\" srcset=\"https:\/\/www.uv.mx\/prensa\/files\/2019\/03\/260319-SLG-y-ganadores-concurso-litigacion-2.jpg 722w, https:\/\/www.uv.mx\/prensa\/files\/2019\/03\/260319-SLG-y-ganadores-concurso-litigacion-2-300x200.jpg 300w\" sizes=\"auto, (max-width: 722px) 100vw, 722px\" \/><\/a><p id=\"caption-attachment-64901\" class=\"wp-caption-text\">Los alumnos de la Facultad de Derecho entregaron el premio a la rectora Sara Ladr\u00f3n de Guevara<\/p><\/div>\n","protected":false},"excerpt":{"rendered":"<p>Sara Ladr\u00f3n de Guevara, rectora de la UV, felicit\u00f3 a los j\u00f3venes y se\u00f1al\u00f3 que el premio es resultado de \u201cun trabajo en equipo que incluye a los ganadores, a sus profesores y a sus familias\u201d<\/p>\n","protected":false},"author":1775,"featured_media":64965,"comment_status":"closed","ping_status":"closed","sticky":false,"template":"","format":"standard","meta":{"footnotes":""},"categories":[61],"tags":[33278,33277,3795,4159,524,33281,33279,33274,33280,549,58,33282,33275,33276],"class_list":["post-64974","post","type-post","status-publish","format-standard","has-post-thumbnail","hentry","category-banner","tag-anfade","tag-asociacion-nacional-de-facultades-escuelas-de-derecho-departamentos-e-instituciones-de-investigacion-juridica","tag-concurso","tag-david-sandoval-rodriguez","tag-facultad-de-derecho","tag-francisco-darwin-perez-dominguez","tag-laura-angelica-garcia-tamayo","tag-litigacion-oral","tag-pedro-eduardo-alcocer-jimenez","tag-rectora","tag-sara-ladron-de-guevara","tag-sergio-olivares-amador-y-jonathan-contreras-utrera","tag-sistema-penal-acusatorio","tag-sistema-penal-acusatorio-adversarial"],"_links":{"self":[{"href":"https:\/\/www.uv.mx\/prensa\/wp-json\/wp\/v2\/posts\/64974","targetHints":{"allow":["GET"]}}],"collection":[{"href":"https:\/\/www.uv.mx\/prensa\/wp-json\/wp\/v2\/posts"}],"about":[{"href":"https:\/\/www.uv.mx\/prensa\/wp-json\/wp\/v2\/types\/post"}],"author":[{"embeddable":true,"href":"https:\/\/www.uv.mx\/prensa\/wp-json\/wp\/v2\/users\/1775"}],"replies":[{"embeddable":true,"href":"https:\/\/www.uv.mx\/prensa\/wp-json\/wp\/v2\/comments?post=64974"}],"version-history":[{"count":1,"href":"https:\/\/www.uv.mx\/prensa\/wp-json\/wp\/v2\/posts\/64974\/revisions"}],"predecessor-version":[{"id":169703,"href":"https:\/\/www.uv.mx\/prensa\/wp-json\/wp\/v2\/posts\/64974\/revisions\/169703"}],"wp:featuredmedia":[{"embeddable":true,"href":"https:\/\/www.uv.mx\/prensa\/wp-json\/wp\/v2\/media\/64965"}],"wp:attachment":[{"href":"https:\/\/www.uv.mx\/prensa\/wp-json\/wp\/v2\/media?parent=64974"}],"wp:term":[{"taxonomy":"category","embeddable":true,"href":"https:\/\/www.uv.mx\/prensa\/wp-json\/wp\/v2\/categories?post=64974"},{"taxonomy":"post_tag","embeddable":true,"href":"https:\/\/www.uv.mx\/prensa\/wp-json\/wp\/v2\/tags?post=64974"}],"curies":[{"name":"wp","href":"https:\/\/api.w.org\/{rel}","templated":true}]}}