{"id":64950,"date":"2019-03-27T09:00:22","date_gmt":"2019-03-27T15:00:22","guid":{"rendered":"https:\/\/www.uv.mx\/prensa\/?p=64950"},"modified":"2019-03-26T19:43:58","modified_gmt":"2019-03-27T01:43:58","slug":"uvi-totonacapan-inauguro-biblioteca","status":"publish","type":"post","link":"https:\/\/www.uv.mx\/prensa\/regiones\/poza-rica\/uvi-totonacapan-inauguro-biblioteca\/","title":{"rendered":"UVI Totonacapan inaugur\u00f3 biblioteca"},"content":{"rendered":"<style type=\"text\/css\">\n  blockquote p { color: #28519b; font-family: helvetica; font-size: 1.4em; }<br \/>\n<\/style>\n<ul>\n<li data-leveltext=\"\uf0b7\" data-font=\"Symbol\" data-listid=\"1\" data-aria-posinset=\"1\" data-aria-level=\"1\"><i><span data-contrast=\"auto\">La U<\/span><\/i><i><span data-contrast=\"auto\">nidad de <\/span><\/i><i><span data-contrast=\"auto\">S<\/span><\/i><i><span data-contrast=\"auto\">ervicios <\/span><\/i><i><span data-contrast=\"auto\">B<\/span><\/i><i><span data-contrast=\"auto\">ibliotecarios y <\/span><\/i><i><span data-contrast=\"auto\">C<\/span><\/i><i><span data-contrast=\"auto\">entro de <\/span><\/i><i><span data-contrast=\"auto\">C<\/span><\/i><i><span data-contrast=\"auto\">\u00f3mputo cuenta con m\u00e1s de tres mil vol\u00famenes y un cat\u00e1logo actualizado<\/span><\/i><span data-ccp-props=\"{&quot;134233279&quot;:true}\">\u00a0<\/span><\/li>\n<li data-leveltext=\"\uf0b7\" data-font=\"Symbol\" data-listid=\"1\" data-aria-posinset=\"2\" data-aria-level=\"1\"><i><span data-contrast=\"auto\">Se busca convertirla en un referente colectivo como espacio de aprendizaje y di\u00e1logo de saberes: Lourdes <\/span><\/i><i><span data-contrast=\"auto\">Budar<\/span><\/i><i><span data-contrast=\"auto\">, directora general de la Universidad Veracruzana Intercultural<\/span><\/i><span data-ccp-props=\"{&quot;134233279&quot;:true}\">\u00a0<\/span><\/li>\n<\/ul>\n<p>&nbsp;<\/p>\n<div id=\"attachment_64902\" style=\"width: 732px\" class=\"wp-caption aligncenter\"><a href=\"https:\/\/www.uv.mx\/prensa\/files\/2019\/03\/260319-inauguracion-biblioteca-Totonacapan-1.jpg\"><img aria-describedby=\"caption-attachment-64902\" decoding=\"async\" loading=\"lazy\" class=\"size-full wp-image-64902\" src=\"https:\/\/www.uv.mx\/prensa\/files\/2019\/03\/260319-inauguracion-biblioteca-Totonacapan-1.jpg\" alt=\"\" width=\"722\" height=\"481\" srcset=\"https:\/\/www.uv.mx\/prensa\/files\/2019\/03\/260319-inauguracion-biblioteca-Totonacapan-1.jpg 722w, https:\/\/www.uv.mx\/prensa\/files\/2019\/03\/260319-inauguracion-biblioteca-Totonacapan-1-300x200.jpg 300w\" sizes=\"(max-width: 722px) 100vw, 722px\" \/><\/a><p id=\"caption-attachment-64902\" class=\"wp-caption-text\">Autoridades universitarias inauguraron la biblioteca de la UVI Totonacapan<\/p><\/div>\n<p>&nbsp;<\/p>\n<blockquote><p><span class=\"TextRun Highlight  BCX2 SCXW114071791\" lang=\"ES-MX\" xml:lang=\"ES-MX\" data-contrast=\"auto\"><span class=\"NormalTextRun  BCX2 SCXW114071791\">En <\/span><\/span><span class=\"TextRun Highlight  BCX2 SCXW114071791\" lang=\"ES-MX\" xml:lang=\"ES-MX\" data-contrast=\"auto\"><span class=\"NormalTextRun  BCX2 SCXW114071791\">la cultura totonaca exist\u00eda la C<\/span><\/span><span class=\"TextRun Highlight  BCX2 SCXW114071791\" lang=\"ES-MX\" xml:lang=\"ES-MX\" data-contrast=\"auto\"><span class=\"NormalTextRun  BCX2 SCXW114071791\">asa de los <\/span><\/span><span class=\"TextRun Highlight  BCX2 SCXW114071791\" lang=\"ES-MX\" xml:lang=\"ES-MX\" data-contrast=\"auto\"><span class=\"NormalTextRun  BCX2 SCXW114071791\">L<\/span><\/span><span class=\"TextRun Highlight  BCX2 SCXW114071791\" lang=\"ES-MX\" xml:lang=\"ES-MX\" data-contrast=\"auto\"><span class=\"NormalTextRun  BCX2 SCXW114071791\">ibros, recinto donde se elaboraban y preservaban los documentos que conten\u00edan el saber de la comunidad y <\/span><\/span><span class=\"TextRun Highlight  BCX2 SCXW114071791\" lang=\"ES-MX\" xml:lang=\"ES-MX\" data-contrast=\"auto\"><span class=\"NormalTextRun  BCX2 SCXW114071791\">adem\u00e1s<\/span><\/span><span class=\"TextRun Highlight  BCX2 SCXW114071791\" lang=\"ES-MX\" xml:lang=\"ES-MX\" data-contrast=\"auto\"><span class=\"NormalTextRun  BCX2 SCXW114071791\"> se recopilaban los <\/span><\/span><span class=\"TextRun Highlight  BCX2 SCXW114071791\" lang=\"ES-MX\" xml:lang=\"ES-MX\" data-contrast=\"auto\"><span class=\"NormalTextRun  BCX2 SCXW114071791\">conocimientos<\/span><\/span><span class=\"TextRun Highlight  BCX2 SCXW114071791\" lang=\"ES-MX\" xml:lang=\"ES-MX\" data-contrast=\"auto\"><span class=\"NormalTextRun  BCX2 SCXW114071791\"> de utilidad para diferentes grupos de la <\/span><\/span><span class=\"TextRun Highlight  BCX2 SCXW114071791\" lang=\"ES-MX\" xml:lang=\"ES-MX\" data-contrast=\"auto\"><span class=\"NormalTextRun  BCX2 SCXW114071791\">poblaci\u00f3n<\/span><\/span><\/p><\/blockquote>\n<p>&nbsp;<\/p>\n<p><b><i><span data-contrast=\"auto\">David Sandoval Rodr\u00edguez<\/span><\/i><\/b><span data-ccp-props=\"{}\">\u00a0<\/span><\/p>\n<p><b><i><span data-contrast=\"auto\">27\/03\/19, San Jos\u00e9 Espinal, Ver.-<\/span><\/i><\/b><span data-contrast=\"auto\"> La Universidad Veracruzana Intercultural (UVI), sede Totonacapan, inaugur\u00f3 la Unidad de Servicios Bibliotecarios y<\/span><span data-contrast=\"auto\"> Centro de C<\/span><span data-contrast=\"auto\">\u00f3mputo para el us<\/span><span data-contrast=\"auto\">o<\/span><span data-contrast=\"auto\"> de <\/span><span data-contrast=\"auto\">su <\/span><span data-contrast=\"auto\">comunidad.<\/span><span data-ccp-props=\"{}\">\u00a0<\/span><\/p>\n<p><span data-contrast=\"auto\">Lourdes <\/span><span data-contrast=\"auto\">Budar<\/span><span data-contrast=\"auto\"> Jim\u00e9nez, directora de la UVI<\/span><span data-contrast=\"auto\">, <\/span><span data-contrast=\"auto\">se\u00f1al\u00f3<\/span><span data-contrast=\"auto\">:<\/span><span data-contrast=\"auto\"> \u201c<\/span><span data-contrast=\"auto\">A<\/span><span data-contrast=\"auto\"> partir de ahora con<\/span><span data-contrast=\"auto\">fluyen en nuestra biblioteca nuestras<\/span><span data-contrast=\"auto\"> historias, nuestros esf<\/span><span data-contrast=\"auto\">uerzos colectivos y personales; <\/span><span data-contrast=\"auto\">el d\u00eda de hoy inauguramos esta biblioteca<\/span><span data-contrast=\"auto\">,<\/span><span data-contrast=\"auto\"> pero ustedes la inaugurar\u00e1n todos los d\u00edas abriendo los libros<\/span><span data-contrast=\"auto\">\u201d.<\/span><span data-ccp-props=\"{&quot;335559731&quot;:708}\">\u00a0<\/span><\/p>\n<p><span data-contrast=\"auto\">El objetivo es<\/span><span data-contrast=\"auto\"> convertirla en un referente colectivo, \u201cun espacio de aprendizaje, de di\u00e1logo de saberes entre nuestra comunidad y la Universidad\u201d.<\/span><span data-ccp-props=\"{&quot;335559731&quot;:708}\">\u00a0<\/span><\/p>\n<p><span data-contrast=\"auto\">Budar<\/span><span data-contrast=\"auto\"> a<\/span><span data-contrast=\"auto\">gradeci\u00f3 la presencia de los directores generales de las \u00e1reas acad\u00e9micas y de Investigaciones, quienes atestiguaron la inauguraci\u00f3n \u201cmostrando el apoyo de toda la Universidad <\/span><span data-contrast=\"auto\">a <\/span><span data-contrast=\"auto\">nuestro programa, uno de los proyectos m\u00e1s importantes de nuestra casa de estudios\u201d.<\/span><span data-ccp-props=\"{&quot;335559731&quot;:708}\">\u00a0<\/span><\/p>\n<p>&nbsp;<\/p>\n<div id=\"attachment_64906\" style=\"width: 732px\" class=\"wp-caption aligncenter\"><a href=\"https:\/\/www.uv.mx\/prensa\/files\/2019\/03\/260319-inauguracion-biblioteca-Totonacapan-2.jpg\"><img aria-describedby=\"caption-attachment-64906\" decoding=\"async\" loading=\"lazy\" class=\"size-full wp-image-64906\" src=\"https:\/\/www.uv.mx\/prensa\/files\/2019\/03\/260319-inauguracion-biblioteca-Totonacapan-2.jpg\" alt=\"\" width=\"722\" height=\"481\" srcset=\"https:\/\/www.uv.mx\/prensa\/files\/2019\/03\/260319-inauguracion-biblioteca-Totonacapan-2.jpg 722w, https:\/\/www.uv.mx\/prensa\/files\/2019\/03\/260319-inauguracion-biblioteca-Totonacapan-2-300x200.jpg 300w\" sizes=\"(max-width: 722px) 100vw, 722px\" \/><\/a><p id=\"caption-attachment-64906\" class=\"wp-caption-text\">La rectora Sara Ladr\u00f3n de Guevara enfatiz\u00f3 la suma de esfuerzos institucionales<\/p><\/div>\n<p>&nbsp;<\/p>\n<p><span data-contrast=\"auto\">Por otro lado<\/span><span data-contrast=\"auto\">,<\/span><span data-contrast=\"auto\"> d<\/span><span data-contrast=\"auto\">estac\u00f3 el compromiso de los acad\u00e9micos de la sede y, al dirigirse a los alumnos, les record\u00f3 que <\/span><span data-contrast=\"auto\">en <\/span><span data-contrast=\"auto\">la cultura totonaca exist\u00eda la C<\/span><span data-contrast=\"auto\">asa de los <\/span><span data-contrast=\"auto\">L<\/span><span data-contrast=\"auto\">ibros, recinto donde se elaboraban y preservaban los documentos que conten\u00edan el saber de la comunidad y <\/span><span data-contrast=\"auto\">adem\u00e1s<\/span><span data-contrast=\"auto\"> se recopilaban los <\/span><span data-contrast=\"auto\">conocimientos<\/span><span data-contrast=\"auto\"> de utilidad para diferentes grupos de la <\/span><span data-contrast=\"auto\">poblaci\u00f3n.<\/span><span data-ccp-props=\"{&quot;335559731&quot;:708}\">\u00a0<\/span><\/p>\n<p><span data-contrast=\"auto\">\u201c<\/span><span data-contrast=\"auto\">Era<\/span><span data-contrast=\"auto\"> un logro colectivo y un esfuerzo por resguardar la memoria y<\/span><span data-contrast=\"auto\"> los recuerdos de la comunidad.\u201d<\/span><span data-ccp-props=\"{&quot;335559731&quot;:708}\">\u00a0<\/span><\/p>\n<p><span data-contrast=\"auto\">Aunque distintos, la <\/span><span data-contrast=\"auto\">C<\/span><span data-contrast=\"auto\">asas de los <\/span><span data-contrast=\"auto\">L<\/span><span data-contrast=\"auto\">ibros y las bi<\/span><span data-contrast=\"auto\">bliotecas comparten objetivos: recopilan, resguardan y generan conocimientos destinados al mejoramiento de las condiciones de vida de la comunidad donde se establecen<\/span><span data-contrast=\"auto\">.<\/span><span data-ccp-props=\"{&quot;335559731&quot;:708}\">\u00a0<\/span><\/p>\n<p><span data-contrast=\"auto\">En su mensaje a los presentes, la rectora Sara Ladr\u00f3n de Guevara plante\u00f3 que la biblioteca es un espacio donde se encuentran distintas formas de pensamiento y reconoci\u00f3 que en esta sede se ten\u00eda el pendiente de <\/span><span data-contrast=\"auto\">establecer <\/span><span data-contrast=\"auto\">una biblioteca. \u201cHoy venimos a suplir algunas de esas carencias, es un pasito en ese caminar que hacemos juntos y representa una suma de esfuerzos\u201d.<\/span><span data-ccp-props=\"{&quot;335559731&quot;:708}\">\u00a0<\/span><\/p>\n<p><span data-contrast=\"auto\">Recalc\u00f3 que con el apoyo institucional y el esfuerzo de la comunidad universitaria es posible abrir espacios como \u00e9ste, \u201cque la diversidad y la riqueza cultural y ling\u00fc\u00edsticas sean tambi\u00e9n propicias para ampliar nuestros horizontes\u201d.<\/span><span data-ccp-props=\"{&quot;335559731&quot;:708}\">\u00a0<\/span><\/p>\n<p>&nbsp;<\/p>\n<div id=\"attachment_64909\" style=\"width: 732px\" class=\"wp-caption aligncenter\"><a href=\"https:\/\/www.uv.mx\/prensa\/files\/2019\/03\/260319-inauguracion-biblioteca-Totonacapan-3.jpg\"><img aria-describedby=\"caption-attachment-64909\" decoding=\"async\" loading=\"lazy\" class=\"size-full wp-image-64909\" src=\"https:\/\/www.uv.mx\/prensa\/files\/2019\/03\/260319-inauguracion-biblioteca-Totonacapan-3.jpg\" alt=\"\" width=\"722\" height=\"481\" srcset=\"https:\/\/www.uv.mx\/prensa\/files\/2019\/03\/260319-inauguracion-biblioteca-Totonacapan-3.jpg 722w, https:\/\/www.uv.mx\/prensa\/files\/2019\/03\/260319-inauguracion-biblioteca-Totonacapan-3-300x200.jpg 300w\" sizes=\"(max-width: 722px) 100vw, 722px\" \/><\/a><p id=\"caption-attachment-64909\" class=\"wp-caption-text\">Sara Itzel Arcos agradeci\u00f3 el apoyo para la creaci\u00f3n del nuevo espacio universitario<\/p><\/div>\n<p>&nbsp;<\/p>\n<p><span data-contrast=\"auto\">La Rectora<\/span><span data-contrast=\"auto\"> a<\/span><span data-contrast=\"auto\">gradeci\u00f3 tambi\u00e9n la <\/span><span data-contrast=\"auto\">asistencia<\/span><span data-contrast=\"auto\"> de <\/span><span data-contrast=\"auto\">los directores generales de las \u00e1reas acad\u00e9micas y de las autoridades de la <\/span><span data-contrast=\"auto\">V<\/span><span data-contrast=\"auto\">icerrector\u00eda<\/span><span data-contrast=\"auto\">,<\/span><span data-contrast=\"auto\"> as\u00ed como de los universitarios y sus familias e invitados especiales.<\/span><span data-ccp-props=\"{&quot;335559731&quot;:708}\">\u00a0<\/span><\/p>\n<p><span data-contrast=\"auto\">Sara Itzel Arcos Barreiro, coordinadora interina de la sede <\/span><span data-contrast=\"auto\">Totonacapan<\/span><span data-contrast=\"auto\">, <\/span><span data-contrast=\"auto\">record\u00f3 que la UVI <\/span><span data-contrast=\"auto\">es una casa abierta que ofrece la posibilidad de cumplir muchos sue\u00f1os<\/span><span data-contrast=\"auto\"> y las a\u00f1oranzas que tienen <\/span><span data-contrast=\"auto\">los j\u00f3venes, <\/span><span data-contrast=\"auto\">sus familias y sus regiones<\/span><span data-contrast=\"auto\">.<\/span><span data-ccp-props=\"{&quot;335559731&quot;:708}\">\u00a0<\/span><\/p>\n<p><span data-contrast=\"auto\">\u201c<\/span><span data-contrast=\"auto\">Hoy no solamente tenemos la oportunidad de ver florecer sue\u00f1os<\/span><span data-contrast=\"auto\">, <\/span><span data-contrast=\"auto\">tambi\u00e9n los espacios<\/span><span data-contrast=\"auto\">,<\/span><span data-contrast=\"auto\"> poco a poco se han ido construyendo<\/span><span data-contrast=\"auto\">;<\/span><span data-contrast=\"auto\"> ha sido un camino lento pero tambi\u00e9n maravillosamente reconfortante<\/span><span data-contrast=\"auto\">\u201d, manifest\u00f3.<\/span><span data-ccp-props=\"{&quot;335559731&quot;:708}\">\u00a0<\/span><\/p>\n<p><span data-contrast=\"auto\">Ana Mar\u00eda Salazar V\u00e1zquez, directora general de Bibliotecas, <\/span><span data-contrast=\"auto\">dijo que <\/span><span data-contrast=\"auto\">la biblioteca es el lugar m\u00e1s incluyente, seguro, innovador y trascendente en la vida de cualquier estudiante<\/span><span data-contrast=\"auto\">.<\/span><span data-ccp-props=\"{&quot;335559731&quot;:708}\">\u00a0<\/span><\/p>\n<p><span data-contrast=\"auto\">En la nueva biblioteca se cuenta con <\/span><span data-contrast=\"auto\">m\u00e1s de tres mil vol\u00famenes que incluyen colecciones audiovisuales, tesis, publicaciones peri\u00f3dicas y <\/span><span data-contrast=\"auto\">el<\/span><span data-contrast=\"auto\"> inventario <\/span><span data-contrast=\"auto\">est\u00e1 <\/span><span data-contrast=\"auto\">actualizado a 2018<\/span><span data-contrast=\"auto\">.<\/span><span data-ccp-props=\"{&quot;335559731&quot;:708}\">\u00a0<\/span><\/p>\n<p>&nbsp;<\/p>\n<div id=\"attachment_64908\" style=\"width: 732px\" class=\"wp-caption aligncenter\"><a href=\"https:\/\/www.uv.mx\/prensa\/files\/2019\/03\/260319-inauguracion-biblioteca-Totonacapan-4.jpg\"><img aria-describedby=\"caption-attachment-64908\" decoding=\"async\" loading=\"lazy\" class=\"size-full wp-image-64908\" src=\"https:\/\/www.uv.mx\/prensa\/files\/2019\/03\/260319-inauguracion-biblioteca-Totonacapan-4.jpg\" alt=\"\" width=\"722\" height=\"481\" srcset=\"https:\/\/www.uv.mx\/prensa\/files\/2019\/03\/260319-inauguracion-biblioteca-Totonacapan-4.jpg 722w, https:\/\/www.uv.mx\/prensa\/files\/2019\/03\/260319-inauguracion-biblioteca-Totonacapan-4-300x200.jpg 300w\" sizes=\"(max-width: 722px) 100vw, 722px\" \/><\/a><p id=\"caption-attachment-64908\" class=\"wp-caption-text\">Ana Mar\u00eda Salazar detall\u00f3 que son tres mil vol\u00famenes los que integran el acervo<\/p><\/div>\n<p>&nbsp;<\/p>\n<p><span data-contrast=\"auto\">\u201c<\/span><span data-contrast=\"auto\">Con esta inauguraci\u00f3n esperamos estudiantes m\u00e1s inquietos, esperamos recibir solicitudes de t\u00edtulos para su adquisici\u00f3n, anhelamos estudiantes dispuestos a ense\u00f1ar a otros la importancia y el valor de un libro<\/span><span data-contrast=\"auto\">.<\/span> <span data-contrast=\"auto\">Q<\/span><span data-contrast=\"auto\">ue sea <\/span><span data-contrast=\"auto\">e<\/span><span data-contrast=\"auto\">sta <\/span><span data-contrast=\"auto\">biblioteca <\/span><span data-contrast=\"auto\">el coraz\u00f3n de esta UVI, no dejemos que se convierta en una bodega de libros, seamos proactivos, estrechemos v\u00ednculos con la comunida<\/span><span data-contrast=\"auto\">d y con los libros que llegar\u00e1n\u201d, subray\u00f3 la funcionaria.<\/span><span data-ccp-props=\"{&quot;335559731&quot;:708}\">\u00a0<\/span><\/p>\n<p><span data-contrast=\"auto\">Agradeci\u00f3 el apoyo de las secretar\u00eda<\/span><span data-contrast=\"auto\">s<\/span><span data-contrast=\"auto\"> Acad\u00e9mica y de Administraci\u00f3n y Finanzas, as\u00ed como tambi\u00e9n de la Vicerrector\u00eda y de la Unidad de Servicios Bibliotecarios y de Informaci\u00f3n (USBI) de la regi\u00f3n; tambi\u00e9n a Emilia Esther Lino Pastrana, Rigoberto Rodr\u00edguez Mart\u00ednez, Felipe de Jes\u00fas Ram\u00edrez Ju\u00e1rez, Elio P\u00e9rez Espinoza, Hugo Jim\u00e9nez Lima, Jes\u00fas Francisco Castro Cordero y Paulo G\u00f3mez Quiroz, porque \u201cgracias a su esfuerzo podemos tener una biblioteca\u201d.<\/span><span data-ccp-props=\"{&quot;335559731&quot;:708}\">\u00a0<\/span><\/p>\n<p><span data-contrast=\"auto\">En la ceremonia estuvieron presentes <\/span><span data-contrast=\"auto\">Jos\u00e9 Luis Alan\u00eds M\u00e9ndez, vicerrector de la regi\u00f3n Poza Rica-Tuxpan<\/span><span data-contrast=\"auto\">; <\/span><span data-contrast=\"auto\">Domingo Canales Espinosa, <\/span><span data-contrast=\"auto\">Miguel Flores Covarrubias, Jos\u00e9 Luis Mart\u00ednez Su\u00e1rez, Eduardo Gasca Herrera<\/span><span data-contrast=\"auto\"> y<\/span> <span data-contrast=\"auto\">Arturo Bocardo Valle, <\/span><span data-contrast=\"auto\">director<\/span><span data-contrast=\"auto\">es<\/span><span data-contrast=\"auto\"> general<\/span><span data-contrast=\"auto\">es<\/span><span data-contrast=\"auto\"> de<\/span><span data-contrast=\"auto\"> las \u00e1<\/span><span data-contrast=\"auto\">rea<\/span><span data-contrast=\"auto\">s<\/span> <span data-contrast=\"auto\">acad\u00e9micas de Ciencias Biol\u00f3gicas y <\/span><span data-contrast=\"auto\">Agropecuarias<\/span><span data-contrast=\"auto\">, <\/span><span data-contrast=\"auto\">de Artes<\/span><span data-contrast=\"auto\">, <\/span><span data-contrast=\"auto\">de Humanidades<\/span><span data-contrast=\"auto\">, <\/span><span data-contrast=\"auto\">T\u00e9cnica<\/span><span data-contrast=\"auto\"> y<\/span> <span data-contrast=\"auto\">Econ\u00f3mico-<\/span><span data-contrast=\"auto\">Administrativa<\/span><span data-contrast=\"auto\">, respectivamente;<\/span><span data-contrast=\"auto\"> y \u00c1ngel Trigos Landa, director general de Investigaciones.<\/span><span data-ccp-props=\"{&quot;335559731&quot;:708}\">\u00a0<\/span><\/p>\n<p><span data-contrast=\"auto\">Al finalizar el acto protocolario, las autoridades universitarias entrega<\/span><span data-contrast=\"auto\">ron<\/span><span data-contrast=\"auto\"> uniformes deportivos a los <\/span><span data-contrast=\"auto\">integrantes de los equipos de ba<\/span><span data-contrast=\"auto\">squetbol y futbol femenil y varonil de la sede.<\/span><span data-ccp-props=\"{&quot;335559731&quot;:708}\">\u00a0<\/span><\/p>\n<p>&nbsp;<\/p>\n<div id=\"attachment_64904\" style=\"width: 732px\" class=\"wp-caption aligncenter\"><a href=\"https:\/\/www.uv.mx\/prensa\/files\/2019\/03\/260319-inauguracion-biblioteca-Totonacapan-5.jpg\"><img aria-describedby=\"caption-attachment-64904\" decoding=\"async\" loading=\"lazy\" class=\"size-full wp-image-64904\" src=\"https:\/\/www.uv.mx\/prensa\/files\/2019\/03\/260319-inauguracion-biblioteca-Totonacapan-5.jpg\" alt=\"\" width=\"722\" height=\"481\" srcset=\"https:\/\/www.uv.mx\/prensa\/files\/2019\/03\/260319-inauguracion-biblioteca-Totonacapan-5.jpg 722w, https:\/\/www.uv.mx\/prensa\/files\/2019\/03\/260319-inauguracion-biblioteca-Totonacapan-5-300x200.jpg 300w\" sizes=\"(max-width: 722px) 100vw, 722px\" \/><\/a><p id=\"caption-attachment-64904\" class=\"wp-caption-text\">Tambi\u00e9n se entregaron uniformes deportivos a los equipos de basquetbol y futbol femenil y varonil<\/p><\/div>\n","protected":false},"excerpt":{"rendered":"<p>El objetivo es convertirla en un referente colectivo, \u201cun espacio de aprendizaje, de di\u00e1logo de saberes entre nuestra comunidad y la Universidad\u201d: Lourdes Budar <\/p>\n","protected":false},"author":1508,"featured_media":64951,"comment_status":"closed","ping_status":"closed","sticky":false,"template":"","format":"standard","meta":[],"categories":[54,61],"tags":[],"_links":{"self":[{"href":"https:\/\/www.uv.mx\/prensa\/wp-json\/wp\/v2\/posts\/64950"}],"collection":[{"href":"https:\/\/www.uv.mx\/prensa\/wp-json\/wp\/v2\/posts"}],"about":[{"href":"https:\/\/www.uv.mx\/prensa\/wp-json\/wp\/v2\/types\/post"}],"author":[{"embeddable":true,"href":"https:\/\/www.uv.mx\/prensa\/wp-json\/wp\/v2\/users\/1508"}],"replies":[{"embeddable":true,"href":"https:\/\/www.uv.mx\/prensa\/wp-json\/wp\/v2\/comments?post=64950"}],"version-history":[{"count":0,"href":"https:\/\/www.uv.mx\/prensa\/wp-json\/wp\/v2\/posts\/64950\/revisions"}],"wp:featuredmedia":[{"embeddable":true,"href":"https:\/\/www.uv.mx\/prensa\/wp-json\/wp\/v2\/media\/64951"}],"wp:attachment":[{"href":"https:\/\/www.uv.mx\/prensa\/wp-json\/wp\/v2\/media?parent=64950"}],"wp:term":[{"taxonomy":"category","embeddable":true,"href":"https:\/\/www.uv.mx\/prensa\/wp-json\/wp\/v2\/categories?post=64950"},{"taxonomy":"post_tag","embeddable":true,"href":"https:\/\/www.uv.mx\/prensa\/wp-json\/wp\/v2\/tags?post=64950"}],"curies":[{"name":"wp","href":"https:\/\/api.w.org\/{rel}","templated":true}]}}