{"id":64932,"date":"2019-03-26T18:45:59","date_gmt":"2019-03-27T00:45:59","guid":{"rendered":"https:\/\/www.uv.mx\/prensa\/?p=64932"},"modified":"2019-03-26T18:48:12","modified_gmt":"2019-03-27T00:48:12","slug":"uv-celebrara-el-festival-del-dia-mundial-del-teatro-2019","status":"publish","type":"post","link":"https:\/\/www.uv.mx\/prensa\/cultura\/uv-celebrara-el-festival-del-dia-mundial-del-teatro-2019\/","title":{"rendered":"UV celebrar\u00e1 el Festival del D\u00eda Mundial del Teatro 2019"},"content":{"rendered":"<ul>\n<li data-leveltext=\"\uf0b7\" data-font=\"Symbol\" data-listid=\"1\" data-aria-posinset=\"1\" data-aria-level=\"1\"><i><span data-contrast=\"auto\">Talleres, funciones, presentaciones de <\/span><\/i><i><span data-contrast=\"auto\">libros, ponencias, proyecciones<\/span><\/i><span data-ccp-props=\"{&quot;134233279&quot;:true,&quot;201341983&quot;:0,&quot;335559739&quot;:160,&quot;335559740&quot;:240}\">\u00a0<\/span><\/li>\n<\/ul>\n<p>&nbsp;<\/p>\n<div id=\"attachment_64812\" style=\"width: 732px\" class=\"wp-caption aligncenter\"><a href=\"https:\/\/www.uv.mx\/prensa\/files\/2019\/03\/250319-Dia-mundial-teatro-1.jpg\"><img loading=\"lazy\" decoding=\"async\" aria-describedby=\"caption-attachment-64812\" class=\"size-full wp-image-64812\" src=\"https:\/\/www.uv.mx\/prensa\/files\/2019\/03\/250319-Dia-mundial-teatro-1.jpg\" alt=\"\" width=\"722\" height=\"482\" srcset=\"https:\/\/www.uv.mx\/prensa\/files\/2019\/03\/250319-Dia-mundial-teatro-1.jpg 722w, https:\/\/www.uv.mx\/prensa\/files\/2019\/03\/250319-Dia-mundial-teatro-1-300x200.jpg 300w\" sizes=\"auto, (max-width: 722px) 100vw, 722px\" \/><\/a><p id=\"caption-attachment-64812\" class=\"wp-caption-text\">Funcionarios y estudiantes que participan en la organizaci\u00f3n del festival<\/p><\/div>\n<p>&nbsp;<\/p>\n<p><b><i><span data-contrast=\"auto\">Karina de la Paz Reyes D\u00edaz<\/span><\/i><\/b><span data-ccp-props=\"{&quot;201341983&quot;:0,&quot;335559739&quot;:160,&quot;335559740&quot;:240}\">\u00a0<\/span><\/p>\n<p><b><i><span data-contrast=\"auto\">2<\/span><\/i><\/b><b><i><span data-contrast=\"auto\">6<\/span><\/i><\/b><b><i><span data-contrast=\"auto\">\/03\/19, Xalapa, Veracruz.- <\/span><\/i><\/b><span data-contrast=\"auto\">Por<\/span><span data-contrast=\"auto\"> decimo<\/span><span data-contrast=\"auto\">quinta ocasi\u00f3n<\/span><span data-contrast=\"auto\"> la Facultad de Teatro de la Universidad Veracruzana (UV) celebrar\u00e1 el Festival del D\u00eda Mundial del Teatro<\/span><span data-contrast=\"auto\">, <\/span><span data-contrast=\"auto\">organizado por la comunidad estudiantil, <\/span><span data-contrast=\"auto\">que <\/span><span data-contrast=\"auto\">se desarrollar\u00e1 del 27 al 31 de marzo y contempla ocho talleres, funciones, presentaciones de li<\/span><span data-contrast=\"auto\">bros, ponencias y proyecciones.<\/span><span data-ccp-props=\"{&quot;201341983&quot;:0,&quot;335559739&quot;:160,&quot;335559740&quot;:240}\">\u00a0<\/span><\/p>\n<p><span data-contrast=\"auto\">El evento fue presentado en conferencia de prensa por <\/span><span data-contrast=\"auto\">el director de la Facultad, <\/span><span data-contrast=\"auto\">Nerio Gonz\u00e1lez Morales<\/span><span data-contrast=\"auto\">; <\/span><span data-contrast=\"auto\">la coordinadora del <\/span><span data-contrast=\"auto\">f<\/span><span data-contrast=\"auto\">estival, <\/span><span data-contrast=\"auto\">Adelina Bello, <\/span><span data-contrast=\"auto\">y la estudiante Shan\u00ed<\/span><span data-contrast=\"auto\"> Lozano, en el personaje de \u201cEl \u00d1afle\u201d, de la obra <\/span><i><span data-contrast=\"auto\">\u00c9rase una vez un rey<\/span><\/i><span data-contrast=\"auto\">, <\/span><span data-contrast=\"auto\">primer lugar en la <\/span><span data-contrast=\"auto\">C<\/span><span data-contrast=\"auto\">ategor\u00eda C <\/span><span data-contrast=\"auto\">\u201cE<\/span><span data-contrast=\"auto\">studiantes de escuelas profesionales<\/span><span data-contrast=\"auto\">\u201d<\/span><span data-contrast=\"auto\">, en el concurso del 26\u00b0 Festival Internacional de Teatro Universitario (FITU) de la Universidad Nac<\/span><span data-contrast=\"auto\">ional Aut\u00f3noma de M\u00e9xico (UNAM), toda vez que como parte de las actividades, develar\u00e1n una placa.<\/span><span data-ccp-props=\"{&quot;201341983&quot;:0,&quot;335559739&quot;:160,&quot;335559740&quot;:240}\">\u00a0<\/span><\/p>\n<p><span data-contrast=\"auto\">En esta ocasi\u00f3n est\u00e1 contemplada la<\/span><span data-contrast=\"auto\"> presentaci\u00f3n de <\/span><i><span data-contrast=\"auto\">DeSaz\u00f3n<\/span><\/i><span data-contrast=\"auto\"> de la Compa\u00f1\u00eda Nacional del Teatro, <\/span><span data-contrast=\"auto\">a trav\u00e9s del Instituto Veracruzano de la Cultura (<\/span><i><span data-contrast=\"auto\">Ivec<\/span><\/i><span data-contrast=\"auto\">), en la Sala \u201cEmilio Carballido\u201d del Teatro del Estado \u201cGral. Ignacio de la Llave\u201d; <\/span><i><span data-contrast=\"auto\">Estrident\u00f3polis<\/span><\/i><span data-contrast=\"auto\">, de la Organizaci\u00f3n Teatral de la UV (<\/span><i><span data-contrast=\"auto\">Orteuv<\/span><\/i><span data-contrast=\"auto\">), en el Teatro \u201cJ.J. Herrera\u201d<\/span><span data-contrast=\"auto\">,<\/span><span data-contrast=\"auto\"> y <\/span><i><span data-contrast=\"auto\">\u00c9rase una vez un rey<\/span><\/i><span data-contrast=\"auto\">, de ISKAY Teatro, en el Foro \u201cTorre Lapham\u201d, ubicado en la Unidad de Artes UV.<\/span><span data-ccp-props=\"{&quot;201341983&quot;:0,&quot;335559739&quot;:160,&quot;335559740&quot;:240}\">\u00a0<\/span><\/p>\n<p>&nbsp;<\/p>\n<div id=\"attachment_64810\" style=\"width: 732px\" class=\"wp-caption aligncenter\"><a href=\"https:\/\/www.uv.mx\/prensa\/files\/2019\/03\/250319-Dia-mundial-teatro-2.jpg\"><img loading=\"lazy\" decoding=\"async\" aria-describedby=\"caption-attachment-64810\" class=\"size-full wp-image-64810\" src=\"https:\/\/www.uv.mx\/prensa\/files\/2019\/03\/250319-Dia-mundial-teatro-2.jpg\" alt=\"\" width=\"722\" height=\"482\" srcset=\"https:\/\/www.uv.mx\/prensa\/files\/2019\/03\/250319-Dia-mundial-teatro-2.jpg 722w, https:\/\/www.uv.mx\/prensa\/files\/2019\/03\/250319-Dia-mundial-teatro-2-300x200.jpg 300w\" sizes=\"auto, (max-width: 722px) 100vw, 722px\" \/><\/a><p id=\"caption-attachment-64810\" class=\"wp-caption-text\">Nerio Gonz\u00e1lez y las estudiantes Adelina Bello y Shan\u00ed Lozano<\/p><\/div>\n<p>&nbsp;<\/p>\n<p><span data-contrast=\"auto\">Asimismo, participar\u00e1n do<\/span><span data-contrast=\"auto\">s<\/span><span data-contrast=\"auto\"> grupos art\u00edsticos de la Secre<\/span><span data-contrast=\"auto\">tar\u00eda de Educaci\u00f3n de Veracruz<\/span><span data-contrast=\"auto\"> (SEV)<\/span><span data-contrast=\"auto\">, Esc\u00e9nica Alterna y Tercera Llamada,<\/span><span data-contrast=\"auto\"> con <\/span><i><span data-contrast=\"auto\">Anda que te cuento<\/span><\/i><span data-contrast=\"auto\"> y el estreno de <\/span><i><span data-contrast=\"auto\">En la misma nave<\/span><\/i><span data-contrast=\"auto\">, respectivamente<\/span><span data-contrast=\"auto\">;<\/span> <span data-contrast=\"auto\">habr\u00e1 ocho talleres, que ser\u00e1n imparti<\/span><span data-contrast=\"auto\">dos por cuatro maestros de la UV y cuatro de la Escuela Nacional de Arte Teatral,<\/span><span data-contrast=\"auto\"> mismos<\/span><span data-contrast=\"auto\"> que versar\u00e1n sobre iluminaci\u00f3n, dramaturgia, voz, <\/span><span data-contrast=\"auto\">actuaci\u00f3n<\/span><span data-contrast=\"auto\">, <\/span><span data-contrast=\"auto\">som\u00e1tica, <\/span><span data-contrast=\"auto\">por<\/span><span data-contrast=\"auto\"> citar algunos, donde<\/span><span data-contrast=\"auto\"> podr\u00e1n participar estudiantes, pero tambi\u00e9n p\u00fablico interesado o abocado al tema.<\/span><span data-ccp-props=\"{&quot;201341983&quot;:0,&quot;335559739&quot;:160,&quot;335559740&quot;:240}\">\u00a0<\/span><\/p>\n<p><span data-contrast=\"auto\">\u201cCabe mencionar que si bien la iniciativa surge de los estudiantes, a m\u00ed me gusta pensar o decir que el <\/span><span data-contrast=\"auto\">f<\/span><span data-contrast=\"auto\">estival es un movimiento que se hace desde los estudiantes, para los estudiantes, <\/span><span data-contrast=\"auto\">con el apoyo<\/span><span data-contrast=\"auto\"> indispensable <\/span><span data-contrast=\"auto\">de <\/span><span data-contrast=\"auto\">nuestro <\/span><span data-contrast=\"auto\">Director (<\/span><span data-contrast=\"auto\">Nerio Gonz\u00e1lez<\/span><span data-contrast=\"auto\">), <\/span><span data-contrast=\"auto\">la UV, de las instituciones, pero profundamente nace de la necesidad de los estudiantes de querer expresar que el teatro se celebra como una fiesta que sigue y seguir\u00e1<\/span> <span data-contrast=\"auto\">viva<\/span><span data-contrast=\"auto\">, <\/span><span data-contrast=\"auto\">y que es necesaria y fundamental para todos los xalape\u00f1os como un derecho\u201d, dijo Adelina Bello.<\/span><span data-ccp-props=\"{&quot;201341983&quot;:0,&quot;335559739&quot;:160,&quot;335559740&quot;:240}\">\u00a0<\/span><\/p>\n<p><span data-contrast=\"auto\">La entrada <\/span><span data-contrast=\"auto\">a las obras d<\/span><span data-contrast=\"auto\">e teatro <\/span><span data-contrast=\"auto\">es<\/span><span data-contrast=\"auto\"> libre, con boleto controlado, por lo que sugirieron acudir a las respectivas sedes c<\/span><span data-contrast=\"auto\">o<\/span><span data-contrast=\"auto\">n suficiente<\/span> <span data-contrast=\"auto\">antelaci\u00f3n. Para consultar el programa completo<\/span><span data-contrast=\"auto\">, conocer las cuotas de recuperaci\u00f3n de los talleres<\/span><span data-contrast=\"auto\"> o resolver <\/span><span data-contrast=\"auto\">cualquier duda<\/span><span data-contrast=\"auto\">, ingresar<\/span><span data-contrast=\"auto\"> al <\/span><i><span data-contrast=\"auto\">Facebook<\/span><\/i><span data-contrast=\"auto\">: <\/span><span data-contrast=\"auto\">Festival del D\u00eda Mundial del Teatro UV.<\/span><span data-ccp-props=\"{&quot;201341983&quot;:0,&quot;335559739&quot;:160,&quot;335559740&quot;:240}\">\u00a0<\/span><\/p>\n<p>&nbsp;<\/p>\n<div id=\"attachment_64813\" style=\"width: 571px\" class=\"wp-caption aligncenter\"><a href=\"https:\/\/www.uv.mx\/prensa\/files\/2019\/03\/250319-Dia-mundial-teatro-3.jpg\"><img loading=\"lazy\" decoding=\"async\" aria-describedby=\"caption-attachment-64813\" class=\"size-full wp-image-64813\" src=\"https:\/\/www.uv.mx\/prensa\/files\/2019\/03\/250319-Dia-mundial-teatro-3.jpg\" alt=\"\" width=\"561\" height=\"722\" srcset=\"https:\/\/www.uv.mx\/prensa\/files\/2019\/03\/250319-Dia-mundial-teatro-3.jpg 561w, https:\/\/www.uv.mx\/prensa\/files\/2019\/03\/250319-Dia-mundial-teatro-3-233x300.jpg 233w\" sizes=\"auto, (max-width: 561px) 100vw, 561px\" \/><\/a><p id=\"caption-attachment-64813\" class=\"wp-caption-text\">El cartel fue dise\u00f1ado por Josu\u00e9 Aguilar Guti\u00e9rrez, estudiante de la Facultad de Artes Pl\u00e1sticas<\/p><\/div>\n","protected":false},"excerpt":{"rendered":"<p>Organizado por la comunidad estudiantil, se desarrollar\u00e1 del 27 al 31 de marzo y contempla ocho talleres, funciones, presentaciones de libros, ponencias y proyecciones<\/p>\n","protected":false},"author":1508,"featured_media":64934,"comment_status":"closed","ping_status":"closed","sticky":false,"template":"","format":"standard","meta":{"footnotes":""},"categories":[11,61],"tags":[],"class_list":["post-64932","post","type-post","status-publish","format-standard","has-post-thumbnail","hentry","category-cultura","category-banner"],"_links":{"self":[{"href":"https:\/\/www.uv.mx\/prensa\/wp-json\/wp\/v2\/posts\/64932","targetHints":{"allow":["GET"]}}],"collection":[{"href":"https:\/\/www.uv.mx\/prensa\/wp-json\/wp\/v2\/posts"}],"about":[{"href":"https:\/\/www.uv.mx\/prensa\/wp-json\/wp\/v2\/types\/post"}],"author":[{"embeddable":true,"href":"https:\/\/www.uv.mx\/prensa\/wp-json\/wp\/v2\/users\/1508"}],"replies":[{"embeddable":true,"href":"https:\/\/www.uv.mx\/prensa\/wp-json\/wp\/v2\/comments?post=64932"}],"version-history":[{"count":0,"href":"https:\/\/www.uv.mx\/prensa\/wp-json\/wp\/v2\/posts\/64932\/revisions"}],"wp:featuredmedia":[{"embeddable":true,"href":"https:\/\/www.uv.mx\/prensa\/wp-json\/wp\/v2\/media\/64934"}],"wp:attachment":[{"href":"https:\/\/www.uv.mx\/prensa\/wp-json\/wp\/v2\/media?parent=64932"}],"wp:term":[{"taxonomy":"category","embeddable":true,"href":"https:\/\/www.uv.mx\/prensa\/wp-json\/wp\/v2\/categories?post=64932"},{"taxonomy":"post_tag","embeddable":true,"href":"https:\/\/www.uv.mx\/prensa\/wp-json\/wp\/v2\/tags?post=64932"}],"curies":[{"name":"wp","href":"https:\/\/api.w.org\/{rel}","templated":true}]}}