{"id":64877,"date":"2019-03-26T15:10:56","date_gmt":"2019-03-26T21:10:56","guid":{"rendered":"https:\/\/www.uv.mx\/prensa\/?p=64877"},"modified":"2019-03-26T15:36:14","modified_gmt":"2019-03-26T21:36:14","slug":"uv-y-sesver-suscribieron-convenio-de-colaboracion-academica-y-cultural","status":"publish","type":"post","link":"https:\/\/www.uv.mx\/prensa\/banner\/uv-y-sesver-suscribieron-convenio-de-colaboracion-academica-y-cultural\/","title":{"rendered":"UV y <em>Sesver<\/em> suscribieron convenio de colaboraci\u00f3n acad\u00e9mica y cultural"},"content":{"rendered":"<ul>\n<li data-leveltext=\"\uf0b7\" data-font=\"Symbol\" data-listid=\"2\" data-aria-posinset=\"1\" data-aria-level=\"1\"><i><span data-contrast=\"auto\">Veracruz enfrenta serios retos en salud<\/span><\/i> <i><span data-contrast=\"auto\">que es necesario <\/span><\/i><i><span data-contrast=\"auto\">atender<\/span><\/i><i><span data-contrast=\"auto\">: Rectora<\/span><\/i><span data-ccp-props=\"{&quot;201341983&quot;:0,&quot;335559739&quot;:0,&quot;335559740&quot;:240}\">\u00a0<\/span><\/li>\n<\/ul>\n<p>&nbsp;<\/p>\n<div id=\"attachment_64878\" style=\"width: 732px\" class=\"wp-caption aligncenter\"><a href=\"https:\/\/www.uv.mx\/prensa\/files\/2019\/03\/260319-UV-y-Sesver-suscribieron-convenio-1.jpg\"><img loading=\"lazy\" decoding=\"async\" aria-describedby=\"caption-attachment-64878\" class=\"size-full wp-image-64878\" src=\"https:\/\/www.uv.mx\/prensa\/files\/2019\/03\/260319-UV-y-Sesver-suscribieron-convenio-1.jpg\" alt=\"\" width=\"722\" height=\"482\" srcset=\"https:\/\/www.uv.mx\/prensa\/files\/2019\/03\/260319-UV-y-Sesver-suscribieron-convenio-1.jpg 722w, https:\/\/www.uv.mx\/prensa\/files\/2019\/03\/260319-UV-y-Sesver-suscribieron-convenio-1-300x200.jpg 300w\" sizes=\"auto, (max-width: 722px) 100vw, 722px\" \/><\/a><p id=\"caption-attachment-64878\" class=\"wp-caption-text\">La Universidad Veracruzana y la Secretar\u00eda de Salud de Veracruz suscribieron un convenio de colaboraci\u00f3n acad\u00e9mica y cultural<\/p><\/div>\n<p>&nbsp;<\/p>\n<p><b><i><span data-contrast=\"auto\">Jos\u00e9 Luis <\/span><\/i><\/b><b><i><span data-contrast=\"auto\">Couttolenc<\/span><\/i><\/b><b><i><span data-contrast=\"auto\"> Soto<\/span><\/i><\/b><span data-ccp-props=\"{&quot;201341983&quot;:0,&quot;335559739&quot;:0,&quot;335559740&quot;:240}\">\u00a0<\/span><\/p>\n<p><b><i><span data-contrast=\"auto\">26\/03\/19, Xalapa, Ver.-<\/span><\/i><\/b><span data-contrast=\"auto\"> En materia de salud, Veracruz enfrenta serios retos <\/span><span data-contrast=\"auto\">y p<\/span><span data-contrast=\"auto\">a<\/span><span data-contrast=\"auto\">ra a<\/span><span data-contrast=\"auto\">tender<\/span><span data-contrast=\"auto\">los<\/span><span data-contrast=\"auto\"> se requiere<\/span> <span data-contrast=\"auto\">dar los pasos conducentes que lleven a brindar una mejor atenci\u00f3n a la poblaci\u00f3n, se\u00f1al\u00f3 la rectora de la Universidad Veracruzana (UV), Sara Ladr\u00f3n de Guevara, durante la firma del convenio de colaboraci\u00f3n que e<\/span><span data-contrast=\"auto\">ste <\/span><span data-contrast=\"auto\">26 de marzo realiz\u00f3 conjuntamente con Roberto Ramos Alor, secretario de Salud y director general de los Servicios de Salud de Veracruz (<\/span><i><span data-contrast=\"auto\">Sesver<\/span><\/i><span data-contrast=\"auto\">).<\/span><span data-ccp-props=\"{&quot;201341983&quot;:0,&quot;335559739&quot;:0,&quot;335559740&quot;:240}\">\u00a0<\/span><\/p>\n<p><span data-contrast=\"auto\">El documento suscr<\/span><span data-contrast=\"auto\">ito en la sala de juntas de la R<\/span><span data-contrast=\"auto\">ector\u00eda sienta las bases para la realizaci\u00f3n de acciones relacionadas con las pr\u00e1cticas profesionales, servicio social, internado m\u00e9dico de pregrado y residencias m\u00e9dicas, \u201ccon miras a formar profesionales serios y comprometidos que pongan sus conocimientos al servicio de una sociedad que hoy, m\u00e1s que nunca, necesita de una buena atenci\u00f3n m\u00e9dica\u201d, dijo <\/span><span data-contrast=\"auto\">Sara <\/span><span data-contrast=\"auto\">Ladr\u00f3n de Guevara.<\/span><span data-ccp-props=\"{&quot;201341983&quot;:0,&quot;335559739&quot;:0,&quot;335559740&quot;:240}\">\u00a0<\/span><\/p>\n<p><span data-contrast=\"auto\">Para ello, refiri\u00f3 que <\/span><i><span data-contrast=\"auto\">Sesver<\/span><\/i> <span data-contrast=\"auto\">facilitar\u00e1 a los alumnos matriculados en las diversas escuelas, institutos y planteles educativos, as\u00ed <\/span><span data-contrast=\"auto\">como a profesores e investigadores de la UV, el acceso a las instalaciones hospitalarias para la realizaci\u00f3n de las actividades que contemplan los programas de estudio tanto de T\u00e9cni<\/span><span data-contrast=\"auto\">co Superior Universitario (TSU)<\/span><span data-contrast=\"auto\"> como de licenciatura y posgrado.<\/span><span data-ccp-props=\"{&quot;201341983&quot;:0,&quot;335559739&quot;:0,&quot;335559740&quot;:240}\">\u00a0<\/span><\/p>\n<p><span data-contrast=\"auto\">La <\/span><span data-contrast=\"auto\">R<\/span><span data-contrast=\"auto\">ectora expres\u00f3 su seguridad de que la materi<\/span><span data-contrast=\"auto\">alizaci\u00f3n del convenio suscrito<\/span><span data-contrast=\"auto\"> reflejar\u00e1 beneficios para la poblaci\u00f3n veracruzana<\/span><span data-contrast=\"auto\">, la cual<\/span><span data-contrast=\"auto\"> \u201cver\u00e1 que los servicios en materia de salud mejoran y que su propio estado de salud conoce nuevos y mejores avances\u201d.<\/span><span data-ccp-props=\"{&quot;201341983&quot;:0,&quot;335559739&quot;:0,&quot;335559740&quot;:240}\">\u00a0<\/span><\/p>\n<p><span data-contrast=\"auto\">Por su parte<\/span><span data-contrast=\"auto\">,<\/span><span data-contrast=\"auto\"> el secretario Ramos <\/span><span data-contrast=\"auto\">Alor<\/span><span data-contrast=\"auto\"> extern\u00f3 su compromiso de elevar la calidad de los espacios cl\u00ednicos con los que cuenta <\/span><i><span data-contrast=\"auto\">Sesver<\/span><\/i><span data-contrast=\"auto\">, que se traduce en 60 hospitales, seis de ellos de alta especialidad, 700 centros de salud y 11 jurisdicciones sanitarias.<\/span><span data-ccp-props=\"{&quot;201341983&quot;:0,&quot;335559739&quot;:0,&quot;335559740&quot;:240}\">\u00a0<\/span><\/p>\n<p><span data-contrast=\"auto\">\u201c<\/span><span data-contrast=\"auto\">N<\/span><span data-contrast=\"auto\">uestra <\/span><span data-contrast=\"auto\">tarea es que los alumnos de la U<\/span><span data-contrast=\"auto\">V <\/span><span data-contrast=\"auto\">vayan a hospitales certificados, de elevado nivel acad\u00e9mico y cient\u00edfico, en donde la <\/span><span data-contrast=\"auto\">disciplina, la investigaci\u00f3n, la ciencia y la educaci\u00f3n m\u00e9dica sean ejes rectores, <\/span><span data-contrast=\"auto\">aprendan <\/span><span data-contrast=\"auto\">alta medicina y un alto nivel de especialid<\/span><span data-contrast=\"auto\">ades.\u201d<\/span><span data-ccp-props=\"{&quot;201341983&quot;:0,&quot;335559739&quot;:0,&quot;335559740&quot;:240}\">\u00a0<\/span><\/p>\n<p><span data-contrast=\"auto\">Puntualiz\u00f3 que los hospitales son espacios cl\u00ednicos con una trascendencia q<\/span><span data-contrast=\"auto\">ue marca la vida de los m\u00e9dicos;<\/span><span data-contrast=\"auto\"> \u201ces decir, la Secretar\u00eda<\/span><span data-contrast=\"auto\"> de Salud<\/span><span data-contrast=\"auto\"> juega un papel importante en la formaci\u00f3n de cient\u00edficos, investigadores y del personal m\u00e9dico para trabajar en favor de la<\/span><span data-contrast=\"auto\">s<\/span><span data-contrast=\"auto\"> familias\u201d.<\/span><span data-ccp-props=\"{&quot;201341983&quot;:0,&quot;335559739&quot;:0,&quot;335559740&quot;:240}\">\u00a0<\/span><\/p>\n<p><span data-contrast=\"auto\">En el convenio qued\u00f3 establecido que la UV tendr\u00e1 a su cargo la organizaci\u00f3n de conferencias, actividades de difusi\u00f3n, capacitaci\u00f3n e investigaci\u00f3n que ambas partes acuerden, y en materia de investigaci\u00f3n impulsar\u00e1 proyectos conjuntos a trav\u00e9s de sus facultades, escuelas e institutos, as\u00ed como el intercambio de informaci\u00f3n que contribuya a dar cumplimiento al documento.<\/span><span data-ccp-props=\"{&quot;201341983&quot;:0,&quot;335559739&quot;:0,&quot;335559740&quot;:240}\">\u00a0<\/span><\/p>\n<p><span data-contrast=\"auto\">Estuvieron presentes en <\/span><span data-contrast=\"auto\">la<\/span><span data-contrast=\"auto\"> firma, por la UV: Salvador Tapia <\/span><span data-contrast=\"auto\">Spinoso<\/span><span data-contrast=\"auto\">, secretario de Administraci\u00f3n y Fin<\/span><span data-contrast=\"auto\">anzas; Alberto Islas Reyes, a<\/span><span data-contrast=\"auto\">bogado general, as\u00ed como directores generales de las <\/span><span data-contrast=\"auto\">\u00e1<\/span><span data-contrast=\"auto\">reas <\/span><span data-contrast=\"auto\">a<\/span><span data-contrast=\"auto\">cad\u00e9micas y de las entidades universitarias integrantes de las <\/span><span data-contrast=\"auto\">c<\/span><span data-contrast=\"auto\">iencias de la <\/span><span data-contrast=\"auto\">s<\/span><span data-contrast=\"auto\">alud.<\/span><span data-ccp-props=\"{&quot;201341983&quot;:0,&quot;335559739&quot;:0,&quot;335559740&quot;:240}\">\u00a0<\/span><\/p>\n<p><span data-contrast=\"auto\">Por <\/span><i><span data-contrast=\"auto\">Sesver<\/span><\/i><span data-contrast=\"auto\">: Mario Alberto Amat <\/span><span data-contrast=\"auto\">Traconis<\/span><span data-contrast=\"auto\">, director de Atenci\u00f3n M\u00e9dica; A\u00edda Ver\u00f3nica Blanco Cornejo, subdirectora de Ense\u00f1anza, Investigaci\u00f3n y Capacitaci\u00f3n; Marcos Juli\u00e1n Barradas Vel\u00e1squez, jefe del Departamento de Posgrado e Investigaci\u00f3n, y Victoria Montoya Le\u00f3n, coordinadora de Vinculaci\u00f3n Acad\u00e9mica.<\/span><span data-ccp-props=\"{&quot;201341983&quot;:0,&quot;335559731&quot;:708,&quot;335559739&quot;:0,&quot;335559740&quot;:240}\">\u00a0<\/span><\/p>\n<p>&nbsp;<\/p>\n<div id=\"attachment_64882\" style=\"width: 732px\" class=\"wp-caption aligncenter\"><a href=\"https:\/\/www.uv.mx\/prensa\/files\/2019\/03\/260319-UV-y-Sesver-suscribieron-convenio-2.jpg\"><img loading=\"lazy\" decoding=\"async\" aria-describedby=\"caption-attachment-64882\" class=\"size-full wp-image-64882\" src=\"https:\/\/www.uv.mx\/prensa\/files\/2019\/03\/260319-UV-y-Sesver-suscribieron-convenio-2.jpg\" alt=\"\" width=\"722\" height=\"482\" srcset=\"https:\/\/www.uv.mx\/prensa\/files\/2019\/03\/260319-UV-y-Sesver-suscribieron-convenio-2.jpg 722w, https:\/\/www.uv.mx\/prensa\/files\/2019\/03\/260319-UV-y-Sesver-suscribieron-convenio-2-300x200.jpg 300w\" sizes=\"auto, (max-width: 722px) 100vw, 722px\" \/><\/a><p id=\"caption-attachment-64882\" class=\"wp-caption-text\">La rectora Sara Ladr\u00f3n de Guevara y el secretario de Salud, Roberto Ramos Alor, con su equipo de colaboradores en la firma del convenio<\/p><\/div>\n","protected":false},"excerpt":{"rendered":"<p>La UV tendr\u00e1 a su cargo la organizaci\u00f3n de conferencias, actividades de difusi\u00f3n, capacitaci\u00f3n e investigaci\u00f3n que ambas partes acuerden <\/p>\n","protected":false},"author":1508,"featured_media":64892,"comment_status":"closed","ping_status":"closed","sticky":false,"template":"","format":"standard","meta":{"footnotes":""},"categories":[61],"tags":[],"class_list":["post-64877","post","type-post","status-publish","format-standard","has-post-thumbnail","hentry","category-banner"],"_links":{"self":[{"href":"https:\/\/www.uv.mx\/prensa\/wp-json\/wp\/v2\/posts\/64877","targetHints":{"allow":["GET"]}}],"collection":[{"href":"https:\/\/www.uv.mx\/prensa\/wp-json\/wp\/v2\/posts"}],"about":[{"href":"https:\/\/www.uv.mx\/prensa\/wp-json\/wp\/v2\/types\/post"}],"author":[{"embeddable":true,"href":"https:\/\/www.uv.mx\/prensa\/wp-json\/wp\/v2\/users\/1508"}],"replies":[{"embeddable":true,"href":"https:\/\/www.uv.mx\/prensa\/wp-json\/wp\/v2\/comments?post=64877"}],"version-history":[{"count":0,"href":"https:\/\/www.uv.mx\/prensa\/wp-json\/wp\/v2\/posts\/64877\/revisions"}],"wp:featuredmedia":[{"embeddable":true,"href":"https:\/\/www.uv.mx\/prensa\/wp-json\/wp\/v2\/media\/64892"}],"wp:attachment":[{"href":"https:\/\/www.uv.mx\/prensa\/wp-json\/wp\/v2\/media?parent=64877"}],"wp:term":[{"taxonomy":"category","embeddable":true,"href":"https:\/\/www.uv.mx\/prensa\/wp-json\/wp\/v2\/categories?post=64877"},{"taxonomy":"post_tag","embeddable":true,"href":"https:\/\/www.uv.mx\/prensa\/wp-json\/wp\/v2\/tags?post=64877"}],"curies":[{"name":"wp","href":"https:\/\/api.w.org\/{rel}","templated":true}]}}