{"id":64874,"date":"2019-03-26T15:03:58","date_gmt":"2019-03-26T21:03:58","guid":{"rendered":"https:\/\/www.uv.mx\/prensa\/?p=64874"},"modified":"2019-03-27T10:42:38","modified_gmt":"2019-03-27T16:42:38","slug":"uv-inauguro-sala-de-la-francofonia-en-la-region-poza-rica","status":"publish","type":"post","link":"https:\/\/www.uv.mx\/prensa\/regiones\/poza-rica\/uv-inauguro-sala-de-la-francofonia-en-la-region-poza-rica\/","title":{"rendered":"UV inaugur\u00f3 Sala de la Francofon\u00eda en la regi\u00f3n Poza Rica"},"content":{"rendered":"<ul>\n<li data-leveltext=\"\uf0b7\" data-font=\"Symbol\" data-listid=\"1\" data-aria-posinset=\"1\" data-aria-level=\"1\"><i><span data-contrast=\"auto\">Es el primer espacio de su tipo en Latinoam\u00e9rica y en M\u00e9xico<\/span><\/i><i><span data-contrast=\"auto\">\u00a0<\/span><\/i><span data-ccp-props=\"{&quot;134233279&quot;:true}\">\u00a0<\/span><\/li>\n<li data-leveltext=\"\uf0b7\" data-font=\"Symbol\" data-listid=\"1\" data-aria-posinset=\"2\" data-aria-level=\"1\"><i><span data-contrast=\"auto\">F<\/span><\/i><i><span data-contrast=\"auto\">ue auspiciado por la Red de la Francofon\u00eda de las Am\u00e9ricas, adscrita a la Agencia Universitaria de la Francofon\u00eda<\/span><\/i><span data-ccp-props=\"{&quot;134233279&quot;:true}\">\u00a0<\/span><\/li>\n<li data-leveltext=\"\uf0b7\" data-font=\"Symbol\" data-listid=\"1\" data-aria-posinset=\"3\" data-aria-level=\"1\"><i><span data-contrast=\"auto\">Fortalecer\u00e1 diversos proyectos ya en marcha como la convocatoria de <\/span><\/i><span data-contrast=\"auto\">Mexfitec<\/span> <i><span data-contrast=\"auto\">y la colaboraci\u00f3n co<\/span><\/i><i><span data-contrast=\"auto\">n las universidades de Nantes y Que<\/span><\/i><i><span data-contrast=\"auto\">bec<\/span><\/i><span data-ccp-props=\"{&quot;134233279&quot;:true}\">\u00a0<\/span><\/li>\n<\/ul>\n<p>&nbsp;<\/p>\n<div id=\"attachment_64875\" style=\"width: 732px\" class=\"wp-caption aligncenter\"><a href=\"https:\/\/www.uv.mx\/prensa\/files\/2019\/03\/260319-sala-de-la-francofonia-1.jpg\"><img loading=\"lazy\" decoding=\"async\" aria-describedby=\"caption-attachment-64875\" class=\"size-full wp-image-64875\" src=\"https:\/\/www.uv.mx\/prensa\/files\/2019\/03\/260319-sala-de-la-francofonia-1.jpg\" alt=\"\" width=\"722\" height=\"481\" srcset=\"https:\/\/www.uv.mx\/prensa\/files\/2019\/03\/260319-sala-de-la-francofonia-1.jpg 722w, https:\/\/www.uv.mx\/prensa\/files\/2019\/03\/260319-sala-de-la-francofonia-1-300x200.jpg 300w\" sizes=\"auto, (max-width: 722px) 100vw, 722px\" \/><\/a><p id=\"caption-attachment-64875\" class=\"wp-caption-text\">Autoridades de la UV y de la Refra-AUF inauguraron la nueva sala en Poza Rica<\/p><\/div>\n<p>&nbsp;<\/p>\n<p><b><i><span data-contrast=\"auto\">D<\/span><\/i><\/b><b><i><span data-contrast=\"auto\">avid Sandoval Rodr\u00edguez<\/span><\/i><\/b><span data-ccp-props=\"{}\">\u00a0<\/span><\/p>\n<p><b><i><span data-contrast=\"auto\">26\/03\/19, <\/span><\/i><\/b><b><i><span data-contrast=\"auto\">Poza Rica, Ver.-<\/span><\/i><\/b><span data-contrast=\"auto\"> La Universidad Veracruzana (UV) es la primera instituci\u00f3n en Am\u00e9rica Latina que<\/span><span data-contrast=\"auto\"> cuenta con una S<\/span><span data-contrast=\"auto\">ala de la <\/span><span data-contrast=\"auto\">F<\/span><span data-contrast=\"auto\">rancofon\u00eda<\/span><span data-contrast=\"auto\"> gracias al apoyo de la Red de la <\/span><span data-contrast=\"auto\">Francofon\u00eda<\/span><span data-contrast=\"auto\"> de las Am\u00e9ricas<\/span><span data-contrast=\"auto\"> (<\/span><i><span data-contrast=\"auto\">Refra<\/span><\/i><span data-contrast=\"auto\">)<\/span><span data-contrast=\"auto\">, perteneciente a la Agenci<\/span><span data-contrast=\"auto\">a Universitaria<\/span><span data-contrast=\"auto\"> de la <\/span><span data-contrast=\"auto\">Franco<\/span><span data-contrast=\"auto\">fon\u00eda<\/span> <span data-contrast=\"auto\">(AUF).<\/span><span data-ccp-props=\"{}\">\u00a0<\/span><\/p>\n<p><span data-contrast=\"auto\">La sala se ubica <\/span><span data-contrast=\"auto\">en <\/span><span data-contrast=\"auto\">el Centro de <\/span><span data-contrast=\"auto\">Autoacceso<\/span><span data-contrast=\"auto\"> del Centro de Idiomas de <\/span><span data-contrast=\"auto\">la Unidad de Servicios Bibliotecar<\/span><span data-contrast=\"auto\">ios y de Informaci\u00f3n (USBI) de la regi<\/span><span data-contrast=\"auto\">\u00f3n Poza Rica-Tuxpan.<\/span><span data-ccp-props=\"{}\">\u00a0<\/span><\/p>\n<p><span data-contrast=\"auto\">En la ceremonia inaugural, celebrada en la sala de videoconferencia<\/span><span data-contrast=\"auto\">s<\/span><span data-contrast=\"auto\"> de la USBI, estuvieron representantes de la red y autoridades universitarias encabezadas por la rectora Sara Ladr\u00f3n de Guevara.<\/span><span data-ccp-props=\"{&quot;335559731&quot;:708}\">\u00a0<\/span><\/p>\n<p><span data-contrast=\"auto\">El acto que hoy nos congrega, puntualiz\u00f3<\/span><span data-contrast=\"auto\"> la rectora<\/span><span data-contrast=\"auto\">, \u201ces un excelente ejemplo de trabajo en colaboraci\u00f3n, de solidaridad y generosidad, de preocupaci\u00f3n e inter\u00e9s por mejorar la educaci\u00f3n superior y en particular la ense\u00f1anza del idioma franc\u00e9s, as\u00ed como fortalecer lazos entre pueblos hermanos\u201d.<\/span><span data-ccp-props=\"{}\">\u00a0<\/span><\/p>\n<p><span data-contrast=\"auto\">Explic\u00f3<\/span><span data-contrast=\"auto\"> que <\/span><span data-contrast=\"auto\">es<\/span><span data-contrast=\"auto\">te<\/span><span data-contrast=\"auto\"> evento <\/span><span data-contrast=\"auto\">forma parte de <\/span><span data-contrast=\"auto\">una larga serie de afortunados acontecimientos que inici\u00f3 en 2015, cuando esta casa de estudios present\u00f3 su solicitud para convertirse en miembro de la AUF<\/span><span data-contrast=\"auto\">; a partir de entonces la UV ha cumplido con sus obligaciones y ha participado en sus eventos.<\/span><span data-ccp-props=\"{}\">\u00a0<\/span><\/p>\n<p><span data-contrast=\"auto\">Subray\u00f3 que la Universidad Veracruzana fue invitada por la AUF para formar parte de la <\/span><i><span data-contrast=\"auto\">Refra<\/span><\/i><span data-contrast=\"auto\">, <\/span><span data-contrast=\"auto\">lo cual <\/span><span data-contrast=\"auto\">\u201cconstituye una verdadera distinci\u00f3n, si consideramos que s\u00f3lo cinco universidades de 44 instituciones latinoamericanas fueron seleccionadas\u201d.<\/span><span data-ccp-props=\"{&quot;335559731&quot;:708}\">\u00a0<\/span><\/p>\n<p><span data-contrast=\"auto\">Por otro lado,<\/span><span data-contrast=\"auto\"> Sara <\/span><span data-contrast=\"auto\">Ladr\u00f3n de Guevara expres\u00f3<\/span><span data-contrast=\"auto\">:<\/span> <span data-contrast=\"auto\">\u201c<\/span><span data-contrast=\"auto\">T<\/span><span data-contrast=\"auto\">uvimos la claridad de hacerlo aqu\u00ed en Poza Rica por una certeza: el entusiasmo <\/span><span data-contrast=\"auto\">de los estudiantes en el aprendizaje de las lenguas y por el esfuerzo de internacionalizaci\u00f3n que est\u00e1n llevando a cabo\u201d<\/span><span data-contrast=\"auto\">.<\/span><span data-ccp-props=\"{&quot;335559731&quot;:708}\">\u00a0<\/span><\/p>\n<p><span data-contrast=\"auto\">Al dirigir un mensaje, <\/span><span data-contrast=\"auto\">Abderrahmane<\/span> <span data-contrast=\"auto\">Rida<\/span><span data-contrast=\"auto\">, v<\/span><span data-contrast=\"auto\">icerrector y director regional <\/span><span data-contrast=\"auto\">de las <\/span><span data-contrast=\"auto\">Am\u00e9ricas de la AUF<\/span><span data-contrast=\"auto\">, <\/span><span data-contrast=\"auto\">destac\u00f3 la organizaci\u00f3n y profesionalismo de la UV, lo que le permiti\u00f3 ser la primera en Latinoam\u00e9ri<\/span><span data-contrast=\"auto\">ca en ser sede de la sala <\/span><i><span data-contrast=\"auto\">Refra<\/span><\/i><span data-contrast=\"auto\">&#8211;<\/span><span data-contrast=\"auto\">AUF.<\/span><span data-ccp-props=\"{&quot;335559731&quot;:708}\">\u00a0<\/span><\/p>\n<p>&nbsp;<\/p>\n<div id=\"attachment_64887\" style=\"width: 732px\" class=\"wp-caption aligncenter\"><a href=\"https:\/\/www.uv.mx\/prensa\/files\/2019\/03\/260319-sala-de-la-francofonia-2.jpg\"><img loading=\"lazy\" decoding=\"async\" aria-describedby=\"caption-attachment-64887\" class=\"size-full wp-image-64887\" src=\"https:\/\/www.uv.mx\/prensa\/files\/2019\/03\/260319-sala-de-la-francofonia-2.jpg\" alt=\"\" width=\"722\" height=\"481\" srcset=\"https:\/\/www.uv.mx\/prensa\/files\/2019\/03\/260319-sala-de-la-francofonia-2.jpg 722w, https:\/\/www.uv.mx\/prensa\/files\/2019\/03\/260319-sala-de-la-francofonia-2-300x200.jpg 300w\" sizes=\"auto, (max-width: 722px) 100vw, 722px\" \/><\/a><p id=\"caption-attachment-64887\" class=\"wp-caption-text\">La rectora Sara Ladr\u00f3n de Guevara subray\u00f3 el entusiasmo por el aprendizaje de otras lenguas en la regi\u00f3n Poza Rica-Tuxpan<\/p><\/div>\n<p>&nbsp;<\/p>\n<p><span data-contrast=\"auto\">Este espacio animar\u00e1 no s\u00f3lo a los profesores sino tambi\u00e9n a los alumnos, promoviendo no una gram\u00e1tica sino una pedagog\u00eda del franc\u00e9s, mediante la plataforma tecnol\u00f3gica que incorpora a la ense\u00f1anza.<\/span><span data-ccp-props=\"{}\">\u00a0<\/span><\/p>\n<p><span data-contrast=\"auto\">Por tal motivo, felicit\u00f3 a la Rectora y a su equipo de trabaj<\/span><span data-contrast=\"auto\">o \u201cpor su calidad y liderazgo; \u00e9<\/span><span data-contrast=\"auto\">ste es un primer paso para nuestra red, que no es de espacios, sino de personas\u201d.<\/span><span data-ccp-props=\"{&quot;335559731&quot;:708}\">\u00a0<\/span><\/p>\n<p><span data-contrast=\"auto\">Destac\u00f3 que la AUF cuenta con 102 miembros y para la selecci\u00f3n de sede de la <\/span><span data-contrast=\"auto\">sala <\/span><i><span data-contrast=\"auto\">Refra<\/span><\/i><span data-contrast=\"auto\">&#8211;<\/span><span data-contrast=\"auto\">AUF se eligieron a cinco de 44 universidades socias, siendo la UV la primera en contar con el espacio.<\/span><span data-ccp-props=\"{&quot;335559731&quot;:708}\">\u00a0<\/span><\/p>\n<p><span data-contrast=\"auto\">Stephanie <\/span><span data-contrast=\"auto\">Allard-Gomez<\/span><span data-contrast=\"auto\">, delegada general de Que<\/span><span data-contrast=\"auto\">bec en M\u00e9xico<\/span><span data-contrast=\"auto\">,<\/span><span data-contrast=\"auto\"> dijo que esta sala de la <\/span><i><span data-contrast=\"auto\">Refra<\/span><\/i><span data-contrast=\"auto\">&#8211;<\/span><span data-contrast=\"auto\">AUF llega en el mejor momento, al ser marzo el mes de la <\/span><span data-contrast=\"auto\">francofon\u00eda<\/span><span data-contrast=\"auto\">, \u201cnos permite resaltar la fortaleza de la lengua y los valores comunes de nuestras sociedades\u201d.<\/span><span data-ccp-props=\"{&quot;335559731&quot;:708}\">\u00a0<\/span><\/p>\n<p><span data-contrast=\"auto\">D<\/span><span data-contrast=\"auto\">etall\u00f3 que <\/span><span data-contrast=\"auto\">350 mil mexicanos estudian franc\u00e9s, lo que demuestra una cercan\u00eda entre ambas lenguas y <\/span><span data-contrast=\"auto\">agreg\u00f3<\/span><span data-contrast=\"auto\"> que la red <\/span><i><span data-contrast=\"auto\">Refra<\/span><\/i> <span data-contrast=\"auto\">contar\u00e1 con espacios en cinco universidades latinoamericanas<\/span><span data-contrast=\"auto\">, en Argentina, Bolivia, Brasil, Per\u00fa y M\u00e9xico,<\/span><span data-contrast=\"auto\"> siendo la UV <\/span><span data-contrast=\"auto\">la \u00fanica en el pa\u00eds con tal recinto<\/span><span data-contrast=\"auto\">.<\/span><span data-ccp-props=\"{}\">\u00a0<\/span><\/p>\n<p><span data-contrast=\"auto\">En est<\/span><span data-contrast=\"auto\">a aula <\/span><span data-contrast=\"auto\">se capacitar\u00e1n profesores y se planificar\u00e1n actividades a lo largo del a\u00f1o, mediante las cuales se promover\u00e1n conferencias en l\u00ednea y eventos acad\u00e9micos<\/span><span data-contrast=\"auto\">,<\/span><span data-contrast=\"auto\"> as\u00ed como <\/span><span data-contrast=\"auto\">cotutelas<\/span><span data-contrast=\"auto\"> de tesis.<\/span><span data-ccp-props=\"{}\">\u00a0<\/span><\/p>\n<p><span data-contrast=\"auto\">\u201cLa inauguraci\u00f3n de este espacio es un paso importante para seguir reforzando la <\/span><span data-contrast=\"auto\">francofon\u00eda<\/span><span data-contrast=\"auto\"> en M\u00e9xico y en toda <\/span><span data-contrast=\"auto\">Am\u00e9rica<\/span><span data-contrast=\"auto\">\u201d, dijo.<\/span><span data-ccp-props=\"{}\">\u00a0<\/span><\/p>\n<p><span data-contrast=\"auto\">Mario Oliva Su\u00e1rez, director general de Relaciones Internacionales (DGRI) de la UV, remarc\u00f3 que e<\/span><span data-contrast=\"auto\">l <\/span><span data-contrast=\"auto\">esfuerzo conjunto entre esta casa de estudios y la AUF \u201ces un s\u00edmbolo de lo que queremos y hacia d\u00f3nde estamos yendo en la estrategia de internacionalizaci\u00f3n de nuestra Universidad\u201d.<\/span><span data-ccp-props=\"{&quot;335559731&quot;:708}\">\u00a0<\/span><\/p>\n<p>&nbsp;<\/p>\n<div id=\"attachment_64890\" style=\"width: 732px\" class=\"wp-caption aligncenter\"><a href=\"https:\/\/www.uv.mx\/prensa\/files\/2019\/03\/260319-sala-de-la-francofonia-3.jpg\"><img loading=\"lazy\" decoding=\"async\" aria-describedby=\"caption-attachment-64890\" class=\"size-full wp-image-64890\" src=\"https:\/\/www.uv.mx\/prensa\/files\/2019\/03\/260319-sala-de-la-francofonia-3.jpg\" alt=\"\" width=\"722\" height=\"481\" srcset=\"https:\/\/www.uv.mx\/prensa\/files\/2019\/03\/260319-sala-de-la-francofonia-3.jpg 722w, https:\/\/www.uv.mx\/prensa\/files\/2019\/03\/260319-sala-de-la-francofonia-3-300x200.jpg 300w\" sizes=\"auto, (max-width: 722px) 100vw, 722px\" \/><\/a><p id=\"caption-attachment-64890\" class=\"wp-caption-text\">Abderrahmane Rida, director regional de la AUF, dijo que la UV es la primera en Latinoam\u00e9rica en contar con una sala de este tipo<\/p><\/div>\n<p>&nbsp;<\/p>\n<p><span data-contrast=\"auto\">En dicha estrategia se trabaja fuertemente con Francia, con l<\/span><span data-contrast=\"auto\">a Universidad de Nantes, con Que<\/span><span data-contrast=\"auto\">bec se tienen varios proyectos <\/span><span data-contrast=\"auto\">como <\/span><span data-contrast=\"auto\">\u201c24 horas de innovaci\u00f3n\u201d<\/span><span data-contrast=\"auto\"> en el que un equipo de esta<\/span><span data-contrast=\"auto\"> regi\u00f3n obtuvo el primer lugar a nivel Norteam\u00e9rica.<\/span><span data-ccp-props=\"{&quot;335559731&quot;:708}\">\u00a0<\/span><\/p>\n<p><span data-contrast=\"auto\">Con la puesta en marcha de <\/span><span data-contrast=\"auto\">la<\/span><span data-contrast=\"auto\"> sala <\/span><i><span data-contrast=\"auto\">Refra<\/span><\/i><span data-contrast=\"auto\">-AUF <\/span><span data-contrast=\"auto\">se impulsa la formaci\u00f3n de los j\u00f3venes y \u201csin duda va a ser la mejor aula de lenguas en la UV; esto implica un gran reconocimiento y una gran responsabilidad de la regi\u00f3n, del Centro de Idiomas y las profesoras responsables<\/span><span data-contrast=\"auto\"> de la sala\u201d<\/span><span data-contrast=\"auto\">, dijo.<\/span><span data-ccp-props=\"{&quot;335559731&quot;:708}\">\u00a0<\/span><\/p>\n<p><span data-contrast=\"auto\">En su mensaje de bienvenida, <\/span><span data-contrast=\"auto\">Jos\u00e9 Luis Alan\u00eds M\u00e9ndez, vicerrector de la regi\u00f3n Poza Rica-Tuxpan<\/span><span data-contrast=\"auto\">, <\/span><span data-contrast=\"auto\">recalc\u00f3 que \u201c<\/span><span data-contrast=\"auto\">con esta sala nos encontraremos dentro de la red de centros digitales del franc\u00e9s dedicados a su ense\u00f1anza y permitir\u00e1 la conexi\u00f3n entre acad\u00e9micos, apoyando as\u00ed el crecimiento del franc\u00e9s en Am\u00e9rica Latina<\/span><span data-contrast=\"auto\">\u201d<\/span><span data-contrast=\"auto\">.<\/span><span data-ccp-props=\"{&quot;335559731&quot;:708}\">\u00a0<\/span><\/p>\n<p><span data-contrast=\"auto\">Record\u00f3 tambi\u00e9n que e<\/span><span data-contrast=\"auto\">l Centro de Idiomas de Poza Rica ha sido un importante <\/span><span data-contrast=\"auto\">centro de ense\u00f1anza de franc\u00e9s y <\/span><span data-contrast=\"auto\">se ha visto reflejado en proyectos como la convocatoria <\/span><span data-contrast=\"auto\">del programa \u201cM\u00e9xico Francia Ingenieros Tecnolog\u00eda (<\/span><i><span data-contrast=\"auto\">M<\/span><\/i><i><span data-contrast=\"auto\">exfitec<\/span><\/i><span data-contrast=\"auto\">)<\/span><span data-contrast=\"auto\">, que ha permitido desde sus inicios una movilidad relevante en el campo de la ingenier\u00eda.<\/span><span data-ccp-props=\"{&quot;335559731&quot;:708}\">\u00a0<\/span><\/p>\n<p><span data-contrast=\"auto\">As\u00ed, puntualiz\u00f3 el Vicerrector, \u201cesta regi\u00f3n universitaria reafirma su compromiso con el Programa de Trabajo Estrat\u00e9gico 2017-2021, \u2018Pertenencia y Pertinencia\u2019, en el eje 2 referente a la internacionalizaci\u00f3n y la vinculaci\u00f3n con responsabilidad social\u201d.<\/span><span data-ccp-props=\"{&quot;335559731&quot;:708}\">\u00a0<\/span><\/p>\n<p><span data-contrast=\"auto\">En el estrado se cont\u00f3 con la presencia de <\/span><span data-contrast=\"auto\">Auro<\/span><span data-contrast=\"auto\">ra Galicia Badillo, secretaria A<\/span><span data-contrast=\"auto\">cad\u00e9mica regional<\/span><span data-contrast=\"auto\">,<\/span> <span data-contrast=\"auto\">e <\/span><span data-contrast=\"auto\">Isabelle<\/span> <span data-contrast=\"auto\">Ospital<\/span><span data-contrast=\"auto\">, responsable de proyectos y comunicaci\u00f3n en Am\u00e9rica Latina de la AUF<\/span><span data-contrast=\"auto\">.<\/span><span data-ccp-props=\"{&quot;335559731&quot;:708}\">\u00a0<\/span><\/p>\n<p><span data-contrast=\"auto\">Posteriormente, autoridades, acad\u00e9micos y estudiantes visitaron la sala <\/span><i><span data-contrast=\"auto\">Refra<\/span><\/i><span data-contrast=\"auto\">&#8211;<\/span><span data-contrast=\"auto\">AUF y conversaron con las universitarias que toman clases en el recinto, que es supervisado por las profesoras Carmen Reyes M\u00e1rquez, Luc\u00eda Imelda Cruz C\u00e1rdenas y Jessica Albania <\/span><span data-contrast=\"auto\">Donath<\/span><span data-contrast=\"auto\"> Rivera.<\/span><span data-ccp-props=\"{}\">\u00a0<\/span><\/p>\n<p>&nbsp;<\/p>\n<div id=\"attachment_64885\" style=\"width: 732px\" class=\"wp-caption aligncenter\"><a href=\"https:\/\/www.uv.mx\/prensa\/files\/2019\/03\/260319-sala-de-la-francofonia-4.jpg\"><img loading=\"lazy\" decoding=\"async\" aria-describedby=\"caption-attachment-64885\" class=\"size-full wp-image-64885\" src=\"https:\/\/www.uv.mx\/prensa\/files\/2019\/03\/260319-sala-de-la-francofonia-4.jpg\" alt=\"\" width=\"722\" height=\"481\" srcset=\"https:\/\/www.uv.mx\/prensa\/files\/2019\/03\/260319-sala-de-la-francofonia-4.jpg 722w, https:\/\/www.uv.mx\/prensa\/files\/2019\/03\/260319-sala-de-la-francofonia-4-300x200.jpg 300w\" sizes=\"auto, (max-width: 722px) 100vw, 722px\" \/><\/a><p id=\"caption-attachment-64885\" class=\"wp-caption-text\">Jos\u00e9 Luis Alan\u00eds dijo que la ense\u00f1anza del franc\u00e9s ya es un referente de la regi\u00f3n<\/p><\/div>\n","protected":false},"excerpt":{"rendered":"<p>Es la primera instituci\u00f3n en Am\u00e9rica Latina que cuenta con una sala de este tipo, gracias al apoyo de la Red de la Francofon\u00eda de las Am\u00e9ricas <\/p>\n","protected":false},"author":1508,"featured_media":64881,"comment_status":"closed","ping_status":"closed","sticky":false,"template":"","format":"standard","meta":{"footnotes":""},"categories":[54,61],"tags":[],"class_list":["post-64874","post","type-post","status-publish","format-standard","has-post-thumbnail","hentry","category-poza-rica","category-banner"],"_links":{"self":[{"href":"https:\/\/www.uv.mx\/prensa\/wp-json\/wp\/v2\/posts\/64874","targetHints":{"allow":["GET"]}}],"collection":[{"href":"https:\/\/www.uv.mx\/prensa\/wp-json\/wp\/v2\/posts"}],"about":[{"href":"https:\/\/www.uv.mx\/prensa\/wp-json\/wp\/v2\/types\/post"}],"author":[{"embeddable":true,"href":"https:\/\/www.uv.mx\/prensa\/wp-json\/wp\/v2\/users\/1508"}],"replies":[{"embeddable":true,"href":"https:\/\/www.uv.mx\/prensa\/wp-json\/wp\/v2\/comments?post=64874"}],"version-history":[{"count":0,"href":"https:\/\/www.uv.mx\/prensa\/wp-json\/wp\/v2\/posts\/64874\/revisions"}],"wp:featuredmedia":[{"embeddable":true,"href":"https:\/\/www.uv.mx\/prensa\/wp-json\/wp\/v2\/media\/64881"}],"wp:attachment":[{"href":"https:\/\/www.uv.mx\/prensa\/wp-json\/wp\/v2\/media?parent=64874"}],"wp:term":[{"taxonomy":"category","embeddable":true,"href":"https:\/\/www.uv.mx\/prensa\/wp-json\/wp\/v2\/categories?post=64874"},{"taxonomy":"post_tag","embeddable":true,"href":"https:\/\/www.uv.mx\/prensa\/wp-json\/wp\/v2\/tags?post=64874"}],"curies":[{"name":"wp","href":"https:\/\/api.w.org\/{rel}","templated":true}]}}