{"id":64847,"date":"2019-03-28T09:00:42","date_gmt":"2019-03-28T15:00:42","guid":{"rendered":"https:\/\/www.uv.mx\/prensa\/?p=64847"},"modified":"2019-03-27T21:03:19","modified_gmt":"2019-03-28T03:03:19","slug":"uv-invita-a-muestra-las-otras-educaciones-en-el-cine","status":"publish","type":"post","link":"https:\/\/www.uv.mx\/prensa\/general\/uv-invita-a-muestra-las-otras-educaciones-en-el-cine\/","title":{"rendered":"UV invita a muestra <em>Las otras educaciones en el cine<\/em>"},"content":{"rendered":"<ul>\n<li data-leveltext=\"\uf0b7\" data-font=\"Symbol\" data-listid=\"5\" data-aria-posinset=\"1\" data-aria-level=\"1\"><i><span data-contrast=\"auto\">Del 1 al 3 de abril se proyectar\u00e1n <\/span><\/i><i><span data-contrast=\"auto\">dos<\/span><\/i><i><span data-contrast=\"auto\"> largometrajes y <\/span><\/i><i><span data-contrast=\"auto\">seis<\/span><\/i><i><span data-contrast=\"auto\"> cortometrajes<\/span><\/i> <i><span data-contrast=\"auto\">que abordan <\/span><\/i><i><span data-contrast=\"auto\">procesos educativos en contextos de diversidad y de desigualdades<\/span><\/i><\/li>\n<\/ul>\n<p>&nbsp;<\/p>\n<div id=\"attachment_64821\" style=\"width: 732px\" class=\"wp-caption aligncenter\"><a href=\"https:\/\/www.uv.mx\/prensa\/files\/2019\/03\/250319-Las-otras-educaciones-en-el-cine-1.jpg\"><img loading=\"lazy\" decoding=\"async\" aria-describedby=\"caption-attachment-64821\" class=\"size-full wp-image-64821\" src=\"https:\/\/www.uv.mx\/prensa\/files\/2019\/03\/250319-Las-otras-educaciones-en-el-cine-1.jpg\" alt=\"\" width=\"722\" height=\"481\" srcset=\"https:\/\/www.uv.mx\/prensa\/files\/2019\/03\/250319-Las-otras-educaciones-en-el-cine-1.jpg 722w, https:\/\/www.uv.mx\/prensa\/files\/2019\/03\/250319-Las-otras-educaciones-en-el-cine-1-300x200.jpg 300w\" sizes=\"auto, (max-width: 722px) 100vw, 722px\" \/><\/a><p id=\"caption-attachment-64821\" class=\"wp-caption-text\">Bruno Baronnet y Rodrigo Z\u00e1rate<\/p><\/div>\n<p>&nbsp;<\/p>\n<p><b><i><span data-contrast=\"auto\">Carlos Hugo Hermida Rosales<\/span><\/i><\/b><span data-ccp-props=\"{}\">\u00a0<\/span><\/p>\n<p><b><i><span data-contrast=\"auto\">28\/03\/<\/span><\/i><\/b><b><i><span data-contrast=\"auto\">19<\/span><\/i><\/b><b><i><span data-contrast=\"auto\">,<\/span><\/i><\/b> <b><i><span data-contrast=\"auto\">Xalapa, Ver.<\/span><\/i><\/b><b><i><span data-contrast=\"auto\">&#8211;<\/span><\/i><\/b> <span data-contrast=\"auto\">La Universidad Veracruzana (UV) <\/span><span data-contrast=\"auto\">realizar\u00e1 del 1 al 3 de abril<\/span><span data-contrast=\"auto\"> el c<\/span><span data-contrast=\"auto\">iclo de cine-conversatorios<\/span> <i><span data-contrast=\"auto\">Primera Muestra: Las <\/span><\/i><i><span data-contrast=\"auto\">o<\/span><\/i><i><span data-contrast=\"auto\">tras <\/span><\/i><i><span data-contrast=\"auto\">e<\/span><\/i><i><span data-contrast=\"auto\">ducaciones en el <\/span><\/i><i><span data-contrast=\"auto\">c<\/span><\/i><i><span data-contrast=\"auto\">ine<\/span><\/i><span data-contrast=\"auto\"> sobre procesos educativos en contextos de diversidad y de desigualdades<\/span><span data-contrast=\"auto\">,<\/span><span data-contrast=\"auto\"> que se llevar\u00e1 a cabo en el Instituto de Investigaciones Hist\u00f3rico<\/span><span data-contrast=\"auto\">&#8211;<\/span><span data-contrast=\"auto\">Sociales (IIH-S) y en el \u00c1gora de la Ciudad.<\/span><span data-ccp-props=\"{}\">\u00a0<\/span><\/p>\n<p><span data-contrast=\"auto\">Este evento es organizado por <\/span><span data-contrast=\"auto\">la <\/span><span data-contrast=\"auto\">Especializaci\u00f3n en Estudios Cinematogr\u00e1ficos de la Facultad de Artes Pl\u00e1sticas,<\/span><span data-contrast=\"auto\"> en coordinaci\u00f3n con<\/span><span data-contrast=\"auto\"> el Instituto de Investigaciones en Educaci\u00f3n<\/span><span data-contrast=\"auto\"> (IIE)<\/span><span data-contrast=\"auto\">, la Universidad Veracruzana Intercultural<\/span><span data-contrast=\"auto\"> (UVI)<\/span><span data-contrast=\"auto\">, el Centro de Estudios de la Cultura y la Comunicaci\u00f3n<\/span><span data-contrast=\"auto\"> (CECC)<\/span><span data-contrast=\"auto\"> y el Departamento de Cinematograf\u00eda<\/span><span data-contrast=\"auto\">.<\/span><span data-ccp-props=\"{&quot;335559731&quot;:708}\">\u00a0<\/span><\/p>\n<p><span data-contrast=\"auto\">Bruno <\/span><span data-contrast=\"auto\">Baronnet<\/span><span data-contrast=\"auto\">, <\/span><span data-contrast=\"auto\">investigador<\/span><span data-contrast=\"auto\"> del IIE, <\/span><span data-contrast=\"auto\">comparti\u00f3 que esta muestra cinematogr\u00e1fica <\/span><span data-contrast=\"auto\">incluye <\/span><span data-contrast=\"auto\">dos<\/span><span data-contrast=\"auto\"> largometrajes y <\/span><span data-contrast=\"auto\">seis<\/span><span data-contrast=\"auto\"> cortometrajes documentales<\/span><span data-contrast=\"auto\"> que se proyectar\u00e1n a lo largo de tres d\u00edas.<\/span><span data-ccp-props=\"{&quot;335559731&quot;:708}\">\u00a0<\/span><\/p>\n<p><span data-contrast=\"auto\">El 1 de abril en el IIH-S <\/span><span data-contrast=\"auto\">se<\/span><span data-contrast=\"auto\"> proyectar\u00e1n los cortometrajes <\/span><i><span data-contrast=\"auto\">Ni\u00f1os caminantes del Choc\u00f3<\/span><\/i><span data-contrast=\"auto\">,<\/span><span data-contrast=\"auto\"> de Rolando Vargas, que es un<\/span><span data-contrast=\"auto\">a mirada a la vida cotidiana de ni\u00f1os <\/span><span data-contrast=\"auto\">ind\u00edgenas de la regi\u00f3n de Dari\u00e9n<\/span><span data-contrast=\"auto\">, quienes<\/span><span data-contrast=\"auto\"> deben caminar cuat<\/span><span data-contrast=\"auto\">ro horas para ir a la escuela; <\/span><i><span data-contrast=\"auto\">Simplemente una despedida<\/span><\/i><span data-contrast=\"auto\">,<\/span><span data-contrast=\"auto\"> de <\/span><span data-contrast=\"auto\">Sylvie<\/span> <span data-contrast=\"auto\">Lapointe<\/span><span data-contrast=\"auto\">, rinde homenaje al antrop\u00f3logo maya Horacio G\u00f3mez Lara; y <\/span><i><span data-contrast=\"auto\">Libko<\/span><\/i><i><span data-contrast=\"auto\">: Orgulloso de su cultura <\/span><\/i><i><span data-contrast=\"auto\">Pewenche<\/span><\/i><span data-contrast=\"auto\">,<\/span><span data-contrast=\"auto\"> de Paula G\u00f3mez Vera, muestra escenas de la vida de un ni\u00f1o ind\u00edgena chileno.<\/span><span data-ccp-props=\"{&quot;335559731&quot;:708}\">\u00a0<\/span><\/p>\n<p><span data-contrast=\"auto\">Los comentaristas de este d\u00eda ser\u00e1n <\/span><span data-contrast=\"auto\">Shantal<\/span><span data-contrast=\"auto\"> Meseguer Galv\u00e1n, investigadora de la <\/span><span data-contrast=\"auto\">UVI, y Felipe <\/span><span data-contrast=\"auto\">Curin<\/span><span data-contrast=\"auto\">, <\/span><span data-contrast=\"auto\">soci\u00f3l<\/span><span data-contrast=\"auto\">ogo mapuche; la moderaci\u00f3n estar\u00e1 a cargo d<\/span><span data-contrast=\"auto\">e Bruno <\/span><span data-contrast=\"auto\">Baronnet<\/span><span data-contrast=\"auto\">.<\/span><span data-ccp-props=\"{&quot;335559731&quot;:708}\">\u00a0<\/span><\/p>\n<p><span data-contrast=\"auto\">El 2 de abril en el \u00c1<\/span><span data-contrast=\"auto\">gora de la C<\/span><span data-contrast=\"auto\">iudad se exhibir\u00e1 <\/span><i><span data-contrast=\"auto\">Existe cuando hablas<\/span><\/i><span data-contrast=\"auto\">, cortometraje de <\/span><span data-contrast=\"auto\">Jos\u00e9 Santiago Francisco y Rodrigo Z\u00e1rate <\/span><span data-contrast=\"auto\">Moedano<\/span><span data-contrast=\"auto\"> que <\/span><span data-contrast=\"auto\">aborda <\/span><span data-contrast=\"auto\">la desaparici\u00f3n de lenguas originarias; <\/span><i><span data-contrast=\"auto\">El sembrador<\/span><\/i><span data-contrast=\"auto\">,<\/span><span data-contrast=\"auto\"> de Melissa Elizondo Moreno,<\/span> <span data-contrast=\"auto\">narra la historia de un <\/span><span data-contrast=\"auto\">maestro rural que imparte educaci\u00f3n<\/span> <span data-contrast=\"auto\">a 50 ni\u00f1os tzeltales de diversas edades.<\/span><span data-ccp-props=\"{&quot;335559731&quot;:708}\">\u00a0<\/span><\/p>\n<p><span data-contrast=\"auto\">Esta sesi\u00f3n contar\u00e1 con los comentarios de Bartolom\u00e9 V\u00e1zquez, protagonista de <\/span><i><span data-contrast=\"auto\">El <\/span><\/i><i><span data-contrast=\"auto\">s<\/span><\/i><i><span data-contrast=\"auto\">embrador<\/span><\/i><span data-contrast=\"auto\">; y <\/span><span data-contrast=\"auto\">Aleksandra<\/span> <span data-contrast=\"auto\">Jablonska<\/span><span data-contrast=\"auto\">, investigadora de la Universidad Pedag\u00f3gica Nacional Ajusco; <\/span><span data-contrast=\"auto\">la encargada de moderar <\/span><span data-contrast=\"auto\">ser\u00e1 Gloria Elena Cruz S\u00e1nchez, directora del IIE.<\/span><span data-ccp-props=\"{&quot;335559731&quot;:708}\">\u00a0<\/span><\/p>\n<p><span data-contrast=\"auto\">Finalmente<\/span><span data-contrast=\"auto\">,<\/span><span data-contrast=\"auto\"> el 3 de abril en el \u00c1gora de la <\/span><span data-contrast=\"auto\">C<\/span><span data-contrast=\"auto\">iudad se proyectar<\/span><span data-contrast=\"auto\">\u00e1<\/span><span data-contrast=\"auto\">n los <\/span><span data-contrast=\"auto\">cortometrajes<\/span><span data-contrast=\"auto\">:<\/span> <i><span data-contrast=\"auto\">Letritas para nuestras palabras<\/span><\/i><span data-contrast=\"auto\">,<\/span><span data-contrast=\"auto\"> realizado por <\/span><span data-contrast=\"auto\">Audiovisuales de los Caracoles Zapatistas y Promedios de Comunicaci\u00f3n Comunitaria<\/span><span data-contrast=\"auto\">; <\/span><i><span data-contrast=\"auto\">Una i<\/span><\/i><i><span data-contrast=\"auto\">ntroducci\u00f3n a la <\/span><\/i><i><span data-contrast=\"auto\">e<\/span><\/i><i><span data-contrast=\"auto\">ducaci\u00f3n <\/span><\/i><i><span data-contrast=\"auto\">z<\/span><\/i><i><span data-contrast=\"auto\">apatista<\/span><\/i><span data-contrast=\"auto\">, producido por la organizaci\u00f3n <\/span><span data-contrast=\"auto\">Schools<\/span> <span data-contrast=\"auto\">for<\/span><span data-contrast=\"auto\"> Chiapas<\/span><span data-contrast=\"auto\">; y el largometraje <\/span><i><span data-contrast=\"auto\">La lecci\u00f3n del caracol<\/span><\/i><span data-contrast=\"auto\">,<\/span><span data-contrast=\"auto\"> de <\/span><span data-contrast=\"auto\">Sylvie<\/span> <span data-contrast=\"auto\">Lapointe<\/span><span data-contrast=\"auto\">.<\/span><span data-ccp-props=\"{&quot;335559731&quot;:708}\">\u00a0<\/span><\/p>\n<p><span data-contrast=\"auto\">Los comentaristas ser\u00e1n <\/span><span data-contrast=\"auto\">Sylvie<\/span> <span data-contrast=\"auto\">Lapointe<\/span><span data-contrast=\"auto\"> y <\/span><span data-contrast=\"auto\">Elissa<\/span> <span data-contrast=\"auto\">Rashkin<\/span><span data-contrast=\"auto\">, investigadora del <\/span><span data-contrast=\"auto\">CECC; <\/span><span data-contrast=\"auto\">la moderaci\u00f3n correr\u00e1 a cargo de<\/span> <span data-contrast=\"auto\">Rodrigo Z\u00e1rate<\/span><span data-contrast=\"auto\">,<\/span> <span data-contrast=\"auto\">cineasta y<\/span> <span data-contrast=\"auto\">coordinador de la Especializaci\u00f3n en Estudios Cinematogr\u00e1ficos<\/span><span data-contrast=\"auto\">, quien <\/span><span data-contrast=\"auto\">mencion\u00f3<\/span> <span data-contrast=\"auto\">que <\/span><span data-contrast=\"auto\">esta muestra cinematogr\u00e1fica cuent<\/span><span data-contrast=\"auto\">a<\/span><span data-contrast=\"auto\"> con la participaci\u00f3n de especialistas en producciones cinematogr\u00e1ficas y de expertos en temas educativos, <\/span><span data-contrast=\"auto\">lo cual <\/span><span data-contrast=\"auto\">permitir\u00e1 que se realicen di\u00e1logos entre quienes saben y hacen cine, con <\/span><span data-contrast=\"auto\">aquellos que<\/span><span data-contrast=\"auto\"> dominan lo<\/span><span data-contrast=\"auto\">s temas que abordan los filmes.<\/span><span data-ccp-props=\"{}\">\u00a0<\/span><\/p>\n<p><span data-contrast=\"auto\">La muestra cinematogr\u00e1fica <\/span><i><span data-contrast=\"auto\">Primera Muestra: Las otras educaciones en el cine<\/span><\/i><span data-contrast=\"auto\">, se desarrollar\u00e1 los tres d\u00edas de 17:00 a 20:00 horas. La entrada es libre y de acceso gratuito a todo p\u00fablico. El programa completo se puede consultar en la p\u00e1gina de <\/span><i><span data-contrast=\"auto\">Facebook<\/span><\/i><span data-contrast=\"auto\">: <\/span><a href=\"https:\/\/www.facebook.com\/events\/264889754450656\/\"><span data-contrast=\"none\">https:\/\/www.facebook.com\/events\/264889754450656\/<\/span><\/a><span data-contrast=\"auto\">.<\/span><span data-ccp-props=\"{&quot;335559731&quot;:708}\">\u00a0<\/span><\/p>\n","protected":false},"excerpt":{"rendered":"<p>Del 1 al 3 de abril se proyectar\u00e1n dos largometrajes y seis cortometrajes que abordan procesos educativos en contextos de diversidad y de desigualdades <\/p>\n","protected":false},"author":1508,"featured_media":64821,"comment_status":"closed","ping_status":"closed","sticky":false,"template":"","format":"standard","meta":{"footnotes":""},"categories":[1],"tags":[],"class_list":["post-64847","post","type-post","status-publish","format-standard","has-post-thumbnail","hentry","category-general"],"_links":{"self":[{"href":"https:\/\/www.uv.mx\/prensa\/wp-json\/wp\/v2\/posts\/64847","targetHints":{"allow":["GET"]}}],"collection":[{"href":"https:\/\/www.uv.mx\/prensa\/wp-json\/wp\/v2\/posts"}],"about":[{"href":"https:\/\/www.uv.mx\/prensa\/wp-json\/wp\/v2\/types\/post"}],"author":[{"embeddable":true,"href":"https:\/\/www.uv.mx\/prensa\/wp-json\/wp\/v2\/users\/1508"}],"replies":[{"embeddable":true,"href":"https:\/\/www.uv.mx\/prensa\/wp-json\/wp\/v2\/comments?post=64847"}],"version-history":[{"count":0,"href":"https:\/\/www.uv.mx\/prensa\/wp-json\/wp\/v2\/posts\/64847\/revisions"}],"wp:featuredmedia":[{"embeddable":true,"href":"https:\/\/www.uv.mx\/prensa\/wp-json\/wp\/v2\/media\/64821"}],"wp:attachment":[{"href":"https:\/\/www.uv.mx\/prensa\/wp-json\/wp\/v2\/media?parent=64847"}],"wp:term":[{"taxonomy":"category","embeddable":true,"href":"https:\/\/www.uv.mx\/prensa\/wp-json\/wp\/v2\/categories?post=64847"},{"taxonomy":"post_tag","embeddable":true,"href":"https:\/\/www.uv.mx\/prensa\/wp-json\/wp\/v2\/tags?post=64847"}],"curies":[{"name":"wp","href":"https:\/\/api.w.org\/{rel}","templated":true}]}}