{"id":64735,"date":"2019-03-22T20:02:36","date_gmt":"2019-03-23T02:02:36","guid":{"rendered":"https:\/\/www.uv.mx\/prensa\/?p=64735"},"modified":"2019-03-22T20:02:36","modified_gmt":"2019-03-23T02:02:36","slug":"usbi-ixtac-exhibe-circuito-estenopeico","status":"publish","type":"post","link":"https:\/\/www.uv.mx\/prensa\/cultura\/usbi-ixtac-exhibe-circuito-estenopeico\/","title":{"rendered":"USBI-Ixtac exhibe <em>Circuito Estenopeico<\/em>"},"content":{"rendered":"<ul>\n<li data-leveltext=\"\uf0b7\" data-font=\"Symbol\" data-listid=\"1\" data-aria-posinset=\"1\" data-aria-level=\"1\"><i><span data-contrast=\"auto\">La exposici\u00f3n fotogr\u00e1fica colectiva de los TLA en la regi\u00f3n Orizaba-C\u00f3rdoba <\/span><\/i><i><span data-contrast=\"auto\">se inaugur\u00f3 el 20 de marzo<\/span><\/i><span data-ccp-props=\"{&quot;134233279&quot;:true,&quot;201341983&quot;:0,&quot;335559739&quot;:160,&quot;335559740&quot;:240}\">\u00a0<\/span><\/li>\n<li data-leveltext=\"\uf0b7\" data-font=\"Symbol\" data-listid=\"1\" data-aria-posinset=\"2\" data-aria-level=\"1\"><i><span data-contrast=\"auto\">Consta de m\u00e1s de 50 <\/span><\/i><i><span data-contrast=\"auto\">im\u00e1genes <\/span><\/i><i><span data-contrast=\"auto\">estenopeicas tomadas por alumnos de Alan Morgado Bustos<\/span><\/i><span data-ccp-props=\"{&quot;134233279&quot;:true,&quot;201341983&quot;:0,&quot;335559739&quot;:160,&quot;335559740&quot;:240}\">\u00a0<\/span><\/li>\n<\/ul>\n<p>&nbsp;<\/p>\n<div id=\"attachment_64647\" style=\"width: 732px\" class=\"wp-caption aligncenter\"><a href=\"https:\/\/www.uv.mx\/prensa\/files\/2019\/03\/210319-Exposicion-estenopeica-02.jpg\"><img loading=\"lazy\" decoding=\"async\" aria-describedby=\"caption-attachment-64647\" class=\"size-full wp-image-64647\" src=\"https:\/\/www.uv.mx\/prensa\/files\/2019\/03\/210319-Exposicion-estenopeica-02.jpg\" alt=\"\" width=\"722\" height=\"542\" srcset=\"https:\/\/www.uv.mx\/prensa\/files\/2019\/03\/210319-Exposicion-estenopeica-02.jpg 722w, https:\/\/www.uv.mx\/prensa\/files\/2019\/03\/210319-Exposicion-estenopeica-02-300x225.jpg 300w\" sizes=\"auto, (max-width: 722px) 100vw, 722px\" \/><\/a><p id=\"caption-attachment-64647\" class=\"wp-caption-text\">Imagen integrante de la muestra<\/p><\/div>\n<p>&nbsp;<\/p>\n<p><b><i><span data-contrast=\"auto\">Francisco Javier <\/span><\/i><\/b><b><i><span data-contrast=\"auto\">Cha\u00edn<\/span><\/i><\/b><b><i><span data-contrast=\"auto\"> Revuelta<\/span><\/i><\/b><span data-ccp-props=\"{&quot;201341983&quot;:0,&quot;335559739&quot;:160,&quot;335559740&quot;:240}\">\u00a0<\/span><\/p>\n<p><b><i><span data-contrast=\"auto\">22\/03\/19, Orizaba, <\/span><\/i><\/b><b><i><span data-contrast=\"auto\">Ver.-<\/span><\/i><\/b><span data-contrast=\"auto\"> La Universidad Veracruzana (UV), a trav\u00e9s de la Coordinaci\u00f3n Regional de Difusi\u00f3n Cultural, presenta la exposici\u00f3n fotogr\u00e1fica colectiva <\/span><i><span data-contrast=\"auto\">Circuito Estenopeico de la regi\u00f3n de las Altas Monta\u00f1as<\/span><\/i><span data-contrast=\"auto\">, de los Talleres Libres de Arte (TLA) <\/span><span data-contrast=\"auto\">de <\/span><span data-contrast=\"auto\">Orizaba-C\u00f3rdoba.<\/span><span data-ccp-props=\"{&quot;201341983&quot;:0,&quot;335559739&quot;:160,&quot;335559740&quot;:240}\">\u00a0<\/span><\/p>\n<p><span data-contrast=\"auto\">La <\/span><span data-contrast=\"auto\">muestra <\/span><span data-contrast=\"auto\">fue inaugurada el 20 de marzo por <\/span><span data-contrast=\"auto\">alumnos, maestros y autoridades universitarias<\/span><span data-contrast=\"auto\"> en el Sal\u00f3n <\/span><span data-contrast=\"auto\">Central de la Unidad de Servicios Bibliotecarios y de Informaci\u00f3n (USBI) <\/span><span data-contrast=\"auto\">de<\/span> <span data-contrast=\"auto\">Ixtaczoquitl\u00e1n<\/span><span data-contrast=\"auto\">,<\/span><span data-contrast=\"auto\"> y se <\/span><span data-contrast=\"auto\">encuentra abierta a<\/span><span data-contrast=\"auto\">l<\/span><span data-contrast=\"auto\"> p\u00fablico <\/span><span data-contrast=\"auto\">en general.<\/span><span data-ccp-props=\"{&quot;201341983&quot;:0,&quot;335559739&quot;:160,&quot;335559740&quot;:240}\">\u00a0<\/span><\/p>\n<p><span data-contrast=\"auto\">Consta de <\/span><span data-contrast=\"auto\">m\u00e1s de 50 fotograf\u00edas <\/span><span data-contrast=\"auto\">estenopei<\/span><span data-contrast=\"auto\">cas<\/span><span data-contrast=\"auto\"> tomadas por <\/span><span data-contrast=\"auto\">alumnos<\/span><span data-contrast=\"auto\"> de la <\/span><span data-contrast=\"auto\">e<\/span><span data-contrast=\"auto\">xperiencia <\/span><span data-contrast=\"auto\">educativa (EE) Introducci\u00f3n a la Fotograf\u00eda,<\/span><span data-contrast=\"auto\"> impartida<\/span><span data-contrast=\"auto\"> por <\/span><span data-contrast=\"auto\">Alan Morgado Bustos, elaboradas con cajas de cart\u00f3n comprimido y papel blanco <\/span><span data-contrast=\"auto\">y negro sensible a la luz (de cuatro pulgadas<\/span><span data-contrast=\"auto\"> en su lado m\u00e1s largo) para ser reveladas con el m\u00e9todo tradicional <\/span><span data-contrast=\"auto\">en<\/span><span data-contrast=\"auto\"> cuarto oscuro.<\/span><span data-ccp-props=\"{&quot;201341983&quot;:0,&quot;335559739&quot;:160,&quot;335559740&quot;:240}\">\u00a0<\/span><\/p>\n<p><span data-contrast=\"auto\">La <\/span><span data-contrast=\"auto\">exhibici\u00f3n re\u00fane obras de los<\/span><span data-contrast=\"auto\"> estudiantes Aurora Mart\u00ednez Anaya, Laura Garc\u00eda Pelayo, Omar Castro <\/span><span data-contrast=\"auto\">Illescas<\/span><span data-contrast=\"auto\">, Perla <\/span><span data-contrast=\"auto\">Janett<\/span><span data-contrast=\"auto\"> L\u00f3pez Vallejo, Ana <\/span><span data-contrast=\"auto\">Fitta<\/span><span data-contrast=\"auto\"> C\u00e1rdenas, Sof\u00eda Segura Mendoza, <\/span><span data-contrast=\"auto\">Conchis<\/span><span data-contrast=\"auto\"> Romero Cid, Karla <\/span><span data-contrast=\"auto\">Nayeli<\/span><span data-contrast=\"auto\"> Garc\u00eda Rubio, Luis Fern\u00e1ndez Ra<\/span><span data-contrast=\"auto\">y\u00f3n T\u00e9llez, <\/span><span data-contrast=\"auto\">Selina<\/span><span data-contrast=\"auto\"> Delgado Rodr\u00ed<\/span><span data-contrast=\"auto\">guez, Enrique Carpio y Karla Hern\u00e1ndez Dom\u00ednguez.<\/span><span data-ccp-props=\"{&quot;201341983&quot;:0,&quot;335559739&quot;:160,&quot;335559740&quot;:240}\">\u00a0<\/span><\/p>\n<p>&nbsp;<\/p>\n<div id=\"attachment_64648\" style=\"width: 732px\" class=\"wp-caption aligncenter\"><a href=\"https:\/\/www.uv.mx\/prensa\/files\/2019\/03\/210319-Exposicion-estenopeica-01.jpg\"><img loading=\"lazy\" decoding=\"async\" aria-describedby=\"caption-attachment-64648\" class=\"size-full wp-image-64648\" src=\"https:\/\/www.uv.mx\/prensa\/files\/2019\/03\/210319-Exposicion-estenopeica-01.jpg\" alt=\"\" width=\"722\" height=\"542\" srcset=\"https:\/\/www.uv.mx\/prensa\/files\/2019\/03\/210319-Exposicion-estenopeica-01.jpg 722w, https:\/\/www.uv.mx\/prensa\/files\/2019\/03\/210319-Exposicion-estenopeica-01-300x225.jpg 300w\" sizes=\"auto, (max-width: 722px) 100vw, 722px\" \/><\/a><p id=\"caption-attachment-64648\" class=\"wp-caption-text\">Autoridades cortaron el list\u00f3n inaugural<\/p><\/div>\n<p>&nbsp;<\/p>\n<p><span data-contrast=\"auto\">Para Alan Morgado<\/span><span data-contrast=\"auto\">,<\/span><span data-contrast=\"auto\"> la actual cultura <\/span><span data-contrast=\"auto\">hipervisual<\/span><span data-contrast=\"auto\"> donde la imagen es el lenguaje y la tecnolog\u00eda fotogr\u00e1fica un fen\u00f3meno abundante, sorprende y fascina la posibilidad de regresar al origen del \u201carte de aprehensi\u00f3n de las im\u00e1genes\u201d<\/span><span data-contrast=\"auto\">.<\/span><span data-ccp-props=\"{&quot;201341983&quot;:0,&quot;335559739&quot;:160,&quot;335559740&quot;:240}\">\u00a0<\/span><\/p>\n<p><span data-contrast=\"auto\">La exposici\u00f3n busca dejar lo digital y reivindicar las cajas de cart\u00f3n para capturar la esencia de algunos de los pueblos de esta regi\u00f3n de las Altas Monta\u00f1as, que comprende desde l<\/span><span data-contrast=\"auto\">a<\/span><span data-contrast=\"auto\">s <\/span><span data-contrast=\"auto\">ciudades <\/span><span data-contrast=\"auto\">cafetaler<\/span><span data-contrast=\"auto\">a<\/span><span data-contrast=\"auto\">s de C\u00f3rdoba, Fort\u00edn y Coscomatepec, hasta Orizaba y el valle fabril del R\u00edo Blanco.<\/span><span data-ccp-props=\"{&quot;201341983&quot;:0,&quot;335559731&quot;:708,&quot;335559739&quot;:160,&quot;335559740&quot;:240}\">\u00a0<\/span><\/p>\n<p><span data-contrast=\"auto\">La historia de la regi\u00f3n ha dejado un legado cultural, e<\/span><span data-contrast=\"auto\">dificios, espacios y monumentos<\/span><span data-contrast=\"auto\"> que los estudiantes <\/span><span data-contrast=\"auto\">capturaron<\/span><span data-contrast=\"auto\"> con m\u00e9todos pasados<\/span> <span data-contrast=\"auto\">haciendo visible lo invisible a trav\u00e9s de un m\u00ednimo rayo de luz sensibilizado en breves segundos en negros y blancos.<\/span><span data-ccp-props=\"{&quot;201341983&quot;:0,&quot;335559739&quot;:160,&quot;335559740&quot;:240}\">\u00a0<\/span><\/p>\n<p><span data-contrast=\"auto\">La organizaci\u00f3n y montaje de la exposici\u00f3n estuvo a cargo de Yolanda C\u00e1rdenas Mart\u00ednez, Jonathan Rodr\u00edguez Garc\u00eda, Joel Serna Melo y el propio Alan Morgado, todos ellos de la Coordinaci\u00f3n Regional de Difusi\u00f3n Cultural; fueron apoyados por M\u00f3nica Karina Gonz\u00e1lez Rosas y Laura Cort\u00e9s Trinidad, coordinadoras culturales de las facultades de Contadur\u00eda y Arquitectura.<\/span><span data-ccp-props=\"{&quot;201341983&quot;:0,&quot;335559731&quot;:708,&quot;335559739&quot;:160,&quot;335559740&quot;:240}\">\u00a0<\/span><\/p>\n<p>&nbsp;<\/p>\n<div id=\"attachment_64643\" style=\"width: 732px\" class=\"wp-caption aligncenter\"><a href=\"https:\/\/www.uv.mx\/prensa\/files\/2019\/03\/210319-Exposicion-estenopeica-03.jpg\"><img loading=\"lazy\" decoding=\"async\" aria-describedby=\"caption-attachment-64643\" class=\"size-full wp-image-64643\" src=\"https:\/\/www.uv.mx\/prensa\/files\/2019\/03\/210319-Exposicion-estenopeica-03.jpg\" alt=\"\" width=\"722\" height=\"542\" srcset=\"https:\/\/www.uv.mx\/prensa\/files\/2019\/03\/210319-Exposicion-estenopeica-03.jpg 722w, https:\/\/www.uv.mx\/prensa\/files\/2019\/03\/210319-Exposicion-estenopeica-03-300x225.jpg 300w\" sizes=\"auto, (max-width: 722px) 100vw, 722px\" \/><\/a><p id=\"caption-attachment-64643\" class=\"wp-caption-text\">Aspecto general de la inauguraci\u00f3n<\/p><\/div>\n","protected":false},"excerpt":{"rendered":"<p>A trav\u00e9s de cajas de cart\u00f3n, alumnos de la experiencia educativa Introducci\u00f3n a la Fotograf\u00eda capturaron im\u00e1genes de algunos pueblos de las Altas Monta\u00f1as <\/p>\n","protected":false},"author":1508,"featured_media":64647,"comment_status":"closed","ping_status":"closed","sticky":false,"template":"","format":"standard","meta":{"footnotes":""},"categories":[11,53],"tags":[],"class_list":["post-64735","post","type-post","status-publish","format-standard","has-post-thumbnail","hentry","category-cultura","category-orizaba"],"_links":{"self":[{"href":"https:\/\/www.uv.mx\/prensa\/wp-json\/wp\/v2\/posts\/64735","targetHints":{"allow":["GET"]}}],"collection":[{"href":"https:\/\/www.uv.mx\/prensa\/wp-json\/wp\/v2\/posts"}],"about":[{"href":"https:\/\/www.uv.mx\/prensa\/wp-json\/wp\/v2\/types\/post"}],"author":[{"embeddable":true,"href":"https:\/\/www.uv.mx\/prensa\/wp-json\/wp\/v2\/users\/1508"}],"replies":[{"embeddable":true,"href":"https:\/\/www.uv.mx\/prensa\/wp-json\/wp\/v2\/comments?post=64735"}],"version-history":[{"count":0,"href":"https:\/\/www.uv.mx\/prensa\/wp-json\/wp\/v2\/posts\/64735\/revisions"}],"wp:featuredmedia":[{"embeddable":true,"href":"https:\/\/www.uv.mx\/prensa\/wp-json\/wp\/v2\/media\/64647"}],"wp:attachment":[{"href":"https:\/\/www.uv.mx\/prensa\/wp-json\/wp\/v2\/media?parent=64735"}],"wp:term":[{"taxonomy":"category","embeddable":true,"href":"https:\/\/www.uv.mx\/prensa\/wp-json\/wp\/v2\/categories?post=64735"},{"taxonomy":"post_tag","embeddable":true,"href":"https:\/\/www.uv.mx\/prensa\/wp-json\/wp\/v2\/tags?post=64735"}],"curies":[{"name":"wp","href":"https:\/\/api.w.org\/{rel}","templated":true}]}}