{"id":64729,"date":"2019-03-27T09:00:31","date_gmt":"2019-03-27T15:00:31","guid":{"rendered":"https:\/\/www.uv.mx\/prensa\/?p=64729"},"modified":"2019-03-26T19:52:58","modified_gmt":"2019-03-27T01:52:58","slug":"internacionalizacion-academica-motor-de-desarrollo-individual-profesional-y-social","status":"publish","type":"post","link":"https:\/\/www.uv.mx\/prensa\/general\/internacionalizacion-academica-motor-de-desarrollo-individual-profesional-y-social\/","title":{"rendered":"Internacionalizaci\u00f3n acad\u00e9mica, motor de desarrollo individual, profesional y social"},"content":{"rendered":"<style type=\"text\/css\">\n  blockquote p { color: #28519b; font-family: helvetica; font-size: 1.4em; }<br \/><\/style>\n<style type=\"text\/css\"><span style=\"width: 0px;overflow: hidden;line-height: 0\" data-mce-type=\"bookmark\" class=\"mce_SELRES_start\">\ufeff<\/span><br \/>  blockquote p { color: #28519b; font-family: helvetica; font-size: 1.4em; }<br \/><\/style>\n<ul>\n<li data-leveltext=\"\uf0b7\" data-font=\"Symbol\" data-listid=\"5\" data-aria-posinset=\"1\" data-aria-level=\"1\"><i><span data-contrast=\"auto\">Experiencia internacional brinda mejor<\/span><\/i><i><span data-contrast=\"auto\">es oportunidades de crecimiento, ya que mejora competencias laborales y profesionales<\/span><\/i><span data-ccp-props=\"{}\">\u00a0<\/span><\/li>\n<\/ul>\n<p>&nbsp;<\/p>\n<div id=\"attachment_64676\" style=\"width: 732px\" class=\"wp-caption aligncenter\"><a href=\"https:\/\/www.uv.mx\/prensa\/files\/2019\/03\/210319Internacionalizacion-Vida-Universitaria-2.jpg\"><img loading=\"lazy\" decoding=\"async\" aria-describedby=\"caption-attachment-64676\" class=\"size-full wp-image-64676\" src=\"https:\/\/www.uv.mx\/prensa\/files\/2019\/03\/210319Internacionalizacion-Vida-Universitaria-2.jpg\" alt=\"\" width=\"722\" height=\"481\" srcset=\"https:\/\/www.uv.mx\/prensa\/files\/2019\/03\/210319Internacionalizacion-Vida-Universitaria-2.jpg 722w, https:\/\/www.uv.mx\/prensa\/files\/2019\/03\/210319Internacionalizacion-Vida-Universitaria-2-300x200.jpg 300w\" sizes=\"auto, (max-width: 722px) 100vw, 722px\" \/><\/a><p id=\"caption-attachment-64676\" class=\"wp-caption-text\">Renata Zilli Montero<\/p><\/div>\n<p>&nbsp;<\/p>\n<blockquote><p><span class=\"TextRun Highlight BCX2 SCXW181785204\" lang=\"ES-MX\" xml:lang=\"ES-MX\" data-contrast=\"auto\"><span class=\"NormalTextRun BCX2 SCXW181785204\">Si bien <\/span><\/span><span class=\"TextRun Highlight BCX2 SCXW181785204\" lang=\"ES-MX\" xml:lang=\"ES-MX\" data-contrast=\"auto\"><span class=\"NormalTextRun BCX2 SCXW181785204\">es <\/span><\/span><span class=\"TextRun Highlight BCX2 SCXW181785204\" lang=\"ES-MX\" xml:lang=\"ES-MX\" data-contrast=\"auto\"><span class=\"NormalTextRun BCX2 SCXW181785204\">de gran ayuda <\/span><\/span><span class=\"TextRun Highlight BCX2 SCXW181785204\" lang=\"ES-MX\" xml:lang=\"ES-MX\" data-contrast=\"auto\"><span class=\"NormalTextRun BCX2 SCXW181785204\">aprender<\/span><\/span><span class=\"TextRun Highlight BCX2 SCXW181785204\" lang=\"ES-MX\" xml:lang=\"ES-MX\" data-contrast=\"auto\"><span class=\"NormalTextRun BCX2 SCXW181785204\"> una segunda lengua, quienes a\u00fan no lo hacen pueden buscar experiencias internacionales en pa\u00edses de habla hispana<\/span><\/span><\/p><\/blockquote>\n<p>&nbsp;<\/p>\n<p><b><i><span data-contrast=\"auto\">Carlos Hugo Hermida Rosales<\/span><\/i><\/b><span data-ccp-props=\"{}\">\u00a0<\/span><\/p>\n<p><b><i><span data-contrast=\"auto\">2<\/span><\/i><\/b><b><i><span data-contrast=\"auto\">7<\/span><\/i><\/b><b><i><span data-contrast=\"auto\">\/03\/<\/span><\/i><\/b><b><i><span data-contrast=\"auto\">19<\/span><\/i><\/b><b><i><span data-contrast=\"auto\">,<\/span><\/i><\/b> <b><i><span data-contrast=\"auto\">Xalapa, Ver.<\/span><\/i><\/b><b><i><span data-contrast=\"auto\">&#8211;<\/span><\/i><\/b> <span data-contrast=\"auto\">Renata <\/span><span data-contrast=\"auto\">Zilli<\/span><span data-contrast=\"auto\"> Montero, <\/span><span data-contrast=\"auto\">acad\u00e9<\/span><span data-contrast=\"auto\">mica e investigadora <\/span><span data-contrast=\"auto\">fundadora de <\/span><span data-contrast=\"auto\">la <\/span><span data-contrast=\"auto\">iniciativa Global <\/span><span data-contrast=\"auto\">Dreamers<\/span><span data-contrast=\"auto\">, declar\u00f3 que la internacionalizaci\u00f3n acad\u00e9mica representa un motor de desarrollo individual, pr<\/span><span data-contrast=\"auto\">ofesional<\/span><span data-contrast=\"auto\"> y social para aquellos estudiantes que la llevan a cabo.<\/span><span data-ccp-props=\"{}\">\u00a0<\/span><\/p>\n<p><span data-contrast=\"auto\">\u201cLa experiencia internacional mejora las competencias laborales y profesionales, ya <\/span><span data-contrast=\"auto\">que <\/span><span data-contrast=\"auto\">dota de competitividad y mejores oportuni<\/span><span data-contrast=\"auto\">dades de crecimiento\u201d, enunci\u00f3.<\/span><span data-ccp-props=\"{&quot;335559731&quot;:708}\">\u00a0<\/span><\/p>\n<p><span data-contrast=\"auto\">La catedr\u00e1tica i<\/span><span data-contrast=\"auto\">mparti\u00f3 la conferencia <\/span><span data-contrast=\"auto\">\u201cLa internacionalizaci\u00f3n en los j\u00f3venes como motor para el desarrollo\u201d<\/span><span data-contrast=\"auto\">,<\/span> <span data-contrast=\"auto\">el 21 de marzo en la Escuela para Estudiantes Extranjeros de la Universidad Veracruzana (UV).<\/span><span data-ccp-props=\"{&quot;335559731&quot;:708}\">\u00a0<\/span><\/p>\n<p><span data-contrast=\"auto\">Este evento fue organizado por la Direcci\u00f3n Genera<\/span><span data-contrast=\"auto\">l de Relaciones Internacionales y<\/span><span data-contrast=\"auto\"> cont\u00f3 con la asistencia de estudiantes de las <\/span><span data-contrast=\"auto\">f<\/span><span data-contrast=\"auto\">acultades de F\u00edsica y de Ciencias Administrativas y Sociales.<\/span><span data-ccp-props=\"{&quot;335559731&quot;:708}\">\u00a0<\/span><\/p>\n<p><span data-contrast=\"auto\">Renata <\/span><span data-contrast=\"auto\">Zilli<\/span><span data-contrast=\"auto\"> enfatiz\u00f3 que<\/span><span data-contrast=\"auto\"> actualmente la globalizaci\u00f3n es un fen\u00f3meno que llega a todos los rincones del mundo, <\/span><span data-contrast=\"auto\">por lo que todas las profesiones requieren<\/span><span data-contrast=\"auto\"> competencias y habilidades que se adquieren a trav\u00e9s de experiencias internacionales<\/span><span data-contrast=\"auto\">.<\/span><span data-ccp-props=\"{&quot;335559731&quot;:708}\">\u00a0<\/span><\/p>\n<p><span data-contrast=\"auto\">\u201cEs muy dif\u00edcil que un gobierno, empresa u organizaci\u00f3n carezca de relaciones internacionales, <\/span><span data-contrast=\"auto\">por lo que el mercado laboral <\/span><span data-contrast=\"auto\">necesita <\/span><span data-contrast=\"auto\">personas <\/span><span data-contrast=\"auto\">que posean conocimientos globales\u201d, destac\u00f3.<\/span><span data-ccp-props=\"{&quot;335559731&quot;:708}\">\u00a0<\/span><\/p>\n<p><span data-contrast=\"auto\">La investigadora mencion\u00f3 que una de las barreras que los estudiantes mexicanos tienen para realizar estancias acad\u00e9micas fuera del pa\u00eds es el id<\/span><span data-contrast=\"auto\">ioma, ya que un gran sector de \u00e9<\/span><span data-contrast=\"auto\">stos no habla ninguna lengua extranjera.<\/span><span data-ccp-props=\"{&quot;335559731&quot;:708}\">\u00a0<\/span><\/p>\n<p><span data-contrast=\"auto\">Asegur\u00f3 que si bien en la actualid<\/span><span data-contrast=\"auto\">ad dominar idiomas es necesario<\/span><span data-contrast=\"auto\"> y siempre es de gran ayuda <\/span><span data-contrast=\"auto\">aprender<\/span><span data-contrast=\"auto\"> una segunda lengua, quienes a\u00fan no lo hacen pueden buscar experiencias internacionales en pa\u00edses de habla hispana.<\/span><span data-ccp-props=\"{&quot;335559731&quot;:708}\">\u00a0<\/span><\/p>\n<p><span data-contrast=\"auto\">Coment\u00f3 que<\/span><span data-contrast=\"auto\">,<\/span> <span data-contrast=\"auto\">al <\/span><span data-contrast=\"auto\">tener experiencias en otro pa\u00eds, los estudiantes acceden a otro conocimiento y aprenden nuevas formas de trabajar, y con ello expanden su frontera, hecho que puede ser de gran utilidad para el desarrollo del pa\u00eds.<\/span><span data-ccp-props=\"{&quot;335559731&quot;:708}\">\u00a0<\/span><\/p>\n<p><span data-contrast=\"auto\">Declar\u00f3 que as\u00ed como una persona no puede tener el conocimiento entero de determinado tema<\/span><span data-contrast=\"auto\">,<\/span><span data-contrast=\"auto\"> las naciones tampoco, y afirm\u00f3 que la \u00fanica forma en que la sociedad mundial ha crecido es a trav\u00e9s de la cooperaci\u00f3n y colaboraci\u00f3n entre naciones, ya sea <\/span><span data-contrast=\"auto\">por medio<\/span><span data-contrast=\"auto\"> del comercio o de inici<\/span><span data-contrast=\"auto\">ativas culturales y educativas.<\/span><span data-ccp-props=\"{&quot;335559731&quot;:708}\">\u00a0<\/span><\/p>\n<p>&nbsp;<\/p>\n<div id=\"attachment_64677\" style=\"width: 732px\" class=\"wp-caption aligncenter\"><a href=\"https:\/\/www.uv.mx\/prensa\/files\/2019\/03\/210319Internacionalizacion-Vida-Universitaria-1.jpg\"><img loading=\"lazy\" decoding=\"async\" aria-describedby=\"caption-attachment-64677\" class=\"size-full wp-image-64677\" src=\"https:\/\/www.uv.mx\/prensa\/files\/2019\/03\/210319Internacionalizacion-Vida-Universitaria-1.jpg\" alt=\"\" width=\"722\" height=\"481\" srcset=\"https:\/\/www.uv.mx\/prensa\/files\/2019\/03\/210319Internacionalizacion-Vida-Universitaria-1.jpg 722w, https:\/\/www.uv.mx\/prensa\/files\/2019\/03\/210319Internacionalizacion-Vida-Universitaria-1-300x200.jpg 300w\" sizes=\"auto, (max-width: 722px) 100vw, 722px\" \/><\/a><p id=\"caption-attachment-64677\" class=\"wp-caption-text\">Estudiantes escucharon las ventajas de la internacionalizaci\u00f3n acad\u00e9mica<\/p><\/div>\n","protected":false},"excerpt":{"rendered":"<p>Es muy dif\u00edcil que un gobierno, empresa u organizaci\u00f3n carezca de relaciones internacionales, por lo que el mercado laboral necesita personas que posean conocimientos globales: Renata Zilli<\/p>\n","protected":false},"author":1508,"featured_media":64676,"comment_status":"closed","ping_status":"closed","sticky":false,"template":"","format":"standard","meta":{"footnotes":""},"categories":[1],"tags":[],"class_list":["post-64729","post","type-post","status-publish","format-standard","has-post-thumbnail","hentry","category-general"],"_links":{"self":[{"href":"https:\/\/www.uv.mx\/prensa\/wp-json\/wp\/v2\/posts\/64729","targetHints":{"allow":["GET"]}}],"collection":[{"href":"https:\/\/www.uv.mx\/prensa\/wp-json\/wp\/v2\/posts"}],"about":[{"href":"https:\/\/www.uv.mx\/prensa\/wp-json\/wp\/v2\/types\/post"}],"author":[{"embeddable":true,"href":"https:\/\/www.uv.mx\/prensa\/wp-json\/wp\/v2\/users\/1508"}],"replies":[{"embeddable":true,"href":"https:\/\/www.uv.mx\/prensa\/wp-json\/wp\/v2\/comments?post=64729"}],"version-history":[{"count":0,"href":"https:\/\/www.uv.mx\/prensa\/wp-json\/wp\/v2\/posts\/64729\/revisions"}],"wp:featuredmedia":[{"embeddable":true,"href":"https:\/\/www.uv.mx\/prensa\/wp-json\/wp\/v2\/media\/64676"}],"wp:attachment":[{"href":"https:\/\/www.uv.mx\/prensa\/wp-json\/wp\/v2\/media?parent=64729"}],"wp:term":[{"taxonomy":"category","embeddable":true,"href":"https:\/\/www.uv.mx\/prensa\/wp-json\/wp\/v2\/categories?post=64729"},{"taxonomy":"post_tag","embeddable":true,"href":"https:\/\/www.uv.mx\/prensa\/wp-json\/wp\/v2\/tags?post=64729"}],"curies":[{"name":"wp","href":"https:\/\/api.w.org\/{rel}","templated":true}]}}