{"id":64670,"date":"2019-03-22T09:05:56","date_gmt":"2019-03-22T15:05:56","guid":{"rendered":"https:\/\/www.uv.mx\/prensa\/?p=64670"},"modified":"2026-05-31T21:17:58","modified_gmt":"2026-06-01T03:17:58","slug":"comprender-la-cartografia-enriquece-la-investigacion-con-las-comunidades","status":"publish","type":"post","link":"https:\/\/www.uv.mx\/prensa\/general\/comprender-la-cartografia-enriquece-la-investigacion-con-las-comunidades\/","title":{"rendered":"Comprender la cartograf\u00eda enriquece la investigaci\u00f3n con las comunidades"},"content":{"rendered":"<ul>\n<li data-leveltext=\"\uf0b7\" data-font=\"Symbol\" data-listid=\"1\" data-aria-posinset=\"1\" data-aria-level=\"1\"><i><span data-contrast=\"auto\">Janett Vallejo, <\/span><\/i><i><span data-contrast=\"auto\">del CIESAS-<\/span><\/i><i><span data-contrast=\"auto\">Golfo, imparti\u00f3 conferencia sobre su trabajo en el <\/span><\/i><i><span data-contrast=\"auto\">P<\/span><\/i><i><span data-contrast=\"auto\">arque <\/span><\/i><i><span data-contrast=\"auto\">N<\/span><\/i><i><span data-contrast=\"auto\">acional Cofre de Perote<\/span><\/i><i><span data-contrast=\"auto\">,<\/span><\/i><i><span data-contrast=\"auto\"> en el Instituto de Investigaciones Hist\u00f3rico<\/span><\/i><i><span data-contrast=\"auto\">&#8211;<\/span><\/i><i><span data-contrast=\"auto\">Sociales de la U<\/span><\/i><i><span data-contrast=\"auto\">V<\/span><\/i><span data-ccp-props=\"{&quot;134233279&quot;:true}\">\u00a0<\/span><\/li>\n<li data-leveltext=\"\uf0b7\" data-font=\"Symbol\" data-listid=\"1\" data-aria-posinset=\"2\" data-aria-level=\"1\"><i><span data-contrast=\"auto\">Inst\u00f3 a<\/span><\/i><i><span data-contrast=\"auto\"> los estudiantes <\/span><\/i><i><span data-contrast=\"auto\">a familiarizarse con la geograf\u00eda y los mapas de sus regiones de estudio<\/span><\/i><\/li>\n<\/ul>\n<p>&nbsp;<\/p>\n<div id=\"attachment_64637\" style=\"width: 732px\" class=\"wp-caption aligncenter\"><a href=\"https:\/\/www.uv.mx\/prensa\/files\/2019\/03\/210319-Conferencia-etnografia-y-cartografia.jpg\"><img loading=\"lazy\" decoding=\"async\" aria-describedby=\"caption-attachment-64637\" class=\"wp-image-64637 size-full\" src=\"https:\/\/www.uv.mx\/prensa\/files\/2019\/03\/210319-Conferencia-etnografia-y-cartografia.jpg\" alt=\"\" width=\"722\" height=\"466\" srcset=\"https:\/\/www.uv.mx\/prensa\/files\/2019\/03\/210319-Conferencia-etnografia-y-cartografia.jpg 722w, https:\/\/www.uv.mx\/prensa\/files\/2019\/03\/210319-Conferencia-etnografia-y-cartografia-300x194.jpg 300w\" sizes=\"auto, (max-width: 722px) 100vw, 722px\" \/><\/a><p id=\"caption-attachment-64637\" class=\"wp-caption-text\">Janett Vallejo, investigadora del CIESAS-Golfo, disert\u00f3 en el IIH-S<\/p><\/div>\n<p>&nbsp;<\/p>\n<p><b><i><span data-contrast=\"auto\">David Sandoval Rodr\u00edguez<\/span><\/i><\/b><span data-ccp-props=\"{}\">\u00a0<\/span><\/p>\n<p><b><i><span data-contrast=\"auto\">2<\/span><\/i><\/b><b><i><span data-contrast=\"auto\">2\/03\/19, Xalapa, Ver.-<\/span><\/i><\/b><span data-contrast=\"auto\"> Saber leer mapas y tener conocimientos de cartograf\u00eda permite a los investigadores sociales obtener mayor informaci\u00f3n de las comunidades donde realizan sus trabajos de campo, plante\u00f3 <\/span><span data-contrast=\"auto\">Janett<\/span><span data-contrast=\"auto\"> Vallejo Rom\u00e1n, investigadora del Centro de Investigaci\u00f3n y Estudios Superiores en Antropolog\u00eda Social (CIESAS) Unidad Golfo.<\/span><span data-ccp-props=\"{}\">\u00a0<\/span><\/p>\n<p><span data-contrast=\"auto\">La investigadora brind\u00f3 la ponencia \u201cEtnograf\u00eda y cartograf\u00eda: la importancia del reconocimiento del territo<\/span><span data-contrast=\"auto\">rio en trabajo de campo\u201d, en el A<\/span><span data-contrast=\"auto\">uditorio \u201cGonzalo Aguirre Beltr\u00e1n\u201d<\/span><span data-contrast=\"auto\"> del <\/span><a href=\"https:\/\/www.uv.mx\/iihs\/\"><span data-contrast=\"auto\">Institu<\/span><span data-contrast=\"auto\">to de Investigaciones Hist\u00f3rico-<\/span><\/a><span data-contrast=\"auto\">Sociales (IIH<\/span><span data-contrast=\"auto\">&#8211;<\/span><span data-contrast=\"auto\">S) de la Universidad Veracruzana<\/span><span data-contrast=\"auto\"> (UV).<\/span><span data-ccp-props=\"{}\">\u00a0<\/span><\/p>\n<p><span data-contrast=\"auto\">Esta presentaci\u00f3n forma parte del <\/span><span data-contrast=\"auto\">primer seminario permanente interinstitucional \u201c<\/span><span data-contrast=\"auto\">Repensar la e<\/span><span data-contrast=\"auto\">tnograf\u00eda: reflexiones <\/span><span data-contrast=\"auto\">epistemol\u00f3gicas y metodol\u00f3gicas <\/span><span data-contrast=\"auto\">sobre el quehacer en el trabajo de campo<\/span><span data-contrast=\"auto\">\u201d<\/span><span data-contrast=\"auto\">, <\/span><span data-contrast=\"auto\">que coordinan el Instituto Nacional de <\/span><span data-contrast=\"auto\">Antropolog\u00eda e Historia (INAH) D<\/span><span data-contrast=\"auto\">elegaci\u00f3n Veracruz, el<\/span> <span data-contrast=\"auto\">CIESAS<\/span><span data-contrast=\"auto\">&#8211;<\/span><span data-contrast=\"auto\">Golfo, <\/span><span data-contrast=\"auto\">el IIH<\/span><span data-contrast=\"auto\">&#8211;<\/span><span data-contrast=\"auto\">S, la Facultad de Antropolog\u00eda y la Universidad Veracruzana Intercultural (UVI).<\/span><span data-ccp-props=\"{}\">\u00a0<\/span><\/p>\n<p><span data-contrast=\"auto\">Vallejo Rom\u00e1n, quien <\/span><span data-contrast=\"auto\">tiene D<\/span><span data-contrast=\"auto\">octorado en <\/span><span data-contrast=\"auto\">G<\/span><span data-contrast=\"auto\">eograf\u00eda por la Universidad Nacional Aut\u00f3noma de M\u00e9xico (UNAM)<\/span><span data-contrast=\"auto\">,<\/span><span data-contrast=\"auto\"> explic\u00f3 que <\/span><span data-contrast=\"auto\">\u201c<\/span><span data-contrast=\"auto\">l<\/span><span data-contrast=\"auto\">os mapas son como los textos y si nos preguntamos qu\u00e9 contienen nos vamos a quedar igual que cuando leemos un texto y no entendemos nada, el mapa lo tenemos que ver como un documento al que hay que cuestionar\u201d.<\/span><span data-ccp-props=\"{&quot;335559731&quot;:708}\">\u00a0<\/span><\/p>\n<p><span data-contrast=\"auto\">Refiri\u00f3 que el espacio es un factor clave en la vida humana y un factor activo de las relaciones sociales; no es una variable externa a los procesos sociales, es un producto din\u00e1mico dotado de recursos y significados que dan sustento a las relaciones sociales.<\/span><span data-ccp-props=\"{}\">\u00a0<\/span><\/p>\n<p><span data-contrast=\"auto\">El espacio y el ser humano forman una relaci\u00f3n dependiente en la que se manifiestan tambi\u00e9n las relaciones de poder, porque el <\/span><span data-contrast=\"auto\">dominio del espacio implica la apropiaci\u00f3n de sus caracter\u00edsticas, principalmente los recursos naturales, a\u00f1adi\u00f3.<\/span><span data-ccp-props=\"{&quot;335559731&quot;:708}\">\u00a0<\/span><\/p>\n<p><span data-contrast=\"auto\">\u201cUna de las primeras acciones que definieron al ser humano como ser hist\u00f3rico fue precisamente la apropiaci\u00f3n del espacio\u201d, dijo, \u201cimplicando as\u00ed un proceso de apropiaci\u00f3n racional\u201d.<\/span><span data-ccp-props=\"{&quot;335559731&quot;:708}\">\u00a0<\/span><\/p>\n<p><span data-contrast=\"auto\">Su trabajo de investigaci\u00f3n <\/span><span data-contrast=\"auto\">lo realiza con las comunidades ubicadas en la zona del \u00c1rea Natural Protegida (ANP) del <\/span><span data-contrast=\"auto\">P<\/span><span data-contrast=\"auto\">arque <\/span><span data-contrast=\"auto\">N<\/span><span data-contrast=\"auto\">acional Cofre de Perote, en particular con las localidades <\/span><span data-contrast=\"auto\">El <\/span><span data-contrast=\"auto\">C<\/span><span data-contrast=\"auto\">onejo, Los <\/span><span data-contrast=\"auto\">P<\/span><span data-contrast=\"auto\">escados, Rancho <\/span><span data-contrast=\"auto\">N<\/span><span data-contrast=\"auto\">uevo y El escobillo, <\/span><span data-contrast=\"auto\">todas ellas en <\/span><span data-contrast=\"auto\">la ladera poniente<\/span><span data-contrast=\"auto\">.<\/span><span data-ccp-props=\"{}\">\u00a0<\/span><\/p>\n<p><span data-contrast=\"auto\">\u201cDentro de los objetivos de mi investigaci\u00f3n est\u00e1 conocer su idea de lo que es la conservaci\u00f3n, qu\u00e9 significa el bosque y si conocen los l\u00edmites del <\/span><span data-contrast=\"auto\">ANP y<\/span><span data-contrast=\"auto\"> los que ellos han puesto<\/span><span data-contrast=\"auto\">,<\/span><span data-contrast=\"auto\"> si coincide<\/span><span data-contrast=\"auto\">n<\/span><span data-contrast=\"auto\"> con los l\u00edmites de la <\/span><span data-contrast=\"auto\">Comisi\u00f3n Nacional de \u00c1reas Naturales Protegidas (<\/span><i><span data-contrast=\"auto\">Conanp<\/span><\/i><span data-contrast=\"auto\">)<\/span><span data-contrast=\"auto\">.\u201d<\/span><span data-ccp-props=\"{&quot;335559731&quot;:708}\">\u00a0<\/span><\/p>\n<p><span data-contrast=\"auto\">E<\/span><span data-contrast=\"auto\">n <\/span><span data-contrast=\"auto\">esta zona<\/span><span data-contrast=\"auto\"> los mapas que delimitan los ejidos tienen muchos a\u00f1os, no existen cartas actualizadas y los ejidatarios tienen el inter\u00e9s <\/span><span data-contrast=\"auto\">de<\/span><span data-contrast=\"auto\"> contar con informaci\u00f3n actual.<\/span><span data-ccp-props=\"{&quot;335559731&quot;:708}\">\u00a0<\/span><\/p>\n<p><span data-contrast=\"auto\">\u201cLo que hicimos fue recorrer <\/span><span data-contrast=\"auto\">la regi\u00f3n <\/span><span data-contrast=\"auto\">con un GPS y acudir a las mojoneras para tratar de ponerlo en un mapa<\/span><span data-contrast=\"auto\">;<\/span><span data-contrast=\"auto\"> este trabajo lo estamos haciendo a partir del mapa hist\u00f3rico, aunque est\u00e1 dif\u00edcil por la escala que tenemos, donde un cent\u00edmetro representa un kil\u00f3metro\u201d<\/span><span data-contrast=\"auto\">, apunt\u00f3 Vallejo Rom\u00e1n.<\/span><span data-ccp-props=\"{&quot;335559731&quot;:708}\">\u00a0<\/span><\/p>\n<p><span data-contrast=\"auto\">Recomend\u00f3 a los asistentes que pueden hacer un recorrido con las personas, \u201cporque sin duda, el caminar por estos lugares reaviva la memoria, la gente empieza a recordar porque van observando y el mapa no solamente ubica, genera informaci\u00f3n y cierta pertenencia\u201d, subray\u00f3; \u201cesto me ha permitido identificar los lugares que son importantes para la poblaci\u00f3n, como los cuerpos de agua\u201d.<\/span><span data-ccp-props=\"{&quot;335559731&quot;:708}\">\u00a0<\/span><\/p>\n<p><span data-contrast=\"auto\">Destac\u00f3 adem\u00e1s que, debido a los avances te<\/span><span data-contrast=\"auto\">cnol\u00f3gicos y el acceso a las plataformas digitales, es posible consultar en diversas fuentes informaci\u00f3n cartogr\u00e1fica y mapas, a diferencia de las dificultades que suced\u00edan en d\u00e9cadas pasadas, generadas por los altos costos del material impreso y por la escasez de repositorios o la dificultad para acceder a ellos, especialmente para los estudiantes de licenciatura.<\/span><\/p>\n","protected":false},"excerpt":{"rendered":"<p>La investigadora Janett Vallejo, del CIESAS-Golfo dict\u00f3 la conferencia \u201cEtnograf\u00eda y cartograf\u00eda: la importancia del reconocimiento del territorio en trabajo de campo\u201d<\/p>\n","protected":false},"author":1775,"featured_media":64637,"comment_status":"closed","ping_status":"closed","sticky":false,"template":"","format":"standard","meta":{"footnotes":""},"categories":[1],"tags":[2496,16204,9757,199,4159,6835,2091,82,852,445,33273,25564,882,3635],"class_list":["post-64670","post","type-post","status-publish","format-standard","has-post-thumbnail","hentry","category-general","tag-auditorio","tag-cartografia","tag-centro-de-investigacion-y-estudios-superiores-en-antropologia-social","tag-ciesas","tag-david-sandoval-rodriguez","tag-etnografia","tag-gonzalo-aguirre-beltran","tag-iih-s","tag-instituto-de-investigaciones-historico-sociales","tag-investigadora","tag-investigadores-sociales","tag-janett-vallejo-roman","tag-ponencia","tag-unidad-golfo"],"_links":{"self":[{"href":"https:\/\/www.uv.mx\/prensa\/wp-json\/wp\/v2\/posts\/64670","targetHints":{"allow":["GET"]}}],"collection":[{"href":"https:\/\/www.uv.mx\/prensa\/wp-json\/wp\/v2\/posts"}],"about":[{"href":"https:\/\/www.uv.mx\/prensa\/wp-json\/wp\/v2\/types\/post"}],"author":[{"embeddable":true,"href":"https:\/\/www.uv.mx\/prensa\/wp-json\/wp\/v2\/users\/1775"}],"replies":[{"embeddable":true,"href":"https:\/\/www.uv.mx\/prensa\/wp-json\/wp\/v2\/comments?post=64670"}],"version-history":[{"count":1,"href":"https:\/\/www.uv.mx\/prensa\/wp-json\/wp\/v2\/posts\/64670\/revisions"}],"predecessor-version":[{"id":169702,"href":"https:\/\/www.uv.mx\/prensa\/wp-json\/wp\/v2\/posts\/64670\/revisions\/169702"}],"wp:featuredmedia":[{"embeddable":true,"href":"https:\/\/www.uv.mx\/prensa\/wp-json\/wp\/v2\/media\/64637"}],"wp:attachment":[{"href":"https:\/\/www.uv.mx\/prensa\/wp-json\/wp\/v2\/media?parent=64670"}],"wp:term":[{"taxonomy":"category","embeddable":true,"href":"https:\/\/www.uv.mx\/prensa\/wp-json\/wp\/v2\/categories?post=64670"},{"taxonomy":"post_tag","embeddable":true,"href":"https:\/\/www.uv.mx\/prensa\/wp-json\/wp\/v2\/tags?post=64670"}],"curies":[{"name":"wp","href":"https:\/\/api.w.org\/{rel}","templated":true}]}}