{"id":64415,"date":"2019-03-15T19:21:16","date_gmt":"2019-03-16T01:21:16","guid":{"rendered":"https:\/\/www.uv.mx\/prensa\/?p=64415"},"modified":"2019-03-15T19:27:17","modified_gmt":"2019-03-16T01:27:17","slug":"uv-impulsa-cultura-sustentable-y-economia-circulante","status":"publish","type":"post","link":"https:\/\/www.uv.mx\/prensa\/regiones\/veracruz\/uv-impulsa-cultura-sustentable-y-economia-circulante\/","title":{"rendered":"UV impulsa cultura sustentable y econom\u00eda circulante"},"content":{"rendered":"<ul>\n<li data-leveltext=\"\uf0b7\" data-font=\"Symbol\" data-listid=\"1\" data-aria-posinset=\"1\" data-aria-level=\"1\"><i><span data-contrast=\"none\">Esta casa de estudios<\/span><\/i><i><span data-contrast=\"none\">,<\/span><\/i><i><span data-contrast=\"none\">\u202fen coordinaci\u00f3n con la empresa <\/span><\/i><i><span data-contrast=\"none\">Ecolai<\/span><\/i> <i><span data-contrast=\"none\">M\u00e9xico y Reciclemos y Ayudemos, A.C<\/span><\/i><i><span data-contrast=\"none\">., organiz\u00f3 el <\/span><\/i><i><span data-contrast=\"none\">Reciclat\u00f3n<\/span><\/i><span data-ccp-props=\"{&quot;134233279&quot;:true,&quot;201341983&quot;:0,&quot;335559739&quot;:200,&quot;335559740&quot;:240}\">\u00a0<\/span><\/li>\n<li data-leveltext=\"\uf0b7\" data-font=\"Symbol\" data-listid=\"1\" data-aria-posinset=\"2\" data-aria-level=\"1\"><i><span data-contrast=\"auto\">S<\/span><\/i><i><span data-contrast=\"auto\">e acopi\u00f3 papel, equipo de c\u00f3mputo, impresoras y aparatos electr\u00f3nicos en el <\/span><\/i><span data-contrast=\"auto\">campus<\/span> <i><span data-contrast=\"auto\">Mocambo<\/span><\/i><span data-ccp-props=\"{&quot;134233279&quot;:true,&quot;201341983&quot;:0,&quot;335559739&quot;:200,&quot;335559740&quot;:240}\">\u00a0<\/span><\/li>\n<\/ul>\n<p><span data-ccp-props=\"{&quot;201341983&quot;:0,&quot;335559739&quot;:200,&quot;335559740&quot;:240}\">\u00a0<\/span><\/p>\n<div id=\"attachment_64366\" style=\"width: 732px\" class=\"wp-caption aligncenter\"><a href=\"https:\/\/www.uv.mx\/prensa\/files\/2019\/03\/150319-veracruz-reciclaton-1-100k.jpg\"><img loading=\"lazy\" decoding=\"async\" aria-describedby=\"caption-attachment-64366\" class=\"size-full wp-image-64366\" src=\"https:\/\/www.uv.mx\/prensa\/files\/2019\/03\/150319-veracruz-reciclaton-1-100k.jpg\" alt=\"\" width=\"722\" height=\"481\" srcset=\"https:\/\/www.uv.mx\/prensa\/files\/2019\/03\/150319-veracruz-reciclaton-1-100k.jpg 722w, https:\/\/www.uv.mx\/prensa\/files\/2019\/03\/150319-veracruz-reciclaton-1-100k-300x200.jpg 300w\" sizes=\"auto, (max-width: 722px) 100vw, 722px\" \/><\/a><p id=\"caption-attachment-64366\" class=\"wp-caption-text\">La regi\u00f3n Veracruz realiz\u00f3 el Reciclat\u00f3n 2019<\/p><\/div>\n<p>&nbsp;<\/p>\n<p><b><i><span data-contrast=\"auto\">15\/03\/19, Boca del R\u00edo, Ver.-<\/span><\/i><\/b> <span data-contrast=\"auto\">La Universidad Veracruzana<\/span><span data-contrast=\"auto\"> (UV) en la<\/span><span data-contrast=\"auto\"> regi\u00f3n Veracruz<\/span><span data-contrast=\"auto\"> se sum\u00f3 a las acciones encaminadas a promover una cultura sustentable en el <\/span><span data-contrast=\"auto\">Reciclat\u00f3n<\/span><span data-contrast=\"auto\"> 2019<\/span><span data-contrast=\"auto\">,<\/span> <span data-contrast=\"auto\">que se llev\u00f3 a cabo el <\/span><span data-contrast=\"auto\">14 de marzo en las ins<\/span><span data-contrast=\"auto\">talaciones del <\/span><i><span data-contrast=\"auto\">campus<\/span><\/i> <span data-contrast=\"auto\">Mocambo<\/span><span data-contrast=\"auto\">.<\/span><span data-ccp-props=\"{&quot;201341983&quot;:0,&quot;335559739&quot;:200,&quot;335559740&quot;:240}\">\u00a0<\/span><\/p>\n<p><span data-contrast=\"auto\">El <\/span><span data-contrast=\"auto\">Reciclat\u00f3n<\/span><span data-contrast=\"auto\"> tiene como finalidad acopiar la basura electr\u00f3nica y darle un uso final responsable a trav\u00e9s de empresas como <\/span><span data-contrast=\"auto\">Ecolai<\/span><span data-contrast=\"auto\"> M\u00e9xico y asociacio<\/span><span data-contrast=\"auto\">nes como Reciclemos y <\/span><span data-contrast=\"auto\">A<\/span><span data-contrast=\"auto\">yudemos.<\/span><span data-ccp-props=\"{&quot;201341983&quot;:0,&quot;335559731&quot;:708,&quot;335559739&quot;:200,&quot;335559740&quot;:240}\">\u00a0<\/span><\/p>\n<p><span data-contrast=\"auto\">Alicia Urbina Gonz\u00e1lez, coordinadora Regional de Sustentabilidad, se\u00f1al\u00f3<\/span><span data-contrast=\"auto\"> que las actividades donde se reutilizan<\/span><span data-contrast=\"auto\"> los<\/span> <span data-contrast=\"auto\">obj<\/span><span data-contrast=\"auto\">etos considerado<\/span><span data-contrast=\"auto\">s como basura favorecen la econom\u00eda circulante, \u201cnecesaria para mitigar los da\u00f1os ambientales causados por productos como el <\/span><span data-contrast=\"auto\">PET<\/span><span data-contrast=\"auto\"> o pl\u00e1stico\u201d.<\/span><span data-ccp-props=\"{&quot;201341983&quot;:0,&quot;335559731&quot;:708,&quot;335559739&quot;:200,&quot;335559740&quot;:240}\">\u00a0<\/span><\/p>\n<p><span data-contrast=\"auto\">E<\/span><span data-contrast=\"auto\">xplic\u00f3 que los discos compactos que ya no sirven generalmente s<\/span><span data-contrast=\"auto\">on desechados a la basura y de esta manera se contaminan <\/span><span data-contrast=\"auto\">los mantos fre\u00e1ticos.<\/span><span data-ccp-props=\"{&quot;201341983&quot;:0,&quot;335559731&quot;:708,&quot;335559739&quot;:200,&quot;335559740&quot;:240}\">\u00a0<\/span><\/p>\n<p><span data-contrast=\"auto\">\u201cLos CD<\/span> <span data-contrast=\"auto\">contienen<\/span><span data-contrast=\"auto\"> pl<\/span><span data-contrast=\"auto\">atino y \u00e9<\/span><span data-contrast=\"auto\">ste puede ser utilizado por la indust<\/span><span data-contrast=\"auto\">ria automotriz posteriormente,<\/span><span data-contrast=\"auto\"> d<\/span><span data-contrast=\"auto\">e ah\u00ed la relevancia de entregarlos a empresas que realizan <\/span><span data-contrast=\"auto\">la separaci\u00f3n de los elementos.\u201d<\/span><span data-ccp-props=\"{&quot;201341983&quot;:0,&quot;335559731&quot;:708,&quot;335559739&quot;:200,&quot;335559740&quot;:240}\">\u00a0<\/span><\/p>\n<p>&nbsp;<\/p>\n<div id=\"attachment_64367\" style=\"width: 732px\" class=\"wp-caption aligncenter\"><a href=\"https:\/\/www.uv.mx\/prensa\/files\/2019\/03\/150319-veracruz-reciclaton-2-100k.jpg\"><img loading=\"lazy\" decoding=\"async\" aria-describedby=\"caption-attachment-64367\" class=\"size-full wp-image-64367\" src=\"https:\/\/www.uv.mx\/prensa\/files\/2019\/03\/150319-veracruz-reciclaton-2-100k.jpg\" alt=\"\" width=\"722\" height=\"481\" srcset=\"https:\/\/www.uv.mx\/prensa\/files\/2019\/03\/150319-veracruz-reciclaton-2-100k.jpg 722w, https:\/\/www.uv.mx\/prensa\/files\/2019\/03\/150319-veracruz-reciclaton-2-100k-300x200.jpg 300w\" sizes=\"auto, (max-width: 722px) 100vw, 722px\" \/><\/a><p id=\"caption-attachment-64367\" class=\"wp-caption-text\">Autoridades universitarias dieron el banderazo de inicio<\/p><\/div>\n<p>&nbsp;<\/p>\n<p><span data-contrast=\"auto\">Agreg\u00f3 que la <\/span><span data-contrast=\"auto\">UV<\/span> <span data-contrast=\"auto\">busca <\/span><span data-contrast=\"auto\">fomentar un consumo responsable dentro <\/span><span data-contrast=\"auto\">de <\/span><span data-contrast=\"auto\">su<\/span><span data-contrast=\"auto\"> comunidad mediante <\/span><span data-contrast=\"auto\">actividades como el <\/span><span data-contrast=\"auto\">Reciclat\u00f3n<\/span><span data-contrast=\"auto\">, ya que<\/span><span data-contrast=\"auto\"> transmiten el mensaje hacia el exterior.<\/span><span data-ccp-props=\"{&quot;201341983&quot;:0,&quot;335559731&quot;:708,&quot;335559739&quot;:200,&quot;335559740&quot;:240}\">\u00a0<\/span><\/p>\n<p><span data-contrast=\"auto\">Durante la inauguraci\u00f3n<\/span><span data-contrast=\"auto\">, el vicerrector <\/span><span data-contrast=\"auto\">Alfonso Gerardo P\u00e9rez Morales <\/span><span data-contrast=\"auto\">celebr\u00f3 la realizaci\u00f3n de <\/span><span data-contrast=\"auto\">esta actividad y detall\u00f3 que \u201ce<\/span><span data-contrast=\"auto\">spec\u00edficamente los aparatos electr\u00f3nicos tienen un gran potencial de contaminaci\u00f3n cuando no se desechan de una manera adecuada\u201d.<\/span><span data-ccp-props=\"{&quot;201341983&quot;:0,&quot;335559731&quot;:708,&quot;335559739&quot;:200,&quot;335559740&quot;:240}\">\u00a0<\/span><\/p>\n<p><span data-contrast=\"auto\">Resalt\u00f3 que la UV sirve como puente entre las instancias que realizan un uso responsable de los residuos electr\u00f3nicos y la ciudadan\u00eda, <\/span><span data-contrast=\"auto\">a fin de<\/span><span data-contrast=\"auto\"> que pueda<\/span><span data-contrast=\"auto\">n<\/span><span data-contrast=\"auto\"> desecharse de una manera amigable y que no contaminen a nuestro ambiente.<\/span><span data-ccp-props=\"{&quot;201341983&quot;:0,&quot;335559731&quot;:708,&quot;335559739&quot;:200,&quot;335559740&quot;:240}\">\u00a0<\/span><\/p>\n<p><span data-contrast=\"auto\">Agreg\u00f3 que<\/span><span data-contrast=\"auto\"> se acopi\u00f3 papel, equipo de c\u00f3mputo, impresoras y aparatos electr\u00f3nicos. <\/span><span data-contrast=\"auto\">A los donadores<\/span><span data-contrast=\"auto\"> se les regalaron plantas <\/span><span data-contrast=\"auto\">de <\/span><span data-contrast=\"auto\">roble<\/span><span data-contrast=\"auto\">, <\/span><span data-contrast=\"auto\">c<\/span><span data-contrast=\"auto\">opite<\/span><span data-contrast=\"auto\"> y <\/span><span data-contrast=\"auto\">c<\/span><span data-contrast=\"auto\">eibas<\/span><span data-contrast=\"auto\">,<\/span><span data-contrast=\"auto\"> con el objetivo de i<\/span><span data-contrast=\"auto\">mpulsar la cultura sustentable.<\/span><span data-ccp-props=\"{&quot;201341983&quot;:0,&quot;335559731&quot;:708,&quot;335559739&quot;:200,&quot;335559740&quot;:240}\">\u00a0<\/span><\/p>\n<p><span data-contrast=\"auto\">El acopio de papel <\/span><span data-contrast=\"auto\">se canaliz\u00f3 <\/span><span data-contrast=\"auto\">a <\/span><span data-contrast=\"auto\">Reciclemos y <\/span><span data-contrast=\"auto\">A<\/span><span data-contrast=\"auto\">yudemos<\/span><span data-contrast=\"auto\">, A.C.<\/span><span data-contrast=\"auto\"> L<\/span><span data-contrast=\"auto\">os recursos econ\u00f3micos obtenidos ser\u00e1n destinados para <\/span><span data-contrast=\"auto\">becas escolares y para ayudar<\/span> <span data-contrast=\"auto\">a una joven que requiere un tra<\/span><span data-contrast=\"auto\">splante de ri\u00f1\u00f3n. <\/span><span data-contrast=\"auto\">La basura electr\u00f3nica fue recogida por la empresa <\/span><span data-contrast=\"auto\">Ecolai<\/span><span data-contrast=\"auto\"> M\u00e9xico.<\/span><span data-ccp-props=\"{&quot;201341983&quot;:0,&quot;335559731&quot;:708,&quot;335559739&quot;:200,&quot;335559740&quot;:240}\">\u00a0<\/span><\/p>\n<p>&nbsp;<\/p>\n<div id=\"attachment_64369\" style=\"width: 732px\" class=\"wp-caption aligncenter\"><a href=\"https:\/\/www.uv.mx\/prensa\/files\/2019\/03\/150319-veracruz-reciclaton-4-100k.jpg\"><img loading=\"lazy\" decoding=\"async\" aria-describedby=\"caption-attachment-64369\" class=\"size-full wp-image-64369\" src=\"https:\/\/www.uv.mx\/prensa\/files\/2019\/03\/150319-veracruz-reciclaton-4-100k.jpg\" alt=\"\" width=\"722\" height=\"556\" srcset=\"https:\/\/www.uv.mx\/prensa\/files\/2019\/03\/150319-veracruz-reciclaton-4-100k.jpg 722w, https:\/\/www.uv.mx\/prensa\/files\/2019\/03\/150319-veracruz-reciclaton-4-100k-300x231.jpg 300w\" sizes=\"auto, (max-width: 722px) 100vw, 722px\" \/><\/a><p id=\"caption-attachment-64369\" class=\"wp-caption-text\">La ciudadan\u00eda don\u00f3 aparatos electr\u00f3nicos descompuestos<\/p><\/div>\n","protected":false},"excerpt":{"rendered":"<p>La regi\u00f3n Veracruz se sum\u00f3 a las acciones de promoci\u00f3n de la cultura sustentable en el Reciclat\u00f3n 2019, que se llev\u00f3 a cabo en las instalaciones del <em>campus<\/em> Mocambo<\/p>\n","protected":false},"author":1508,"featured_media":64366,"comment_status":"closed","ping_status":"closed","sticky":false,"template":"","format":"standard","meta":{"footnotes":""},"categories":[55],"tags":[],"class_list":["post-64415","post","type-post","status-publish","format-standard","has-post-thumbnail","hentry","category-veracruz"],"_links":{"self":[{"href":"https:\/\/www.uv.mx\/prensa\/wp-json\/wp\/v2\/posts\/64415","targetHints":{"allow":["GET"]}}],"collection":[{"href":"https:\/\/www.uv.mx\/prensa\/wp-json\/wp\/v2\/posts"}],"about":[{"href":"https:\/\/www.uv.mx\/prensa\/wp-json\/wp\/v2\/types\/post"}],"author":[{"embeddable":true,"href":"https:\/\/www.uv.mx\/prensa\/wp-json\/wp\/v2\/users\/1508"}],"replies":[{"embeddable":true,"href":"https:\/\/www.uv.mx\/prensa\/wp-json\/wp\/v2\/comments?post=64415"}],"version-history":[{"count":0,"href":"https:\/\/www.uv.mx\/prensa\/wp-json\/wp\/v2\/posts\/64415\/revisions"}],"wp:featuredmedia":[{"embeddable":true,"href":"https:\/\/www.uv.mx\/prensa\/wp-json\/wp\/v2\/media\/64366"}],"wp:attachment":[{"href":"https:\/\/www.uv.mx\/prensa\/wp-json\/wp\/v2\/media?parent=64415"}],"wp:term":[{"taxonomy":"category","embeddable":true,"href":"https:\/\/www.uv.mx\/prensa\/wp-json\/wp\/v2\/categories?post=64415"},{"taxonomy":"post_tag","embeddable":true,"href":"https:\/\/www.uv.mx\/prensa\/wp-json\/wp\/v2\/tags?post=64415"}],"curies":[{"name":"wp","href":"https:\/\/api.w.org\/{rel}","templated":true}]}}