{"id":64413,"date":"2019-03-15T17:58:24","date_gmt":"2019-03-15T23:58:24","guid":{"rendered":"https:\/\/www.uv.mx\/prensa\/?p=64413"},"modified":"2019-03-15T17:58:24","modified_gmt":"2019-03-15T23:58:24","slug":"ensamble-sinestesia-ofrecio-recital-de-jazz","status":"publish","type":"post","link":"https:\/\/www.uv.mx\/prensa\/cultura\/ensamble-sinestesia-ofrecio-recital-de-jazz\/","title":{"rendered":"Ensamble Sinestesia ofreci\u00f3 recital de jazz"},"content":{"rendered":"<p>&nbsp;<\/p>\n<div id=\"attachment_64315\" style=\"width: 732px\" class=\"wp-caption aligncenter\"><a href=\"https:\/\/www.uv.mx\/prensa\/files\/2019\/03\/140319-Jazz-Sinestesia-01.jpg\"><img loading=\"lazy\" decoding=\"async\" aria-describedby=\"caption-attachment-64315\" class=\"size-full wp-image-64315\" src=\"https:\/\/www.uv.mx\/prensa\/files\/2019\/03\/140319-Jazz-Sinestesia-01.jpg\" alt=\"\" width=\"722\" height=\"542\" srcset=\"https:\/\/www.uv.mx\/prensa\/files\/2019\/03\/140319-Jazz-Sinestesia-01.jpg 722w, https:\/\/www.uv.mx\/prensa\/files\/2019\/03\/140319-Jazz-Sinestesia-01-300x225.jpg 300w\" sizes=\"auto, (max-width: 722px) 100vw, 722px\" \/><\/a><p id=\"caption-attachment-64315\" class=\"wp-caption-text\">El ensamble Sinestesia momentos antes de iniciar su recital de jazz<\/p><\/div>\n<p>&nbsp;<\/p>\n<p><b><i><span data-contrast=\"auto\">Francisco Javier <\/span><\/i><\/b><b><i><span data-contrast=\"auto\">Cha\u00edn<\/span><\/i><\/b><b><i><span data-contrast=\"auto\"> Revuelta<\/span><\/i><\/b><span data-ccp-props=\"{&quot;201341983&quot;:0,&quot;335559739&quot;:160,&quot;335559740&quot;:240}\">\u00a0<\/span><\/p>\n<p><b><i><span data-contrast=\"auto\">1<\/span><\/i><\/b><b><i><span data-contrast=\"auto\">5<\/span><\/i><\/b><b><i><span data-contrast=\"auto\">\/03\/19<\/span><\/i><\/b><b><i><span data-contrast=\"auto\">,<\/span><\/i><\/b><b><i><span data-contrast=\"auto\"> Orizaba, Ver.-<\/span><\/i><\/b> <span data-contrast=\"auto\">E<\/span><span data-contrast=\"auto\">l ensamble Sinestesia<\/span> <span data-contrast=\"auto\">ofreci\u00f3 un recital de j<\/span><span data-contrast=\"auto\">azz<\/span> <span data-contrast=\"auto\">a estudiantes y profesores de<\/span><span data-contrast=\"auto\"> las facultades de Ingenier\u00eda, Contadur\u00eda y Administraci\u00f3n, Medicina y <\/span><span data-contrast=\"auto\">Ciencias Qu\u00edmicas<\/span> <span data-contrast=\"auto\">de la <\/span><span data-contrast=\"auto\">Universidad Veracruzana <\/span><span data-contrast=\"auto\">(UV),<\/span> <span data-contrast=\"auto\">el 13 de marzo<\/span> <span data-contrast=\"auto\">en la Unidad de Servicios Bibliotecarios y de Informaci\u00f3n (USBI)<\/span><span data-contrast=\"auto\">.<\/span><span data-ccp-props=\"{&quot;201341983&quot;:0,&quot;335559739&quot;:160,&quot;335559740&quot;:240}\">\u00a0<\/span><\/p>\n<p><span data-contrast=\"auto\">A invitaci\u00f3n <\/span><span data-contrast=\"auto\">de la Coordinaci\u00f3n Regional de Difusi\u00f3n<\/span><span data-contrast=\"auto\"> Cultural<\/span><span data-contrast=\"auto\">,<\/span> <span data-contrast=\"auto\">Sinestesia<\/span><span data-contrast=\"auto\"> present\u00f3 un <\/span><span data-contrast=\"auto\">programa <\/span><span data-contrast=\"auto\">con<\/span><span data-contrast=\"auto\"> las piezas<\/span> <i><span data-contrast=\"auto\">Autumn<\/span><\/i> <i><span data-contrast=\"auto\">Leaves<\/span><\/i><span data-contrast=\"auto\">, <\/span><span data-contrast=\"auto\">de Johnny <\/span><span data-contrast=\"auto\">Mercer<\/span><span data-contrast=\"auto\">;<\/span> <i><span data-contrast=\"auto\">All<\/span><\/i><i><span data-contrast=\"auto\"> of me<\/span><\/i><span data-contrast=\"auto\"> de <\/span><span data-contrast=\"auto\">Simons<\/span><span data-contrast=\"auto\"> &amp; Marks;<\/span> <i><span data-contrast=\"auto\">Summertime<\/span><\/i><span data-contrast=\"auto\">, <\/span><span data-contrast=\"auto\">de George Gershwin;<\/span> <i><span data-contrast=\"auto\">Black <\/span><\/i><i><span data-contrast=\"auto\">Orpheus<\/span><\/i><span data-contrast=\"auto\">, <\/span><span data-contrast=\"auto\">de<\/span><span data-contrast=\"auto\"> Louis <\/span><span data-contrast=\"auto\">Bonfi<\/span><span data-contrast=\"auto\">,<\/span><span data-contrast=\"auto\"> y <\/span><i><span data-contrast=\"auto\">B\u00e9same Mucho<\/span><\/i><span data-contrast=\"auto\">, <\/span><span data-contrast=\"auto\">de Consuelo Vel\u00e1zquez.<\/span><span data-ccp-props=\"{&quot;201341983&quot;:0,&quot;335559739&quot;:160,&quot;335559740&quot;:240}\">\u00a0<\/span><\/p>\n<p><span data-contrast=\"auto\">Yolanda C\u00e1rdenas Mart\u00ednez<\/span><span data-contrast=\"auto\">,<\/span><span data-contrast=\"auto\"> titular de Difusi\u00f3n Cu<\/span><span data-contrast=\"auto\">ltural en la regi\u00f3n <\/span><span data-contrast=\"auto\">Orizaba-C\u00f3rdoba<\/span><span data-contrast=\"auto\">,<\/span><span data-contrast=\"auto\"> inform\u00f3 que Sinestesia es un e<\/span><span data-contrast=\"auto\">nsamble instrumental de g\u00e9nero j<\/span><span data-contrast=\"auto\">azz<\/span> <span data-contrast=\"auto\">integra<\/span><span data-contrast=\"auto\">do por<\/span><span data-contrast=\"auto\">: <\/span><span data-contrast=\"auto\">Jos\u00e9 Luis Almendra <\/span><span data-contrast=\"auto\">Xaca<\/span><span data-contrast=\"auto\"> (t<\/span><span data-contrast=\"auto\">romb\u00f3n)<\/span><span data-contrast=\"auto\">,<\/span><span data-contrast=\"auto\"> C\u00e9sar Antonio Alfonso Palacios<\/span><span data-contrast=\"auto\"> (g<\/span><span data-contrast=\"auto\">uitarra)<\/span><span data-contrast=\"auto\">,<\/span><span data-contrast=\"auto\"> Jes\u00fas Molina Sandoval<\/span><span data-contrast=\"auto\"> (p<\/span><span data-contrast=\"auto\">iano)<\/span><span data-contrast=\"auto\">,<\/span><span data-contrast=\"auto\"> Jes\u00fas Ameca Torres<\/span><span data-contrast=\"auto\"> (b<\/span><span data-contrast=\"auto\">ajo) y Sebasti\u00e1n de Jes\u00fas Huerta Contreras<\/span><span data-contrast=\"auto\"> (b<\/span><span data-contrast=\"auto\">ater\u00eda)<\/span><span data-contrast=\"auto\">.<\/span><span data-ccp-props=\"{&quot;201341983&quot;:0,&quot;335559731&quot;:708,&quot;335559739&quot;:160,&quot;335559740&quot;:240}\">\u00a0<\/span><\/p>\n<p><span data-contrast=\"auto\">Coment\u00f3 que son originarios de Huatusco, excepto Sebasti\u00e1n que es de Fort\u00edn; los tres primeros <\/span><span data-contrast=\"auto\">cursan <\/span><span data-contrast=\"auto\">la Licenciatura en Ense\u00f1anza de las Artes que se imparte en el Centro Cultural de las Ciencias y las Artes de la UV en C\u00f3rdoba.<\/span><span data-ccp-props=\"{&quot;201341983&quot;:0,&quot;335559731&quot;:708,&quot;335559739&quot;:160,&quot;335559740&quot;:240}\">\u00a0<\/span><\/p>\n<p><span data-contrast=\"auto\">Jes\u00fas Ameca estudia en la Facultad de Enfermer\u00eda de la UV y Sebasti\u00e1n de Jes\u00fas Huerta en el Instituto Regional de Bellas Artes de Orizaba (IRBAO)<\/span><span data-ccp-props=\"{&quot;201341983&quot;:0,&quot;335559731&quot;:708,&quot;335559739&quot;:160,&quot;335559740&quot;:240}\">\u00a0<\/span><\/p>\n<p><span data-contrast=\"auto\">La funcionaria agreg\u00f3 que <\/span><span data-contrast=\"auto\">los <\/span><span data-contrast=\"auto\">j\u00f3venes m\u00fasicos tienen una formaci\u00f3n musical en el IRBAO y en el Instituto Municipal de Bellas Artes de Orizaba (IMBAO). Son miembros del Coro Regional de UV y han participado en diversos recitales, conciertos, presentaciones y festivales de coros universitarios. Su \u00faltima participaci\u00f3n fue en el proyecto musical <\/span><i><span data-contrast=\"auto\">Queen sinf\u00f3nico<\/span><\/i><span data-contrast=\"auto\"> con Marc Martel.<\/span><span data-ccp-props=\"{&quot;201341983&quot;:0,&quot;335559731&quot;:708,&quot;335559739&quot;:160,&quot;335559740&quot;:240}\">\u00a0<\/span><\/p>\n<p><span data-contrast=\"auto\">Cabe <\/span><span data-contrast=\"auto\">mencionar<\/span><span data-contrast=\"auto\"> que este mismo recital se ofreci\u00f3 el <\/span><span data-contrast=\"auto\">7 de marzo a<\/span><span data-contrast=\"auto\"> la comunidad universitaria<\/span> <span data-contrast=\"auto\">de <\/span><span data-contrast=\"auto\">la<\/span><span data-contrast=\"auto\">s f<\/span><span data-contrast=\"auto\">acultad<\/span><span data-contrast=\"auto\">es<\/span><span data-contrast=\"auto\"> de Arquitectura<\/span><span data-contrast=\"auto\">,<\/span> <i><span data-contrast=\"auto\">campus<\/span><\/i><span data-contrast=\"auto\"> C\u00f3rdoba y de Ciencias Biol\u00f3gicas y Agropecuarias<\/span><span data-contrast=\"auto\">,<\/span> <i><span data-contrast=\"auto\">campus<\/span><\/i><span data-contrast=\"auto\"> Pe\u00f1uela.<\/span><span data-ccp-props=\"{&quot;201341983&quot;:0,&quot;335559731&quot;:708,&quot;335559739&quot;:160,&quot;335559740&quot;:240}\">\u00a0<\/span><\/p>\n<p><span data-contrast=\"auto\">Sinestesia,<\/span><span data-contrast=\"auto\"> en t\u00e9rminos biol\u00f3gicos<\/span><span data-contrast=\"auto\">,<\/span><span data-contrast=\"auto\"> se refiere a una \u201cs<\/span><span data-contrast=\"auto\">ensaci\u00f3n<\/span><span data-contrast=\"auto\"> secundaria o asociada que se produce en una parte del cuerpo a consecuencia <\/span><span data-contrast=\"auto\">de un est\u00edmulo aplicado en otra\u201d<\/span><span data-contrast=\"auto\">;<\/span><span data-contrast=\"auto\"> para la <\/span><span data-contrast=\"auto\">l<\/span><span data-contrast=\"auto\">iteratura<\/span><span data-contrast=\"auto\">,<\/span><span data-contrast=\"auto\"> es<\/span> <span data-contrast=\"auto\">una<\/span><span data-contrast=\"auto\"> \u201cf<\/span><span data-contrast=\"auto\">igura ret\u00f3rica que consiste en la atribuci\u00f3n de una sensaci\u00f3n a u<\/span><span data-contrast=\"auto\">n sentido que no le corr<\/span><span data-contrast=\"auto\">esponde\u201d, p<\/span><span data-contrast=\"auto\">or ejemplo<\/span><span data-contrast=\"auto\">, la apreciaci\u00f3n de conceptos como<\/span> <span data-contrast=\"auto\">\u201camar<\/span><span data-contrast=\"auto\">illo chill\u00f3n\u201d o \u201cse oye la luz\u201d<\/span><span data-contrast=\"auto\">, se\u00f1al\u00f3.<\/span><span data-ccp-props=\"{&quot;201341983&quot;:0,&quot;335559731&quot;:708,&quot;335559739&quot;:160,&quot;335559740&quot;:240}\">\u00a0<\/span><\/p>\n<p><span data-contrast=\"auto\">L<\/span><span data-contrast=\"auto\">os <\/span><span data-contrast=\"auto\">sinest\u00e9sicos<\/span><span data-contrast=\"auto\"> perciben con frecuencia y de manera involuntaria correspondencias entre tonos de color, tonos de sonidos e intensi<\/span><span data-contrast=\"auto\">dades de los sabores o colores.<\/span><span data-contrast=\"auto\">\u200b La sinestesia es, en definitiva, la experimentaci\u00f3n de dos sentidos que funcionan mezcl\u00e1ndose entre <\/span><span data-contrast=\"auto\">s\u00ed<\/span><span data-contrast=\"auto\">.<\/span><span data-ccp-props=\"{&quot;201341983&quot;:0,&quot;335559731&quot;:708,&quot;335559739&quot;:160,&quot;335559740&quot;:240}\">\u00a0<\/span><\/p>\n<p>&nbsp;<\/p>\n<div id=\"attachment_64317\" style=\"width: 732px\" class=\"wp-caption aligncenter\"><a href=\"https:\/\/www.uv.mx\/prensa\/files\/2019\/03\/14032019-sinestesia-04.jpg\"><img loading=\"lazy\" decoding=\"async\" aria-describedby=\"caption-attachment-64317\" class=\"size-full wp-image-64317\" src=\"https:\/\/www.uv.mx\/prensa\/files\/2019\/03\/14032019-sinestesia-04.jpg\" alt=\"\" width=\"722\" height=\"542\" srcset=\"https:\/\/www.uv.mx\/prensa\/files\/2019\/03\/14032019-sinestesia-04.jpg 722w, https:\/\/www.uv.mx\/prensa\/files\/2019\/03\/14032019-sinestesia-04-300x225.jpg 300w\" sizes=\"auto, (max-width: 722px) 100vw, 722px\" \/><\/a><p id=\"caption-attachment-64317\" class=\"wp-caption-text\">Estudiantes y profesores disfrutaron el recital<\/p><\/div>\n","protected":false},"excerpt":{"rendered":"<p>Asistieron estudiantes y acad\u00e9micos de la regi\u00f3n Orizaba-C\u00f3rdoba<\/p>\n","protected":false},"author":1508,"featured_media":64315,"comment_status":"closed","ping_status":"closed","sticky":false,"template":"","format":"standard","meta":{"footnotes":""},"categories":[11,53],"tags":[],"class_list":["post-64413","post","type-post","status-publish","format-standard","has-post-thumbnail","hentry","category-cultura","category-orizaba"],"_links":{"self":[{"href":"https:\/\/www.uv.mx\/prensa\/wp-json\/wp\/v2\/posts\/64413","targetHints":{"allow":["GET"]}}],"collection":[{"href":"https:\/\/www.uv.mx\/prensa\/wp-json\/wp\/v2\/posts"}],"about":[{"href":"https:\/\/www.uv.mx\/prensa\/wp-json\/wp\/v2\/types\/post"}],"author":[{"embeddable":true,"href":"https:\/\/www.uv.mx\/prensa\/wp-json\/wp\/v2\/users\/1508"}],"replies":[{"embeddable":true,"href":"https:\/\/www.uv.mx\/prensa\/wp-json\/wp\/v2\/comments?post=64413"}],"version-history":[{"count":0,"href":"https:\/\/www.uv.mx\/prensa\/wp-json\/wp\/v2\/posts\/64413\/revisions"}],"wp:featuredmedia":[{"embeddable":true,"href":"https:\/\/www.uv.mx\/prensa\/wp-json\/wp\/v2\/media\/64315"}],"wp:attachment":[{"href":"https:\/\/www.uv.mx\/prensa\/wp-json\/wp\/v2\/media?parent=64413"}],"wp:term":[{"taxonomy":"category","embeddable":true,"href":"https:\/\/www.uv.mx\/prensa\/wp-json\/wp\/v2\/categories?post=64413"},{"taxonomy":"post_tag","embeddable":true,"href":"https:\/\/www.uv.mx\/prensa\/wp-json\/wp\/v2\/tags?post=64413"}],"curies":[{"name":"wp","href":"https:\/\/api.w.org\/{rel}","templated":true}]}}