{"id":64404,"date":"2019-03-18T09:00:45","date_gmt":"2019-03-18T15:00:45","guid":{"rendered":"https:\/\/www.uv.mx\/prensa\/?p=64404"},"modified":"2019-03-19T13:21:01","modified_gmt":"2019-03-19T19:21:01","slug":"frankenstein-ha-dejado-su-legado-en-la-ciencia","status":"publish","type":"post","link":"https:\/\/www.uv.mx\/prensa\/ciencia\/frankenstein-ha-dejado-su-legado-en-la-ciencia\/","title":{"rendered":"<em>Frankenstein<\/em> ha dejado su legado en la ciencia"},"content":{"rendered":"<ul>\n<li data-leveltext=\"\uf0b7\" data-font=\"Symbol\" data-listid=\"1\" data-aria-posinset=\"1\" data-aria-level=\"1\"><i><span data-contrast=\"auto\">\u201cT<\/span><\/i><i><span data-contrast=\"auto\">oda actividad cient\u00edfica debe pasar por un rigor \u00e9tico desarrollado por los propios <\/span><\/i><i><span data-contrast=\"auto\">investigadores\u201d: V\u00edctor Loyola<\/span><\/i><span data-ccp-props=\"{&quot;134233279&quot;:true,&quot;201341983&quot;:0,&quot;335559739&quot;:160,&quot;335559740&quot;:240}\">\u00a0<\/span><\/li>\n<\/ul>\n<p>&nbsp;<\/p>\n<div id=\"attachment_64226\" style=\"width: 732px\" class=\"wp-caption aligncenter\"><a href=\"https:\/\/www.uv.mx\/prensa\/files\/2019\/03\/130319-Conferencia-Loyola.jpg\"><img loading=\"lazy\" decoding=\"async\" aria-describedby=\"caption-attachment-64226\" class=\"size-full wp-image-64226\" src=\"https:\/\/www.uv.mx\/prensa\/files\/2019\/03\/130319-Conferencia-Loyola.jpg\" alt=\"\" width=\"722\" height=\"481\" srcset=\"https:\/\/www.uv.mx\/prensa\/files\/2019\/03\/130319-Conferencia-Loyola.jpg 722w, https:\/\/www.uv.mx\/prensa\/files\/2019\/03\/130319-Conferencia-Loyola-300x200.jpg 300w\" sizes=\"auto, (max-width: 722px) 100vw, 722px\" \/><\/a><p id=\"caption-attachment-64226\" class=\"wp-caption-text\">V\u00edctor Loyola dict\u00f3 conferencia a estudiantes y profesores universitarios<\/p><\/div>\n<p>&nbsp;<\/p>\n<p><b><i><span data-contrast=\"auto\">Paola Cort\u00e9s P\u00e9rez<\/span><\/i><\/b><span data-ccp-props=\"{&quot;201341983&quot;:0,&quot;335559739&quot;:160,&quot;335559740&quot;:240}\">\u00a0<\/span><\/p>\n<p><b><i><span data-contrast=\"auto\">18\/03\/19, Xalapa, <\/span><\/i><\/b><b><i><span data-contrast=\"auto\">Ver.-<\/span><\/i><\/b><span data-contrast=\"auto\"> V\u00edctor Manuel Loyola Vargas, <\/span><span data-contrast=\"auto\">miembro <\/span><span data-contrast=\"auto\">del Centro de Investigaci\u00f3n Cient\u00edfica de Yucat\u00e1n (CICY), expres\u00f3 que la novela de Mary Shelley, <\/span><i><span data-contrast=\"auto\">Frankenstein<\/span><\/i><span data-contrast=\"auto\"> o <\/span><i><span data-contrast=\"auto\">El moderno Prometeo<\/span><\/i><span data-contrast=\"auto\">, no s\u00f3lo ha influido a la literatura, cultura y filosof\u00eda, tambi\u00e9n ha dejado un legado en la ciencia, al impartir la conferencia \u201cFrankenstein. <\/span><span data-contrast=\"auto\">His<\/span> <span data-contrast=\"auto\">philosophical<\/span><span data-contrast=\"auto\">, cultural and <\/span><span data-contrast=\"auto\">scientific<\/span> <span data-contrast=\"auto\">legacy<\/span><span data-contrast=\"auto\">\u201d.<\/span><span data-ccp-props=\"{&quot;201341983&quot;:0,&quot;335559739&quot;:160,&quot;335559740&quot;:240}\">\u00a0<\/span><\/p>\n<p><span data-contrast=\"auto\">La charla se llev\u00f3 a cabo la tarde del martes 12 de marzo en la sala de videoconferencias de la Unidad de Servicios Bibliotecarios y de Informaci\u00f3n (USBI), a manera de clausura del Primer Congreso Nacional Estudiantil de Bioqu\u00edmica y Biolog\u00eda Molecular \u201cDra. Yolanda <\/span><span data-contrast=\"auto\">Cocotle<\/span><span data-contrast=\"auto\"> Ronz\u00f3n\u201d, organizado por la <a href=\"https:\/\/www.uv.mx\/qfb\/\">Faculta<\/a><\/span><span data-contrast=\"auto\">d<\/span><span data-contrast=\"auto\"> de Qu\u00edmica Farmac\u00e9utica Biol\u00f3gica (QFB) de la Universidad Veracruzana (UV).<\/span><span data-ccp-props=\"{&quot;201341983&quot;:0,&quot;335559731&quot;:708,&quot;335559739&quot;:160,&quot;335559740&quot;:240}\">\u00a0<\/span><\/p>\n<p><span data-contrast=\"auto\">El investigador nacional em\u00e9rito y miembro de la Academia Mexicana de <\/span><span data-contrast=\"auto\">las <\/span><span data-contrast=\"auto\">Ciencias<\/span><span data-contrast=\"auto\"> centr\u00f3 su conferencia en <\/span><span data-contrast=\"auto\">el libro <\/span><i><span data-contrast=\"auto\">Frankenstein<\/span><\/i><span data-contrast=\"auto\"> o <\/span><i><span data-contrast=\"auto\">El moderno Prometeo<\/span><\/i><span data-contrast=\"auto\">, que el a\u00f1o pasado cumpli\u00f3 200 a\u00f1os de su publicaci\u00f3n, ya que consider\u00f3 que ha tiene un legado importante en el \u00e1rea de la ciencia y la tecnolog\u00eda.<\/span><span data-ccp-props=\"{&quot;201341983&quot;:0,&quot;335559731&quot;:708,&quot;335559739&quot;:160,&quot;335559740&quot;:240}\">\u00a0<\/span><\/p>\n<p><span data-contrast=\"auto\">Record\u00f3 que Mary Shelley public\u00f3 su novela cuando ten\u00eda 20 a\u00f1os, \u201cs\u00f3lo ella pudo haberla narrado, fue una mujer muy culta, asist\u00eda a las exhibiciones del uso de la electricidad para mover cad\u00e1veres, conoc\u00eda todo sobre la electricidad y su uso\u201d.<\/span><span data-ccp-props=\"{&quot;201341983&quot;:0,&quot;335559731&quot;:708,&quot;335559739&quot;:160,&quot;335559740&quot;:240}\">\u00a0<\/span><\/p>\n<p><span data-contrast=\"auto\">Mencion\u00f3 que <\/span><i><span data-contrast=\"auto\">Frankenstein<\/span><\/i> <span data-contrast=\"auto\">tiene claramente influencia del libro de <\/span><span data-contrast=\"auto\">G\u00e9nesis<\/span><span data-contrast=\"auto\"> de la Biblia; <\/span><i><span data-contrast=\"auto\">La Tempestad<\/span><\/i><span data-contrast=\"auto\">, <\/span><i><span data-contrast=\"auto\">El Rey Lear<\/span><\/i><span data-contrast=\"auto\"> y <\/span><i><span data-contrast=\"auto\">Una noche de verano<\/span><\/i><span data-contrast=\"auto\">, de <\/span><span data-contrast=\"auto\">William Shakespeare<\/span><span data-contrast=\"auto\">, y del poema <\/span><i><span data-contrast=\"auto\">El p<\/span><\/i><i><span data-contrast=\"auto\">ara\u00edso <\/span><\/i><i><span data-contrast=\"auto\">pe<\/span><\/i><i><span data-contrast=\"auto\">rdido<\/span><\/i><span data-contrast=\"auto\">, de <\/span><span data-contrast=\"auto\">John Milton<\/span><span data-contrast=\"auto\">.<\/span><span data-ccp-props=\"{&quot;201341983&quot;:0,&quot;335559731&quot;:708,&quot;335559739&quot;:160,&quot;335559740&quot;:240}\">\u00a0<\/span><\/p>\n<p><span data-contrast=\"auto\">Esta novela, dijo, ha dejado su legado en la cultura, <\/span><span data-contrast=\"auto\">la <\/span><span data-contrast=\"auto\">literatura, <\/span><span data-contrast=\"auto\">la <\/span><span data-contrast=\"auto\">cultura y <\/span><span data-contrast=\"auto\">la <\/span><span data-contrast=\"auto\">filosof\u00eda<\/span><span data-contrast=\"auto\">, pero tambi\u00e9n <\/span><span data-contrast=\"auto\">ha <\/span><span data-contrast=\"auto\">influido a la ciencia: vivimos en <\/span><span data-contrast=\"auto\">la<\/span><span data-contrast=\"auto\"> era de<\/span> <span data-contrast=\"auto\">la <\/span><span data-contrast=\"auto\">tecnolog\u00eda sint\u00e9tica, del desarrollo rob\u00f3tico, de <\/span><span data-contrast=\"auto\">la inteligencia artificial y de la medicina regenerativa.<\/span><span data-contrast=\"auto\"> Y el a\u00f1o pasado, por primera vez, se clonaron monos.<\/span><span data-ccp-props=\"{&quot;201341983&quot;:0,&quot;335559731&quot;:708,&quot;335559739&quot;:160,&quot;335559740&quot;:240}\">\u00a0<\/span><\/p>\n<p><span data-contrast=\"auto\">\u201cEn la novela se habla de los trasplantes y ahora son una realidad, en 1974 aparecieron los primeros organismos gen\u00e9ticamente modificados, y sobre todo vuelve a poner en la mesa la<\/span><span data-contrast=\"auto\">s<\/span><span data-contrast=\"auto\"> pregunta<\/span><span data-contrast=\"auto\">s:<\/span><span data-contrast=\"auto\"> \u00bfQu\u00e9 es la vida? \u00bfQu\u00e9 es el ser humano? \u00bfC\u00f3mo se define a un ser humano?\u201d<\/span><span data-ccp-props=\"{&quot;201341983&quot;:0,&quot;335559731&quot;:708,&quot;335559739&quot;:160,&quot;335559740&quot;:240}\">\u00a0<\/span><\/p>\n<p><span data-contrast=\"auto\">Destac\u00f3 que <\/span><span data-contrast=\"auto\">la novela <\/span><span data-contrast=\"auto\">versa sobre <\/span><span data-contrast=\"auto\">las consecuencias del conocimiento, por lo que los cient\u00edficos \u2013opin\u00f3\u2013 deben tener presente y entender lo que significa la responsabilidad.<\/span><span data-ccp-props=\"{&quot;201341983&quot;:0,&quot;335559731&quot;:708,&quot;335559739&quot;:160,&quot;335559740&quot;:240}\">\u00a0<\/span><\/p>\n<p><span data-contrast=\"auto\">\u201cTenemos que estar conscientes de lo que hacemos y ser responsables de nuestro trabajo, de los da\u00f1os colaterales que tendr\u00e1n nuestras investigaciones, ya hemos visto lo que sucedi\u00f3 con la dinamita y la bomba at\u00f3mica.\u201d<\/span><span data-ccp-props=\"{&quot;201341983&quot;:0,&quot;335559731&quot;:708,&quot;335559739&quot;:160,&quot;335559740&quot;:240}\">\u00a0<\/span><\/p>\n<p><span data-contrast=\"auto\">As\u00ed que, mencion\u00f3, toda actividad cient\u00edfica debe pasar por un rigor \u00e9tico <\/span><span data-contrast=\"auto\">que debe ser desarrollado por<\/span><span data-contrast=\"auto\"> los propios cient\u00edficos<\/span><span data-contrast=\"auto\">, <\/span><span data-contrast=\"auto\">quienes<\/span><span data-contrast=\"auto\"> deben crear las barreras \u00e9ticas y no los gobiernos porque ellos confunden la moral con la \u00e9tica.<\/span><span data-ccp-props=\"{&quot;201341983&quot;:0,&quot;335559731&quot;:708,&quot;335559739&quot;:160,&quot;335559740&quot;:240}\">\u00a0<\/span><\/p>\n<p><span data-contrast=\"auto\">\u201cDebemos inculcar a nuestros estudiantes la \u00e9tica del laboratorio, porque lamentablemente la norma econ\u00f3mica es la que rige en la ciencia y la tecnolog\u00eda, eso se ve claramente en Estados Unidos donde se reglamenta lo que les conviene para bloquear la investigaci\u00f3n generada en otros pa\u00edses.\u201d<\/span><span data-ccp-props=\"{&quot;201341983&quot;:0,&quot;335559731&quot;:708,&quot;335559739&quot;:160,&quot;335559740&quot;:240}\">\u00a0<\/span><\/p>\n","protected":false},"excerpt":{"rendered":"<p>Los cient\u00edficos deben ser conscientes y hacerse responsables de su trabajo, asever\u00f3 V\u00edctor Manuel Loyola Vargas al comentar la novela de Mary Shelley<\/p>\n","protected":false},"author":1508,"featured_media":64226,"comment_status":"closed","ping_status":"closed","sticky":false,"template":"","format":"standard","meta":{"footnotes":""},"categories":[45],"tags":[],"class_list":["post-64404","post","type-post","status-publish","format-standard","has-post-thumbnail","hentry","category-ciencia"],"_links":{"self":[{"href":"https:\/\/www.uv.mx\/prensa\/wp-json\/wp\/v2\/posts\/64404","targetHints":{"allow":["GET"]}}],"collection":[{"href":"https:\/\/www.uv.mx\/prensa\/wp-json\/wp\/v2\/posts"}],"about":[{"href":"https:\/\/www.uv.mx\/prensa\/wp-json\/wp\/v2\/types\/post"}],"author":[{"embeddable":true,"href":"https:\/\/www.uv.mx\/prensa\/wp-json\/wp\/v2\/users\/1508"}],"replies":[{"embeddable":true,"href":"https:\/\/www.uv.mx\/prensa\/wp-json\/wp\/v2\/comments?post=64404"}],"version-history":[{"count":0,"href":"https:\/\/www.uv.mx\/prensa\/wp-json\/wp\/v2\/posts\/64404\/revisions"}],"wp:featuredmedia":[{"embeddable":true,"href":"https:\/\/www.uv.mx\/prensa\/wp-json\/wp\/v2\/media\/64226"}],"wp:attachment":[{"href":"https:\/\/www.uv.mx\/prensa\/wp-json\/wp\/v2\/media?parent=64404"}],"wp:term":[{"taxonomy":"category","embeddable":true,"href":"https:\/\/www.uv.mx\/prensa\/wp-json\/wp\/v2\/categories?post=64404"},{"taxonomy":"post_tag","embeddable":true,"href":"https:\/\/www.uv.mx\/prensa\/wp-json\/wp\/v2\/tags?post=64404"}],"curies":[{"name":"wp","href":"https:\/\/api.w.org\/{rel}","templated":true}]}}