{"id":64349,"date":"2019-03-17T09:00:03","date_gmt":"2019-03-17T15:00:03","guid":{"rendered":"https:\/\/www.uv.mx\/prensa\/?p=64349"},"modified":"2019-03-14T21:00:26","modified_gmt":"2019-03-15T03:00:26","slug":"pacientes-centro-de-la-medicina-traslacional-jose-munoz","status":"publish","type":"post","link":"https:\/\/www.uv.mx\/prensa\/ciencia\/pacientes-centro-de-la-medicina-traslacional-jose-munoz\/","title":{"rendered":"Pacientes, centro de la medicina traslacional: Jos\u00e9 Mu\u00f1oz"},"content":{"rendered":"<ul>\n<li data-leveltext=\"\uf0b7\" data-font=\"Symbol\" data-listid=\"1\" data-aria-posinset=\"1\" data-aria-level=\"1\"><i><span data-contrast=\"auto\">Profesionales de la salud deben desarrollar investigaci\u00f3n para pacientes, dijo Jos\u00e9 Francisco Mu\u00f1oz Valle, profeso<\/span><\/i><i><span data-contrast=\"auto\">r <\/span><\/i><i><span data-contrast=\"auto\">de la Universidad de Guadalajara<\/span><\/i><span data-ccp-props=\"{&quot;134233279&quot;:true}\">\u00a0<\/span><\/li>\n<\/ul>\n<p>&nbsp;<\/p>\n<div id=\"attachment_64124\" style=\"width: 732px\" class=\"wp-caption aligncenter\"><a href=\"https:\/\/www.uv.mx\/prensa\/files\/2019\/03\/120319-Conferencia-Jose-MuNoz-1.jpg\"><img loading=\"lazy\" decoding=\"async\" aria-describedby=\"caption-attachment-64124\" class=\"size-full wp-image-64124\" src=\"https:\/\/www.uv.mx\/prensa\/files\/2019\/03\/120319-Conferencia-Jose-MuNoz-1.jpg\" alt=\"\" width=\"722\" height=\"482\" srcset=\"https:\/\/www.uv.mx\/prensa\/files\/2019\/03\/120319-Conferencia-Jose-MuNoz-1.jpg 722w, https:\/\/www.uv.mx\/prensa\/files\/2019\/03\/120319-Conferencia-Jose-MuNoz-1-300x200.jpg 300w\" sizes=\"auto, (max-width: 722px) 100vw, 722px\" \/><\/a><p id=\"caption-attachment-64124\" class=\"wp-caption-text\"><span data-contrast=\"auto\">Jos\u00e9 Mu\u00f1oz Valle, profesor investigador de la <\/span><span data-contrast=\"auto\">Ud<\/span><span data-contrast=\"auto\">e<\/span><span data-contrast=\"auto\">G<\/span><span data-ccp-props=\"{}\">\u00a0<\/span><\/p><\/div>\n<p>&nbsp;<\/p>\n<p><b><i><span data-contrast=\"auto\">Paola Cort\u00e9s P\u00e9rez<\/span><\/i><\/b><span data-ccp-props=\"{}\">\u00a0<\/span><\/p>\n<p><b><i><span data-contrast=\"auto\">17\/03\/19, Xalapa, Ver.-<\/span><\/i><\/b><span data-contrast=\"auto\"> Jos\u00e9 Francisco Mu\u00f1oz Valle, profesor-investigador del Centro Universitario de Ciencias de la Salud de la Universidad de Guadalajara (UdeG), <\/span><span data-contrast=\"auto\">plante<\/span><span data-contrast=\"auto\">\u00f3 que los profesionales de la salud deben pensar en desarrollar investigaci\u00f3n b\u00e1sica \u00fatil para los pacientes.<\/span><span data-ccp-props=\"{}\">\u00a0<\/span><\/p>\n<p><span data-contrast=\"auto\">El acad\u00e9mico <\/span><span data-contrast=\"auto\">impar<\/span><span data-contrast=\"auto\">ti\u00f3<\/span><span data-contrast=\"auto\"> la conferencia \u201cBiolog\u00eda molecular en autoinmunidad: un enfoque a la medicina <\/span><span data-contrast=\"auto\">traslacional<\/span><span data-contrast=\"auto\">\u201d, el lunes 11 de marzo en la sala de videoconferencias de la Unidad de Servicios Bibliotecarios y de Informaci\u00f3n (USBI), en el marco del <\/span><span data-contrast=\"auto\">Primer<\/span><span data-contrast=\"auto\"> Congreso Nacional Estudiantil <\/span><span data-contrast=\"auto\">de <\/span><span data-contrast=\"auto\">Bioqu\u00edmica y Biolog\u00eda Molecular \u201cDra. Yolanda <\/span><span data-contrast=\"auto\">Cocotle<\/span><span data-contrast=\"auto\"> Ronz\u00f3n\u201d.<\/span><span data-ccp-props=\"{&quot;335559731&quot;:708}\">\u00a0<\/span><\/p>\n<p><span data-contrast=\"auto\">Mu\u00f1oz Valle<\/span><span data-contrast=\"auto\"> d<\/span><span data-contrast=\"auto\">ijo que el objetivo de la investigaci\u00f3n b\u00e1sica debe ser desarrollar productos \u00fatiles para los m\u00e9dicos y especialmen<\/span><span data-contrast=\"auto\">te para los pacientes, aqu\u00ed es donde radica la importancia de la medicina <\/span><span data-contrast=\"auto\">traslacional<\/span><span data-contrast=\"auto\">.<\/span><span data-ccp-props=\"{&quot;335559731&quot;:708}\">\u00a0<\/span><\/p>\n<p><span data-contrast=\"auto\">Por lo tanto, mencion\u00f3 que el objetivo de la medicina <\/span><span data-contrast=\"auto\">traslacional<\/span><span data-contrast=\"auto\"> es facilitar la transici\u00f3n de la investigaci\u00f3n b\u00e1sica en <\/span><span data-contrast=\"auto\">aplicaciones<\/span><span data-contrast=\"auto\"> cl\u00ednicas que redunden en el beneficio de la salud.<\/span><span data-ccp-props=\"{&quot;335559731&quot;:708}\">\u00a0<\/span><\/p>\n<p><span data-contrast=\"auto\">Coment\u00f3 que los aspectos de la tambi\u00e9n llamada medicina personalizada pueden ser variados, ya que tiene diversas conceptualizaciones dependiendo qui\u00e9n y desde qu\u00e9 \u00e1rea habla sobre ella.<\/span><span data-ccp-props=\"{&quot;335559731&quot;:708}\">\u00a0<\/span><\/p>\n<p><span data-contrast=\"auto\">El investigador i<\/span><span data-contrast=\"auto\">ndic\u00f3 que desde la academia se piensa que <\/span><span data-contrast=\"auto\">es generar<\/span><span data-contrast=\"auto\"> investigaci\u00f3n b\u00e1sica con la esperanza de convertirla en aplicaciones cl\u00ednicas<\/span><span data-contrast=\"auto\">;<\/span> <span data-contrast=\"auto\">m<\/span><span data-contrast=\"auto\">ientras que para los pacientes, los m\u00e9dicos y los profesionales del laboratorio, es la necesidad de acelerar los beneficios de la investigaci\u00f3n.<\/span><span data-ccp-props=\"{&quot;335559731&quot;:708}\">\u00a0<\/span><\/p>\n<p><span data-contrast=\"auto\">\u201cLa medicina personalizada es una disciplina de las ciencias de la salud que integra la investigaci\u00f3n b\u00e1sica, cl\u00ednica y social, a trav\u00e9s de la transferencia del conocimiento \u00fatil para la innovaci\u00f3n de programas <\/span><span data-contrast=\"auto\">de salud<\/span><span data-contrast=\"auto\">,<\/span><span data-contrast=\"auto\"> y particularmente favorecer la propiedad intelectual y la elaboraci\u00f3n de pol\u00edticas p\u00fablicas.\u201d<\/span><span data-ccp-props=\"{&quot;335559731&quot;:708}\">\u00a0<\/span><\/p>\n<p><span data-contrast=\"auto\">Sin embargo, <\/span><span data-contrast=\"auto\">Jos\u00e9 Mu\u00f1oz <\/span><span data-contrast=\"auto\">dijo que existen problemas con la investigaci\u00f3n que deben ser resueltos: los resultados obtenidos no se aplican en la pr\u00e1ctica, y la otra es que<\/span><span data-contrast=\"auto\"> las investigaciones originales pueden tardar de 10 a 20 a\u00f1os en ser aplicadas de manera particular en la pr\u00e1ctica m\u00e9dica o <\/span><span data-contrast=\"auto\">en alguna \u00e1rea de la salud.<\/span><span data-ccp-props=\"{&quot;335559731&quot;:708}\">\u00a0<\/span><\/p>\n<p><span data-contrast=\"auto\">\u201cTenemos que reconocer que si bien hacemos buena investigaci\u00f3n b\u00e1sica e investigaci\u00f3n cl\u00ednica, algo pasa que no logramos concretarlo a trav\u00e9s de la generaci\u00f3n de innovaci\u00f3n y de patentes<\/span><span data-contrast=\"auto\">;<\/span><span data-contrast=\"auto\"> ahora es un momento para hacerlo, para que todos los productos que tenemos en la investigaci\u00f3n b\u00e1sica tengan una aplicaci\u00f3n cl\u00ednica.\u201d<\/span><span data-ccp-props=\"{&quot;335559731&quot;:708}\">\u00a0<\/span><\/p>\n<p><span data-contrast=\"auto\">Por \u00faltimo, mencion\u00f3 que no debe olvidarse que el centro de la medicina <\/span><span data-contrast=\"auto\">traslacional<\/span><span data-contrast=\"auto\"> es el paciente, y alrededor de \u00e9l deben girar la implementaci\u00f3n cl\u00ednica, la salud p\u00fablica, la investigaci\u00f3n b\u00e1sica, la investigaci\u00f3n precl\u00ednica y la investigaci\u00f3n cl\u00ednica.<\/span><span data-ccp-props=\"{&quot;335559731&quot;:708}\">\u00a0<\/span><\/p>\n<p>&nbsp;<\/p>\n<div id=\"attachment_64122\" style=\"width: 732px\" class=\"wp-caption aligncenter\"><a href=\"https:\/\/www.uv.mx\/prensa\/files\/2019\/03\/120319-Conferencia-Jose-MuNoz-2.jpg\"><img loading=\"lazy\" decoding=\"async\" aria-describedby=\"caption-attachment-64122\" class=\"size-full wp-image-64122\" src=\"https:\/\/www.uv.mx\/prensa\/files\/2019\/03\/120319-Conferencia-Jose-MuNoz-2.jpg\" alt=\"\" width=\"722\" height=\"482\" srcset=\"https:\/\/www.uv.mx\/prensa\/files\/2019\/03\/120319-Conferencia-Jose-MuNoz-2.jpg 722w, https:\/\/www.uv.mx\/prensa\/files\/2019\/03\/120319-Conferencia-Jose-MuNoz-2-300x200.jpg 300w\" sizes=\"auto, (max-width: 722px) 100vw, 722px\" \/><\/a><p id=\"caption-attachment-64122\" class=\"wp-caption-text\"><span data-contrast=\"auto\">A la conferencia asistieron decenas de estudiantes y profesores<\/span><span data-ccp-props=\"{}\">\u00a0<\/span><\/p><\/div>\n","protected":false},"excerpt":{"rendered":"<p>Los profesionales de la salud deben desarrollar investigaci\u00f3n b\u00e1sica, se\u00f1al\u00f3 en conferencia el profesor-investigador de la Universidad de Guadalajara<\/p>\n","protected":false},"author":1508,"featured_media":64124,"comment_status":"closed","ping_status":"closed","sticky":false,"template":"","format":"standard","meta":{"footnotes":""},"categories":[45],"tags":[],"class_list":["post-64349","post","type-post","status-publish","format-standard","has-post-thumbnail","hentry","category-ciencia"],"_links":{"self":[{"href":"https:\/\/www.uv.mx\/prensa\/wp-json\/wp\/v2\/posts\/64349","targetHints":{"allow":["GET"]}}],"collection":[{"href":"https:\/\/www.uv.mx\/prensa\/wp-json\/wp\/v2\/posts"}],"about":[{"href":"https:\/\/www.uv.mx\/prensa\/wp-json\/wp\/v2\/types\/post"}],"author":[{"embeddable":true,"href":"https:\/\/www.uv.mx\/prensa\/wp-json\/wp\/v2\/users\/1508"}],"replies":[{"embeddable":true,"href":"https:\/\/www.uv.mx\/prensa\/wp-json\/wp\/v2\/comments?post=64349"}],"version-history":[{"count":0,"href":"https:\/\/www.uv.mx\/prensa\/wp-json\/wp\/v2\/posts\/64349\/revisions"}],"wp:featuredmedia":[{"embeddable":true,"href":"https:\/\/www.uv.mx\/prensa\/wp-json\/wp\/v2\/media\/64124"}],"wp:attachment":[{"href":"https:\/\/www.uv.mx\/prensa\/wp-json\/wp\/v2\/media?parent=64349"}],"wp:term":[{"taxonomy":"category","embeddable":true,"href":"https:\/\/www.uv.mx\/prensa\/wp-json\/wp\/v2\/categories?post=64349"},{"taxonomy":"post_tag","embeddable":true,"href":"https:\/\/www.uv.mx\/prensa\/wp-json\/wp\/v2\/tags?post=64349"}],"curies":[{"name":"wp","href":"https:\/\/api.w.org\/{rel}","templated":true}]}}