{"id":64342,"date":"2019-03-16T09:00:29","date_gmt":"2019-03-16T15:00:29","guid":{"rendered":"https:\/\/www.uv.mx\/prensa\/?p=64342"},"modified":"2019-03-14T20:40:49","modified_gmt":"2019-03-15T02:40:49","slug":"incendio-en-san-juan-del-monte-devasto-500-hectareas","status":"publish","type":"post","link":"https:\/\/www.uv.mx\/prensa\/ciencia\/incendio-en-san-juan-del-monte-devasto-500-hectareas\/","title":{"rendered":"Incendio en San Juan del Monte devast\u00f3 500 hect\u00e1reas"},"content":{"rendered":"<ul>\n<li data-leveltext=\"\uf0b7\" data-font=\"Symbol\" data-listid=\"5\" data-aria-posinset=\"1\" data-aria-level=\"1\"><i><span data-contrast=\"auto\">En la zona habitan<\/span><\/i> <i><span data-contrast=\"auto\">55 especies de mam\u00edferos silvestres, 50 de aves, 27 de reptiles y seis de anfibios<\/span><\/i><span data-ccp-props=\"{}\">\u00a0<\/span><\/li>\n<\/ul>\n<p>&nbsp;<\/p>\n<div id=\"attachment_64297\" style=\"width: 732px\" class=\"wp-caption aligncenter\"><a href=\"https:\/\/www.uv.mx\/prensa\/files\/2019\/03\/140319-Incendio-San-Juan-del-Monte-1.jpg\"><img aria-describedby=\"caption-attachment-64297\" decoding=\"async\" loading=\"lazy\" class=\"size-full wp-image-64297\" src=\"https:\/\/www.uv.mx\/prensa\/files\/2019\/03\/140319-Incendio-San-Juan-del-Monte-1.jpg\" alt=\"\" width=\"722\" height=\"481\" srcset=\"https:\/\/www.uv.mx\/prensa\/files\/2019\/03\/140319-Incendio-San-Juan-del-Monte-1.jpg 722w, https:\/\/www.uv.mx\/prensa\/files\/2019\/03\/140319-Incendio-San-Juan-del-Monte-1-300x200.jpg 300w\" sizes=\"(max-width: 722px) 100vw, 722px\" \/><\/a><p id=\"caption-attachment-64297\" class=\"wp-caption-text\">La acumulaci\u00f3n de materia org\u00e1nica muerta act\u00faa como combustible ante el fuego<\/p><\/div>\n<p>&nbsp;<\/p>\n<p><b><i><span data-contrast=\"auto\">Carlos Hugo Hermida Rosales<\/span><\/i><\/b><span data-ccp-props=\"{}\">\u00a0<\/span><\/p>\n<p><b><i><span data-contrast=\"auto\">16\/03\/19, Xalapa, Ver.- <\/span><\/i><\/b><span data-contrast=\"auto\">Rafael Flores Peredo, acad\u00e9mico-investigador del Instituto de Investigaciones Forestales (<\/span><i><span data-contrast=\"auto\">Inifor<\/span><\/i><span data-contrast=\"auto\">) de la Universidad Veracruzana (UV), <\/span><span data-contrast=\"auto\">afirm\u00f3 <\/span><span data-contrast=\"auto\">que el incendio que devast\u00f3 500 hect\u00e1reas de la Reserva Ecol\u00f3gica \u201cSan Juan del Monte\u201d es un ecocidio de gran magnitud y sus efectos repercutir\u00e1n negativamente en toda la regi\u00f3n.<\/span><span data-ccp-props=\"{}\">\u00a0<\/span><\/p>\n<p><span data-contrast=\"auto\">\u201cLos bosque<\/span><span data-contrast=\"auto\">s<\/span><span data-contrast=\"auto\"> no s<\/span><span data-contrast=\"auto\">\u00f3<\/span><span data-contrast=\"auto\">lo son \u00e1rboles, sino un sistema completo que involucra muchas comunidades de seres vivos que conforman un ecosistema din\u00e1mico\u201d, mencion\u00f3.<\/span><span data-ccp-props=\"{&quot;335559731&quot;:708}\">\u00a0<\/span><\/p>\n<p><span data-contrast=\"auto\">Flores Peredo<\/span><span data-contrast=\"auto\"> relat\u00f3 que San Juan del Monte fue decretado reserva ecol\u00f3gica en 1980, con el fin de darle a la sociedad un escenario educativo<\/span><span data-contrast=\"auto\"> y<\/span><span data-contrast=\"auto\"> de investigaci\u00f3n, <\/span><span data-contrast=\"auto\">as\u00ed como <\/span><span data-contrast=\"auto\">para conocer el manejo y aprovechamiento de los recursos forestales.<\/span><span data-ccp-props=\"{&quot;335559731&quot;:708}\">\u00a0<\/span><\/p>\n<p><span data-contrast=\"auto\">Comparti\u00f3 que esta reserva <\/span><span data-contrast=\"auto\">posee<\/span><span data-contrast=\"auto\"> una superficie <\/span><span data-contrast=\"auto\">aproximada <\/span><span data-contrast=\"auto\">de 609.62 hect\u00e1reas formadas principalmente por bosque mixto, en el que se encuen<\/span><span data-contrast=\"auto\">tran diversas especies de pino-<\/span><span data-contrast=\"auto\">encino<\/span><span data-contrast=\"auto\">, algunas de ellas <\/span><span data-contrast=\"none\">categorizadas dentro de la <\/span><span data-contrast=\"none\">N<\/span><span data-contrast=\"none\">orma 059 de protecci\u00f3n de especies de la <\/span><span data-contrast=\"none\">Secretar\u00eda de Medio Ambiente y Recursos Naturales.<\/span><span data-ccp-props=\"{&quot;335559731&quot;:708}\">\u00a0<\/span><\/p>\n<p><span data-contrast=\"auto\">T<\/span><span data-contrast=\"auto\">ambi\u00e9n cuenta con un gran reservorio de especies animales, entre las que est\u00e1n 55 especies de mam\u00edferos silvestres, 50 de aves, 27 de reptiles y seis de anfibios.\u00a0<\/span><span data-ccp-props=\"{&quot;335559731&quot;:708}\">\u00a0<\/span><\/p>\n<p>&nbsp;<\/p>\n<div id=\"attachment_64298\" style=\"width: 732px\" class=\"wp-caption aligncenter\"><a href=\"https:\/\/www.uv.mx\/prensa\/files\/2019\/03\/140319-Incendio-San-Juan-del-Monte-2.jpg\"><img aria-describedby=\"caption-attachment-64298\" decoding=\"async\" loading=\"lazy\" class=\"size-full wp-image-64298\" src=\"https:\/\/www.uv.mx\/prensa\/files\/2019\/03\/140319-Incendio-San-Juan-del-Monte-2.jpg\" alt=\"\" width=\"722\" height=\"481\" srcset=\"https:\/\/www.uv.mx\/prensa\/files\/2019\/03\/140319-Incendio-San-Juan-del-Monte-2.jpg 722w, https:\/\/www.uv.mx\/prensa\/files\/2019\/03\/140319-Incendio-San-Juan-del-Monte-2-300x200.jpg 300w\" sizes=\"(max-width: 722px) 100vw, 722px\" \/><\/a><p id=\"caption-attachment-64298\" class=\"wp-caption-text\">La cercan\u00eda entre \u00e1rboles favorece el crecimiento de los incendios forestales<\/p><\/div>\n<p>&nbsp;<\/p>\n<p><span data-contrast=\"auto\">El investigador explic\u00f3 que el incendio de esta reserva ecol\u00f3gica generar<\/span><span data-contrast=\"auto\">\u00e1<\/span><span data-contrast=\"auto\"> un desplazamiento de las especies que all\u00ed habitaban a zonas m\u00e1s elevadas de la regi\u00f3n, lo que ocasionar\u00e1 competencia con las que viven all\u00ed.<\/span><span data-ccp-props=\"{&quot;335559731&quot;:708}\">\u00a0<\/span><\/p>\n<p><span data-contrast=\"auto\">Mencion\u00f3 que con esta cat\u00e1strofe los mam\u00edferos m\u00e1s afectados fueron los peque\u00f1os<\/span><span data-contrast=\"auto\">,<\/span><span data-contrast=\"auto\"> entre los que se encuentran ratones, ardillas, <\/span><span data-contrast=\"auto\">ardillones<\/span><span data-contrast=\"auto\">, musara\u00f1as y tuzas, muchos de los cuales son de <\/span><span data-contrast=\"auto\">h\u00e1bitos <\/span><span data-contrast=\"auto\">arbor\u00edcola<\/span><span data-contrast=\"auto\">s<\/span><span data-contrast=\"auto\">.<\/span><span data-ccp-props=\"{&quot;335559731&quot;:708}\">\u00a0<\/span><\/p>\n<p><span data-contrast=\"auto\">Coment\u00f3 que de las especies de aves que habitan en esa reserva<\/span><span data-contrast=\"auto\">,<\/span><span data-contrast=\"auto\"> gran parte de ellas son migratorias y usan este lugar de manera estacional para descansar e iniciar su proceso reproductivo,<\/span><span data-contrast=\"auto\"> por lo que este incendio va a generar un efecto negativo sobre sus poblaciones.<\/span><span data-ccp-props=\"{&quot;335559731&quot;:708}\">\u00a0<\/span><\/p>\n<p><span data-contrast=\"auto\">Flores Peredo <\/span><span data-contrast=\"auto\">comparti\u00f3 <\/span><span data-contrast=\"auto\">que la Reserva Ecol\u00f3gica \u201cSan Juan del Monte\u201d tiene escaso manejo forestal y no tuvo pr\u00e1ctica de raleo \u2013eliminaci\u00f3n de \u00e1rboles con el objetivo de dejar ejemplares fuertes y grandes\u2013, y en la que se dio el incremento de materia vegetal muerta.<\/span><span data-ccp-props=\"{&quot;335559731&quot;:708}\">\u00a0<\/span><\/p>\n<p>&nbsp;<\/p>\n<div id=\"attachment_64299\" style=\"width: 732px\" class=\"wp-caption aligncenter\"><a href=\"https:\/\/www.uv.mx\/prensa\/files\/2019\/03\/140319-Incendio-San-Juan-del-Monte-3.jpg\"><img aria-describedby=\"caption-attachment-64299\" decoding=\"async\" loading=\"lazy\" class=\"size-full wp-image-64299\" src=\"https:\/\/www.uv.mx\/prensa\/files\/2019\/03\/140319-Incendio-San-Juan-del-Monte-3.jpg\" alt=\"\" width=\"722\" height=\"481\" srcset=\"https:\/\/www.uv.mx\/prensa\/files\/2019\/03\/140319-Incendio-San-Juan-del-Monte-3.jpg 722w, https:\/\/www.uv.mx\/prensa\/files\/2019\/03\/140319-Incendio-San-Juan-del-Monte-3-300x200.jpg 300w\" sizes=\"(max-width: 722px) 100vw, 722px\" \/><\/a><p id=\"caption-attachment-64299\" class=\"wp-caption-text\">El fuego se propag\u00f3 a trav\u00e9s de la copa de los \u00e1rboles<\/p><\/div>\n<p>&nbsp;<\/p>\n<p><span data-contrast=\"auto\">\u201cCuando los \u00e1rboles crecen a corta distancia entre ellos compiten por los recursos, lo que <\/span><span data-contrast=\"auto\">provoca<\/span><span data-contrast=\"auto\"> que el di\u00e1metro <\/span><span data-contrast=\"auto\">de su tronco sea peque\u00f1o<\/span><span data-contrast=\"auto\"> y sus copas est\u00e9n juntas, <\/span><span data-contrast=\"auto\">y<\/span><span data-contrast=\"auto\"> ocasiona que un <\/span><span data-contrast=\"auto\">incendio<\/span><span data-contrast=\"auto\"> forestal se pr<\/span><span data-contrast=\"auto\">opague con facilidad.\u201d<\/span><span data-ccp-props=\"{&quot;335559731&quot;:708}\">\u00a0<\/span><\/p>\n<p><span data-contrast=\"auto\">Agreg\u00f3 que aunado a esto<\/span><span data-contrast=\"auto\">,<\/span><span data-contrast=\"auto\"> la <\/span><span data-contrast=\"auto\">acumulaci\u00f3n de materia vegetal muerta como hojas y peque\u00f1as ramas act\u00faa como combustible para el fuego.<\/span><span data-ccp-props=\"{&quot;335559731&quot;:708}\">\u00a0<\/span><\/p>\n<p><span data-contrast=\"auto\">El catedr\u00e1tico enfatiz\u00f3 que para prevenir futuros incendios <\/span><span data-contrast=\"auto\">forestales <\/span><span data-contrast=\"auto\">es necesario que las reservas ecol\u00f3gicas cuenten con brigadas comunitarias que cumplan las tareas de limpiar el bosque de exceso de materi<\/span><span data-contrast=\"auto\">a muerta, de hacer brechas anti-<\/span><span data-contrast=\"auto\">inc<\/span><span data-contrast=\"auto\">endio y actividades de raleo.<\/span><span data-ccp-props=\"{&quot;335559731&quot;:708}\">\u00a0<\/span><\/p>\n<p><span data-contrast=\"auto\">Afirm\u00f3 <\/span><span data-contrast=\"auto\">que<\/span><span data-contrast=\"auto\"> aunque las cat\u00e1strofes son inevitables, todas estas acciones evitan que el fuego se propague y arrase con grandes extensiones.<\/span><span data-contrast=\"auto\"> Adem\u00e1s,<\/span><span data-contrast=\"auto\"> es necesaria una excelente coordinaci\u00f3n entre las autoridades de todos niveles y las comunidades que se encuentran alrededor de las reservas ecol\u00f3gicas, para as\u00ed prevenir y estar preparados ante este tipo de incidentes.<\/span><\/p>\n<p>&nbsp;<\/p>\n<div id=\"attachment_64300\" style=\"width: 732px\" class=\"wp-caption aligncenter\"><a href=\"https:\/\/www.uv.mx\/prensa\/files\/2019\/03\/140319-Incendio-San-Juan-del-Monte-4.jpg\"><img aria-describedby=\"caption-attachment-64300\" decoding=\"async\" loading=\"lazy\" class=\"size-full wp-image-64300\" src=\"https:\/\/www.uv.mx\/prensa\/files\/2019\/03\/140319-Incendio-San-Juan-del-Monte-4.jpg\" alt=\"\" width=\"722\" height=\"481\" srcset=\"https:\/\/www.uv.mx\/prensa\/files\/2019\/03\/140319-Incendio-San-Juan-del-Monte-4.jpg 722w, https:\/\/www.uv.mx\/prensa\/files\/2019\/03\/140319-Incendio-San-Juan-del-Monte-4-300x200.jpg 300w\" sizes=\"(max-width: 722px) 100vw, 722px\" \/><\/a><p id=\"caption-attachment-64300\" class=\"wp-caption-text\">Rafael Flores Peredo, <span data-contrast=\"auto\">acad\u00e9mico-investigador del <\/span><i><span data-contrast=\"auto\">Inifor<\/span><\/i><\/p><\/div>\n","protected":false},"excerpt":{"rendered":"<p>Los bosques no s\u00f3lo son \u00e1rboles, sino un sistema completo de comunidades de seres vivos, que conforman un ecosistema din\u00e1mico<\/p>\n","protected":false},"author":1508,"featured_media":64297,"comment_status":"closed","ping_status":"closed","sticky":false,"template":"","format":"standard","meta":[],"categories":[45],"tags":[],"_links":{"self":[{"href":"https:\/\/www.uv.mx\/prensa\/wp-json\/wp\/v2\/posts\/64342"}],"collection":[{"href":"https:\/\/www.uv.mx\/prensa\/wp-json\/wp\/v2\/posts"}],"about":[{"href":"https:\/\/www.uv.mx\/prensa\/wp-json\/wp\/v2\/types\/post"}],"author":[{"embeddable":true,"href":"https:\/\/www.uv.mx\/prensa\/wp-json\/wp\/v2\/users\/1508"}],"replies":[{"embeddable":true,"href":"https:\/\/www.uv.mx\/prensa\/wp-json\/wp\/v2\/comments?post=64342"}],"version-history":[{"count":0,"href":"https:\/\/www.uv.mx\/prensa\/wp-json\/wp\/v2\/posts\/64342\/revisions"}],"wp:featuredmedia":[{"embeddable":true,"href":"https:\/\/www.uv.mx\/prensa\/wp-json\/wp\/v2\/media\/64297"}],"wp:attachment":[{"href":"https:\/\/www.uv.mx\/prensa\/wp-json\/wp\/v2\/media?parent=64342"}],"wp:term":[{"taxonomy":"category","embeddable":true,"href":"https:\/\/www.uv.mx\/prensa\/wp-json\/wp\/v2\/categories?post=64342"},{"taxonomy":"post_tag","embeddable":true,"href":"https:\/\/www.uv.mx\/prensa\/wp-json\/wp\/v2\/tags?post=64342"}],"curies":[{"name":"wp","href":"https:\/\/api.w.org\/{rel}","templated":true}]}}