{"id":64335,"date":"2019-03-15T09:00:13","date_gmt":"2019-03-15T15:00:13","guid":{"rendered":"https:\/\/www.uv.mx\/prensa\/?p=64335"},"modified":"2019-03-14T20:22:53","modified_gmt":"2019-03-15T02:22:53","slug":"uv-imparte-cursos-sobre-negocios-digitales-y-proyectos-arquitectonicos","status":"publish","type":"post","link":"https:\/\/www.uv.mx\/prensa\/eventos\/uv-imparte-cursos-sobre-negocios-digitales-y-proyectos-arquitectonicos\/","title":{"rendered":"UV imparte cursos sobre negocios digitales y proyectos arquitect\u00f3nicos"},"content":{"rendered":"<ul>\n<li data-leveltext=\"\uf0b7\" data-font=\"Symbol\" data-listid=\"1\" data-aria-posinset=\"1\" data-aria-level=\"1\"><i><span data-contrast=\"auto\">C<\/span><\/i><i><span data-contrast=\"auto\">ada uno <\/span><\/i><i><span data-contrast=\"auto\">se impartir\u00e1<\/span><\/i><i><span data-contrast=\"auto\"> durante seis s\u00e1bados <\/span><\/i><i><span data-contrast=\"auto\">continuos<\/span><\/i><span data-ccp-props=\"{&quot;134233279&quot;:true,&quot;201341983&quot;:0,&quot;335559739&quot;:160,&quot;335559740&quot;:240}\">\u00a0<\/span><\/li>\n<li data-leveltext=\"\uf0b7\" data-font=\"Symbol\" data-listid=\"1\" data-aria-posinset=\"2\" data-aria-level=\"1\"><i><span data-contrast=\"auto\">A partir del 16 y el 23 de marzo, respectivamente<\/span><\/i><span data-ccp-props=\"{&quot;134233279&quot;:true,&quot;201341983&quot;:0,&quot;335559739&quot;:160,&quot;335559740&quot;:240}\">\u00a0<\/span><\/li>\n<li data-leveltext=\"\uf0b7\" data-font=\"Symbol\" data-listid=\"1\" data-aria-posinset=\"3\" data-aria-level=\"1\"><i><span data-contrast=\"auto\">El cupo es limitado para 15 personas y recibir\u00e1n constancia avalada por el Departamento de Educaci\u00f3n Continua<\/span><\/i><span data-ccp-props=\"{&quot;134233279&quot;:true,&quot;201341983&quot;:0,&quot;335559739&quot;:160,&quot;335559740&quot;:240}\">\u00a0<\/span><\/li>\n<\/ul>\n<p>&nbsp;<\/p>\n<div id=\"attachment_64234\" style=\"width: 732px\" class=\"wp-caption aligncenter\"><a href=\"https:\/\/www.uv.mx\/prensa\/files\/2019\/03\/130319-CURSO-DEST-1.jpg\"><img loading=\"lazy\" decoding=\"async\" aria-describedby=\"caption-attachment-64234\" class=\"size-full wp-image-64234\" src=\"https:\/\/www.uv.mx\/prensa\/files\/2019\/03\/130319-CURSO-DEST-1.jpg\" alt=\"\" width=\"722\" height=\"482\" srcset=\"https:\/\/www.uv.mx\/prensa\/files\/2019\/03\/130319-CURSO-DEST-1.jpg 722w, https:\/\/www.uv.mx\/prensa\/files\/2019\/03\/130319-CURSO-DEST-1-300x200.jpg 300w\" sizes=\"auto, (max-width: 722px) 100vw, 722px\" \/><\/a><p id=\"caption-attachment-64234\" class=\"wp-caption-text\">Jes\u00fas Efr\u00e9n Mart\u00ednez Rojas anunci\u00f3 los cursos que ofrece la DEST<\/p><\/div>\n<p>&nbsp;<\/p>\n<p><b><i><span data-contrast=\"auto\">Claudia Peralta V\u00e1zquez<\/span><\/i><\/b><span data-ccp-props=\"{&quot;201341983&quot;:0,&quot;335559739&quot;:160,&quot;335559740&quot;:240}\">\u00a0<\/span><\/p>\n<p><b><i><span data-contrast=\"auto\">15\/03\/19, Xalapa, Ver.- <\/span><\/i><\/b><span data-contrast=\"auto\">La Universidad Veracruzana (UV), a trav\u00e9s de la Direcci\u00f3n de Extensi\u00f3n de Servicios Tecnol\u00f3gicos (DEST), ofertar\u00e1 los cursos \u201cDesarrollo de negocios digitales valiosos a trav\u00e9s de <\/span><i><span data-contrast=\"auto\">marketing<\/span><\/i><span data-contrast=\"auto\"> digital\u201d y \u201cRepresentaci\u00f3n del proyecto arquitect\u00f3nico mediante metodolog\u00eda BIM (<\/span><span data-contrast=\"auto\">Building<\/span> <span data-contrast=\"auto\">Information<\/span> <span data-contrast=\"auto\">Modeling<\/span><span data-contrast=\"auto\">)\u201d.<\/span><span data-ccp-props=\"{&quot;201341983&quot;:0,&quot;335559739&quot;:160,&quot;335559740&quot;:240}\">\u00a0<\/span><\/p>\n<p><span data-contrast=\"auto\">Jes\u00fas Efr\u00e9n Mart\u00ednez Rojas, gestor de proyectos y servicios <\/span><span data-contrast=\"auto\">de<\/span><span data-contrast=\"auto\"> este <\/span><span data-contrast=\"auto\">est<\/span><span data-contrast=\"auto\">e organismo,<\/span><span data-contrast=\"auto\"> dio a conocer que <\/span><span data-contrast=\"auto\">e<\/span><span data-contrast=\"auto\">l primer<\/span><span data-contrast=\"auto\"> curso<\/span> <span data-contrast=\"auto\">iniciar\u00e1<\/span><span data-contrast=\"auto\"> el<\/span> <span data-contrast=\"auto\">16 de marzo y se prolongar\u00e1 por c<\/span><span data-contrast=\"auto\">inco<\/span><span data-contrast=\"auto\"> s\u00e1bados <\/span><span data-contrast=\"auto\">hasta el 20 de abril<\/span><span data-contrast=\"auto\">;<\/span> <span data-contrast=\"auto\">ser\u00e1 impartido por Omar D\u00edaz <\/span><span data-contrast=\"auto\">Reyes, especialista en <\/span><i><span data-contrast=\"auto\">m<\/span><\/i><i><span data-contrast=\"auto\">arketing<\/span><\/i> <span data-contrast=\"auto\">d<\/span><span data-contrast=\"auto\">igital.<\/span><span data-ccp-props=\"{&quot;201341983&quot;:0,&quot;335559739&quot;:160,&quot;335559740&quot;:240}\">\u00a0<\/span><\/p>\n<p><span data-contrast=\"auto\">El objetivo <\/span><span data-contrast=\"auto\">es facilitar a los participantes el conocimiento y pr\u00e1ctica de t\u00e9cnicas, herramientas y metodolog\u00edas profesionales probadas y comprobadas por especialistas digitales internacionales y las grandes agencias del mundo, que les permitan rentabilizar sus negocios y compartir su valor a trav\u00e9s del <\/span><i><span data-contrast=\"auto\">marketing<\/span><\/i><span data-contrast=\"auto\"> digital con enfoque en <\/span><i><span data-contrast=\"auto\">Facebook<\/span><\/i> <i><span data-contrast=\"auto\">Ads<\/span><\/i><span data-contrast=\"auto\">, <\/span><i><span data-contrast=\"auto\">Instagram<\/span><\/i><span data-contrast=\"auto\"> y <\/span><i><span data-contrast=\"auto\">WhatsApp<\/span><\/i><span data-contrast=\"auto\">.<\/span><span data-ccp-props=\"{&quot;201341983&quot;:0,&quot;335559739&quot;:160,&quot;335559740&quot;:240}\">\u00a0<\/span><\/p>\n<p><span data-contrast=\"auto\">E<\/span><span data-contrast=\"auto\">st\u00e1 dirigido<\/span><span data-contrast=\"auto\"> a<\/span> <span data-contrast=\"auto\">merc<\/span><span data-contrast=\"auto\">ad\u00f3logos<\/span><span data-contrast=\"auto\">, publirrelacionistas, <\/span><i><span data-contrast=\"auto\">c<\/span><\/i><i><span data-contrast=\"auto\">ommunity<\/span><\/i> <i><span data-contrast=\"auto\">m<\/span><\/i><i><span data-contrast=\"auto\">anagers<\/span><\/i><span data-contrast=\"auto\"> y toda persona con intenciones de migrar, crear, desarrollar y rentabilizar digitalmente el valor de sus negocios y proyectos.<\/span><span data-ccp-props=\"{&quot;201341983&quot;:0,&quot;335559739&quot;:160,&quot;335559740&quot;:240}\">\u00a0<\/span><\/p>\n<p><span data-contrast=\"auto\">La capacitaci\u00f3n, con duraci\u00f3n total de 40 horas distribuidas en<\/span><span data-contrast=\"auto\"> seis s\u00e1bados, <\/span><span data-contrast=\"auto\">de 9:00 a 16:00 horas, cubrir\u00e1 las siguientes tem\u00e1ticas: empresa, p\u00fablico y social media <\/span><i><span data-contrast=\"auto\">marketing<\/span><\/i><span data-contrast=\"auto\">, p\u00e1gina<\/span><span data-contrast=\"auto\">s<\/span><span data-contrast=\"auto\"> de <\/span><i><span data-contrast=\"auto\">Facebook<\/span><\/i><span data-contrast=\"auto\"> e <\/span><i><span data-contrast=\"auto\">Instagram<\/span><\/i><span data-contrast=\"auto\"> al 100 para vender, social media <\/span><i><span data-contrast=\"auto\">marketing<\/span><\/i><span data-contrast=\"auto\">: planeaci\u00f3n de anuncios<\/span><span data-contrast=\"auto\"> y anuncios<\/span><span data-contrast=\"auto\">, <\/span><i><span data-contrast=\"auto\">marketing<\/span><\/i><span data-contrast=\"auto\"> de<\/span><span data-contrast=\"auto\"> contenidos, entre otros.<\/span><span data-ccp-props=\"{&quot;201341983&quot;:0,&quot;335559739&quot;:160,&quot;335559740&quot;:240}\">\u00a0<\/span><\/p>\n<p><span data-contrast=\"auto\">El segundo curso<\/span><span data-contrast=\"auto\"> tambi\u00e9n <\/span><span data-contrast=\"auto\">se desarrollar\u00e1 durante seis s\u00e1bados consecutivos, del 23 de marzo al 27 de abril, y ser\u00e1 ofrecido por Ezequiel Melgarejo Ochoa, acad\u00e9mico de tiempo completo de la Facultad de Arquitectura.<\/span><span data-ccp-props=\"{&quot;201341983&quot;:0,&quot;335559739&quot;:160,&quot;335559740&quot;:240}\">\u00a0<\/span><\/p>\n<p><span data-contrast=\"auto\">Est\u00e1 dirigido a especialistas del \u00e1rea t\u00e9cnica, arquitectos, ingenieros y profesionales de \u00e1reas disciplinarias afines.<\/span><span data-ccp-props=\"{&quot;201341983&quot;:0,&quot;335559731&quot;:708,&quot;335559739&quot;:160,&quot;335559740&quot;:240}\">\u00a0<\/span><\/p>\n<p><span data-contrast=\"auto\">Con una duraci\u00f3n tambi\u00e9n de 40 horas, al t\u00e9rmino los asistentes ser\u00e1n capaces de desarrollar proyectos arquitect\u00f3nicos de manera tridimensional bajo una metodolog\u00eda <\/span><span data-contrast=\"auto\">BIM, herramienta tecnol\u00f3gica de vanguardia que permite desarrollar proyectos arquitect\u00f3nicos<\/span><span data-contrast=\"auto\">.<\/span><span data-ccp-props=\"{&quot;201341983&quot;:0,&quot;335559731&quot;:708,&quot;335559739&quot;:160,&quot;335559740&quot;:240}\">\u00a0<\/span><\/p>\n<p><span data-contrast=\"auto\">De igual forma<\/span><span data-contrast=\"auto\">,<\/span><span data-contrast=\"auto\"> optimizar\u00e1n al m\u00e1ximo los recursos tecnol\u00f3gicos y humanos, reduc<\/span><span data-contrast=\"auto\">ir\u00e1n<\/span><span data-contrast=\"auto\"> errores y faltantes en la elaboraci\u00f3n<\/span><span data-contrast=\"auto\"> del proyecto<\/span><span data-contrast=\"auto\"> y garantizar\u00e1n un <\/span><span data-contrast=\"auto\">producto de calidad.<\/span><span data-ccp-props=\"{&quot;201341983&quot;:0,&quot;335559731&quot;:708,&quot;335559739&quot;:160,&quot;335559740&quot;:240}\">\u00a0<\/span><\/p>\n<p><span data-contrast=\"auto\">El temario incluye aspectos como: niveles de proyecto, familias, edici\u00f3n de objetos, emplazamiento, techos y cubiertas, escaleras y rampas, documentaci\u00f3n t\u00e9cnica, creaci\u00f3n de plan<\/span><span data-contrast=\"auto\">os, as\u00ed como impresi\u00f3n y salida<\/span><span data-contrast=\"auto\"> de archivos.<\/span><span data-ccp-props=\"{&quot;201341983&quot;:0,&quot;335559731&quot;:708,&quot;335559739&quot;:160,&quot;335559740&quot;:240}\">\u00a0<\/span><\/p>\n<p><span data-contrast=\"auto\">A<\/span><span data-contrast=\"auto\">mbos <\/span><span data-contrast=\"auto\">cursos tienen <\/span><span data-contrast=\"auto\">un costo de tres mil pesos, cuyo pago podr\u00e1 cubrirse en dos partes<\/span><span data-contrast=\"auto\">; el <\/span><span data-contrast=\"auto\">cupo <\/span><span data-contrast=\"auto\">es <\/span><span data-contrast=\"auto\">limitado para 15 personas y ser\u00e1 impartido en las aulas de la D<\/span><span data-contrast=\"auto\">irecci\u00f3n General de Tecnolog\u00eda de Informaci\u00f3n (DG<\/span><span data-contrast=\"auto\">TI<\/span><span data-contrast=\"auto\">)<\/span><span data-contrast=\"auto\">, ubicadas a un costado de la Oficial\u00eda Mayor, sobre el <\/span><span data-contrast=\"auto\">C<\/span><span data-contrast=\"auto\">ircuito Gonzalo Aguirre Beltr\u00e1n, en la zona universitaria.<\/span><span data-ccp-props=\"{&quot;201341983&quot;:0,&quot;335559731&quot;:708,&quot;335559739&quot;:160,&quot;335559740&quot;:240}\">\u00a0<\/span><\/p>\n<p><span data-contrast=\"auto\">Tambi\u00e9n inform\u00f3 que los participantes recibir\u00e1n <\/span><span data-contrast=\"auto\">constancias avaladas por el Departamento de Educaci\u00f3n Continua de la Direcci\u00f3n General de Desarrollo Acad\u00e9mico e Innovaci\u00f3n Educativa (DGDAIE)<\/span><span data-contrast=\"auto\">.<\/span><span data-ccp-props=\"{&quot;201341983&quot;:0,&quot;335559731&quot;:708,&quot;335559739&quot;:160,&quot;335559740&quot;:240}\">\u00a0<\/span><\/p>\n<p><span data-contrast=\"auto\">Para <\/span><span data-contrast=\"auto\">mayores informes <\/span><span data-contrast=\"auto\">llamar al tel\u00e9fono <\/span><span data-contrast=\"auto\">8421700<\/span><span data-contrast=\"auto\">, extensi\u00f3n 11667,<\/span> <span data-contrast=\"auto\">o dirigirse a <\/span><span data-contrast=\"auto\">los correos electr\u00f3nicos <\/span><a href=\"mailto:efmartinez@uv.mx\"><span data-contrast=\"none\">efmartinez@uv.mx<\/span><\/a><span data-contrast=\"auto\"> y <\/span><a href=\"mailto:melissaserranoar@gmail.com\"><span data-contrast=\"none\">melissaserranoar@gmail.com<\/span><\/a><span data-contrast=\"auto\">.<\/span><span data-ccp-props=\"{&quot;201341983&quot;:0,&quot;335559739&quot;:160,&quot;335559740&quot;:240}\">\u00a0<\/span><\/p>\n","protected":false},"excerpt":{"rendered":"<p>Mayores informes al tel\u00e9fono 8421700, extensi\u00f3n 11667, o a los correos electr\u00f3nicos efmartinez@uv.mx y melissaserranoar@gmail.com <\/p>\n","protected":false},"author":1508,"featured_media":64338,"comment_status":"closed","ping_status":"closed","sticky":false,"template":"","format":"standard","meta":{"footnotes":""},"categories":[47],"tags":[],"class_list":["post-64335","post","type-post","status-publish","format-standard","has-post-thumbnail","hentry","category-eventos"],"_links":{"self":[{"href":"https:\/\/www.uv.mx\/prensa\/wp-json\/wp\/v2\/posts\/64335","targetHints":{"allow":["GET"]}}],"collection":[{"href":"https:\/\/www.uv.mx\/prensa\/wp-json\/wp\/v2\/posts"}],"about":[{"href":"https:\/\/www.uv.mx\/prensa\/wp-json\/wp\/v2\/types\/post"}],"author":[{"embeddable":true,"href":"https:\/\/www.uv.mx\/prensa\/wp-json\/wp\/v2\/users\/1508"}],"replies":[{"embeddable":true,"href":"https:\/\/www.uv.mx\/prensa\/wp-json\/wp\/v2\/comments?post=64335"}],"version-history":[{"count":0,"href":"https:\/\/www.uv.mx\/prensa\/wp-json\/wp\/v2\/posts\/64335\/revisions"}],"wp:featuredmedia":[{"embeddable":true,"href":"https:\/\/www.uv.mx\/prensa\/wp-json\/wp\/v2\/media\/64338"}],"wp:attachment":[{"href":"https:\/\/www.uv.mx\/prensa\/wp-json\/wp\/v2\/media?parent=64335"}],"wp:term":[{"taxonomy":"category","embeddable":true,"href":"https:\/\/www.uv.mx\/prensa\/wp-json\/wp\/v2\/categories?post=64335"},{"taxonomy":"post_tag","embeddable":true,"href":"https:\/\/www.uv.mx\/prensa\/wp-json\/wp\/v2\/tags?post=64335"}],"curies":[{"name":"wp","href":"https:\/\/api.w.org\/{rel}","templated":true}]}}