{"id":64330,"date":"2019-03-15T09:00:16","date_gmt":"2019-03-15T15:00:16","guid":{"rendered":"https:\/\/www.uv.mx\/prensa\/?p=64330"},"modified":"2019-03-14T19:51:03","modified_gmt":"2019-03-15T01:51:03","slug":"estudiantes-uv-participaran-en-ii-foro-juvenil-hidrico-latinoamericano","status":"publish","type":"post","link":"https:\/\/www.uv.mx\/prensa\/banner\/estudiantes-uv-participaran-en-ii-foro-juvenil-hidrico-latinoamericano\/","title":{"rendered":"Estudiantes UV participar\u00e1n en II Foro Juvenil H\u00eddrico Latinoamericano"},"content":{"rendered":"<ul>\n<li data-leveltext=\"\uf0b7\" data-font=\"Symbol\" data-listid=\"1\" data-aria-posinset=\"1\" data-aria-level=\"1\"><i><span data-contrast=\"auto\">Del 20 al 23 de marzo en Villahermosa<\/span><\/i><i><span data-contrast=\"auto\">,<\/span><\/i><i><span data-contrast=\"auto\"> Tabasco<\/span><\/i><i><span data-contrast=\"auto\">, <\/span><\/i><i><span data-contrast=\"auto\">organiza<\/span><\/i><i><span data-contrast=\"auto\">do por<\/span><\/i><i><span data-contrast=\"auto\"> la Asociaci\u00f3n Mexicana de Hid<\/span><\/i><i><span data-contrast=\"auto\">r\u00e1ulica Cap\u00edtulos Estudiantiles<\/span><\/i><span data-ccp-props=\"{&quot;134233279&quot;:true,&quot;201341983&quot;:0,&quot;335559739&quot;:160,&quot;335559740&quot;:240}\">\u00a0<\/span><\/li>\n<li data-leveltext=\"\uf0b7\" data-font=\"Symbol\" data-listid=\"1\" data-aria-posinset=\"2\" data-aria-level=\"1\"><i><span data-contrast=\"auto\">Cursan las carreras de Ingenier\u00eda Civil, Ingenier\u00eda El\u00e9ctrica e <\/span><\/i><i><span data-contrast=\"auto\">Ingenier\u00eda de <\/span><\/i><span data-contrast=\"auto\">Software<\/span><span data-ccp-props=\"{&quot;134233279&quot;:true,&quot;201341983&quot;:0,&quot;335559739&quot;:160,&quot;335559740&quot;:240}\">\u00a0<\/span><\/li>\n<\/ul>\n<p>&nbsp;<\/p>\n<div id=\"attachment_64296\" style=\"width: 732px\" class=\"wp-caption aligncenter\"><a href=\"https:\/\/www.uv.mx\/prensa\/files\/2019\/03\/130319-Foro-hidrico-1.jpg\"><img loading=\"lazy\" decoding=\"async\" aria-describedby=\"caption-attachment-64296\" class=\"size-full wp-image-64296\" src=\"https:\/\/www.uv.mx\/prensa\/files\/2019\/03\/130319-Foro-hidrico-1.jpg\" alt=\"\" width=\"722\" height=\"481\" srcset=\"https:\/\/www.uv.mx\/prensa\/files\/2019\/03\/130319-Foro-hidrico-1.jpg 722w, https:\/\/www.uv.mx\/prensa\/files\/2019\/03\/130319-Foro-hidrico-1-300x200.jpg 300w\" sizes=\"auto, (max-width: 722px) 100vw, 722px\" \/><\/a><p id=\"caption-attachment-64296\" class=\"wp-caption-text\">Los estudiantes de la UV acompa\u00f1ados de la acad\u00e9mica Adriana Fabiola Tello<\/p><\/div>\n<p><span data-ccp-props=\"{&quot;201341983&quot;:0,&quot;335559739&quot;:160,&quot;335559740&quot;:240}\" data-contrast=\"auto\">\u00a0<\/span><\/p>\n<p><b><i><span data-contrast=\"auto\">Claudia Peralta V\u00e1zquez<\/span><\/i><\/b><span data-ccp-props=\"{&quot;201341983&quot;:0,&quot;335559739&quot;:160,&quot;335559740&quot;:240}\">\u00a0<\/span><\/p>\n<p><b><i><span data-contrast=\"auto\">1<\/span><\/i><\/b><b><i><span data-contrast=\"auto\">5<\/span><\/i><\/b><b><i><span data-contrast=\"auto\">\/<\/span><\/i><\/b><b><i><span data-contrast=\"auto\">03<\/span><\/i><\/b><b><i><span data-contrast=\"auto\">\/<\/span><\/i><\/b><b><i><span data-contrast=\"auto\">19, Xalapa, Ver.-<\/span><\/i><\/b> <span data-contrast=\"auto\">Estudiantes de las carreras de Ingenier\u00eda Civil, Ingenier\u00eda El\u00e9ctrica<\/span><span data-contrast=\"auto\"> e Ingenier\u00eda de <\/span><i><span data-contrast=\"auto\">Software<\/span><\/i><span data-contrast=\"auto\"> representar\u00e1n a la Universidad Veracruzana (UV)<\/span> <span data-contrast=\"auto\">en el II Foro Juvenil H\u00eddrico La<\/span><span data-contrast=\"auto\">tinoamericano \u201cInfraestructura h<\/span><span data-contrast=\"auto\">idr\u00e1ulica en M\u00e9xico y el <\/span><span data-contrast=\"auto\">m<\/span><span data-contrast=\"auto\">undo: <\/span><span data-contrast=\"auto\">v<\/span><span data-contrast=\"auto\">isi\u00f3n con <\/span><span data-contrast=\"auto\">f<\/span><span data-contrast=\"auto\">uturo<\/span><span data-contrast=\"auto\">\u201d<\/span><span data-contrast=\"auto\">, a realizarse en Villahermosa, Tabasco, del 20 al 23 de marzo.<\/span><span data-ccp-props=\"{&quot;201341983&quot;:0,&quot;335559739&quot;:160,&quot;335559740&quot;:240}\">\u00a0<\/span><\/p>\n<p><span data-contrast=\"auto\">Los j\u00f3venes<\/span> <span data-contrast=\"auto\">participar\u00e1n <\/span><span data-contrast=\"auto\">en<\/span><span data-contrast=\"auto\"> esta contienda organizada por la Asociaci\u00f3n Mexicana de Hidr\u00e1ulica <\/span><span data-contrast=\"auto\">(AMH) <\/span><span data-contrast=\"auto\">Cap\u00edtulos Estudiantiles, en tres din\u00e1micas: maquetas de modelos hidr\u00e1ulicos, <\/span><i><span data-contrast=\"auto\">A<\/span><\/i><i><span data-contrast=\"auto\">pps<\/span><\/i><span data-contrast=\"auto\"> de innovaci\u00f3n de tecnolog\u00eda del agua y fo<\/span><span data-contrast=\"auto\">tograf\u00eda, en las que presentar\u00e1n<\/span><span data-contrast=\"auto\"> una propuesta de innovaci\u00f3n al ahorro del agua a<\/span><span data-contrast=\"auto\"> trav\u00e9s de la captaci\u00f3n <\/span><span data-contrast=\"auto\">de lluvia.<\/span><span data-ccp-props=\"{&quot;201341983&quot;:0,&quot;335559731&quot;:708,&quot;335559739&quot;:160,&quot;335559740&quot;:240}\">\u00a0<\/span><\/p>\n<p><span data-contrast=\"auto\">Cabe mencionar que <\/span><span data-contrast=\"auto\">la fase regional de este evento<\/span><span data-contrast=\"auto\"> se llev\u00f3 a cabo el 26 de febrero en la Facultad de Estudios Superiores Arag\u00f3n<\/span><span data-contrast=\"auto\">,<\/span><span data-contrast=\"auto\"> de la Universidad Naci<\/span><span data-contrast=\"auto\">onal Aut\u00f3noma de M\u00e9xico (UNAM).<\/span><span data-ccp-props=\"{&quot;201341983&quot;:0,&quot;335559731&quot;:708,&quot;335559739&quot;:160,&quot;335559740&quot;:240}\">\u00a0<\/span><\/p>\n<p><span data-contrast=\"auto\">Divididos en equipos, l<\/span><span data-contrast=\"auto\">os estudiantes de la UV<\/span><span data-contrast=\"auto\"> concursaron en <\/span><span data-contrast=\"auto\">cuatro<\/span><span data-contrast=\"auto\"> din\u00e1micas que fueron: <\/span><span data-contrast=\"auto\">o<\/span><span data-contrast=\"auto\">limpiada del conocimiento, maquetas de modelos hidr\u00e1ulicos, fotograf\u00eda y <\/span><i><span data-contrast=\"auto\">A<\/span><\/i><i><span data-contrast=\"auto\">pps<\/span><\/i><span data-contrast=\"auto\"> de innovaci\u00f3n de tecnolog\u00eda del agua.<\/span> <span data-contrast=\"auto\">En las tres \u00faltimas obtuvieron primero y tercer lugar<\/span><span data-contrast=\"auto\">.<\/span><span data-ccp-props=\"{&quot;201341983&quot;:0,&quot;335559731&quot;:708,&quot;335559739&quot;:160,&quot;335559740&quot;:240}\">\u00a0<\/span><\/p>\n<p><span data-contrast=\"auto\">Al expresar la satisfacci\u00f3n personal y la de sus compa\u00f1eros de participar de nueva cuenta<\/span><span data-contrast=\"auto\">,<\/span><span data-contrast=\"auto\"> pero ahora a nivel Latinoam\u00e9rica, <\/span><span data-contrast=\"auto\">Andrea Ver\u00f3nica Dom\u00ednguez, de sexto semestre de Ingenier\u00eda Civil, <\/span><span data-contrast=\"auto\">destac\u00f3 que se trat\u00f3 de un evento muy productivo<\/span><span data-contrast=\"auto\"> donde <\/span><span data-contrast=\"auto\">aprendieron de las propuestas de las <\/span><span data-contrast=\"auto\">10<\/span><span data-contrast=\"auto\"> universidades asistentes.<\/span><span data-ccp-props=\"{&quot;201341983&quot;:0,&quot;335559731&quot;:708,&quot;335559739&quot;:160,&quot;335559740&quot;:240}\">\u00a0<\/span><\/p>\n<p><span data-contrast=\"auto\">La <\/span><span data-contrast=\"auto\">P<\/span><span data-contrast=\"auto\">residenta del Cap\u00edtulo Estudiantil Xalapa de la AMH<\/span><span data-contrast=\"auto\">,<\/span><span data-contrast=\"auto\"> subray\u00f3 la importancia del cuidado y conservaci\u00f3n de los recursos h\u00eddricos, debido a que en la actualidad hay una sobreexplotaci\u00f3n del agua, por lo que a trav\u00e9s de estas ideas se sugieren otras alternativas de captaci\u00f3n.<\/span><span data-ccp-props=\"{&quot;201341983&quot;:0,&quot;335559731&quot;:708,&quot;335559739&quot;:160,&quot;335559740&quot;:240}\">\u00a0<\/span><\/p>\n<p><span data-contrast=\"auto\">Nayleth<\/span><span data-contrast=\"auto\"> Arely Montes V\u00e1squez cursa el sexto semestre de Ingenier\u00eda Civil y particip\u00f3 en la elaboraci\u00f3n de la maqueta<\/span><span data-contrast=\"auto\">,<\/span><span data-contrast=\"auto\"> con el fin de buscar una soluci\u00f3n innovadora a los problemas que se enfrentan debido a la escasez de agua.<\/span><span data-ccp-props=\"{&quot;201341983&quot;:0,&quot;335559731&quot;:708,&quot;335559739&quot;:160,&quot;335559740&quot;:240}\">\u00a0<\/span><\/p>\n<p><span data-contrast=\"auto\">\u201cQuer\u00edamos buscar una soluci\u00f3n para nuestra <\/span><span data-contrast=\"auto\">F<\/span><span data-contrast=\"auto\">acultad y poder implementarla<\/span><span data-contrast=\"auto\">, as\u00ed que aprovechamos las altas precipitaciones de la zona, pendientes que se encuentran en la Unidad de Ingenier\u00eda y Ciencias Qu\u00edmicas, las zonas permeables como techos de los edificios para conducir el l\u00edquido y distribuirlo para usos b\u00e1sicos como sanitarios o jardiner\u00eda.<\/span><span data-contrast=\"auto\">\u201d<\/span><span data-ccp-props=\"{&quot;201341983&quot;:0,&quot;335559731&quot;:708,&quot;335559739&quot;:160,&quot;335559740&quot;:240}\">\u00a0<\/span><\/p>\n<p><span data-contrast=\"auto\">L<\/span><span data-contrast=\"auto\">a propuesta de captaci\u00f3n de agua de lluvia contempla canaletas para conducirla hacia una cisterna donde estar\u00e1 almacenada; de ah\u00ed se bombear\u00e1 a unos tinacos ubicados arriba de uno de los edificios, y posteriormente se distribuir\u00e1 a los sanitarios.<\/span><span data-ccp-props=\"{&quot;201341983&quot;:0,&quot;335559731&quot;:708,&quot;335559739&quot;:160,&quot;335559740&quot;:240}\">\u00a0<\/span><\/p>\n<p><span data-contrast=\"auto\">Nos sentimos satisfechos con el resultado obtenido a nivel regional y de la oportunidad de participar en el Foro H\u00eddrico Latinoamericano, expres\u00f3.<\/span><span data-ccp-props=\"{&quot;201341983&quot;:0,&quot;335559731&quot;:708,&quot;335559739&quot;:160,&quot;335559740&quot;:240}\">\u00a0<\/span><\/p>\n<p><span data-contrast=\"auto\">\u201cLa experiencia fue muy buena porque recibimos el apoyo de varios acad\u00e9micos, tambi\u00e9n conocimos estudiantes de otras carreras que tienen el mismo inter\u00e9s que nosotros, nos aportan ideas y eso nos ayuda en n<\/span><span data-contrast=\"auto\">uestra formaci\u00f3n de ingenieros.\u201d<\/span><span data-ccp-props=\"{&quot;201341983&quot;:0,&quot;335559731&quot;:708,&quot;335559739&quot;:160,&quot;335559740&quot;:240}\">\u00a0<\/span><\/p>\n<p><span data-contrast=\"auto\">Lizbeth Guadalupe <\/span><span data-contrast=\"auto\">Montemira<\/span> <span data-contrast=\"auto\">Mavil<\/span><span data-contrast=\"auto\">, del mismo semestre y programa educativo (PE), extern\u00f3 que su intervenci\u00f3n se centr\u00f3<\/span><span data-contrast=\"auto\"> en el desarrollo de la maqueta y de la <\/span><i><span data-contrast=\"auto\">A<\/span><\/i><i><span data-contrast=\"auto\">pp<\/span><\/i><span data-contrast=\"auto\">, proyectos que est\u00e1n directamente ligados.<\/span><span data-ccp-props=\"{&quot;201341983&quot;:0,&quot;335559731&quot;:708,&quot;335559739&quot;:160,&quot;335559740&quot;:240}\">\u00a0<\/span><\/p>\n<p><span data-contrast=\"auto\">\u201cCon la ma<\/span><span data-contrast=\"auto\">queta buscamos una soluci\u00f3n de <\/span><span data-contrast=\"auto\">sobreexplotaci\u00f3n de mantos acu\u00edferos <\/span><span data-contrast=\"auto\">aplic\u00e1ndolo a nuestra F<\/span><span data-contrast=\"auto\">acultad y reducir el cos<\/span><span data-contrast=\"auto\">to en la factura que se genera.\u201d<\/span><span data-ccp-props=\"{&quot;201341983&quot;:0,&quot;335559731&quot;:708,&quot;335559739&quot;:160,&quot;335559740&quot;:240}\">\u00a0<\/span><\/p>\n<p><span data-contrast=\"auto\">Jos\u00e9 Eduardo Gar\u00edn Ventura, <\/span><span data-contrast=\"auto\">d<\/span><span data-contrast=\"auto\">el sexto semestre de Ingenier\u00eda Civil, resalt\u00f3 la inquietud que tiene con sus compa\u00f1eros de llevar a cabo ciertas mejoras a<\/span><span data-contrast=\"auto\">l p<\/span><span data-contrast=\"auto\">royecto, sobre todo en la optimizaci\u00f3n del presupue<\/span><span data-contrast=\"auto\">sto y as\u00ed en un futuro pueda implementarse en <\/span><span data-contrast=\"auto\">otras instituciones y facultades de la UV.<\/span><span data-ccp-props=\"{&quot;201341983&quot;:0,&quot;335559731&quot;:708,&quot;335559739&quot;:160,&quot;335559740&quot;:240}\">\u00a0<\/span><\/p>\n<p><span data-contrast=\"auto\">Por su parte, <\/span><span data-contrast=\"auto\">Luis David Galicia Garc\u00eda, <\/span><span data-contrast=\"auto\">alumno de octavo semestre de Ingenier\u00eda de <\/span><i><span data-contrast=\"auto\">Software<\/span><\/i><span data-contrast=\"auto\">, <\/span><span data-contrast=\"auto\">dio a conocer que la <\/span><i><span data-contrast=\"auto\">A<\/span><\/i><i><span data-contrast=\"auto\">pp <\/span><\/i><span data-contrast=\"auto\">de innovaci\u00f3n de tecnolog\u00eda del agua fue elaborada a partir de<\/span><span data-contrast=\"auto\"> un<\/span> <span data-contrast=\"auto\">entorno de desarrollo integrado (IDE) llamado <\/span><i><span data-contrast=\"auto\">Android Studio<\/span><\/i><span data-contrast=\"auto\"> y programaci\u00f3n Java<\/span><span data-contrast=\"auto\">.<\/span><span data-ccp-props=\"{&quot;201341983&quot;:0,&quot;335559731&quot;:708,&quot;335559739&quot;:160,&quot;335559740&quot;:240}\">\u00a0<\/span><\/p>\n<p><span data-contrast=\"auto\">Se\u00f1al\u00f3 que mediante dicha aplicaci\u00f3n se puede medir el nivel del agua de una cisterna y tinacos de las facultades<\/span><span data-contrast=\"auto\">. <\/span><span data-contrast=\"auto\">\u201c<\/span><span data-contrast=\"auto\">L<\/span><span data-contrast=\"auto\">a idea es muy <\/span><span data-contrast=\"auto\">b\u00e1sica pero ayuda a resolver la problem\u00e1tica de desabasto del vital l\u00edquido<\/span><span data-contrast=\"auto\">\u201d<\/span><span data-contrast=\"auto\">.<\/span><span data-ccp-props=\"{&quot;201341983&quot;:0,&quot;335559731&quot;:708,&quot;335559739&quot;:160,&quot;335559740&quot;:240}\">\u00a0<\/span><\/p>\n<p><span data-contrast=\"auto\">En tanto, Fernando Riveros Ochoa, estudiantes d<\/span><span data-contrast=\"auto\">e sexto semestre del PE <\/span><span data-contrast=\"auto\">Ingenier\u00eda El\u00e9ctrica<\/span><span data-contrast=\"auto\">,<\/span><span data-contrast=\"auto\"> detall\u00f3 que para el funcionamiento de la <\/span><i><span data-contrast=\"auto\">A<\/span><\/i><i><span data-contrast=\"auto\">pp<\/span><\/i> <span data-contrast=\"auto\">se emplearon sensores y un sistema de adquisici\u00f3n de datos, a trav\u00e9s de la plataforma <\/span><i><span data-contrast=\"auto\">Arduino<\/span><\/i><span data-contrast=\"auto\">.<\/span><span data-ccp-props=\"{&quot;201341983&quot;:0,&quot;335559731&quot;:708,&quot;335559739&quot;:160,&quot;335559740&quot;:240}\">\u00a0<\/span><\/p>\n<p><span data-contrast=\"auto\">\u201cLo que se hace es medir el volumen de agua que hay en una cisterna de dif\u00edcil acceso para hacer niveles de medici\u00f3n de manera remota<\/span><span data-contrast=\"auto\"> a trav\u00e9s de aplicaci\u00f3n m\u00f3vil.\u201d<\/span><span data-ccp-props=\"{&quot;201341983&quot;:0,&quot;335559731&quot;:708,&quot;335559739&quot;:160,&quot;335559740&quot;:240}\">\u00a0<\/span><\/p>\n<p><span data-contrast=\"auto\">Dicha aplicaci\u00f3n permite controlar y monitorear de forma continua <\/span><span data-contrast=\"auto\">y eficaz el nivel del agua, con el prop\u00f3sito de<\/span><span data-contrast=\"auto\"> mejorar su rendimiento y consumo en el hogar o en la industria<\/span><span data-contrast=\"auto\">, <\/span><span data-contrast=\"auto\">y<\/span><span data-contrast=\"auto\"> sea accesible en precio e instalaci\u00f3<\/span><span data-contrast=\"auto\">n<\/span><span data-contrast=\"auto\">.<\/span><span data-ccp-props=\"{&quot;201341983&quot;:0,&quot;335559731&quot;:708,&quot;335559739&quot;:160,&quot;335559740&quot;:240}\">\u00a0<\/span><\/p>\n<p><span data-contrast=\"auto\">En cuanto a esta experiencia, agreg\u00f3 que le ha permitido <\/span><span data-contrast=\"auto\">aprovechar<\/span><span data-contrast=\"auto\"> de manera real los conocimientos adquiridos<\/span><span data-contrast=\"auto\"> durante la carrera, constatar su funcionamiento y campo de aplicaci\u00f3n, as\u00ed como intercambiar ideas y puntos de vista con alumnos de otras \u00e1reas de estudio como Ingenier\u00eda Civil e Ingenier\u00eda de <\/span><i><span data-contrast=\"auto\">Software<\/span><\/i><span data-contrast=\"auto\">.<\/span><span data-ccp-props=\"{&quot;201341983&quot;:0,&quot;335559731&quot;:708,&quot;335559739&quot;:160,&quot;335559740&quot;:240}\">\u00a0<\/span><\/p>\n<p><span data-contrast=\"auto\">\u201cCon los resultados que obtuvimos me sent\u00ed motivado para seguir mejorando este prototipo con miras al foro latinoamericano<\/span><span data-contrast=\"auto\">.\u201d<\/span><span data-ccp-props=\"{&quot;201341983&quot;:0,&quot;335559731&quot;:708,&quot;335559739&quot;:160,&quot;335559740&quot;:240}\">\u00a0<\/span><\/p>\n<p><span data-contrast=\"auto\">Atzel<\/span><span data-contrast=\"auto\"> Iv\u00e1n L\u00f3pez Santamar\u00eda, de sexto semestre de Ingenier\u00eda El\u00e9ctrica<\/span><span data-contrast=\"auto\">,<\/span><span data-contrast=\"auto\"> es el creador de la imagen ganadora del tercer lugar en la fase regional, lo cual le vali\u00f3 el paso directo al foro latinoamericano.<\/span> <span data-contrast=\"auto\">Para ello consider\u00f3 la tem\u00e1tica de agua y cultura para <\/span><span data-contrast=\"auto\">ser plasmada en una<\/span><span data-contrast=\"auto\"> fotograf\u00eda en r\u00e1faga<\/span><span data-contrast=\"auto\">, la cual<\/span><span data-contrast=\"auto\"> representa una<\/span><span data-contrast=\"auto\"> parte del<\/span><span data-contrast=\"auto\"> puerto de Veracruz y<\/span><span data-contrast=\"auto\"> los famosos clavadistas del malec\u00f3n.<\/span><span data-ccp-props=\"{&quot;201341983&quot;:0,&quot;335559731&quot;:708,&quot;335559739&quot;:160,&quot;335559740&quot;:240}\">\u00a0<\/span><\/p>\n<p><span data-contrast=\"auto\">La imagen tambi\u00e9n destaca parte de la <\/span><span data-contrast=\"auto\">infraestructura<\/span><span data-contrast=\"auto\"> del centro de la ciudad<\/span><span data-contrast=\"auto\">,<\/span><span data-contrast=\"auto\"> pero el punto central fueron los j\u00f3venes al momento de aventarse y sumergirse para tomar la<\/span><span data-contrast=\"auto\">s<\/span> <span data-contrast=\"auto\">moneda<\/span><span data-contrast=\"auto\">s que los turistas avientan al mar<\/span><span data-contrast=\"auto\">.<\/span><span data-ccp-props=\"{&quot;201341983&quot;:0,&quot;335559731&quot;:708,&quot;335559739&quot;:160,&quot;335559740&quot;:240}\">\u00a0<\/span><\/p>\n<p><span data-contrast=\"auto\">\u201c<\/span><span data-contrast=\"auto\">Co<\/span><span data-contrast=\"auto\">nsideraba que mi foto era buena<\/span><span data-contrast=\"auto\"> y fue una sorpresa obtener<\/span><span data-contrast=\"auto\"> el tercer lugar, e<\/span><span data-contrast=\"auto\">s la primera vez que participo.\u201d<\/span><span data-ccp-props=\"{&quot;201341983&quot;:0,&quot;335559731&quot;:708,&quot;335559739&quot;:160,&quot;335559740&quot;:240}\">\u00a0<\/span><\/p>\n<p><span data-contrast=\"auto\">Jos\u00e9 Bruno P\u00e9rez Garc\u00eda,<\/span><span data-contrast=\"auto\"> alumno de Ingenier\u00eda Civil<\/span><span data-contrast=\"auto\"> y <\/span><span data-contrast=\"auto\">vocal del Consejo Directivo Nacional de Cap\u00ed<\/span><span data-contrast=\"auto\">tulos Estudiantiles ante la AMH<\/span><span data-contrast=\"auto\">, plante\u00f3 la necesidad de que la <\/span><span data-contrast=\"auto\">comunidad estudiantil<\/span><span data-contrast=\"auto\"> se interese<\/span><span data-contrast=\"auto\"> en este tipo de eventos donde se proponen diversas soluciones a <\/span><span data-contrast=\"auto\">problemas actuales<\/span><span data-contrast=\"auto\">.<\/span><span data-ccp-props=\"{&quot;201341983&quot;:0,&quot;335559731&quot;:708,&quot;335559739&quot;:160,&quot;335559740&quot;:240}\">\u00a0<\/span><\/p>\n<p><span data-contrast=\"auto\">\u201c<\/span><span data-contrast=\"auto\">El recurso agua es interdisciplinario de inter\u00e9s socia<\/span><span data-contrast=\"auto\">l, no s\u00f3<\/span><span data-contrast=\"auto\">lo de un \u00e1rea espec\u00edfica<\/span><span data-contrast=\"auto\">, la necesitamos y debemos <\/span><span data-contrast=\"auto\">cuidarla.\u201d<\/span><span data-ccp-props=\"{&quot;201341983&quot;:0,&quot;335559731&quot;:708,&quot;335559739&quot;:160,&quot;335559740&quot;:240}\">\u00a0<\/span><\/p>\n<p><span data-contrast=\"auto\">Adriana Fabiola Tello Andrade, profesora de tiempo completo de Ingenier\u00eda Civil, dio a conoc<\/span><span data-contrast=\"auto\">er que a trav\u00e9s del Comit\u00e9 Pro-M<\/span><span data-contrast=\"auto\">ejoras de cada una de las facultades involucradas, se apoyar\u00e1 a los j\u00f3venes para que acudan a la sede del pr\u00f3ximo evento.<\/span><span data-ccp-props=\"{&quot;201341983&quot;:0,&quot;335559731&quot;:708,&quot;335559739&quot;:160,&quot;335559740&quot;:240}\">\u00a0<\/span><\/p>\n<p><span data-contrast=\"auto\">Respecto a<\/span><span data-contrast=\"auto\">l apoyo que les brind\u00f3, principalmente en la elaboraci\u00f3n de la maqueta<\/span><span data-contrast=\"auto\">,<\/span><span data-contrast=\"auto\"> coment\u00f3: \u201c<\/span><span data-contrast=\"auto\">Aparte de ser profesora de la Facultad de Ingenier\u00eda Civil en temas de hidr\u00e1ulica, siempre es un gusto <\/span><span data-contrast=\"auto\">orientarlos<\/span><span data-contrast=\"auto\">, pues he dirigido <\/span><span data-contrast=\"auto\">trabajos <\/span><span data-contrast=\"auto\">recepcionales<\/span><span data-contrast=\"auto\"> y monograf\u00edas sobre el tema de captaci\u00f3n de agua de lluvia<\/span><span data-contrast=\"auto\">\u201d<\/span><span data-contrast=\"auto\">.<\/span><span data-ccp-props=\"{&quot;201341983&quot;:0,&quot;335559731&quot;:708,&quot;335559739&quot;:160,&quot;335559740&quot;:240}\">\u00a0<\/span><\/p>\n","protected":false},"excerpt":{"rendered":"<p>Presentar\u00e1n maquetas de modelos hidr\u00e1ulicos, Apps de innovaci\u00f3n de tecnolog\u00eda del agua y fotograf\u00eda, en las que proponen ahorrar agua a trav\u00e9s de la captaci\u00f3n de lluvia<\/p>\n","protected":false},"author":1508,"featured_media":64331,"comment_status":"closed","ping_status":"closed","sticky":false,"template":"","format":"standard","meta":{"footnotes":""},"categories":[61],"tags":[],"class_list":["post-64330","post","type-post","status-publish","format-standard","has-post-thumbnail","hentry","category-banner"],"_links":{"self":[{"href":"https:\/\/www.uv.mx\/prensa\/wp-json\/wp\/v2\/posts\/64330","targetHints":{"allow":["GET"]}}],"collection":[{"href":"https:\/\/www.uv.mx\/prensa\/wp-json\/wp\/v2\/posts"}],"about":[{"href":"https:\/\/www.uv.mx\/prensa\/wp-json\/wp\/v2\/types\/post"}],"author":[{"embeddable":true,"href":"https:\/\/www.uv.mx\/prensa\/wp-json\/wp\/v2\/users\/1508"}],"replies":[{"embeddable":true,"href":"https:\/\/www.uv.mx\/prensa\/wp-json\/wp\/v2\/comments?post=64330"}],"version-history":[{"count":0,"href":"https:\/\/www.uv.mx\/prensa\/wp-json\/wp\/v2\/posts\/64330\/revisions"}],"wp:featuredmedia":[{"embeddable":true,"href":"https:\/\/www.uv.mx\/prensa\/wp-json\/wp\/v2\/media\/64331"}],"wp:attachment":[{"href":"https:\/\/www.uv.mx\/prensa\/wp-json\/wp\/v2\/media?parent=64330"}],"wp:term":[{"taxonomy":"category","embeddable":true,"href":"https:\/\/www.uv.mx\/prensa\/wp-json\/wp\/v2\/categories?post=64330"},{"taxonomy":"post_tag","embeddable":true,"href":"https:\/\/www.uv.mx\/prensa\/wp-json\/wp\/v2\/tags?post=64330"}],"curies":[{"name":"wp","href":"https:\/\/api.w.org\/{rel}","templated":true}]}}