{"id":64260,"date":"2019-03-14T09:00:30","date_gmt":"2019-03-14T15:00:30","guid":{"rendered":"https:\/\/www.uv.mx\/prensa\/?p=64260"},"modified":"2019-03-14T11:17:01","modified_gmt":"2019-03-14T17:17:01","slug":"uv-reconocio-liderazgo-y-compromiso-institucional-de-liliana-betancourt","status":"publish","type":"post","link":"https:\/\/www.uv.mx\/prensa\/regiones\/veracruz\/uv-reconocio-liderazgo-y-compromiso-institucional-de-liliana-betancourt\/","title":{"rendered":"UV reconoci\u00f3 liderazgo y compromiso institucional de Liliana Betancourt"},"content":{"rendered":"<p>&nbsp;<\/p>\n<div id=\"attachment_64212\" style=\"width: 732px\" class=\"wp-caption aligncenter\"><a href=\"https:\/\/www.uv.mx\/prensa\/files\/2019\/03\/130319-veracruz-Liliana-Betancourt-2.jpg\"><img loading=\"lazy\" decoding=\"async\" aria-describedby=\"caption-attachment-64212\" class=\"size-full wp-image-64212\" src=\"https:\/\/www.uv.mx\/prensa\/files\/2019\/03\/130319-veracruz-Liliana-Betancourt-2.jpg\" alt=\"\" width=\"722\" height=\"481\" srcset=\"https:\/\/www.uv.mx\/prensa\/files\/2019\/03\/130319-veracruz-Liliana-Betancourt-2.jpg 722w, https:\/\/www.uv.mx\/prensa\/files\/2019\/03\/130319-veracruz-Liliana-Betancourt-2-300x200.jpg 300w\" sizes=\"auto, (max-width: 722px) 100vw, 722px\" \/><\/a><p id=\"caption-attachment-64212\" class=\"wp-caption-text\">El vicerrector <span data-contrast=\"auto\">Alfonso Gerardo P\u00e9rez Morales<\/span> reconoci\u00f3 el liderazgo y compromiso de Liliana Betancourt<\/p><\/div>\n<p>&nbsp;<\/p>\n<p><b><i><span data-contrast=\"auto\">14\/03\/19, Boca del R\u00edo, Ver.-<\/span><\/i><\/b><span data-contrast=\"auto\"> En el <\/span><span data-contrast=\"auto\">marco de la conmemoraci\u00f3n de D\u00eda Internacional de la Mujer, a<\/span><span data-contrast=\"auto\">cad\u00e9micas, directores y funcionarios de la regi\u00f3n Veracruz de la Universidad Veracruzana <\/span><span data-contrast=\"auto\">(UV) realizaron<\/span><span data-contrast=\"auto\"> un <\/span><span data-contrast=\"auto\">reconocimiento a <\/span><span data-contrast=\"auto\">Liliana Ivonne Betancourt <\/span><span data-contrast=\"auto\">Trevedhan<\/span><span data-contrast=\"auto\">, d<\/span><span data-contrast=\"auto\">irectora general <\/span><span data-contrast=\"auto\">de Desarrollo Acad\u00e9mico e Innovaci\u00f3n Educativa, por su liderazgo y compromiso insti<\/span><span data-contrast=\"auto\">tucional.<\/span><span data-ccp-props=\"{&quot;201341983&quot;:0,&quot;335559739&quot;:200,&quot;335559740&quot;:240}\">\u00a0<\/span><\/p>\n<p><span data-contrast=\"auto\">En el evento, organizado por acad\u00e9micas de la <a href=\"https:\/\/www.uv.mx\/veracruz\/ingenieria\/\">Facultad de Ingenier\u00eda<\/a> y que se llev\u00f3 a cabo el 7 de marzo, el vicerrector Alfonso Gerardo P\u00e9rez Morales entreg<\/span><span data-contrast=\"auto\">\u00f3<\/span><span data-contrast=\"auto\"> el reconocimiento y <\/span><span data-contrast=\"auto\">ce<\/span><span data-contrast=\"auto\">l<\/span><span data-contrast=\"auto\">ebr\u00f3 l<\/span><span data-contrast=\"auto\">a distinci\u00f3n que hizo la comunidad con Liliana Betancourt.<\/span><span data-ccp-props=\"{&quot;201341983&quot;:0,&quot;335559731&quot;:708,&quot;335559739&quot;:200,&quot;335559740&quot;:240}\">\u00a0<\/span><\/p>\n<p><span data-contrast=\"auto\">Destac\u00f3 <\/span><span data-contrast=\"auto\">que se entregue en el marco de un mes donde se conmemora la lucha de las mujeres. \u201cEstoy convencido que la mujer es el ser m\u00e1s maravilloso de la creaci\u00f3n, si bien se ha dicho que el hombre tiene mayor fuerza f\u00edsica, la realidad es que no es tan cierto, la mujer posee una gran fortaleza\u201d.<\/span><span data-ccp-props=\"{&quot;201341983&quot;:0,&quot;335559731&quot;:708,&quot;335559739&quot;:200,&quot;335559740&quot;:240}\">\u00a0<\/span><\/p>\n<p><span data-contrast=\"auto\">El Vicerrector i<\/span><span data-contrast=\"auto\">nform\u00f3 que en las <\/span><span data-contrast=\"auto\">estad\u00edsticas m\u00e9dicas<\/span><span data-contrast=\"auto\"> la esperanz<\/span><span data-contrast=\"auto\">a de vida de un hombre es de <\/span><span data-contrast=\"auto\">72 a 74 a\u00f1os<\/span><span data-contrast=\"auto\">,<\/span><span data-contrast=\"auto\"> mientras que en la mujer <\/span><span data-contrast=\"auto\">es de 79.<\/span><span data-ccp-props=\"{&quot;201341983&quot;:0,&quot;335559731&quot;:708,&quot;335559739&quot;:200,&quot;335559740&quot;:240}\">\u00a0<\/span><\/p>\n<p><span data-contrast=\"auto\">A<\/span><span data-contrast=\"auto\">\u00f1adi\u00f3 que se conmemora a las mujeres porque se reconoce que con su tenacidad, esfuerzo y dedicaci\u00f3n, as\u00ed como su esp\u00edritu inquebrantable, han luchado por la equidad e igualdad.<\/span><span data-ccp-props=\"{&quot;201341983&quot;:0,&quot;335559731&quot;:708,&quot;335559739&quot;:200,&quot;335559740&quot;:240}\">\u00a0<\/span><\/p>\n<p><span data-contrast=\"auto\">De la galardonada <\/span><span data-contrast=\"auto\">estac\u00f3 su compromiso y entrega en cada una de las actividades que ha realizado.<\/span><span data-ccp-props=\"{&quot;201341983&quot;:0,&quot;335559731&quot;:708,&quot;335559739&quot;:200,&quot;335559740&quot;:240}\">\u00a0<\/span><\/p>\n<p><span data-contrast=\"auto\">Betancourt <\/span><span data-contrast=\"auto\">Trevedhan<\/span><span data-contrast=\"auto\"> cuenta con una amplia trayectoria en la <\/span><span data-contrast=\"auto\">UV;<\/span><span data-contrast=\"auto\"> se ha destacado en la academia y la gesti\u00f3n institucional ocupando diversos puestos dire<\/span><span data-contrast=\"auto\">ctivos<\/span><span data-contrast=\"auto\">, entre ellos como <\/span><span data-contrast=\"auto\">secretaria Acad\u00e9mica y d<\/span><span data-contrast=\"auto\">irector<\/span><span data-contrast=\"auto\">a<\/span><span data-contrast=\"auto\"> d<\/span><span data-contrast=\"auto\">e la Facultad de Administraci\u00f3n,<\/span> <span data-contrast=\"auto\">en la regi\u00f3n Veracruz.<\/span><span data-ccp-props=\"{&quot;201341983&quot;:0,&quot;335559731&quot;:708,&quot;335559739&quot;:200,&quot;335559740&quot;:240}\">\u00a0<\/span><\/p>\n<p><span data-contrast=\"auto\">De <\/span><span data-contrast=\"auto\">2005 a 2013 fungi\u00f3 como Vicerrectora y posteriormente como <\/span><span data-contrast=\"auto\">d<\/span><span data-contrast=\"auto\">irecto<\/span><span data-contrast=\"auto\">ra general <\/span><span data-contrast=\"auto\">del \u00c1<\/span><span data-contrast=\"auto\">rea <\/span><span data-contrast=\"auto\">Acad\u00e9mica <\/span><span data-contrast=\"auto\">Econ\u00f3mico-A<\/span><span data-contrast=\"auto\">dministrativa<\/span><span data-contrast=\"auto\">,<\/span><span data-contrast=\"auto\"> de noviembre de 2013 a julio de<\/span><span data-contrast=\"auto\"> 2018.<\/span><span data-ccp-props=\"{&quot;201341983&quot;:0,&quot;335559731&quot;:708,&quot;335559739&quot;:200,&quot;335559740&quot;:240}\">\u00a0<\/span><\/p>\n<p><span data-contrast=\"auto\">Durante la ceremonia se cont\u00f3 con la presencia de<\/span> <span data-contrast=\"auto\">Ulises Aguirre Orozco,<\/span><span data-contrast=\"auto\"> secretario A<\/span><span data-contrast=\"auto\">cad\u00e9mico regional;<\/span><span data-contrast=\"auto\"> Juan Manuel Fragoso Montalvo,<\/span><span data-contrast=\"auto\"> secretario r<\/span><span data-contrast=\"auto\">egional del<\/span> <span data-contrast=\"none\">Sindicato<\/span><span data-contrast=\"none\"> del Personal Acad\u00e9mico<\/span><span data-contrast=\"none\"> (<\/span><i><span data-contrast=\"auto\">Fesapauv<\/span><\/i><span data-contrast=\"auto\">)<\/span><span data-contrast=\"auto\">;<\/span><span data-contrast=\"auto\"> Martha Elena Aguirre Serena, coordinadora<\/span> <span data-contrast=\"auto\">r<\/span><span data-contrast=\"auto\">e<\/span><span data-contrast=\"auto\">gional<\/span> <span data-contrast=\"auto\">de Desarrollo Institucional<\/span><span data-contrast=\"auto\">,<\/span><span data-contrast=\"auto\"> as\u00ed como directores de diversas f<\/span><span data-contrast=\"auto\">acultades.<\/span><span data-ccp-props=\"{&quot;201341983&quot;:0,&quot;335559731&quot;:708,&quot;335559739&quot;:200,&quot;335559740&quot;:240}\">\u00a0<\/span><\/p>\n<p>&nbsp;<\/p>\n<div id=\"attachment_64214\" style=\"width: 732px\" class=\"wp-caption aligncenter\"><a href=\"https:\/\/www.uv.mx\/prensa\/files\/2019\/03\/130319-veracruz-Liliana-Betancourt-1.jpg\"><img loading=\"lazy\" decoding=\"async\" aria-describedby=\"caption-attachment-64214\" class=\"size-full wp-image-64214\" src=\"https:\/\/www.uv.mx\/prensa\/files\/2019\/03\/130319-veracruz-Liliana-Betancourt-1.jpg\" alt=\"\" width=\"722\" height=\"352\" srcset=\"https:\/\/www.uv.mx\/prensa\/files\/2019\/03\/130319-veracruz-Liliana-Betancourt-1.jpg 722w, https:\/\/www.uv.mx\/prensa\/files\/2019\/03\/130319-veracruz-Liliana-Betancourt-1-300x146.jpg 300w\" sizes=\"auto, (max-width: 722px) 100vw, 722px\" \/><\/a><p id=\"caption-attachment-64214\" class=\"wp-caption-text\">Acad\u00e9micas de la regi\u00f3n Veracruz resaltaron la trayectoria de la homenajeada<\/p><\/div>\n","protected":false},"excerpt":{"rendered":"<p>Ha destacado en la academia y la gesti\u00f3n institucional, en cargos como secretaria Acad\u00e9mica, directora de la Facultad de Administraci\u00f3n y Vicerrectora en la regi\u00f3n Veracruz, as\u00ed como directora general del \u00c1rea Acad\u00e9mica Econ\u00f3mico-Administrativa. Actualmente es directora general de Desarrollo Acad\u00e9mico e Innovaci\u00f3n Educativa<\/p>\n","protected":false},"author":1508,"featured_media":64212,"comment_status":"closed","ping_status":"closed","sticky":false,"template":"","format":"standard","meta":{"footnotes":""},"categories":[55],"tags":[],"class_list":["post-64260","post","type-post","status-publish","format-standard","has-post-thumbnail","hentry","category-veracruz"],"_links":{"self":[{"href":"https:\/\/www.uv.mx\/prensa\/wp-json\/wp\/v2\/posts\/64260","targetHints":{"allow":["GET"]}}],"collection":[{"href":"https:\/\/www.uv.mx\/prensa\/wp-json\/wp\/v2\/posts"}],"about":[{"href":"https:\/\/www.uv.mx\/prensa\/wp-json\/wp\/v2\/types\/post"}],"author":[{"embeddable":true,"href":"https:\/\/www.uv.mx\/prensa\/wp-json\/wp\/v2\/users\/1508"}],"replies":[{"embeddable":true,"href":"https:\/\/www.uv.mx\/prensa\/wp-json\/wp\/v2\/comments?post=64260"}],"version-history":[{"count":0,"href":"https:\/\/www.uv.mx\/prensa\/wp-json\/wp\/v2\/posts\/64260\/revisions"}],"wp:featuredmedia":[{"embeddable":true,"href":"https:\/\/www.uv.mx\/prensa\/wp-json\/wp\/v2\/media\/64212"}],"wp:attachment":[{"href":"https:\/\/www.uv.mx\/prensa\/wp-json\/wp\/v2\/media?parent=64260"}],"wp:term":[{"taxonomy":"category","embeddable":true,"href":"https:\/\/www.uv.mx\/prensa\/wp-json\/wp\/v2\/categories?post=64260"},{"taxonomy":"post_tag","embeddable":true,"href":"https:\/\/www.uv.mx\/prensa\/wp-json\/wp\/v2\/tags?post=64260"}],"curies":[{"name":"wp","href":"https:\/\/api.w.org\/{rel}","templated":true}]}}