{"id":64255,"date":"2019-03-14T09:00:39","date_gmt":"2019-03-14T15:00:39","guid":{"rendered":"https:\/\/www.uv.mx\/prensa\/?p=64255"},"modified":"2019-03-14T11:12:52","modified_gmt":"2019-03-14T17:12:52","slug":"sea-veracruz-conmemoro-dia-internacional-de-la-mujer","status":"publish","type":"post","link":"https:\/\/www.uv.mx\/prensa\/banner\/sea-veracruz-conmemoro-dia-internacional-de-la-mujer\/","title":{"rendered":"SEA Veracruz conmemor\u00f3 D\u00eda Internacional de la Mujer"},"content":{"rendered":"<ul>\n<li data-leveltext=\"\uf0b7\" data-font=\"Symbol\" data-listid=\"1\" data-aria-posinset=\"1\" data-aria-level=\"1\"><i><span data-contrast=\"none\">Con la presentaci\u00f3n del tema <\/span><\/i><i><span data-contrast=\"none\">\u201cLas chicas rudas del pasado\u201d<\/span><\/i><span data-ccp-props=\"{&quot;134233279&quot;:true,&quot;201341983&quot;:0,&quot;335559739&quot;:160,&quot;335559740&quot;:240}\">\u00a0<\/span><\/li>\n<\/ul>\n<p>&nbsp;<\/p>\n<div id=\"attachment_64125\" style=\"width: 732px\" class=\"wp-caption aligncenter\"><a href=\"https:\/\/www.uv.mx\/prensa\/files\/2019\/03\/120319-Chicas-rudas.jpg\"><img aria-describedby=\"caption-attachment-64125\" decoding=\"async\" loading=\"lazy\" class=\"size-full wp-image-64125\" src=\"https:\/\/www.uv.mx\/prensa\/files\/2019\/03\/120319-Chicas-rudas.jpg\" alt=\"\" width=\"722\" height=\"542\" srcset=\"https:\/\/www.uv.mx\/prensa\/files\/2019\/03\/120319-Chicas-rudas.jpg 722w, https:\/\/www.uv.mx\/prensa\/files\/2019\/03\/120319-Chicas-rudas-300x225.jpg 300w\" sizes=\"(max-width: 722px) 100vw, 722px\" \/><\/a><p id=\"caption-attachment-64125\" class=\"wp-caption-text\">Estudiantes de la Licenciatura en Derecho organizaron el evento<\/p><\/div>\n<p>&nbsp;<\/p>\n<p><b><i><span data-contrast=\"none\">Karina de la Paz Reyes D\u00edaz<\/span><\/i><\/b><span data-ccp-props=\"{&quot;201341983&quot;:0,&quot;335559739&quot;:160,&quot;335559740&quot;:240}\">\u00a0<\/span><\/p>\n<p><b><i><span data-contrast=\"none\">1<\/span><\/i><\/b><b><i><span data-contrast=\"none\">4<\/span><\/i><\/b><b><i><span data-contrast=\"none\">\/03\/19, Veracruz, Ver.-<\/span><\/i><\/b> <span data-contrast=\"none\">El Enlace de la Unidad de <\/span><span data-contrast=\"none\">G\u00e9n<\/span><span data-contrast=\"none\">ero del<a href=\"https:\/\/www.uv.mx\/veracruz\/sea\/\"> Sistema de Ense\u00f1anza Abierta<\/a> (SEA) de la Universidad Veracruzana (UV), regi\u00f3n Veracruz, conmemor\u00f3 el D\u00eda Internacional de la Mujer, con la presentaci\u00f3n del tema \u201cLas chicas rudas del pasado\u201d.<\/span><span data-ccp-props=\"{&quot;201341983&quot;:0,&quot;335559739&quot;:160,&quot;335559740&quot;:240}\">\u00a0<\/span><\/p>\n<p><span data-contrast=\"none\">La actividad se desarroll\u00f3 el <\/span><span data-contrast=\"none\">9 de mar<\/span><span data-contrast=\"none\">zo, en las instalaciones de la Facultad de Medicina, y fue protagonizada por las estudiantes de la Licenciatura en Derecho, bajo la coordinaci\u00f3n de la acad\u00e9mica Mar\u00eda de Lourdes Castellanos Villalobos<\/span><span data-contrast=\"none\">.<\/span><span data-ccp-props=\"{&quot;201341983&quot;:0,&quot;335559739&quot;:160,&quot;335559740&quot;:240}\">\u00a0<\/span><\/p>\n<p><span data-contrast=\"none\">\u00c9sta<\/span><span data-contrast=\"none\">, record\u00f3 que cada 8 de marzo se conmemora el<\/span><span data-contrast=\"none\"> D\u00eda Internacional de la Mujer <\/span><span data-contrast=\"none\">con <\/span><span data-contrast=\"none\">la<\/span><span data-contrast=\"none\"> finalidad de hacer conciencia sobre<\/span> <span data-contrast=\"none\">\u201c<\/span><span data-contrast=\"none\">la<\/span> <span data-contrast=\"none\">reivindicaci\u00f3n de igualdad de derechos de las mujeres y la lucha constante por sus derechos pol\u00edticos<\/span> <span data-contrast=\"none\">y civiles<\/span><span data-contrast=\"none\">\u201d, y que fue la Organizaci\u00f3n de las Nacionales Unidas (ONU) quien oficializ\u00f3 la fecha en 1975.<\/span><span data-ccp-props=\"{&quot;201341983&quot;:0,&quot;335559731&quot;:708,&quot;335559739&quot;:160,&quot;335559740&quot;:240}\">\u00a0<\/span><\/p>\n<p><span data-contrast=\"none\">\u201c<\/span><span data-contrast=\"none\">Dicha <\/span><span data-contrast=\"none\">fecha no es arbitraria, m\u00e1s bien tiene un largo camino recorrido y fueron distintos sucesos en los siglos XIX y XX los que llevaro<\/span><span data-contrast=\"none\">n a que se conmemore y recuerde <\/span><span data-contrast=\"none\">la<\/span><span data-contrast=\"none\"> efem\u00e9ride <\/span><span data-contrast=\"none\">tal como la conocemos. Uno de ellos se remonta al 8 de marzo de 1857, cuando cientos de mujeres de una f\u00e1brica de textiles de Nueva York salieron a marchar en contra de los bajos salarios, que eran menos de la mitad <\/span><span data-contrast=\"none\">de<\/span><span data-contrast=\"none\"> lo que percib\u00edan los hombres por la misma tarea, ese\u202fd\u00eda termin\u00f3 con la sangrienta cifra de 120 mujeres muertas por la brutalidad con la que la polic\u00eda dispers\u00f3 la marcha.<\/span><span data-contrast=\"none\">\u201d<\/span><span data-ccp-props=\"{&quot;201341983&quot;:0,&quot;335559731&quot;:708,&quot;335559739&quot;:160,&quot;335559740&quot;:240}\">\u00a0<\/span><\/p>\n<p><span data-contrast=\"none\">Cabe citar <\/span><span data-contrast=\"none\">que<\/span><span data-contrast=\"none\"> la propia ONU menciona que la idea de un D\u00eda Internacional de la Muje<\/span><span data-contrast=\"none\">r surgi\u00f3 al final del siglo XIX y<\/span><span data-contrast=\"none\"> que fue, en el mundo industrializado, un per<\/span><span data-contrast=\"none\">i<\/span><span data-contrast=\"none\">odo de expansi\u00f3n y turbulencia, crecimiento fulgurante de la poblaci\u00f3n e ideolog\u00edas radicales<\/span><span data-contrast=\"none\">; <\/span><span data-contrast=\"none\">que la Carta de las Naciones Unidas, firmada en 1945, fue el primer acuerdo internacional para afirmar el principio de igualdad entre mujeres y hombres; y que el empoderamiento de la mujer sigue siendo un elemento central de los esfuerzos de la Organizaci\u00f3n para hacer frente a los desaf\u00edos sociales, econ\u00f3micos y pol\u00edticos en todo el mundo.<\/span><span data-ccp-props=\"{&quot;201341983&quot;:0,&quot;335559739&quot;:160,&quot;335559740&quot;:240}\">\u00a0<\/span><\/p>\n<p><span data-contrast=\"none\">Para la organizaci\u00f3n internacional, en di\u00e1logo con el tema desarrollado por las estudiantes del SEA-Veracruz, \u201cel D\u00eda Internacional de la Mujer es un buen momento para reflexionar acerca de los avances logrados, pedir m\u00e1s cambios y celebrar la valent\u00eda y la determinaci\u00f3n de las mujeres de a pie que han jugado un papel clave en la historia de sus pa\u00edses y comunidades\u201d.<\/span><span data-ccp-props=\"{&quot;201341983&quot;:0,&quot;335559739&quot;:160,&quot;335559740&quot;:240}\">\u00a0<\/span><\/p>\n","protected":false},"excerpt":{"rendered":"<p>La finalidad fue enfatizar la reivindicaci\u00f3n de igualdad de derechos de las mujeres y la lucha por sus derechos pol\u00edticos y civiles<\/p>\n","protected":false},"author":1508,"featured_media":64258,"comment_status":"closed","ping_status":"closed","sticky":false,"template":"","format":"standard","meta":[],"categories":[61],"tags":[],"_links":{"self":[{"href":"https:\/\/www.uv.mx\/prensa\/wp-json\/wp\/v2\/posts\/64255"}],"collection":[{"href":"https:\/\/www.uv.mx\/prensa\/wp-json\/wp\/v2\/posts"}],"about":[{"href":"https:\/\/www.uv.mx\/prensa\/wp-json\/wp\/v2\/types\/post"}],"author":[{"embeddable":true,"href":"https:\/\/www.uv.mx\/prensa\/wp-json\/wp\/v2\/users\/1508"}],"replies":[{"embeddable":true,"href":"https:\/\/www.uv.mx\/prensa\/wp-json\/wp\/v2\/comments?post=64255"}],"version-history":[{"count":0,"href":"https:\/\/www.uv.mx\/prensa\/wp-json\/wp\/v2\/posts\/64255\/revisions"}],"wp:featuredmedia":[{"embeddable":true,"href":"https:\/\/www.uv.mx\/prensa\/wp-json\/wp\/v2\/media\/64258"}],"wp:attachment":[{"href":"https:\/\/www.uv.mx\/prensa\/wp-json\/wp\/v2\/media?parent=64255"}],"wp:term":[{"taxonomy":"category","embeddable":true,"href":"https:\/\/www.uv.mx\/prensa\/wp-json\/wp\/v2\/categories?post=64255"},{"taxonomy":"post_tag","embeddable":true,"href":"https:\/\/www.uv.mx\/prensa\/wp-json\/wp\/v2\/tags?post=64255"}],"curies":[{"name":"wp","href":"https:\/\/api.w.org\/{rel}","templated":true}]}}