{"id":64245,"date":"2019-03-16T09:00:22","date_gmt":"2019-03-16T15:00:22","guid":{"rendered":"https:\/\/www.uv.mx\/prensa\/?p=64245"},"modified":"2019-03-13T18:26:48","modified_gmt":"2019-03-14T00:26:48","slug":"zonas-geograficas-determinan-el-crecimiento-economico-eugenia-ibarraran","status":"publish","type":"post","link":"https:\/\/www.uv.mx\/prensa\/entrevista\/zonas-geograficas-determinan-el-crecimiento-economico-eugenia-ibarraran\/","title":{"rendered":"Zonas geogr\u00e1ficas determinan el crecimiento econ\u00f3mico: Eugenia Ibarrar\u00e1n"},"content":{"rendered":"<style type=\"text\/css\">\n  blockquote p { color: #28519b; font-family: helvetica; font-size: 1.4em; }<br \/>\n<\/style>\n<ul>\n<li data-leveltext=\"\uf0b7\" data-font=\"Symbol\" data-listid=\"5\" data-aria-posinset=\"1\" data-aria-level=\"1\"><i><span data-contrast=\"none\">La gente no es pobre porque <\/span><\/i><i><span data-contrast=\"none\">sea<\/span><\/i><i><span data-contrast=\"none\"> floja, sino por la ausencia de condiciones para salir adelante<\/span><\/i><i><span data-contrast=\"none\">\u00a0<\/span><\/i><span data-ccp-props=\"{}\">\u00a0<\/span><\/li>\n<li data-leveltext=\"\uf0b7\" data-font=\"Symbol\" data-listid=\"5\" data-aria-posinset=\"2\" data-aria-level=\"1\"><i><span data-contrast=\"none\">El desarrollo del sur del pa\u00eds debe <\/span><\/i><i><span data-contrast=\"none\">darse<\/span><\/i><i><span data-contrast=\"none\"> a trav\u00e9s de microrregiones<\/span><\/i><\/li>\n<\/ul>\n<p>&nbsp;<\/p>\n<div id=\"attachment_63748\" style=\"width: 732px\" class=\"wp-caption aligncenter\"><a href=\"https:\/\/www.uv.mx\/prensa\/files\/2019\/03\/060318-Understanding-Mexican-Economy.jpg\"><img loading=\"lazy\" decoding=\"async\" aria-describedby=\"caption-attachment-63748\" class=\"size-full wp-image-63748\" src=\"https:\/\/www.uv.mx\/prensa\/files\/2019\/03\/060318-Understanding-Mexican-Economy.jpg\" alt=\"\" width=\"722\" height=\"481\" srcset=\"https:\/\/www.uv.mx\/prensa\/files\/2019\/03\/060318-Understanding-Mexican-Economy.jpg 722w, https:\/\/www.uv.mx\/prensa\/files\/2019\/03\/060318-Understanding-Mexican-Economy-300x200.jpg 300w\" sizes=\"auto, (max-width: 722px) 100vw, 722px\" \/><\/a><p id=\"caption-attachment-63748\" class=\"wp-caption-text\">Mar\u00eda Eugenia Ibarrar\u00e1n Viniegra es profesora e investigadora del Departamento de Ciencias Sociales de la Universidad Iberoamericana<\/p><\/div>\n<p>&nbsp;<\/p>\n<blockquote><p><span class=\"TextRun Highlight  BCX2 SCXW98230995\" lang=\"ES-MX\" xml:lang=\"ES-MX\" data-contrast=\"none\"><span class=\"NormalTextRun  BCX2 SCXW98230995\">No es lo mismo un despido para alguien que cobra por honorarios<\/span><\/span><span class=\"TextRun Highlight  BCX2 SCXW98230995\" lang=\"ES-MX\" xml:lang=\"ES-MX\" data-contrast=\"none\"><span class=\"NormalTextRun  BCX2 SCXW98230995\">,<\/span><\/span><span class=\"TextRun Highlight  BCX2 SCXW98230995\" lang=\"ES-MX\" xml:lang=\"ES-MX\" data-contrast=\"none\"><span class=\"NormalTextRun  BCX2 SCXW98230995\"> que para alguien que trabaja bajo un contrato. La informalidad es algo que nos afecta a todos, pero muchas<\/span><\/span><span class=\"TextRun Highlight  BCX2 SCXW98230995\" lang=\"ES-MX\" xml:lang=\"ES-MX\" data-contrast=\"none\"><span class=\"NormalTextRun  BCX2 SCXW98230995\"> veces nosotros la propiciamos<\/span><\/span><\/p><\/blockquote>\n<p>&nbsp;<\/p>\n<p><b><i><span data-contrast=\"none\">Carlos Hugo Hermida Rosales<\/span><\/i><\/b><span data-ccp-props=\"{}\">\u00a0<\/span><\/p>\n<p><b><i><span data-contrast=\"none\">16\/03\/19, Xalapa, Ver.- <\/span><\/i><\/b><span data-contrast=\"none\">M\u00e9xico posee barreras naturales, como su complicada orograf\u00eda; existen zonas donde es m\u00e1s f\u00e1cil llegar y otras en donde es m\u00e1s complicado. La infraestructura de transporte se desarroll\u00f3 de manera distinta en el pa\u00eds a trav\u00e9s del tiempo, de acuerdo a sus recursos naturales<\/span><span data-contrast=\"none\">, esto propici\u00f3 un norte del pa\u00eds rico y empobreci\u00f3 al sur, explic\u00f3 <\/span><span data-contrast=\"none\">Mar\u00eda Eugenia <\/span><span data-contrast=\"none\">Ibarrar\u00e1n<\/span><span data-contrast=\"none\"> Viniegra<\/span><span data-contrast=\"none\">.<\/span><span data-ccp-props=\"{}\">\u00a0<\/span><\/p>\n<p><span data-contrast=\"none\">La<\/span> <span data-contrast=\"none\">entrevistada <\/span><span data-contrast=\"none\">es profesora e investigadora del Departamento de Ciencias Sociales de la Universidad Iberoamericana Puebla y miembro del centro de estudios de Pobreza y Exclusi\u00f3n.<\/span><span data-ccp-props=\"{&quot;335559731&quot;:708}\">\u00a0<\/span><\/p>\n<p><span data-contrast=\"none\">Las l\u00edneas de investigaci\u00f3n en las que trabaja son: la econom\u00eda ambiental, la econom\u00eda del cambio clim\u00e1tico y la contaminaci\u00f3n del aire.<\/span><span data-ccp-props=\"{&quot;335559731&quot;:708}\">\u00a0<\/span><\/p>\n<p><span data-contrast=\"none\">Es coautora del libro <\/span><i><span data-contrast=\"none\">Understanding<\/span><\/i> <i><span data-contrast=\"none\">the<\/span><\/i> <i><span data-contrast=\"none\">Mexican<\/span><\/i> <i><span data-contrast=\"none\">Economy<\/span><\/i><i><span data-contrast=\"none\">: A Social, Cultural, and <\/span><\/i><i><span data-contrast=\"none\">Political<\/span><\/i> <i><span data-contrast=\"none\">Overview<\/span><\/i><span data-contrast=\"none\">, que aborda los m\u00faltiples factores que<\/span><span data-contrast=\"none\"> afectan a la econom\u00eda mexicana y los explica al lector extranjero.<\/span><span data-ccp-props=\"{&quot;335559731&quot;:708}\">\u00a0<\/span><\/p>\n<p><span data-contrast=\"none\">En entrevista <\/span><span data-contrast=\"none\">par<\/span><span data-contrast=\"none\">a <\/span><i><span data-contrast=\"none\">U<\/span><\/i><i><span data-contrast=\"none\">niverso<\/span><\/i><span data-contrast=\"none\">, <\/span><span data-contrast=\"none\">dialog\u00f3 acerca de las causas de las diferencias econ\u00f3micas entre el norte y el sur de M\u00e9xico, de la im<\/span><span data-contrast=\"none\">portancia del desarrollo de esta \u00faltima regi\u00f3n<\/span><span data-contrast=\"none\">, as\u00ed como de los perjuicios que el comercio y trabajo informal<\/span><span data-contrast=\"none\">es<\/span><span data-contrast=\"none\"> causan a la naci\u00f3n.<\/span><span data-ccp-props=\"{&quot;335559731&quot;:708}\">\u00a0<\/span><\/p>\n<p><span data-ccp-props=\"{}\">\u00a0<\/span><\/p>\n<p><b><i><span data-contrast=\"none\">Hist\u00f3ricamente los estados <\/span><\/i><\/b><b><i><span data-contrast=\"none\">d<\/span><\/i><\/b><b><i><span data-contrast=\"none\">el norte del pa\u00eds poseen un desarrollo econ\u00f3mico mucho mayor que <\/span><\/i><\/b><b><i><span data-contrast=\"none\">los<\/span><\/i><\/b> <b><i><span data-contrast=\"none\">d<\/span><\/i><\/b><b><i><span data-contrast=\"none\">el sur. \u00bf<\/span><\/i><\/b><b><i><span data-contrast=\"none\">De d\u00f3nde se origina esto<\/span><\/i><\/b><b><i><span data-contrast=\"none\">?<\/span><\/i><\/b><span data-ccp-props=\"{}\">\u00a0<\/span><\/p>\n<p><span data-contrast=\"none\">M\u00e9xico posee <\/span><span data-contrast=\"none\">barreras naturales<\/span><span data-contrast=\"none\">,<\/span> <span data-contrast=\"none\">como su complicada orograf\u00eda<\/span><span data-contrast=\"none\">,<\/span> <span data-contrast=\"none\">que hacen dif\u00edcil <\/span><span data-contrast=\"none\">la <\/span><span data-contrast=\"none\">comunicaci\u00f3n con<\/span><span data-contrast=\"none\"> algunas regiones d<\/span><span data-contrast=\"none\">el sur<\/span><span data-contrast=\"none\">; e<\/span><span data-contrast=\"none\">xisten zonas donde es m\u00e1s f\u00e1cil llegar y o<\/span><span data-contrast=\"none\">tras en donde es m\u00e1s complicado. L<\/span><span data-contrast=\"none\">a infraestructura de transporte se desarroll\u00f3 de manera distinta en el pa\u00eds a trav\u00e9s del tiempo, de acuerdo a sus recursos naturales.<\/span><span data-ccp-props=\"{}\">\u00a0<\/span><\/p>\n<p><span data-contrast=\"none\">Por la abundancia de metales como la plata, en el baj\u00edo y el norte del pa\u00eds prosper\u00f3 la miner\u00eda, lo que hizo que la industria ferroviaria \u2013necesaria para transportar los metales<\/span><span data-contrast=\"none\">\u2013<\/span><span data-contrast=\"none\"> se desarrollara en esas regiones, que hasta la fecha se encuentran mejor comunicadas que e<\/span><span data-contrast=\"none\">l sureste y por lo tanto cuenta<\/span><span data-contrast=\"none\">n con un mayor <\/span><span data-contrast=\"none\">crecimiento econ\u00f3mico.<\/span><span data-ccp-props=\"{&quot;335559731&quot;:708}\">\u00a0<\/span><\/p>\n<p><span data-contrast=\"none\">Esto ha tenido un gran impacto en la educaci\u00f3n de la gente<\/span><span data-contrast=\"none\"> que all\u00ed habita<\/span><span data-contrast=\"none\">, as\u00ed como en las inversiones que el gobierno hace, ya que mientras se fortalece el desarrollo en las regiones <\/span><span data-contrast=\"none\">del norte<\/span><span data-contrast=\"none\">, se margina <\/span><span data-contrast=\"none\">a <\/span><span data-contrast=\"none\">muchas del sur.<\/span><span data-ccp-props=\"{&quot;335559731&quot;:708}\">\u00a0<\/span><\/p>\n<p><span data-ccp-props=\"{}\">\u00a0<\/span><\/p>\n<p><b><i><span data-contrast=\"none\">Recientemente el <\/span><\/i><\/b><b><i><span data-contrast=\"none\">G<\/span><\/i><\/b><b><i><span data-contrast=\"none\">obernador de Nuevo Le\u00f3n declar\u00f3 que el sur del pa\u00eds tiene \u201cla bendici\u00f3n de la naturaleza pero la desgracia de la flojera\u201d. \u00bfQu\u00e9 opina de estas palabras?<\/span><\/i><\/b><span data-ccp-props=\"{}\">\u00a0<\/span><\/p>\n<p><span data-contrast=\"none\">Esta declaraci\u00f3n es completamente err\u00f3nea. <\/span><span data-contrast=\"none\">La gente no es pob<\/span><span data-contrast=\"none\">re porque <\/span><span data-contrast=\"none\">sea<\/span><span data-contrast=\"none\"> floja, sino por la ausencia de<\/span><span data-contrast=\"none\"> condiciones para salir adelante; hay una gran cantidad de circunstancias que hacen que <\/span><span data-contrast=\"none\">unas personas <\/span><span data-contrast=\"none\">pu<\/span><span data-contrast=\"none\">edan<\/span><span data-contrast=\"none\"> tener una mayor <\/span><span data-contrast=\"none\">calidad <\/span><span data-contrast=\"none\">de vida que otras.<\/span><span data-ccp-props=\"{}\">\u00a0<\/span><\/p>\n<p><span data-contrast=\"none\">Existen investigaciones que <\/span><span data-contrast=\"none\">demuestran que en muchos casos<\/span><span data-contrast=\"none\"> los recursos naturales <\/span><span data-contrast=\"none\">son<\/span><span data-contrast=\"none\"> una maldici\u00f3n para las zonas que los poseen, ya que los pa\u00edses que cuentan con una gran cantidad de <\/span><span data-contrast=\"none\">\u00e9<\/span><span data-contrast=\"none\">stos usan <\/span><span data-contrast=\"none\">lo obtenido<\/span><span data-contrast=\"none\"> a partir de ellos en gasto corriente <\/span><span data-contrast=\"none\">\u2013<\/span><span data-contrast=\"none\">servicios b\u00e1sicos, prestaciones de seguridad social<\/span><span data-contrast=\"none\">\u2013<\/span><span data-contrast=\"none\"> y no en inversi\u00f3n, lo que impide su desarrollo y que se conviertan en potencia.<\/span><span data-ccp-props=\"{&quot;335559731&quot;:708}\">\u00a0<\/span><\/p>\n<p><span data-contrast=\"none\">Eso le pas\u00f3 a M\u00e9xico en la d\u00e9cada de 1980, y es lo que le ocurre a algunas naciones \u00e1rabes que tienen una pro<\/span><span data-contrast=\"none\">ducci\u00f3n importante de petr\u00f3leo.<\/span><span data-ccp-props=\"{&quot;335559731&quot;:708}\">\u00a0<\/span><\/p>\n<p><span data-contrast=\"none\">En el <\/span><span data-contrast=\"none\">sur <\/span><span data-contrast=\"none\">de M\u00e9xico <\/span><span data-contrast=\"none\">hay campesinos que trabajan mucho m\u00e1s tiempo que <\/span><span data-contrast=\"none\">cualquier persona en una <\/span><span data-contrast=\"none\">jornada laboral de oficina, y se les paga <\/span><span data-contrast=\"none\">muy poco <\/span><span data-contrast=\"none\">por sus productos, <\/span><span data-contrast=\"none\">lo que propicia que carezcan de las<\/span><span data-contrast=\"none\"> c<\/span><span data-contrast=\"none\">ondiciones para salir adelante.<\/span><span data-ccp-props=\"{&quot;335559731&quot;:708}\">\u00a0<\/span><\/p>\n<p><span data-ccp-props=\"{}\">\u00a0<\/span><\/p>\n<p><b><i><span data-contrast=\"none\">Existen ciudades como M\u00e9rida y Canc\u00fan que cuentan con un gran desarrollo econ\u00f3mico. \u00bfQu\u00e9 acciones son necesarias para activar la econo<\/span><\/i><\/b><b><i><span data-contrast=\"none\">m\u00eda de las dem\u00e1s poblaciones del sur<\/span><\/i><\/b><b><i><span data-contrast=\"none\">?<\/span><\/i><\/b><span data-ccp-props=\"{}\">\u00a0<\/span><\/p>\n<p><span data-contrast=\"none\">Para <\/span><span data-contrast=\"none\">activar la econom\u00eda en el sur del pa\u00eds<\/span><span data-contrast=\"none\">,<\/span><span data-contrast=\"none\"> como en el caso de Canc\u00fan y M\u00e9rida<\/span><span data-contrast=\"none\">,<\/span><span data-contrast=\"none\"> es necesario encontrar detonadores que generen actividad econ\u00f3mica, que no son los mismos para todas partes, sino espec\u00edficos en cada regi\u00f3n.<\/span> <span data-contrast=\"none\">Cada zona requiere<\/span><span data-contrast=\"none\"> enfocarse <\/span><span data-contrast=\"none\">en la producci\u00f3n de aquello que pu<\/span><span data-contrast=\"none\">eden<\/span><span data-contrast=\"none\"> comercializar, o en la <\/span><span data-contrast=\"none\">promoci\u00f3n<\/span><span data-contrast=\"none\"> del servicio que pueden<\/span><span data-contrast=\"none\"> ofrecer.<\/span><span data-ccp-props=\"{}\">\u00a0<\/span><\/p>\n<p><span data-contrast=\"none\">Es necesario<\/span><span data-contrast=\"none\"> que<\/span><span data-contrast=\"none\"> este <\/span><span data-contrast=\"none\">desarrollo ocurra<\/span> <span data-contrast=\"none\">a trav\u00e9s de<\/span><span data-contrast=\"none\"> microrregiones, ya que no puedes poner un hospital <\/span><span data-contrast=\"none\">o una escuela en cada comunidad<\/span> <span data-contrast=\"none\">pues <\/span><span data-contrast=\"none\">muchas son muy peque\u00f1as y cuentan con pocos habitantes. Se debe seleccionar un punto de desarrollo al que acudan los habitantes de localidades vecinas.<\/span> <span data-contrast=\"none\">Este esquema debe ser <\/span><span data-contrast=\"none\">eficiente, bien pensado <\/span><span data-contrast=\"none\">e incluir <\/span><span data-contrast=\"none\">actividades econ\u00f3micas de las que pueda vivir la poblaci\u00f3n.<\/span><span data-ccp-props=\"{&quot;335559731&quot;:708}\">\u00a0<\/span><\/p>\n<p><span data-contrast=\"none\">Para ello se requieren de v\u00edas de comunicaci\u00f3n para llegar, as\u00ed como de seguridad para que se d\u00e9 el desarrollo; la falta de alguno de estos dos factores pue<\/span><span data-contrast=\"none\">de hacer que \u00e9<\/span><span data-contrast=\"none\">ste nunca ocurra.<\/span><span data-ccp-props=\"{&quot;335559731&quot;:708}\">\u00a0<\/span><\/p>\n<p><span data-contrast=\"none\">Otro <\/span><span data-contrast=\"none\">punto<\/span><span data-contrast=\"none\"> a tomar en cuenta es la importancia de la migraci\u00f3n. <\/span><span data-contrast=\"none\">El nivel de escolaridad de <\/span><span data-contrast=\"none\">los pobladores<\/span><span data-contrast=\"none\"> de <\/span><span data-contrast=\"none\">Quintana R<\/span><span data-contrast=\"none\">oo<\/span><span data-contrast=\"none\"> no es el mismo qu<\/span><span data-contrast=\"none\">e<\/span><span data-contrast=\"none\"> el de entidades vecinas<\/span><span data-contrast=\"none\">, <\/span><span data-contrast=\"none\">y esto se debe a que este estado ha tenido una gran migraci\u00f3n interna,<\/span> <span data-contrast=\"none\">ya que el <\/span><span data-contrast=\"none\">auge<\/span><span data-contrast=\"none\"> de sus centros tur\u00edsticos atrajo a personas de muchas ciudades con un alto nivel de escolaridad, lo que repercuti\u00f3 <\/span><span data-contrast=\"none\">positivamente <\/span><span data-contrast=\"none\">en la regi\u00f3n.<\/span><span data-ccp-props=\"{&quot;335559731&quot;:708}\">\u00a0<\/span><\/p>\n<p><span data-contrast=\"none\">Aunque en la actualidad tiene un estigma negativo, l<\/span><span data-contrast=\"none\">a migraci\u00f3n no es mala en <\/span><span data-contrast=\"none\">s\u00ed<\/span><span data-contrast=\"none\"> misma, <\/span><span data-contrast=\"none\">ya que <\/span><span data-contrast=\"none\">la gente responde a incentivos, <\/span><span data-contrast=\"none\">y ya sea que tengan o no <\/span><span data-contrast=\"none\">preparaci\u00f3n <\/span><span data-contrast=\"none\">acad\u00e9mica<\/span><span data-contrast=\"none\">, la<\/span><span data-contrast=\"none\">s personas<\/span> <span data-contrast=\"none\">siempre van a<\/span> <span data-contrast=\"none\">buscar trabajo y seguridad para vivir mejor. Es necesario quitar esa connotaci\u00f3n n<\/span><span data-contrast=\"none\">egativa a la migraci\u00f3n pues \u00e9<\/span><span data-contrast=\"none\">sta sie<\/span><span data-contrast=\"none\">mpre ha existido debido a que los pobladores<\/span><span data-contrast=\"none\"> se mueve<\/span><span data-contrast=\"none\">n<\/span><span data-contrast=\"none\"> a<\/span><span data-contrast=\"none\">donde existe mayor bienestar y estabilidad.<\/span><span data-ccp-props=\"{&quot;335559731&quot;:708}\">\u00a0<\/span><\/p>\n<p><span data-ccp-props=\"{}\">\u00a0<\/span><\/p>\n<p><b><i><span data-contrast=\"none\">M\u00e9xico es un pa\u00eds con un alto porcentaje de empresas y trabajadores que se desenvuelven en la informalidad. \u00bfEs esto un factor que impide el desarrollo del pa\u00eds?<\/span><\/i><\/b><span data-ccp-props=\"{}\">\u00a0<\/span><\/p>\n<p><span data-contrast=\"none\">Gran parte<\/span><span data-contrast=\"none\"> del capital en M\u00e9xico ha sido invertido en empresas informales que no cumplen con las debidas regulaciones para operar, como el estar<\/span><span data-contrast=\"none\"> registradas <\/span><span data-contrast=\"none\">en el Sistema de Administraci\u00f3n Tributaria o dar de alta a sus trabajadores ante el Instit<\/span><span data-contrast=\"none\">uto Mexicano del Seguro Social.<\/span><span data-ccp-props=\"{}\">\u00a0<\/span><\/p>\n<p><span data-contrast=\"none\">Con los peque\u00f1os apoyos o pr\u00e9stamos que el gobierno destina a los emprendedores, las personas crean negocios peque\u00f1os que generalmente tienen una vida muy corta y no generan recursos, lo que ocasiona que el crecimient<\/span><span data-contrast=\"none\">o econ\u00f3mico del pa\u00eds no ocurra.<\/span><span data-ccp-props=\"{&quot;335559731&quot;:708}\">\u00a0<\/span><\/p>\n<p><span data-contrast=\"none\">E<\/span><span data-contrast=\"none\">l gobierno debe fomentar <\/span><span data-contrast=\"none\">la formalidad, pero en lugar de ello <\/span><span data-contrast=\"none\">fomenta <\/span><span data-contrast=\"none\">la informalidad. Es indispensable q<\/span><span data-contrast=\"none\">ue se regularice a las empresas<\/span><span data-contrast=\"none\"> y que los cr\u00e9ditos se otorguen a los negocios formales.<\/span><span data-ccp-props=\"{&quot;335559731&quot;:708}\">\u00a0<\/span><\/p>\n<p><span data-contrast=\"none\">Los pa\u00edses con mayor tasa de negocios informales son los m\u00e1s pobres, ya que obtienen poco de recaudaci\u00f3n de impuestos, recursos que son necesarios para invertir en proyectos de desarrollo, educaci\u00f3n, salud y seguridad.<\/span><span data-ccp-props=\"{&quot;335559731&quot;:708}\">\u00a0<\/span><\/p>\n<p><span data-ccp-props=\"{}\">\u00a0<\/span><\/p>\n<p><b><i><span data-contrast=\"none\">\u00bfQu\u00e9 tan<\/span><\/i><\/b><b><i><span data-contrast=\"none\"> importante es la educaci\u00f3n financiera para que la poblaci\u00f3n vea las ventajas de abandonar la informalidad?<\/span><\/i><\/b><span data-ccp-props=\"{}\">\u00a0<\/span><\/p>\n<p><span data-contrast=\"none\">Que la educaci\u00f3n financiera perme\u00e9 en <\/span><span data-contrast=\"none\">las personas<\/span><span data-contrast=\"none\"> es algo fundamental, <\/span><span data-contrast=\"none\">pero para que esto ocurra se debe dejar claro las ventajas de regularizarse y pagar impuestos, ya que <\/span><span data-contrast=\"none\">la mayor\u00eda de la poblaci\u00f3n<\/span> <span data-contrast=\"none\">prefiere<\/span><span data-contrast=\"none\"> beneficios inmediatos y no a largo plazo.<\/span><span data-ccp-props=\"{}\">\u00a0<\/span><\/p>\n<p><span data-contrast=\"none\">En la actualidad muchas personas que tomaron la decisi\u00f3n de trabajar<\/span><span data-contrast=\"none\"> o emprender bajo la modalidad <\/span><i><span data-contrast=\"none\">freelance<\/span><\/i><span data-contrast=\"none\"> \u2013de forma independiente-<\/span><span data-contrast=\"none\">, y al d\u00eda de hoy lo \u00fanico con lo que cuentan es con su sueldo del mes, carecen de todo tipo de prestaciones sociales para ellos y sus familiares.<\/span><span data-ccp-props=\"{&quot;335559731&quot;:708}\">\u00a0<\/span><\/p>\n<p><span data-contrast=\"none\">No es lo mismo un despido para alguien que cobra por honorarios<\/span><span data-contrast=\"none\">,<\/span><span data-contrast=\"none\"> que para alguien que trabaja bajo un contrato. La informalidad es algo que nos afecta a todos, pero muchas<\/span><span data-contrast=\"none\"> veces nosotros la propiciamos.<\/span><span data-ccp-props=\"{&quot;335559731&quot;:708}\">\u00a0<\/span><\/p>\n<p><span data-ccp-props=\"{}\">\u00a0<\/span><\/p>\n<p><b><i><span data-contrast=\"none\">Con base en las acciones del nuevo gobierno<\/span><\/i><\/b><b><i><span data-contrast=\"none\">,<\/span><\/i><\/b> <b><i><span data-contrast=\"none\">\u00bf<\/span><\/i><\/b><b><i><span data-contrast=\"none\">s<\/span><\/i><\/b><b><i><span data-contrast=\"none\">e puede predecir un f<\/span><\/i><\/b><b><i><span data-contrast=\"none\">uturo a corto<\/span><\/i><\/b><b><i><span data-contrast=\"none\"> y mediano<\/span><\/i><\/b><b><i><span data-contrast=\"none\"> plazo de la econom\u00eda en M\u00e9xico?<\/span><\/i><\/b><span data-ccp-props=\"{}\">\u00a0<\/span><\/p>\n<p><span data-contrast=\"none\">Predecir el futuro<\/span> <span data-contrast=\"none\">econ\u00f3mico del pa\u00eds es muy dif\u00edcil <\/span><span data-contrast=\"none\">pues<\/span><span data-contrast=\"none\"> en ello intervienen m\u00faltiples<\/span><span data-contrast=\"none\"> factores, e<\/span><span data-contrast=\"none\">ntre <\/span><span data-contrast=\"none\">los que<\/span><span data-contrast=\"none\"> se encuentra que el gobierno tome decisiones acertadas que beneficien a la naci\u00f3n. <\/span><span data-contrast=\"none\">En vez de desaparecer todas las instituciones creadas en administraciones anteriores, <\/span><span data-contrast=\"none\">se<\/span><span data-contrast=\"none\"> debe voltear <\/span><span data-contrast=\"none\">a<\/span><span data-contrast=\"none\">l pasado, <\/span><span data-contrast=\"none\">rescatar<\/span> <span data-contrast=\"none\">y fortalecer<\/span> <span data-contrast=\"none\">aquello que se hizo bien.<\/span><span data-ccp-props=\"{}\">\u00a0<\/span><\/p>\n<p><span data-contrast=\"none\">En el pa\u00eds hay instituciones muy importantes que existen en otras naciones y <\/span><span data-contrast=\"none\">funcionan<\/span><span data-contrast=\"none\"> muy bien. <\/span><span data-contrast=\"none\">M\u00e1s<\/span><span data-contrast=\"none\"> que desechar<\/span><span data-contrast=\"none\">,<\/span><span data-contrast=\"none\"> el gobierno debe analizar aquello que ha resultado y<\/span><span data-contrast=\"none\"> por qu\u00e9<\/span><span data-contrast=\"none\"> lo ha hecho.<\/span><span data-ccp-props=\"{&quot;335559731&quot;:708}\">\u00a0<\/span><\/p>\n<p><span data-contrast=\"none\">La cancelaci\u00f3n del a<\/span><span data-contrast=\"none\">eropuerto <\/span><span data-contrast=\"none\">i<\/span><span data-contrast=\"none\">nternacional de la Ciudad M\u00e9xico y de las estancias infantiles es un error muy grave del <\/span><span data-contrast=\"none\">gobierno <\/span><span data-contrast=\"none\">que<\/span><span data-contrast=\"none\">,<\/span><span data-contrast=\"none\"> por otra parte<\/span><span data-contrast=\"none\">,<\/span><span data-contrast=\"none\"> aprob\u00f3 el tren maya, con lo que demuestra que no hay congruencia en sus pol\u00edticas, ya que mientras en unos proyectos las comunidades importan, en otros no.<\/span><span data-ccp-props=\"{}\">\u00a0<\/span><\/p>\n<p><span data-contrast=\"none\">S<\/span><span data-contrast=\"none\">eis a\u00f1os <\/span><span data-contrast=\"none\">es poco tiempo<\/span><span data-contrast=\"none\"> para reinventar un pa\u00eds<\/span><span data-contrast=\"none\"> y este tipo de decisiones<\/span> <span data-contrast=\"none\">apresuradas son peligrosas, ya que ahuyentan a la inversi\u00f3n privada que es funda<\/span><span data-contrast=\"none\">mental para el desarrollo<\/span><span data-contrast=\"none\"> y crecimiento econ\u00f3mico.<\/span><span data-ccp-props=\"{&quot;335559731&quot;:708}\">\u00a0<\/span><\/p>\n","protected":false},"excerpt":{"rendered":"<p>La pobreza se debe a la ausencia de condiciones para salir adelante, se\u00f1al\u00f3 en entrevista la profesora e investigadora del Departamento de Ciencias Sociales de la Universidad Iberoamericana<\/p>\n","protected":false},"author":1508,"featured_media":63748,"comment_status":"closed","ping_status":"closed","sticky":false,"template":"","format":"standard","meta":{"footnotes":""},"categories":[13],"tags":[],"class_list":["post-64245","post","type-post","status-publish","format-standard","has-post-thumbnail","hentry","category-entrevista"],"_links":{"self":[{"href":"https:\/\/www.uv.mx\/prensa\/wp-json\/wp\/v2\/posts\/64245","targetHints":{"allow":["GET"]}}],"collection":[{"href":"https:\/\/www.uv.mx\/prensa\/wp-json\/wp\/v2\/posts"}],"about":[{"href":"https:\/\/www.uv.mx\/prensa\/wp-json\/wp\/v2\/types\/post"}],"author":[{"embeddable":true,"href":"https:\/\/www.uv.mx\/prensa\/wp-json\/wp\/v2\/users\/1508"}],"replies":[{"embeddable":true,"href":"https:\/\/www.uv.mx\/prensa\/wp-json\/wp\/v2\/comments?post=64245"}],"version-history":[{"count":0,"href":"https:\/\/www.uv.mx\/prensa\/wp-json\/wp\/v2\/posts\/64245\/revisions"}],"wp:featuredmedia":[{"embeddable":true,"href":"https:\/\/www.uv.mx\/prensa\/wp-json\/wp\/v2\/media\/63748"}],"wp:attachment":[{"href":"https:\/\/www.uv.mx\/prensa\/wp-json\/wp\/v2\/media?parent=64245"}],"wp:term":[{"taxonomy":"category","embeddable":true,"href":"https:\/\/www.uv.mx\/prensa\/wp-json\/wp\/v2\/categories?post=64245"},{"taxonomy":"post_tag","embeddable":true,"href":"https:\/\/www.uv.mx\/prensa\/wp-json\/wp\/v2\/tags?post=64245"}],"curies":[{"name":"wp","href":"https:\/\/api.w.org\/{rel}","templated":true}]}}