{"id":64185,"date":"2019-03-13T09:00:08","date_gmt":"2019-03-13T15:00:08","guid":{"rendered":"https:\/\/www.uv.mx\/prensa\/?p=64185"},"modified":"2021-11-08T08:41:34","modified_gmt":"2021-11-08T14:41:34","slug":"maria-eugenia-ratcliffe-ganadora-del-premio-sergio-galindo","status":"publish","type":"post","link":"https:\/\/www.uv.mx\/prensa\/banner\/maria-eugenia-ratcliffe-ganadora-del-premio-sergio-galindo\/","title":{"rendered":"Mar\u00eda Eugenia Ratcliffe, ganadora del Premio \u201cSergio Galindo\u201d"},"content":{"rendered":"<ul>\n<li data-leveltext=\"\uf0b7\" data-font=\"Symbol\" data-listid=\"4\" data-aria-posinset=\"1\" data-aria-level=\"1\"><i><span data-contrast=\"auto\">La a<\/span><\/i><i><span data-contrast=\"auto\">rgentina<\/span><\/i><i><span data-contrast=\"auto\"> obtuvo <\/span><\/i><i><span data-contrast=\"auto\">el Premio<\/span><\/i> <i><span data-contrast=\"auto\">Latinoamericano de Primera Novela \u201cSergio Galindo\u201d<\/span><\/i> <i><span data-contrast=\"auto\">2019<\/span><\/i><i><span data-contrast=\"auto\"> por su <\/span><\/i><i><span data-contrast=\"auto\">obra<\/span><\/i> <span data-contrast=\"auto\">Japen<\/span><span data-ccp-props=\"{&quot;134233279&quot;:true,&quot;201341983&quot;:0,&quot;335559739&quot;:200,&quot;335559740&quot;:240}\">\u00a0<\/span><\/li>\n<\/ul>\n<p>&nbsp;<\/p>\n<p><a href=\"https:\/\/www.uv.mx\/prensa\/files\/2019\/03\/130319-Ganadora-premio-Sergio-Galindo.jpg\"><img loading=\"lazy\" decoding=\"async\" class=\"size-full wp-image-64187\" src=\"https:\/\/www.uv.mx\/prensa\/files\/2019\/03\/130319-Ganadora-premio-Sergio-Galindo.jpg\" alt=\"\" width=\"722\" height=\"722\" srcset=\"https:\/\/www.uv.mx\/prensa\/files\/2019\/03\/130319-Ganadora-premio-Sergio-Galindo.jpg 722w, https:\/\/www.uv.mx\/prensa\/files\/2019\/03\/130319-Ganadora-premio-Sergio-Galindo-150x150.jpg 150w, https:\/\/www.uv.mx\/prensa\/files\/2019\/03\/130319-Ganadora-premio-Sergio-Galindo-300x300.jpg 300w\" sizes=\"auto, (max-width: 722px) 100vw, 722px\" \/><\/a><\/p>\n<p>&nbsp;<\/p>\n<p><b><i><span data-contrast=\"auto\">13\/03\/19, Xalapa, Ver.- <\/span><\/i><\/b><span data-contrast=\"auto\">Con la obra <\/span><i><span data-contrast=\"auto\">Japen<\/span><\/i><span data-contrast=\"auto\">, l<\/span><span data-contrast=\"auto\">a escri<\/span><span data-contrast=\"auto\">tora argentina Mar\u00eda Eugenia <\/span><span data-contrast=\"auto\">Rat<\/span><span data-contrast=\"auto\">cliffe<\/span> <span data-contrast=\"auto\">fue designada por el jurado como <\/span><span data-contrast=\"auto\">la ganadora del Premio Latinoamericano de Primera Novela \u201cSergio Galindo\u201d 2019<\/span><span data-contrast=\"auto\">,<\/span><span data-contrast=\"auto\"> convocado por la Universidad Veracruzana a trav\u00e9s de la<a href=\"https:\/\/www.uv.mx\/editorial\/\"> Direcci\u00f3n Editorial<\/a><\/span><span data-contrast=\"auto\">.<\/span><span data-ccp-props=\"{&quot;201341983&quot;:0,&quot;335559739&quot;:200,&quot;335559740&quot;:240}\">\u00a0<\/span><\/p>\n<p><span data-contrast=\"auto\">El jurado conformado por lo<\/span><span data-contrast=\"auto\">s escritores Iris Garc\u00eda, Alejandro<\/span><span data-contrast=\"auto\"> Arteaga y Daniel Ferreira declararon por unanimidad ganadora la novela <\/span><i><span data-contrast=\"auto\">Japen<\/span><\/i><span data-contrast=\"auto\">, presentada con el seud\u00f3nimo \u201cRuge\u201d<\/span><span data-contrast=\"auto\">,<\/span><span data-contrast=\"auto\"> por<\/span> <span data-contrast=\"auto\">ser una narraci\u00f3n de estilo \u00e1gil, construida minuciosamente, que mediante im\u00e1genes que re\u00fanen el tiempo personal y el tiempo hist\u00f3rico refleja la relaci\u00f3n entre el sujeto y las mediaciones interpersonales capitalistas, y cuya entra\u00f1able narradora aborda de forma cr\u00edtica, incluso ir\u00f3nica, la universal crisis de las relaciones humanas en la vida real, y en la hoy elaborada ficci\u00f3n de las redes sociales, y l<\/span><span data-contrast=\"auto\">a relaci\u00f3n con su propio cuerpo<\/span><span data-contrast=\"auto\">.<\/span><span data-ccp-props=\"{&quot;201341983&quot;:0,&quot;335559731&quot;:708,&quot;335559739&quot;:200,&quot;335559740&quot;:240}\">\u00a0<\/span><\/p>\n<p><span data-contrast=\"auto\">\u00c9<\/span><span data-contrast=\"auto\">sta es la tercera ocasi\u00f3n que el Premio Latinoamericano se otorga a una mujer. La primera fue la cubana <\/span><span data-contrast=\"auto\">Yamilet<\/span><span data-contrast=\"auto\"> Garc\u00eda Zamora<\/span><span data-contrast=\"auto\">, quien<\/span><span data-contrast=\"auto\"> en 2008 gan\u00f3 por su novela <\/span><i><span data-contrast=\"auto\">Del otro lado, mi vida<\/span><\/i><span data-contrast=\"auto\">;<\/span> <span data-contrast=\"auto\">l<\/span><span data-contrast=\"auto\">a segunda fue Ave Barrera en 2013 con su obra <\/span><i><span data-contrast=\"auto\">Puertas demasiado peque\u00f1as<\/span><\/i><span data-contrast=\"auto\">, cabe comentar que esta joven escritora reci\u00e9n gan\u00f3 otro premio<\/span><span data-contrast=\"auto\">, <\/span><span data-contrast=\"auto\">Lipp<\/span><span data-contrast=\"auto\"> la <\/span><span data-contrast=\"auto\">Bra<\/span><span data-contrast=\"auto\">sserie<\/span><span data-contrast=\"auto\"> 2018,<\/span><span data-contrast=\"auto\"> por su novela <\/span><i><span data-contrast=\"auto\">Restauraci\u00f3n<\/span><\/i><span data-contrast=\"auto\">.<\/span><span data-ccp-props=\"{&quot;201341983&quot;:0,&quot;335559731&quot;:708,&quot;335559739&quot;:200,&quot;335559740&quot;:240}\">\u00a0<\/span><\/p>\n<p><span data-contrast=\"auto\">Es tambi\u00e9n la tercera vez que un escritor de Argentina gana <\/span><span data-contrast=\"auto\">este<\/span> <span data-contrast=\"auto\">p<\/span><span data-contrast=\"auto\">remio que lleva el nombre del <\/span><span data-contrast=\"auto\">fundador <\/span><span data-contrast=\"auto\">de la Editorial de la UV<\/span><span data-contrast=\"auto\">. En 2012 Javier N\u00fa\u00f1ez se levant\u00f3 con la presea por su novela <\/span><i><span data-contrast=\"auto\">La doble ausencia<\/span><\/i><span data-contrast=\"auto\">, y el a\u00f1o pasado Guillermo <\/span><span data-contrast=\"auto\">Ferreyro<\/span><span data-contrast=\"auto\"> gan\u00f3 por la obra <\/span><i><span data-contrast=\"auto\">La Cloaca<\/span><\/i><span data-contrast=\"auto\">, que presentar\u00e1 en la Feria Internacional del Libro Universitario 2019, a celebrarse del 5 al 14 de abril en el Complejo Deportivo Omega.<\/span><span data-ccp-props=\"{&quot;201341983&quot;:0,&quot;335559731&quot;:708,&quot;335559739&quot;:200,&quot;335559740&quot;:240}\">\u00a0<\/span><\/p>\n<p><span data-contrast=\"auto\">Como ha sucedido en a\u00f1os anteriores, la recepci\u00f3n de propuestas para ganar el Premio Latinoamericano<\/span><span data-contrast=\"auto\"> de Primera Novela fue numerosa,<\/span><span data-contrast=\"auto\"> se recibieron 332 propuestas, de las cuales se registr<\/span><span data-contrast=\"auto\">aron formalmente 197 <\/span><span data-contrast=\"auto\">que cumpl<\/span><span data-contrast=\"auto\">ieron con todos los requisitos.<\/span><span data-ccp-props=\"{&quot;201341983&quot;:0,&quot;335559739&quot;:200,&quot;335559740&quot;:240}\">\u00a0<\/span><\/p>\n<p><span data-contrast=\"auto\">De <\/span><span data-contrast=\"auto\">esas<\/span><span data-contrast=\"auto\"> 197 novelas<\/span><span data-contrast=\"auto\">, 86 procedieron de M\u00e9xico, 42 de Argentina, 28 de Colombia; Cuba y Venezuel<\/span><span data-contrast=\"auto\">a coincidieron con 13<\/span><span data-contrast=\"auto\"> cada uno. De Per\u00fa llegaron tres; mientras que de Chile, Guatemala y<\/span><span data-contrast=\"auto\"> Uruguay llegaron dos<\/span><span data-contrast=\"auto\"> de cada pa\u00eds, y una propuesta de Rep\u00fablica Dominicana, Ecuador, Egipto, El Salvado<\/span><span data-contrast=\"auto\">r, Panam\u00e1 y Paraguay.<\/span><span data-ccp-props=\"{&quot;201341983&quot;:0,&quot;335559739&quot;:200,&quot;335559740&quot;:240}\">\u00a0<\/span><\/p>\n<p><span data-contrast=\"auto\">Mar\u00eda Eugenia <\/span><span data-contrast=\"auto\">Ra<\/span><span data-contrast=\"auto\">t<\/span><span data-contrast=\"auto\">cliffe<\/span><span data-contrast=\"auto\">, de nacionalidad argentina, se gradu\u00f3 en Direcci\u00f3n Cinematogr\u00e1fica en la Universidad del Cine, Argentina. Escribi\u00f3 y dirigi\u00f3 <\/span><i><span data-contrast=\"auto\">De peces Banana y otras muertes<\/span><\/i><span data-contrast=\"auto\"> (S\u00faper 16mm) y <\/span><i><span data-contrast=\"auto\">Luz Mala<\/span><\/i><span data-contrast=\"auto\"> (35mm), seleccionados en competencia oficial en <\/span><span data-contrast=\"auto\">Fresh<\/span><span data-contrast=\"auto\"> Film Festival, Milano Film Festival, La mujer y el ci<\/span><span data-contrast=\"auto\">ne, entre otros.<\/span><span data-ccp-props=\"{&quot;201341983&quot;:0,&quot;335559739&quot;:200,&quot;335559740&quot;:240}\">\u00a0<\/span><\/p>\n<p><span data-contrast=\"auto\">Desde 2011 se desempe\u00f1a como docente de la<\/span><span data-contrast=\"auto\"> materia <\/span><span data-contrast=\"auto\">Gui\u00f3<\/span><span data-contrast=\"auto\">n<\/span><span data-contrast=\"auto\">.<\/span> <span data-contrast=\"auto\">Imparte asesor\u00edas de <\/span><span data-contrast=\"auto\">gui<\/span><span data-contrast=\"auto\">\u00f3<\/span><span data-contrast=\"auto\">n<\/span> <i><span data-contrast=\"auto\">online<\/span><\/i> <span data-contrast=\"auto\">y colabora con publicaciones en el<\/span> <span data-contrast=\"auto\">multimedio VICE. Con su proyecto de largometraje <\/span><i><span data-contrast=\"auto\">La distancia prudente<\/span><\/i><span data-contrast=\"auto\">, fue<\/span> <span data-contrast=\"auto\">seleccionada para participar del laboratorio Nuevas Miradas en Cuba, 2016; y en la<\/span> <span data-contrast=\"auto\">Maestr\u00eda en Escritura Creativa de <\/span><span data-contrast=\"auto\">Gui<\/span><span data-contrast=\"auto\">\u00f3<\/span><span data-contrast=\"auto\">n<\/span><span data-contrast=\"auto\"> Audiovisual de la Escuela Internacional de<\/span> <span data-contrast=\"auto\">Cine y Televisi\u00f3n (EICTV), San Antonio de los Ba\u00f1os, Cuba, de la que se gradu\u00f3 en<\/span> <span data-contrast=\"auto\">2017.<\/span><span data-ccp-props=\"{&quot;201341983&quot;:0,&quot;335559731&quot;:708,&quot;335559739&quot;:200,&quot;335559740&quot;:240}\">\u00a0<\/span><\/p>\n<p><span data-contrast=\"auto\">El Premio Latinoamericano de Primera Novela \u201cSergio Galindo\u201d se entregar\u00e1 durante la inauguraci\u00f3n de la Feria Internacional del Libro Universitario, el viernes 5 de abril a las 17:00 horas en el Foro <\/span><span data-contrast=\"auto\">\u201c<\/span><span data-contrast=\"auto\">Sergio Galindo<\/span><span data-contrast=\"auto\">\u201d<\/span><span data-contrast=\"auto\"> del Complejo Deportivo Omega, en la ciudad de Xalapa, Veracruz.<\/span><span data-ccp-props=\"{&quot;201341983&quot;:0,&quot;335559731&quot;:708,&quot;335559739&quot;:200,&quot;335559740&quot;:240}\">\u00a0<\/span><\/p>\n","protected":false},"excerpt":{"rendered":"<p>Es de nacionalidad argentina, se gradu\u00f3 en Direcci\u00f3n Cinematogr\u00e1fica en la Universidad del Cine de su pa\u00eds y realiz\u00f3 una maestr\u00eda en la Escuela Internacional de Cine y Televisi\u00f3n de San Antonio de los Ba\u00f1os, Cuba<\/p>\n","protected":false},"author":1508,"featured_media":64186,"comment_status":"closed","ping_status":"closed","sticky":false,"template":"","format":"standard","meta":{"footnotes":""},"categories":[5128,61],"tags":[],"class_list":["post-64185","post","type-post","status-publish","format-standard","has-post-thumbnail","hentry","category-filu","category-banner"],"_links":{"self":[{"href":"https:\/\/www.uv.mx\/prensa\/wp-json\/wp\/v2\/posts\/64185","targetHints":{"allow":["GET"]}}],"collection":[{"href":"https:\/\/www.uv.mx\/prensa\/wp-json\/wp\/v2\/posts"}],"about":[{"href":"https:\/\/www.uv.mx\/prensa\/wp-json\/wp\/v2\/types\/post"}],"author":[{"embeddable":true,"href":"https:\/\/www.uv.mx\/prensa\/wp-json\/wp\/v2\/users\/1508"}],"replies":[{"embeddable":true,"href":"https:\/\/www.uv.mx\/prensa\/wp-json\/wp\/v2\/comments?post=64185"}],"version-history":[{"count":1,"href":"https:\/\/www.uv.mx\/prensa\/wp-json\/wp\/v2\/posts\/64185\/revisions"}],"predecessor-version":[{"id":104863,"href":"https:\/\/www.uv.mx\/prensa\/wp-json\/wp\/v2\/posts\/64185\/revisions\/104863"}],"wp:featuredmedia":[{"embeddable":true,"href":"https:\/\/www.uv.mx\/prensa\/wp-json\/wp\/v2\/media\/64186"}],"wp:attachment":[{"href":"https:\/\/www.uv.mx\/prensa\/wp-json\/wp\/v2\/media?parent=64185"}],"wp:term":[{"taxonomy":"category","embeddable":true,"href":"https:\/\/www.uv.mx\/prensa\/wp-json\/wp\/v2\/categories?post=64185"},{"taxonomy":"post_tag","embeddable":true,"href":"https:\/\/www.uv.mx\/prensa\/wp-json\/wp\/v2\/tags?post=64185"}],"curies":[{"name":"wp","href":"https:\/\/api.w.org\/{rel}","templated":true}]}}