{"id":64157,"date":"2019-03-13T09:00:09","date_gmt":"2019-03-13T15:00:09","guid":{"rendered":"https:\/\/www.uv.mx\/prensa\/?p=64157"},"modified":"2019-03-13T12:18:53","modified_gmt":"2019-03-13T18:18:53","slug":"estudiantes-del-cice-realizaron-talleres-en-la-semana-del-cerebro-2019","status":"publish","type":"post","link":"https:\/\/www.uv.mx\/prensa\/ciencia\/estudiantes-del-cice-realizaron-talleres-en-la-semana-del-cerebro-2019\/","title":{"rendered":"Estudiantes del <em>Cice<\/em> realizaron talleres en la Semana del Cerebro 2019"},"content":{"rendered":"<ul>\n<li data-leveltext=\"\uf0b7\" data-font=\"Symbol\" data-listid=\"5\" data-aria-posinset=\"1\" data-aria-level=\"1\"><i><span data-contrast=\"auto\">Mostraron<\/span><\/i><i><span data-contrast=\"auto\"> las funciones del cerebro a p\u00fablico de todas las edades<\/span><\/i><\/li>\n<\/ul>\n<p>&nbsp;<\/p>\n<div id=\"attachment_63954\" style=\"width: 732px\" class=\"wp-caption aligncenter\"><a href=\"https:\/\/www.uv.mx\/prensa\/files\/2019\/03\/110319-CARLOS-Talleres-Semana-Cerebro-1-100k.jpg\"><img loading=\"lazy\" decoding=\"async\" aria-describedby=\"caption-attachment-63954\" class=\"size-full wp-image-63954\" src=\"https:\/\/www.uv.mx\/prensa\/files\/2019\/03\/110319-CARLOS-Talleres-Semana-Cerebro-1-100k.jpg\" alt=\"\" width=\"722\" height=\"482\" srcset=\"https:\/\/www.uv.mx\/prensa\/files\/2019\/03\/110319-CARLOS-Talleres-Semana-Cerebro-1-100k.jpg 722w, https:\/\/www.uv.mx\/prensa\/files\/2019\/03\/110319-CARLOS-Talleres-Semana-Cerebro-1-100k-300x200.jpg 300w\" sizes=\"auto, (max-width: 722px) 100vw, 722px\" \/><\/a><p id=\"caption-attachment-63954\" class=\"wp-caption-text\">Participaron personas de todas las edades<\/p><\/div>\n<p>&nbsp;<\/p>\n<p><b><i><span data-contrast=\"auto\">Carlos Hugo Hermida Rosales<\/span><\/i><\/b><span data-ccp-props=\"{}\">\u00a0<\/span><\/p>\n<p><span data-ccp-props=\"{}\">\u00a0<\/span><b><i><span data-contrast=\"auto\">13\/03\/19, Xalapa, Ver.- <\/span><\/i><\/b><span data-contrast=\"auto\">Estudiantes del Doctorado en Investigaciones Cerebrales del <a href=\"https:\/\/www.uv.mx\/cice\/\">Centro de Investigaciones Cerebrales (<\/a><\/span><i><span data-contrast=\"auto\">Cice<\/span><\/i><span data-contrast=\"auto\">) de la Universidad Veracruzana (UV) realizan una serie de talleres interactivos, con los que dieron a conocer las funciones del cerebro a p\u00fablico de todas las edades.<\/span><span data-ccp-props=\"{}\">\u00a0<\/span><\/p>\n<p><span data-contrast=\"auto\">Los<\/span><span data-contrast=\"auto\"> talleres se llevaron a cabo en el foro abierto de la Facultad de Ciencias Administrativas y Sociales (FCAS), en el marco de la <\/span><span data-contrast=\"auto\">Semana del Cerebro <\/span><span data-contrast=\"auto\">2019,<\/span><span data-contrast=\"auto\"> realizada por el <\/span><i><span data-contrast=\"auto\">Cice<\/span><\/i> <span data-contrast=\"auto\">del 11 al 15 de marzo.<\/span><span data-ccp-props=\"{&quot;335559731&quot;:708}\">\u00a0<\/span><\/p>\n<p><span data-contrast=\"auto\">Pabeli<\/span><span data-contrast=\"auto\"> Sara\u00ed Becerra Romero mont\u00f3 un taller en el que habl\u00f3 del <\/span><i><span data-contrast=\"auto\">neuromarketing<\/span><\/i><span data-contrast=\"auto\">, explic\u00f3 c<\/span><span data-contrast=\"auto\">\u00f3<\/span><span data-contrast=\"auto\">mo las marcas hacen que el p\u00fablico consuma sus productos manipulan<\/span><span data-contrast=\"auto\">do sus<\/span><span data-contrast=\"auto\"> emociones.<\/span><span data-ccp-props=\"{&quot;335559731&quot;:708}\">\u00a0<\/span><\/p>\n<p>&nbsp;<\/p>\n<div id=\"attachment_63975\" style=\"width: 732px\" class=\"wp-caption aligncenter\"><a href=\"https:\/\/www.uv.mx\/prensa\/files\/2019\/03\/110319-CARLOS-Talleres-Semana-Cerebro-3-100k.jpg\"><img loading=\"lazy\" decoding=\"async\" aria-describedby=\"caption-attachment-63975\" class=\"size-full wp-image-63975\" src=\"https:\/\/www.uv.mx\/prensa\/files\/2019\/03\/110319-CARLOS-Talleres-Semana-Cerebro-3-100k.jpg\" alt=\"\" width=\"722\" height=\"482\" srcset=\"https:\/\/www.uv.mx\/prensa\/files\/2019\/03\/110319-CARLOS-Talleres-Semana-Cerebro-3-100k.jpg 722w, https:\/\/www.uv.mx\/prensa\/files\/2019\/03\/110319-CARLOS-Talleres-Semana-Cerebro-3-100k-300x200.jpg 300w\" sizes=\"auto, (max-width: 722px) 100vw, 722px\" \/><\/a><p id=\"caption-attachment-63975\" class=\"wp-caption-text\">Alejandra Llanes Dur\u00e1n<\/p><\/div>\n<p>&nbsp;<\/p>\n<p><span data-contrast=\"auto\">\u201cEl cerebro del consumidor muchas veces responde a emociones que sirven como est\u00ed<\/span><span data-contrast=\"auto\">mulos para adquirir determinadas cosas<\/span><span data-contrast=\"auto\">\u201d, afirm\u00f3.<\/span><span data-ccp-props=\"{&quot;335559731&quot;:708}\">\u00a0<\/span><\/p>\n<p><span data-contrast=\"auto\">Alejandra <\/span><span data-contrast=\"auto\">Llanes<\/span> <span data-contrast=\"auto\">Dur\u00e1n<\/span> <span data-contrast=\"auto\">realiz\u00f3 una din\u00e1mica en la que ejemplific\u00f3 los dos procesos de aprendizaje que tiene el ser humano: por imitaci\u00f3n y por condicionamiento.<\/span><span data-ccp-props=\"{&quot;335559731&quot;:708}\">\u00a0<\/span><\/p>\n<p><span data-contrast=\"auto\">En su taller coloc\u00f3 un tablero de ajedrez y las personas que participaban deb\u00edan colocar las piezas en la misma posici\u00f3n<\/span><span data-contrast=\"auto\"> e<\/span><span data-contrast=\"auto\">n q<\/span><span data-contrast=\"auto\">ue se encontraban, y quienes no<\/span><span data-contrast=\"auto\"> lograban hacerlo recib\u00edan una peque\u00f1a descarga <\/span><span data-contrast=\"auto\">el\u00e9ctrica<\/span><span data-contrast=\"auto\">.<\/span><span data-ccp-props=\"{&quot;335559731&quot;:708}\">\u00a0<\/span><\/p>\n<p>&nbsp;<\/p>\n<div id=\"attachment_63955\" style=\"width: 732px\" class=\"wp-caption aligncenter\"><a href=\"https:\/\/www.uv.mx\/prensa\/files\/2019\/03\/110319-CARLOS-Talleres-Semana-Cerebro-2-100k.jpg\"><img loading=\"lazy\" decoding=\"async\" aria-describedby=\"caption-attachment-63955\" class=\"size-full wp-image-63955\" src=\"https:\/\/www.uv.mx\/prensa\/files\/2019\/03\/110319-CARLOS-Talleres-Semana-Cerebro-2-100k.jpg\" alt=\"\" width=\"722\" height=\"482\" srcset=\"https:\/\/www.uv.mx\/prensa\/files\/2019\/03\/110319-CARLOS-Talleres-Semana-Cerebro-2-100k.jpg 722w, https:\/\/www.uv.mx\/prensa\/files\/2019\/03\/110319-CARLOS-Talleres-Semana-Cerebro-2-100k-300x200.jpg 300w\" sizes=\"auto, (max-width: 722px) 100vw, 722px\" \/><\/a><p id=\"caption-attachment-63955\" class=\"wp-caption-text\">Pabeli Sara\u00ed Becerra Romero<\/p><\/div>\n<p>&nbsp;<\/p>\n<p><span data-contrast=\"auto\">\u201cCo<\/span><span data-contrast=\"auto\">n este ejercicio se demuestra c\u00f3<\/span><span data-contrast=\"auto\">mo el aprendizaje se lleva a cabo de manera conjunta entre los procesos de imitaci\u00f3n y de condicionamiento, y <\/span><span data-contrast=\"auto\">no de manera aislada\u201d, declar\u00f3.<\/span><span data-ccp-props=\"{&quot;335559731&quot;:708}\">\u00a0<\/span><\/p>\n<p><span data-contrast=\"auto\">Sandra Lara Aparicio y \u00c1ngel <\/span><span data-contrast=\"auto\">Laureani<\/span><span data-contrast=\"auto\"> Fierro<\/span><span data-contrast=\"auto\"> montaron un peque\u00f1o taller en el que los ni\u00f1os fabricaban un cerebro de plastilina, jugaban cartas y observaban un gorro de cart\u00f3n que ten\u00eda dibujadas las partes que componen el cerebro.<\/span><span data-ccp-props=\"{&quot;335559731&quot;:708}\">\u00a0<\/span><\/p>\n<p><span data-contrast=\"auto\">Sandra Lara enunci\u00f3 que es fundamental que los peque\u00f1os aprendan desde temprana edad <\/span><span data-contrast=\"auto\">c\u00f3mo<\/span><span data-contrast=\"auto\"> funciona el cerebro, y<\/span><span data-contrast=\"auto\">a que as\u00ed se despierta<\/span><span data-contrast=\"auto\"> su inter\u00e9s por las investigaciones cerebrales.<\/span><span data-ccp-props=\"{&quot;335559731&quot;:708}\">\u00a0<\/span><\/p>\n<p><span data-contrast=\"auto\">\u00c1ngel <\/span><span data-contrast=\"auto\">Laureani<\/span><span data-contrast=\"auto\"> enfatiz\u00f3 que las neurociencias <\/span><span data-contrast=\"auto\">son muy complejas y que es de suma importancia que las personas conozcan c\u00f3mo est\u00e1 conformado el sistema nervioso, y las funciones vitales que s<\/span><span data-contrast=\"auto\">e llevan a cabo por \u00f3rdenes de \u00e9<\/span><span data-contrast=\"auto\">ste.<\/span><span data-ccp-props=\"{&quot;335559731&quot;:708}\">\u00a0<\/span><\/p>\n<p>&nbsp;<\/p>\n<div id=\"attachment_63962\" style=\"width: 732px\" class=\"wp-caption aligncenter\"><a href=\"https:\/\/www.uv.mx\/prensa\/files\/2019\/03\/110319-CARLOS-Talleres-Semana-Cerebro-4-100k.jpg\"><img loading=\"lazy\" decoding=\"async\" aria-describedby=\"caption-attachment-63962\" class=\"size-full wp-image-63962\" src=\"https:\/\/www.uv.mx\/prensa\/files\/2019\/03\/110319-CARLOS-Talleres-Semana-Cerebro-4-100k.jpg\" alt=\"\" width=\"722\" height=\"482\" srcset=\"https:\/\/www.uv.mx\/prensa\/files\/2019\/03\/110319-CARLOS-Talleres-Semana-Cerebro-4-100k.jpg 722w, https:\/\/www.uv.mx\/prensa\/files\/2019\/03\/110319-CARLOS-Talleres-Semana-Cerebro-4-100k-300x200.jpg 300w\" sizes=\"auto, (max-width: 722px) 100vw, 722px\" \/><\/a><p id=\"caption-attachment-63962\" class=\"wp-caption-text\">\u00c1ngel Laureani y Sandra Lara<\/p><\/div>\n","protected":false},"excerpt":{"rendered":"<p>Con este ejercicio se demuestra c\u00f3mo el aprendizaje se lleva a cabo de manera conjunta entre los procesos de imitaci\u00f3n y de condicionamiento, y no de manera aislada\u201d: Alejandra Llanes <\/p>\n","protected":false},"author":1508,"featured_media":63954,"comment_status":"closed","ping_status":"closed","sticky":false,"template":"","format":"standard","meta":{"footnotes":""},"categories":[45],"tags":[],"class_list":["post-64157","post","type-post","status-publish","format-standard","has-post-thumbnail","hentry","category-ciencia"],"_links":{"self":[{"href":"https:\/\/www.uv.mx\/prensa\/wp-json\/wp\/v2\/posts\/64157","targetHints":{"allow":["GET"]}}],"collection":[{"href":"https:\/\/www.uv.mx\/prensa\/wp-json\/wp\/v2\/posts"}],"about":[{"href":"https:\/\/www.uv.mx\/prensa\/wp-json\/wp\/v2\/types\/post"}],"author":[{"embeddable":true,"href":"https:\/\/www.uv.mx\/prensa\/wp-json\/wp\/v2\/users\/1508"}],"replies":[{"embeddable":true,"href":"https:\/\/www.uv.mx\/prensa\/wp-json\/wp\/v2\/comments?post=64157"}],"version-history":[{"count":0,"href":"https:\/\/www.uv.mx\/prensa\/wp-json\/wp\/v2\/posts\/64157\/revisions"}],"wp:featuredmedia":[{"embeddable":true,"href":"https:\/\/www.uv.mx\/prensa\/wp-json\/wp\/v2\/media\/63954"}],"wp:attachment":[{"href":"https:\/\/www.uv.mx\/prensa\/wp-json\/wp\/v2\/media?parent=64157"}],"wp:term":[{"taxonomy":"category","embeddable":true,"href":"https:\/\/www.uv.mx\/prensa\/wp-json\/wp\/v2\/categories?post=64157"},{"taxonomy":"post_tag","embeddable":true,"href":"https:\/\/www.uv.mx\/prensa\/wp-json\/wp\/v2\/tags?post=64157"}],"curies":[{"name":"wp","href":"https:\/\/api.w.org\/{rel}","templated":true}]}}