{"id":64151,"date":"2019-03-13T09:00:13","date_gmt":"2019-03-13T15:00:13","guid":{"rendered":"https:\/\/www.uv.mx\/prensa\/?p=64151"},"modified":"2019-03-13T12:17:14","modified_gmt":"2019-03-13T18:17:14","slug":"destacar-en-la-artes-exige-disciplina-universitarias","status":"publish","type":"post","link":"https:\/\/www.uv.mx\/prensa\/cultura\/destacar-en-la-artes-exige-disciplina-universitarias\/","title":{"rendered":"Destacar en las artes exige disciplina: universitarias"},"content":{"rendered":"<ul>\n<li data-leveltext=\"\uf0b7\" data-font=\"Symbol\" data-listid=\"5\" data-aria-posinset=\"1\" data-aria-level=\"1\"><i><span data-contrast=\"auto\">Miriam <\/span><\/i><i><span data-contrast=\"auto\">Ch\u00e1zaro<\/span><\/i><i><span data-contrast=\"auto\">, \u00c1ngeles Luna y <\/span><\/i><i><span data-contrast=\"auto\">Agnieszka<\/span><\/i> <i><span data-contrast=\"auto\">Maklakiewicz<\/span><\/i><i><span data-contrast=\"auto\"> coincidieron <\/span><\/i><i><span data-contrast=\"auto\">en <\/span><\/i><i><span data-contrast=\"auto\">que<\/span><\/i><i><span data-contrast=\"auto\"> la disciplina ha sido un factor clave <\/span><\/i><i><span data-contrast=\"auto\">en<\/span><\/i><i><span data-contrast=\"auto\"> sus trayectorias<\/span><\/i><i><span data-contrast=\"auto\"> art\u00edsticas<\/span><\/i><span data-ccp-props=\"{}\">\u00a0<\/span><span data-ccp-props=\"{}\"><br \/>\n<\/span><\/li>\n<\/ul>\n<p>&nbsp;<\/p>\n<div id=\"attachment_64050\" style=\"width: 732px\" class=\"wp-caption aligncenter\"><a href=\"https:\/\/www.uv.mx\/prensa\/files\/2019\/03\/110319-Ellas-en-la-Cultura-1.jpg\"><img aria-describedby=\"caption-attachment-64050\" decoding=\"async\" loading=\"lazy\" class=\"size-full wp-image-64050\" src=\"https:\/\/www.uv.mx\/prensa\/files\/2019\/03\/110319-Ellas-en-la-Cultura-1.jpg\" alt=\"\" width=\"722\" height=\"478\" srcset=\"https:\/\/www.uv.mx\/prensa\/files\/2019\/03\/110319-Ellas-en-la-Cultura-1.jpg 722w, https:\/\/www.uv.mx\/prensa\/files\/2019\/03\/110319-Ellas-en-la-Cultura-1-300x199.jpg 300w\" sizes=\"(max-width: 722px) 100vw, 722px\" \/><\/a><p id=\"caption-attachment-64050\" class=\"wp-caption-text\">Las artistas destacaron el papel de la UV dentro de su formaci\u00f3n<\/p><\/div>\n<p>&nbsp;<\/p>\n<p><b><i><span data-contrast=\"auto\">Carlos Hugo Hermida Rosales<\/span><\/i><\/b><span data-ccp-props=\"{}\">\u00a0<\/span><\/p>\n<p><b><i><span data-contrast=\"auto\">13\/03\/19, Xalapa, Ver.- <\/span><\/i><\/b><span data-contrast=\"auto\">Miriam Ch\u00e1zaro, <\/span><span data-contrast=\"auto\">\u00c1ngeles Luna<\/span><span data-contrast=\"auto\"> y <\/span><span data-contrast=\"auto\">Agnieszka<\/span> <span data-contrast=\"auto\">Maklakiewicz<\/span><span data-contrast=\"auto\">, actriz, bailarina y m\u00fasica, respectivamente, adscritas a la Universidad Veracruzana (UV), coincidieron en q<\/span><span data-contrast=\"auto\">ue dedicar<\/span><span data-contrast=\"auto\"> su vida al arte <\/span><span data-contrast=\"auto\">es<\/span><span data-contrast=\"auto\"> una gran satisfacci\u00f3n<\/span><span data-contrast=\"auto\">.<\/span><span data-ccp-props=\"{&quot;335551550&quot;:1,&quot;335551620&quot;:1,&quot;335559740&quot;:259}\">\u00a0<\/span><\/p>\n<p><span data-contrast=\"auto\">Las universitarias participaron <\/span><span data-contrast=\"auto\">en el conversatorio \u201cEllas en la cultura, mujeres que la rompieron en el arte\u201d,<\/span> <span data-contrast=\"auto\">realizado el 8 de marzo en el Casino Xalape\u00f1o por la <a href=\"https:\/\/www.uv.mx\/secretaria-desarrolloinstitucional\/\">Secretar\u00eda de Desarrollo Institucional<\/a> y la <a href=\"https:\/\/www.uv.mx\/difusioncultural\/\">Direcci\u00f3n General de Difusi\u00f3n Cultural<\/a> de la UV<\/span><span data-contrast=\"auto\">; <\/span><span data-contrast=\"auto\">la moderaci\u00f3n corri\u00f3 a cargo de Dunia Salas Rivera, de la <a href=\"https:\/\/www.uv.mx\/comunicacionuv\/\">Direcci\u00f3n General de Comunicaci\u00f3n Universitaria.<\/a><\/span><span data-ccp-props=\"{&quot;335551550&quot;:1,&quot;335551620&quot;:1,&quot;335559731&quot;:708,&quot;335559740&quot;:259}\">\u00a0<\/span><\/p>\n<p><span data-contrast=\"auto\">Miriam <\/span><span data-contrast=\"auto\">Ch\u00e1zaro<\/span><span data-contrast=\"auto\">, actriz de la <\/span><span data-contrast=\"auto\">Organizaci\u00f3n Teatral de <\/span><span data-contrast=\"auto\">esta casa de estudios<\/span><span data-contrast=\"auto\"> (<\/span><i><span data-contrast=\"auto\">Orteuv<\/span><\/i><span data-contrast=\"auto\">)<\/span><span data-contrast=\"auto\">, comparti\u00f3 que es egresada de la primera generaci\u00f3n de la <\/span><span data-contrast=\"auto\">Facultad de T<\/span><span data-contrast=\"auto\">eatro, entidad acad\u00e9mica que desde ese entonces era una plataforma de formaci\u00f3n muy importante a nivel nacional.<\/span><span data-ccp-props=\"{&quot;335559731&quot;:708}\">\u00a0<\/span><\/p>\n<p><span data-contrast=\"auto\">\u201cDurante mi<\/span><span data-contrast=\"auto\">s<\/span><span data-contrast=\"auto\"> a\u00f1os de estudiante universitaria pr\u00e1cticamente viv\u00ed en la escuela, <\/span><span data-contrast=\"auto\">all\u00ed<\/span><span data-contrast=\"auto\"> descubr\u00ed el significado de estar y crear en un escenario\u201d, declar\u00f3.<\/span><span data-ccp-props=\"{&quot;335559731&quot;:708}\">\u00a0<\/span><\/p>\n<p><span data-contrast=\"auto\">La profesional del teatro enfatiz\u00f3 que si algo la ha sostenido durante todos estos a\u00f1os, ha sido la disciplina, la tenacidad y la pasi\u00f3n que ha puesto en su trayectoria, herramientas sin las qu<\/span><span data-contrast=\"auto\">e no hubiera podido sobresalir.<\/span><span data-ccp-props=\"{&quot;335559731&quot;:708}\">\u00a0<\/span><\/p>\n<p><span data-contrast=\"auto\">\u201cComo actriz no he buscado ganar fama con mi trabajo, sino el reconocimiento de mis compa\u00f1eros\u201d, expres\u00f3.<\/span><span data-ccp-props=\"{&quot;335559731&quot;:708}\">\u00a0<\/span><\/p>\n<p><span data-contrast=\"auto\">\u00c1ngeles <\/span><span data-contrast=\"auto\">Luna, asistente de direcci\u00f3n del Ballet Folkl\u00f3rico,<\/span> <span data-contrast=\"auto\">relat\u00f3 que creci\u00f3 en Tlacotalpan en una familia de bailadore<\/span><span data-contrast=\"auto\">s,<\/span><span data-contrast=\"auto\"> en medio de un ambiente de fandango, en donde aprend<\/span><span data-contrast=\"auto\">i\u00f3 a bailar de manera aut\u00f3noma.<\/span><span data-ccp-props=\"{&quot;335559731&quot;:708}\">\u00a0<\/span><\/p>\n<p><span data-contrast=\"auto\">Mencion\u00f3 que al llegar a la <\/span><span data-contrast=\"auto\">F<\/span><span data-contrast=\"auto\">acultad de Danza <\/span><span data-contrast=\"auto\">debi\u00f3 adquirir una gran<\/span><span data-contrast=\"auto\"> disciplina para convertirse en bailarina, lo que fue una ex<\/span><span data-contrast=\"auto\">periencia muy fuerte para ella.<\/span><span data-ccp-props=\"{&quot;335559731&quot;:708}\">\u00a0<\/span><\/p>\n<p><span data-contrast=\"auto\">\u201cNo obstante la f\u00e9rrea disciplina que conlleva ser<\/span> <span data-contrast=\"auto\">una bailarina <\/span><span data-contrast=\"auto\">profesional,<\/span><span data-contrast=\"auto\"> esto<\/span> <span data-contrast=\"auto\">nunca ha sido un sacrificio para m\u00ed, ya que el ballet es mi vida y dedicarme a <\/span><span data-contrast=\"auto\">ello <\/span><span data-contrast=\"auto\">es un gran placer\u201d, expres\u00f3.<\/span><span data-ccp-props=\"{&quot;335559731&quot;:708}\">\u00a0<\/span><\/p>\n<p><span data-contrast=\"auto\">Agnieszka<\/span> <span data-contrast=\"auto\">Maklaki<\/span><span data-contrast=\"auto\">ewicz<\/span><span data-contrast=\"auto\">, violinista del Tr\u00edo Chopi<\/span><span data-contrast=\"auto\">n y docente de la Facultad de M\u00fasica, <\/span><span data-contrast=\"auto\">coment\u00f3 que proviene de una familia de m\u00fasicos polacos, quienes le ense\u00f1aron la responsabilidad que <\/span><span data-contrast=\"auto\">conlleva dedicarse a la m\u00fasica.<\/span><span data-ccp-props=\"{&quot;335559731&quot;:708}\">\u00a0<\/span><\/p>\n<p><span data-contrast=\"auto\">Afirm\u00f3 que gran parte de su carrera profesional se la debe a la UV, y gracias a esta casa de estudios pudo desarrollarse como violinista e interpret<\/span><span data-contrast=\"auto\">ar la m\u00fasica de c\u00e1mara que ama.<\/span><span data-ccp-props=\"{&quot;335559731&quot;:708}\">\u00a0<\/span><\/p>\n<p><span data-contrast=\"auto\">Declar\u00f3 que su pr<\/span><span data-contrast=\"auto\">ofesi\u00f3n le ha permitido conocer ciudades y pa\u00edses<\/span><span data-contrast=\"auto\">, trabajar con <\/span><span data-contrast=\"auto\">muchos <\/span><span data-contrast=\"auto\">m\u00fasicos<\/span> <span data-contrast=\"auto\">virtuosos, <\/span><span data-contrast=\"auto\">y le ha brindado <\/span><span data-contrast=\"auto\">grandes <\/span><span data-contrast=\"auto\">alegr\u00edas y satisfacciones como<\/span><span data-contrast=\"auto\"> el<\/span><span data-contrast=\"auto\"> ver a sus alumnos triunfar.<\/span><span data-ccp-props=\"{&quot;335559731&quot;:708}\">\u00a0<\/span><\/p>\n<p><span data-contrast=\"auto\">\u201cMientras pueda mantener el viol\u00edn en mis manos, continuar\u00e9 con mi preparaci\u00f3n y con la ejecuci\u00f3n de melod\u00edas, ya que es algo que me encanta hacer\u201d, enunci\u00f3.<\/span><span data-ccp-props=\"{&quot;335559731&quot;:708}\">\u00a0<\/span><\/p>\n<p>&nbsp;<\/p>\n<div id=\"attachment_64049\" style=\"width: 732px\" class=\"wp-caption aligncenter\"><a href=\"https:\/\/www.uv.mx\/prensa\/files\/2019\/03\/110319-Ellas-en-la-Cultura-2.jpg\"><img aria-describedby=\"caption-attachment-64049\" decoding=\"async\" loading=\"lazy\" class=\"size-full wp-image-64049\" src=\"https:\/\/www.uv.mx\/prensa\/files\/2019\/03\/110319-Ellas-en-la-Cultura-2.jpg\" alt=\"\" width=\"722\" height=\"478\" srcset=\"https:\/\/www.uv.mx\/prensa\/files\/2019\/03\/110319-Ellas-en-la-Cultura-2.jpg 722w, https:\/\/www.uv.mx\/prensa\/files\/2019\/03\/110319-Ellas-en-la-Cultura-2-300x199.jpg 300w\" sizes=\"(max-width: 722px) 100vw, 722px\" \/><\/a><p id=\"caption-attachment-64049\" class=\"wp-caption-text\">El evento se realiz\u00f3 en el Casino Xalape\u00f1o<\/p><\/div>\n","protected":false},"excerpt":{"rendered":"<p>Miriam Ch\u00e1zaro, \u00c1ngeles Luna y Agnieszka Maklakiewicz coincidieron en que la disciplina ha sido un factor clave en sus trayectorias art\u00edsticas\u00a0<\/p>\n","protected":false},"author":1508,"featured_media":64050,"comment_status":"closed","ping_status":"closed","sticky":false,"template":"","format":"standard","meta":[],"categories":[11],"tags":[],"_links":{"self":[{"href":"https:\/\/www.uv.mx\/prensa\/wp-json\/wp\/v2\/posts\/64151"}],"collection":[{"href":"https:\/\/www.uv.mx\/prensa\/wp-json\/wp\/v2\/posts"}],"about":[{"href":"https:\/\/www.uv.mx\/prensa\/wp-json\/wp\/v2\/types\/post"}],"author":[{"embeddable":true,"href":"https:\/\/www.uv.mx\/prensa\/wp-json\/wp\/v2\/users\/1508"}],"replies":[{"embeddable":true,"href":"https:\/\/www.uv.mx\/prensa\/wp-json\/wp\/v2\/comments?post=64151"}],"version-history":[{"count":0,"href":"https:\/\/www.uv.mx\/prensa\/wp-json\/wp\/v2\/posts\/64151\/revisions"}],"wp:featuredmedia":[{"embeddable":true,"href":"https:\/\/www.uv.mx\/prensa\/wp-json\/wp\/v2\/media\/64050"}],"wp:attachment":[{"href":"https:\/\/www.uv.mx\/prensa\/wp-json\/wp\/v2\/media?parent=64151"}],"wp:term":[{"taxonomy":"category","embeddable":true,"href":"https:\/\/www.uv.mx\/prensa\/wp-json\/wp\/v2\/categories?post=64151"},{"taxonomy":"post_tag","embeddable":true,"href":"https:\/\/www.uv.mx\/prensa\/wp-json\/wp\/v2\/tags?post=64151"}],"curies":[{"name":"wp","href":"https:\/\/api.w.org\/{rel}","templated":true}]}}