{"id":64128,"date":"2019-03-12T17:04:20","date_gmt":"2019-03-12T23:04:20","guid":{"rendered":"https:\/\/www.uv.mx\/prensa\/?p=64128"},"modified":"2019-03-12T17:04:48","modified_gmt":"2019-03-12T23:04:48","slug":"fundacion-uv-actualizo-reglamento-del-campus-cad","status":"publish","type":"post","link":"https:\/\/www.uv.mx\/prensa\/general\/fundacion-uv-actualizo-reglamento-del-campus-cad\/","title":{"rendered":"Fundaci\u00f3n UV actualiz\u00f3 reglamento del Campus CAD"},"content":{"rendered":"<ul>\n<li data-leveltext=\"\uf0b7\" data-font=\"Symbol\" data-listid=\"1\" data-aria-posinset=\"1\" data-aria-level=\"1\"><i><span data-contrast=\"auto\">Piden <\/span><\/i><i><span data-contrast=\"auto\">a los usuarios mayor colaboraci\u00f3n<\/span><\/i><i><span data-contrast=\"auto\">, con la finalidad de brindarles una mejor atenci\u00f3n y fortalecer la seguridad<\/span><\/i><span data-ccp-props=\"{&quot;201341983&quot;:0,&quot;335559739&quot;:0,&quot;335559740&quot;:240}\">\u00a0<\/span><\/li>\n<li data-leveltext=\"\uf0b7\" data-font=\"Symbol\" data-listid=\"1\" data-aria-posinset=\"2\" data-aria-level=\"1\"><i><span data-contrast=\"auto\">E<\/span><\/i><i><span data-contrast=\"auto\">l ingreso al CCAD es de lunes a viernes de 6:00 a 18:00 horas, y los s\u00e1bados y domingos de 6:00 a 15:00 horas, exceptuando d\u00edas festivos y actividades especiales<\/span><\/i><span data-ccp-props=\"{&quot;201341983&quot;:0,&quot;335559739&quot;:0,&quot;335559740&quot;:240}\">\u00a0<\/span><\/li>\n<\/ul>\n<p>&nbsp;<\/p>\n<div id=\"attachment_64104\" style=\"width: 732px\" class=\"wp-caption aligncenter\"><a href=\"https:\/\/www.uv.mx\/prensa\/files\/2019\/03\/120319-FUNDACION-1-100k.jpg\"><img loading=\"lazy\" decoding=\"async\" aria-describedby=\"caption-attachment-64104\" class=\"size-full wp-image-64104\" src=\"https:\/\/www.uv.mx\/prensa\/files\/2019\/03\/120319-FUNDACION-1-100k.jpg\" alt=\"\" width=\"722\" height=\"482\" srcset=\"https:\/\/www.uv.mx\/prensa\/files\/2019\/03\/120319-FUNDACION-1-100k.jpg 722w, https:\/\/www.uv.mx\/prensa\/files\/2019\/03\/120319-FUNDACION-1-100k-300x200.jpg 300w\" sizes=\"auto, (max-width: 722px) 100vw, 722px\" \/><\/a><p id=\"caption-attachment-64104\" class=\"wp-caption-text\">Mauricio Garc\u00eda, Facundo Pacheco y Carlos Castillo, en la conferencia de prensa<\/p><\/div>\n<p>&nbsp;<\/p>\n<p><b><i><span data-contrast=\"auto\">Santiago Morales Ortiz<\/span><\/i><\/b><span data-ccp-props=\"{&quot;201341983&quot;:0,&quot;335559739&quot;:0,&quot;335559740&quot;:240}\">\u00a0<\/span><\/p>\n<p><b><i><span data-contrast=\"auto\">12\/03\/<\/span><\/i><\/b><b><i><span data-contrast=\"auto\">1<\/span><\/i><\/b><b><i><span data-contrast=\"auto\">9, <\/span><\/i><\/b><b><i><span data-contrast=\"auto\">Xalapa<\/span><\/i><\/b><b><i><span data-contrast=\"auto\">, Ver.-<\/span><\/i><\/b> <span data-contrast=\"auto\">Con el objetivo de salvaguardar la integridad de los usuarios y ordenar el uso de los espacios deportivos, la Fundaci\u00f3n de la Universidad Veracruzana<\/span><span data-contrast=\"auto\"> (UV),<\/span> <span data-contrast=\"auto\">a<\/span><span data-contrast=\"auto\">sociaci\u00f3n <\/span><span data-contrast=\"auto\">c<\/span><span data-contrast=\"auto\">ivil, busca mejorar la atenci\u00f3n<\/span> <span data-contrast=\"auto\">en el Campus para la Cultura, las Artes y el Deporte (<\/span><span data-contrast=\"auto\">C<\/span><span data-contrast=\"auto\">CAD).<\/span><span data-ccp-props=\"{&quot;201341983&quot;:0,&quot;335559739&quot;:0,&quot;335559740&quot;:240}\">\u00a0<\/span><\/p>\n<p><span data-contrast=\"auto\">As\u00ed se expuso en conferencia de prensa presidida por Facundo Pacheco Rojas y <\/span><span data-contrast=\"auto\">Mauricio Garc\u00eda Vel\u00e1<\/span><span data-contrast=\"auto\">z<\/span><span data-contrast=\"auto\">quez, <\/span><span data-contrast=\"auto\">director general <\/span><span data-contrast=\"auto\">y <\/span><span data-contrast=\"auto\">director de Desarrollo Institucional de la <\/span><span data-contrast=\"auto\">Fundaci\u00f3n <\/span><span data-contrast=\"auto\">UV<\/span><span data-contrast=\"auto\">, respectivamente, as\u00ed como <\/span><span data-contrast=\"auto\">Carlos Castillo Salas, <\/span><span data-contrast=\"auto\">gerente del C<\/span><span data-contrast=\"auto\">CAD<\/span><span data-contrast=\"auto\">.<\/span><span data-ccp-props=\"{&quot;201341983&quot;:0,&quot;335559731&quot;:708,&quot;335559739&quot;:0,&quot;335559740&quot;:240}\">\u00a0<\/span><\/p>\n<p><span data-contrast=\"auto\">Se indic\u00f3 que debido a la numerosa presencia de atletas en las instalaciones<\/span> <span data-contrast=\"auto\">se han establecido lineamientos para brindar mayor seguridad, con reglamentos en horarios y el pago de cuotas establecidas.<\/span><span data-ccp-props=\"{&quot;201341983&quot;:0,&quot;335559731&quot;:708,&quot;335559739&quot;:0,&quot;335559740&quot;:240}\">\u00a0<\/span><\/p>\n<p><span data-contrast=\"auto\">Se record\u00f3 <\/span><span data-contrast=\"auto\">que el ingreso al CCAD<\/span><span data-contrast=\"auto\"> es de lunes a viernes<\/span><span data-contrast=\"auto\"> de 6:00 a 18:00<\/span><span data-contrast=\"auto\"> horas<\/span><span data-contrast=\"auto\">, <\/span><span data-contrast=\"auto\">y los<\/span><span data-contrast=\"auto\"> s\u00e1bados y domingos de 6:00 a 15:00 horas, exceptuando d\u00edas festivos y actividades especiales, <\/span><span data-contrast=\"auto\">considerando que al no contar con iluminaci\u00f3n artificial en todas las \u00e1reas, es necesario aprovechar al m\u00e1ximo la luz natural<\/span><span data-contrast=\"auto\">.<\/span><span data-ccp-props=\"{&quot;201341983&quot;:0,&quot;335559731&quot;:708,&quot;335559739&quot;:0,&quot;335559740&quot;:240}\">\u00a0<\/span><\/p>\n<p><span data-contrast=\"auto\">A<\/span><span data-contrast=\"auto\">bund<\/span><span data-contrast=\"auto\">aron<\/span><span data-contrast=\"auto\"> en la necesidad de reordenar a los corredores que utilizan las instalaciones, <\/span><span data-contrast=\"auto\">con <\/span><span data-contrast=\"auto\">servicios de entrenamiento mediante un cobro<\/span><span data-contrast=\"auto\">, para lo cual se realizar\u00e1 un registro de grupos y sus integrantes, a los que se solicitar\u00e1 <\/span><span data-contrast=\"auto\">una cuota de recuperaci\u00f3n de 400 pesos mensuales, no importando el n\u00famero de personas que lo integren.<\/span><span data-ccp-props=\"{&quot;201341983&quot;:0,&quot;335559731&quot;:708,&quot;335559739&quot;:0,&quot;335559740&quot;:240}\">\u00a0<\/span><\/p>\n<p><span data-contrast=\"auto\">En cuanto al mantenimiento del CCAD, se especific\u00f3 el esfuerzo de la Universidad y la Fundaci\u00f3n para realizar mejoras<\/span><span data-contrast=\"auto\"> en la<\/span><span data-contrast=\"auto\">s<\/span><span data-contrast=\"auto\"> cancha<\/span><span data-contrast=\"auto\">s<\/span><span data-contrast=\"auto\"> de voleibol playero<\/span><span data-contrast=\"auto\"> y de<\/span><span data-contrast=\"auto\"> futbol r\u00e1pido; el empastado en las canchas de futbol infantil, mixta uno y dos, as\u00ed como el pintado en las <\/span><span data-contrast=\"auto\">c<\/span><span data-contrast=\"auto\">a<\/span><span data-contrast=\"auto\">nchas <\/span><span data-contrast=\"auto\">exteriores de baloncesto<\/span><span data-contrast=\"auto\"> y voleibol<\/span><span data-contrast=\"auto\">, <\/span><span data-contrast=\"auto\">adem\u00e1s del<\/span><span data-contrast=\"auto\"> cambio de inodoros<\/span><span data-contrast=\"auto\">.<\/span><span data-ccp-props=\"{&quot;201341983&quot;:0,&quot;335559731&quot;:708,&quot;335559739&quot;:0,&quot;335559740&quot;:240}\">\u00a0<\/span><\/p>\n<p><span data-contrast=\"auto\">Finalmente se invit\u00f3 a la sociedad civil a seguir disfrutando de los espacios y actividades en el <\/span><span data-contrast=\"auto\">C<\/span><span data-contrast=\"auto\">CAD siguiendo los reglamentos se\u00f1alados.<\/span><span data-ccp-props=\"{&quot;201341983&quot;:0,&quot;335559731&quot;:708,&quot;335559739&quot;:0,&quot;335559740&quot;:240}\">\u00a0<\/span><\/p>\n","protected":false},"excerpt":{"rendered":"<p>El ingreso al Campus para la Cultura, las Artes y el Deporte es de lunes a viernes de 6:00 a 18:00 horas, y los s\u00e1bados y domingos de 6:00 a 15:00 horas, exceptuando d\u00edas festivos y actividades especiales<\/p>\n","protected":false},"author":1508,"featured_media":64104,"comment_status":"closed","ping_status":"closed","sticky":false,"template":"","format":"standard","meta":{"footnotes":""},"categories":[1],"tags":[],"class_list":["post-64128","post","type-post","status-publish","format-standard","has-post-thumbnail","hentry","category-general"],"_links":{"self":[{"href":"https:\/\/www.uv.mx\/prensa\/wp-json\/wp\/v2\/posts\/64128","targetHints":{"allow":["GET"]}}],"collection":[{"href":"https:\/\/www.uv.mx\/prensa\/wp-json\/wp\/v2\/posts"}],"about":[{"href":"https:\/\/www.uv.mx\/prensa\/wp-json\/wp\/v2\/types\/post"}],"author":[{"embeddable":true,"href":"https:\/\/www.uv.mx\/prensa\/wp-json\/wp\/v2\/users\/1508"}],"replies":[{"embeddable":true,"href":"https:\/\/www.uv.mx\/prensa\/wp-json\/wp\/v2\/comments?post=64128"}],"version-history":[{"count":0,"href":"https:\/\/www.uv.mx\/prensa\/wp-json\/wp\/v2\/posts\/64128\/revisions"}],"wp:featuredmedia":[{"embeddable":true,"href":"https:\/\/www.uv.mx\/prensa\/wp-json\/wp\/v2\/media\/64104"}],"wp:attachment":[{"href":"https:\/\/www.uv.mx\/prensa\/wp-json\/wp\/v2\/media?parent=64128"}],"wp:term":[{"taxonomy":"category","embeddable":true,"href":"https:\/\/www.uv.mx\/prensa\/wp-json\/wp\/v2\/categories?post=64128"},{"taxonomy":"post_tag","embeddable":true,"href":"https:\/\/www.uv.mx\/prensa\/wp-json\/wp\/v2\/tags?post=64128"}],"curies":[{"name":"wp","href":"https:\/\/api.w.org\/{rel}","templated":true}]}}