{"id":64071,"date":"2019-03-11T20:25:32","date_gmt":"2019-03-12T02:25:32","guid":{"rendered":"https:\/\/www.uv.mx\/prensa\/?p=64071"},"modified":"2019-03-12T11:58:44","modified_gmt":"2019-03-12T17:58:44","slug":"semana-mundial-del-cerebro-muestra-avances-cientificos","status":"publish","type":"post","link":"https:\/\/www.uv.mx\/prensa\/ciencia\/semana-mundial-del-cerebro-muestra-avances-cientificos\/","title":{"rendered":"Semana Mundial del Cerebro muestra avances cient\u00edficos"},"content":{"rendered":"<ul>\n<li data-leveltext=\"\uf0b7\" data-font=\"Symbol\" data-listid=\"2\" data-aria-posinset=\"1\" data-aria-level=\"1\"><i><span data-contrast=\"auto\">Del 11 al 15 de mar<\/span><\/i><i><span data-contrast=\"auto\">zo<\/span><\/i><i><span data-contrast=\"auto\">,<\/span><\/i><i><span data-contrast=\"auto\"> en la FCAS <\/span><\/i><i><span data-contrast=\"auto\">tienen <\/span><\/i><i><span data-contrast=\"auto\">lugar<\/span><\/i><i><span data-contrast=\"auto\"> t<\/span><\/i><i><span data-contrast=\"auto\">alleres l\u00fadicos, conversatorios y muestra de carteles<\/span><\/i><span data-ccp-props=\"{&quot;201341983&quot;:0,&quot;335559739&quot;:0,&quot;335559740&quot;:240}\">\u00a0<\/span><\/li>\n<\/ul>\n<p>&nbsp;<\/p>\n<div id=\"attachment_63968\" style=\"width: 732px\" class=\"wp-caption aligncenter\"><a href=\"https:\/\/www.uv.mx\/prensa\/files\/2019\/03\/110319-Semana-mundial-del-cerebro-1.jpg\"><img aria-describedby=\"caption-attachment-63968\" decoding=\"async\" loading=\"lazy\" class=\"wp-image-63968 size-full\" src=\"https:\/\/www.uv.mx\/prensa\/files\/2019\/03\/110319-Semana-mundial-del-cerebro-1.jpg\" alt=\"\" width=\"722\" height=\"482\" srcset=\"https:\/\/www.uv.mx\/prensa\/files\/2019\/03\/110319-Semana-mundial-del-cerebro-1.jpg 722w, https:\/\/www.uv.mx\/prensa\/files\/2019\/03\/110319-Semana-mundial-del-cerebro-1-300x200.jpg 300w\" sizes=\"(max-width: 722px) 100vw, 722px\" \/><\/a><p id=\"caption-attachment-63968\" class=\"wp-caption-text\">Asistentes a la Semana Mundial del Cerebro<\/p><\/div>\n<p>&nbsp;<\/p>\n<p><b><i><span data-contrast=\"auto\">Jos\u00e9 Luis <\/span><\/i><\/b><b><i><span data-contrast=\"auto\">Couttolenc<\/span><\/i><\/b><b><i><span data-contrast=\"auto\"> Soto<\/span><\/i><\/b><span data-ccp-props=\"{&quot;201341983&quot;:0,&quot;335559739&quot;:0,&quot;335559740&quot;:240}\">\u00a0<\/span><\/p>\n<p><b><i><span data-contrast=\"auto\">1<\/span><\/i><\/b><b><i><span data-contrast=\"auto\">1<\/span><\/i><\/b><b><i><span data-contrast=\"auto\">\/0<\/span><\/i><\/b><b><i><span data-contrast=\"auto\">3<\/span><\/i><\/b><b><i><span data-contrast=\"auto\">\/19<\/span><\/i><\/b><b><i><span data-contrast=\"auto\">, Xalapa, Ver.-<\/span><\/i><\/b> <span data-contrast=\"auto\">E<\/span><span data-contrast=\"auto\">l Centro de Investigaciones Cerebrales (<\/span><i><span data-contrast=\"auto\">Cice<\/span><\/i><span data-contrast=\"auto\">) de <\/span><span data-contrast=\"auto\">la Universidad Veracruzana (UV)<\/span> <span data-contrast=\"auto\">realiza del 11 al 15 de marzo<\/span><span data-contrast=\"auto\"> la Semana Mundial del Cerebro, <\/span><span data-contrast=\"auto\">c<\/span><span data-contrast=\"auto\">on la finalidad de difundir entre la poblaci\u00f3n el funcionamiento del cerebro, su actividad fundamental y su complejidad, as\u00ed como los avanc<\/span><span data-contrast=\"auto\">es de trabajos de investigaci\u00f3n.<\/span><span data-ccp-props=\"{&quot;201341983&quot;:0,&quot;335559739&quot;:0,&quot;335559740&quot;:240}\">\u00a0<\/span><\/p>\n<p><span data-contrast=\"auto\">La duo<\/span><span data-contrast=\"auto\">d\u00e9cima edici\u00f3n <\/span><span data-contrast=\"auto\">de este evento acad\u00e9mico <\/span><span data-contrast=\"auto\">tiene como sede la Facultad de Ciencias Ad<\/span><span data-contrast=\"auto\">ministrativas y Sociales (FCAS); de esta manera la UV se<\/span><span data-contrast=\"auto\"> sum<\/span><span data-contrast=\"auto\">a <\/span><span data-contrast=\"auto\">a la conmemoraci\u00f3n que a nivel mundial se realiza <\/span><span data-contrast=\"auto\">durante<\/span><span data-contrast=\"auto\"> mar<\/span><span data-contrast=\"auto\">zo en m\u00e1s de 60 pa\u00edses del orbe.<\/span><span data-ccp-props=\"{&quot;201341983&quot;:0,&quot;335559739&quot;:0,&quot;335559740&quot;:240}\">\u00a0<\/span><\/p>\n<p><span data-contrast=\"auto\">Bajo el <\/span><span data-contrast=\"auto\">lema \u201cLos espejos del cerebro<\/span><span data-contrast=\"auto\">.<\/span><span data-contrast=\"auto\"> \u00bfSomos lo que creemos?<\/span><span data-contrast=\"auto\">\u201d<\/span><span data-contrast=\"auto\">, <\/span><span data-contrast=\"auto\">las actividades<\/span> <span data-contrast=\"auto\">fueron inauguradas por el director gener<\/span><span data-contrast=\"auto\">al del \u00c1rea Acad\u00e9mica Econ\u00f3mico-<\/span><span data-contrast=\"auto\">Administrativa, Arturo Bocardo Valle, quien destac\u00f3 la importancia del cerebro en el desempe\u00f1o del ser humano<\/span><span data-contrast=\"auto\">.<\/span><span data-ccp-props=\"{&quot;201341983&quot;:0,&quot;335559739&quot;:0,&quot;335559740&quot;:240}\">\u00a0<\/span><\/p>\n<p><span data-contrast=\"auto\">Por su parte, el <\/span><span data-contrast=\"auto\">coordinador <\/span><span data-contrast=\"auto\">del <\/span><i><span data-contrast=\"auto\">Cice<\/span><\/i><span data-contrast=\"auto\">, Jorge Manzo <\/span><span data-contrast=\"auto\">Denes<\/span><span data-contrast=\"auto\">, refiri\u00f3<\/span> <span data-contrast=\"auto\">que con este evento, adem\u00e1s de la divulgaci\u00f3n del conocimiento cient\u00edfico, se buscar crear conciencia de la relaci\u00f3n existente entre la investigaci\u00f3n cerebral con la vida diaria, \u201ccompromiso que debe estar presente siempre en los planes de trabajo\u201d.<\/span><span data-ccp-props=\"{&quot;201341983&quot;:0,&quot;335559731&quot;:708,&quot;335559739&quot;:0,&quot;335559740&quot;:240}\">\u00a0<\/span><\/p>\n<p><span data-contrast=\"auto\">Posteriormente<\/span><span data-contrast=\"auto\">,<\/span><span data-contrast=\"auto\"> en el primero de los seis conversatorios programados, \u201c<\/span><span data-contrast=\"auto\">Neurohabladur\u00edas<\/span><span data-contrast=\"auto\">\u201d, el <\/span><span data-contrast=\"auto\">Director<\/span><span data-contrast=\"auto\"> del <\/span><i><span data-contrast=\"auto\">Cice<\/span><\/i><span data-contrast=\"auto\"> se refiri\u00f3 a los diferentes enfoques multidisciplinarios que se han dado al estudio de la mente y el cerebro, que han dado origen al desarrollo de nuevas ramas del conocimiento como la <\/span><span data-contrast=\"auto\">neuroeconom\u00eda<\/span><span data-contrast=\"auto\">, el <\/span><span data-contrast=\"auto\">neuroderecho<\/span><span data-contrast=\"auto\">, la <\/span><span data-contrast=\"auto\">neuropol\u00edtica<\/span><span data-contrast=\"auto\">, la neuroling\u00fc\u00edstica y el <\/span><i><span data-contrast=\"auto\">neuromarketing<\/span><\/i><span data-contrast=\"auto\">.<\/span><span data-ccp-props=\"{&quot;201341983&quot;:0,&quot;335559739&quot;:0,&quot;335559740&quot;:240}\">\u00a0<\/span><\/p>\n<p>&nbsp;<\/p>\n<div id=\"attachment_63970\" style=\"width: 732px\" class=\"wp-caption aligncenter\"><a href=\"https:\/\/www.uv.mx\/prensa\/files\/2019\/03\/110319-Semana-mundial-del-cerebro-2-.jpg\"><img aria-describedby=\"caption-attachment-63970\" decoding=\"async\" loading=\"lazy\" class=\"size-full wp-image-63970\" src=\"https:\/\/www.uv.mx\/prensa\/files\/2019\/03\/110319-Semana-mundial-del-cerebro-2-.jpg\" alt=\"\" width=\"722\" height=\"482\" srcset=\"https:\/\/www.uv.mx\/prensa\/files\/2019\/03\/110319-Semana-mundial-del-cerebro-2-.jpg 722w, https:\/\/www.uv.mx\/prensa\/files\/2019\/03\/110319-Semana-mundial-del-cerebro-2--300x200.jpg 300w\" sizes=\"(max-width: 722px) 100vw, 722px\" \/><\/a><p id=\"caption-attachment-63970\" class=\"wp-caption-text\">Fueron reconocidos los ganadores del concurso de carteles de la Semana Mundial del Cerebro<\/p><\/div>\n<p>&nbsp;<\/p>\n<p><span data-contrast=\"auto\">Dijo que al prefijo que se le ha<\/span><span data-contrast=\"auto\"> antep<\/span><span data-contrast=\"auto\">uesto a estas palabras \u201cdenota de una u otro manera<\/span><span data-contrast=\"auto\"> un impacto en n<\/span><span data-contrast=\"auto\">uestro funcionamiento cerebral\u201d.<\/span> <span data-contrast=\"auto\">Despu\u00e9s, Mazo <\/span><span data-contrast=\"auto\">Denes<\/span> <span data-contrast=\"auto\">pregunt<\/span><span data-contrast=\"auto\">\u00f3: <\/span><span data-contrast=\"auto\">\u00bf<\/span><span data-contrast=\"auto\">N<\/span><span data-contrast=\"auto\">uestro cerebro est\u00e1 adaptado para modularlo de acuerdo a las percepciones del <\/span><span data-contrast=\"auto\">ambiente? <\/span><span data-contrast=\"auto\">\u201cL<\/span><span data-contrast=\"auto\">a respu<\/span><span data-contrast=\"auto\">esta de la neurofisiolog\u00eda es s\u00ed<\/span><span data-contrast=\"auto\">, tenemos un cerebro adaptado a moldearse de acuerdo al impacto ambiental\u201d.<\/span><span data-ccp-props=\"{&quot;201341983&quot;:0,&quot;335559739&quot;:0,&quot;335559740&quot;:240}\">\u00a0<\/span><\/p>\n<p><span data-contrast=\"auto\">Mientras tanto, Francisco L\u00f3pez<\/span> <span data-contrast=\"auto\">Castellanos, docente de la FCAS y participante en el conversatorio, abord\u00f3 el tema del <\/span><i><span data-contrast=\"auto\">neuromarketing<\/span><\/i><span data-contrast=\"auto\">, al que calific\u00f3 como \u201cun \u00e1rea sustantiva de las neurociencias desde el punto de vista social\u201d.<\/span><span data-ccp-props=\"{&quot;201341983&quot;:0,&quot;335559739&quot;:0,&quot;335559740&quot;:240}\">\u00a0<\/span><\/p>\n<p><span data-contrast=\"auto\">Explic\u00f3 que dentro del \u00e1rea de la publicidad y las relaciones p\u00fablicas, el cerebro procesa y transmite todos los est\u00edmulos<\/span><span data-contrast=\"auto\"> y los convierte en actitud de respuesta al consumidor, permitiendo a los estudiosos de la mercadotecnia generar mensajes de impacto hacia el p\u00fablico; \u201cse crea una interacci\u00f3n y un di\u00e1logo de comunicaci\u00f3n a nivel cerebral, y eso es una parte revolucionaria que est\u00e1 apenas obteniendo su objetivo general dentro del mundo de la publicidad, las relaciones p\u00fablicas y la mercadotecnia\u201d, expuso el acad\u00e9mico.<\/span><span data-ccp-props=\"{&quot;201341983&quot;:0,&quot;335559739&quot;:0,&quot;335559740&quot;:240}\">\u00a0<\/span><\/p>\n<p><span data-contrast=\"auto\">En <\/span><span data-contrast=\"auto\">el<\/span><span data-contrast=\"auto\"> primer d\u00eda de actividades se premi\u00f3 a los <\/span><span data-contrast=\"auto\">cuatro primeros lugares del con<\/span><span data-contrast=\"auto\">curso de carteles elaborados por alumnos de la FCAS, en donde el jurado calificador consider\u00f3 <\/span><span data-contrast=\"auto\">criterios de originalidad, concepto creativo, claridad en el mensaje, armon\u00eda gr\u00e1fica, uso del color y capacidad comunicativa.<\/span><span data-ccp-props=\"{&quot;201341983&quot;:0,&quot;335559739&quot;:0,&quot;335559740&quot;:240}\">\u00a0<\/span><\/p>\n<p><span data-contrast=\"auto\">En la ceremonia de inauguraci\u00f3n estuvieron presentes Miguel Flores Covarrubias, director general del \u00c1rea Acad\u00e9mica de Artes, y Eric Abad <\/span><span data-contrast=\"auto\">Esp\u00edndola, director de la FCAS.<\/span><span data-ccp-props=\"{&quot;201341983&quot;:0,&quot;335559739&quot;:0,&quot;335559740&quot;:240}\">\u00a0<\/span><\/p>\n<div id=\"attachment_64091\" style=\"width: 732px\" class=\"wp-caption alignnone\"><a href=\"https:\/\/www.uv.mx\/prensa\/files\/2019\/03\/manzo-ok.jpg\"><img aria-describedby=\"caption-attachment-64091\" decoding=\"async\" loading=\"lazy\" class=\"size-full wp-image-64091\" src=\"https:\/\/www.uv.mx\/prensa\/files\/2019\/03\/manzo-ok.jpg\" alt=\"\" width=\"722\" height=\"482\" srcset=\"https:\/\/www.uv.mx\/prensa\/files\/2019\/03\/manzo-ok.jpg 722w, https:\/\/www.uv.mx\/prensa\/files\/2019\/03\/manzo-ok-300x200.jpg 300w\" sizes=\"(max-width: 722px) 100vw, 722px\" \/><\/a><p id=\"caption-attachment-64091\" class=\"wp-caption-text\">En el conversatorio \u201cNeurohabladur\u00edas\u201d, Jorge Manzo Denes refiri\u00f3 los diferentes enfoques multidisciplinarios respecto al estudio de la mente y el cerebro<\/p><\/div>\n","protected":false},"excerpt":{"rendered":"<p>Del 11 al 15 de marzo, en la Facultad de Ciencias Administrativas y Sociales, tienen lugar talleres l\u00fadicos, conversatorios y muestra de carteles <\/p>\n","protected":false},"author":1508,"featured_media":0,"comment_status":"closed","ping_status":"closed","sticky":false,"template":"","format":"standard","meta":[],"categories":[45],"tags":[],"_links":{"self":[{"href":"https:\/\/www.uv.mx\/prensa\/wp-json\/wp\/v2\/posts\/64071"}],"collection":[{"href":"https:\/\/www.uv.mx\/prensa\/wp-json\/wp\/v2\/posts"}],"about":[{"href":"https:\/\/www.uv.mx\/prensa\/wp-json\/wp\/v2\/types\/post"}],"author":[{"embeddable":true,"href":"https:\/\/www.uv.mx\/prensa\/wp-json\/wp\/v2\/users\/1508"}],"replies":[{"embeddable":true,"href":"https:\/\/www.uv.mx\/prensa\/wp-json\/wp\/v2\/comments?post=64071"}],"version-history":[{"count":0,"href":"https:\/\/www.uv.mx\/prensa\/wp-json\/wp\/v2\/posts\/64071\/revisions"}],"wp:attachment":[{"href":"https:\/\/www.uv.mx\/prensa\/wp-json\/wp\/v2\/media?parent=64071"}],"wp:term":[{"taxonomy":"category","embeddable":true,"href":"https:\/\/www.uv.mx\/prensa\/wp-json\/wp\/v2\/categories?post=64071"},{"taxonomy":"post_tag","embeddable":true,"href":"https:\/\/www.uv.mx\/prensa\/wp-json\/wp\/v2\/tags?post=64071"}],"curies":[{"name":"wp","href":"https:\/\/api.w.org\/{rel}","templated":true}]}}