{"id":64041,"date":"2019-03-11T19:56:31","date_gmt":"2019-03-12T01:56:31","guid":{"rendered":"https:\/\/www.uv.mx\/prensa\/?p=64041"},"modified":"2019-03-11T19:56:31","modified_gmt":"2019-03-12T01:56:31","slug":"uv-realizo-ceremonia-de-xochitlalis-2019","status":"publish","type":"post","link":"https:\/\/www.uv.mx\/prensa\/regiones\/orizaba\/uv-realizo-ceremonia-de-xochitlalis-2019\/","title":{"rendered":"UV realiz\u00f3 Ceremonia de Xochitlalis 2019"},"content":{"rendered":"<p>&nbsp;<\/p>\n<div id=\"attachment_64044\" style=\"width: 732px\" class=\"wp-caption aligncenter\"><a href=\"https:\/\/www.uv.mx\/prensa\/files\/2019\/03\/08032019-CHAIN-XOCHITLALLI-02-100k.jpg\"><img aria-describedby=\"caption-attachment-64044\" decoding=\"async\" loading=\"lazy\" class=\"size-full wp-image-64044\" src=\"https:\/\/www.uv.mx\/prensa\/files\/2019\/03\/08032019-CHAIN-XOCHITLALLI-02-100k.jpg\" alt=\"\" width=\"722\" height=\"542\" srcset=\"https:\/\/www.uv.mx\/prensa\/files\/2019\/03\/08032019-CHAIN-XOCHITLALLI-02-100k.jpg 722w, https:\/\/www.uv.mx\/prensa\/files\/2019\/03\/08032019-CHAIN-XOCHITLALLI-02-100k-300x225.jpg 300w\" sizes=\"(max-width: 722px) 100vw, 722px\" \/><\/a><p id=\"caption-attachment-64044\" class=\"wp-caption-text\">Alejandra Apale Cort\u00e9s realizando el Xochitlalis<\/p><\/div>\n<p>&nbsp;<\/p>\n<p><b><i><span data-contrast=\"auto\">Francisco Javier Cha\u00edn Revuelta<\/span><\/i><\/b><span data-ccp-props=\"{&quot;201341983&quot;:0,&quot;335559739&quot;:160,&quot;335559740&quot;:240}\">\u00a0<\/span><\/p>\n<p><b><i><span data-contrast=\"auto\">11<\/span><\/i><\/b><b><i><span data-contrast=\"auto\">\/03\/19, Ixhuatlancillo, Ver.-<\/span><\/i><\/b><span data-contrast=\"auto\"> E<\/span><span data-contrast=\"auto\">l Grupo Regional de Apoyo a la Medicina Ind\u00edgena Tradicional (GRAMIT)<\/span><span data-contrast=\"auto\">,<\/span><span data-contrast=\"auto\"> el H. Consejo Regional de M\u00e9dicos Tradicionales <\/span><span data-contrast=\"auto\">de las Altas Monta\u00f1as <\/span><span data-contrast=\"auto\">y el <\/span><span data-contrast=\"auto\">m<\/span><span data-contrast=\"auto\">unicipio de Ixhuatlancillo <\/span><span data-contrast=\"auto\">realizaron la C<\/span><span data-contrast=\"auto\">eremonia de Xochitlalis<\/span><span data-contrast=\"auto\"> 2019 (Agradecimiento a la Madre Tierra), <\/span><span data-contrast=\"auto\">que <\/span><span data-contrast=\"auto\">de acuerdo a la tradici\u00f3n<\/span><span data-contrast=\"auto\"> se lleva a cabo el primer viernes de marzo.<\/span><span data-ccp-props=\"{&quot;201341983&quot;:0,&quot;335559739&quot;:160,&quot;335559740&quot;:240}\">\u00a0<\/span><\/p>\n<p><span data-contrast=\"auto\">El objetivo de este ritual efectuado en el potrero de la Colonia Duraznal de Ixhuatlancillo, es promover las actividades culturales de esta comunidad.<\/span><span data-ccp-props=\"{&quot;201341983&quot;:0,&quot;335559731&quot;:708,&quot;335559739&quot;:160,&quot;335559740&quot;:240}\">\u00a0<\/span><\/p>\n<p><span data-contrast=\"auto\">Alejandra Apale Cort\u00e9s, estudiante del sexto semestre de la <\/span><span data-contrast=\"auto\">L<\/span><span data-contrast=\"auto\">icenciatura en Gesti\u00f3n <\/span><span data-contrast=\"auto\">Intercultural <\/span><span data-contrast=\"auto\">para el Desarrollo<\/span><span data-contrast=\"auto\"> de<\/span><span data-contrast=\"auto\"> la Universidad Veracruzana Intercultural (UVI)<\/span><span data-contrast=\"auto\">,<\/span> <span data-contrast=\"auto\">sede<\/span><span data-contrast=\"auto\"> Altas Monta\u00f1as<\/span><span data-contrast=\"auto\">,<\/span><span data-contrast=\"auto\"> hizo el <\/span><span data-contrast=\"auto\">Xochitla<\/span><span data-contrast=\"auto\">li<\/span><span data-contrast=\"auto\">s<\/span><span data-contrast=\"auto\">.<\/span><span data-ccp-props=\"{&quot;201341983&quot;:0,&quot;335559731&quot;:708,&quot;335559739&quot;:160,&quot;335559740&quot;:240}\">\u00a0<\/span><\/p>\n<p><span data-contrast=\"auto\">Cabe destacar que por primera vez una alumna fue quien realiz\u00f3 la ceremonia, pues la persona designada no pudo asistir.<\/span><span data-ccp-props=\"{&quot;201341983&quot;:0,&quot;335559731&quot;:708,&quot;335559739&quot;:160,&quot;335559740&quot;:240}\">\u00a0<\/span><\/p>\n<p><span data-contrast=\"auto\">\u201cHay que agradecerle a la Tierra porque nos da todo, no te niega nada, no te dice que no te dar\u00e1 algo, todo el tiempo nos da el agua y todo lo que cosechamos\u201d, se\u00f1al\u00f3 la alumna de la UVI.<\/span><span data-ccp-props=\"{&quot;201341983&quot;:0,&quot;335559731&quot;:708,&quot;335559739&quot;:160,&quot;335559740&quot;:240}\">\u00a0<\/span><\/p>\n<p><span data-contrast=\"auto\">Coment\u00f3 que <\/span><span data-contrast=\"auto\">durante la<\/span><span data-contrast=\"auto\"> ceremonia <\/span><span data-contrast=\"auto\">en la que ofrendaron comida y bebida a la Madre<\/span><span data-contrast=\"auto\"> Tierra, en <\/span><span data-contrast=\"auto\">realidad le estaban agradeciendo <\/span><span data-contrast=\"auto\">sus bondades;<\/span> <span data-contrast=\"auto\">\u201c<\/span><span data-contrast=\"auto\">estamos arrepentidos <\/span><span data-contrast=\"auto\">de contaminar<\/span><span data-contrast=\"auto\"> sus r\u00edos, tira<\/span><span data-contrast=\"auto\">r <\/span><span data-contrast=\"auto\">basura<\/span><span data-contrast=\"auto\"> y<\/span><span data-contrast=\"auto\"> hac<\/span><span data-contrast=\"auto\">er <\/span><span data-contrast=\"auto\">muchas cosas para destrozarla<\/span><span data-contrast=\"auto\">\u201d.<\/span><span data-ccp-props=\"{&quot;201341983&quot;:0,&quot;335559739&quot;:160,&quot;335559740&quot;:240}\">\u00a0<\/span><\/p>\n<p>&nbsp;<\/p>\n<div id=\"attachment_64038\" style=\"width: 732px\" class=\"wp-caption aligncenter\"><a href=\"https:\/\/www.uv.mx\/prensa\/files\/2019\/03\/08032019-CHAIN-XOCHITLALLI-03-100k.jpg\"><img aria-describedby=\"caption-attachment-64038\" decoding=\"async\" loading=\"lazy\" class=\"size-full wp-image-64038\" src=\"https:\/\/www.uv.mx\/prensa\/files\/2019\/03\/08032019-CHAIN-XOCHITLALLI-03-100k.jpg\" alt=\"\" width=\"722\" height=\"542\" srcset=\"https:\/\/www.uv.mx\/prensa\/files\/2019\/03\/08032019-CHAIN-XOCHITLALLI-03-100k.jpg 722w, https:\/\/www.uv.mx\/prensa\/files\/2019\/03\/08032019-CHAIN-XOCHITLALLI-03-100k-300x225.jpg 300w\" sizes=\"(max-width: 722px) 100vw, 722px\" \/><\/a><p id=\"caption-attachment-64038\" class=\"wp-caption-text\">Yaqueline Gheno Heredia acompa\u00f1ada de los asistentes<\/p><\/div>\n<p>&nbsp;<\/p>\n<p><span data-contrast=\"auto\">Expres\u00f3 que con este ritual la invadieron muchos sentimientos, principalmente <\/span><span data-contrast=\"auto\">el d<\/span><span data-contrast=\"auto\">e crear conciencia sobre el cuidado de la naturaleza. \u201cDonde yo vivo, en la cumbre de Tequila, tambi\u00e9n hacen ceremonias para agradecerle a la Tierra por el agua\u201d, coment\u00f3.<\/span><span data-ccp-props=\"{&quot;201341983&quot;:0,&quot;335559731&quot;:708,&quot;335559739&quot;:160,&quot;335559740&quot;:240}\">\u00a0<\/span><\/p>\n<p><span data-contrast=\"auto\">En<\/span><span data-contrast=\"auto\"> su mensaje, pidi\u00f3 a<\/span><span data-contrast=\"auto\"> sus compa\u00f1eros universitarios <\/span><span data-contrast=\"auto\">realizar acciones<\/span><span data-contrast=\"auto\"> para cuidar el medio ambiente <\/span><span data-contrast=\"auto\">y el<\/span><span data-contrast=\"auto\"> planeta; <\/span><span data-contrast=\"auto\">asimismo, los invit\u00f3 a <\/span><span data-contrast=\"auto\">no <\/span><span data-contrast=\"auto\">usar <\/span><span data-contrast=\"auto\">pl\u00e1sticos<\/span> <span data-contrast=\"auto\">ni <\/span><span data-contrast=\"auto\">unicel, <\/span><span data-contrast=\"auto\">a no contaminar tirando basura en lugares inadecuados.<\/span><span data-ccp-props=\"{&quot;201341983&quot;:0,&quot;335559731&quot;:708,&quot;335559739&quot;:160,&quot;335559740&quot;:240}\">\u00a0<\/span><\/p>\n<p><span data-contrast=\"auto\">En la actualidad, <\/span><span data-contrast=\"auto\">Alejandra <\/span><span data-contrast=\"auto\">Apale<\/span><span data-contrast=\"auto\"> est\u00e1 <\/span><span data-contrast=\"auto\">en espera de que le confirmen una estancia de<\/span><span data-contrast=\"auto\"> verano a Estados Unidos, <\/span><span data-contrast=\"auto\">entre<\/span> <span data-contrast=\"auto\">tanto <\/span><span data-contrast=\"auto\">se ocupa de un proyecto personal acerca de la recuperaci\u00f3n de la medicina tradicional de fauna silvestre y dom\u00e9stica. Como ejemplo mencion\u00f3 que el caparaz\u00f3n del armadillo se usa para la tosferina.<\/span><span data-ccp-props=\"{&quot;201341983&quot;:0,&quot;335559731&quot;:708,&quot;335559739&quot;:160,&quot;335559740&quot;:240}\">\u00a0<\/span><\/p>\n<p><span data-contrast=\"auto\">Por su parte, <\/span><span data-contrast=\"auto\">Martha Ir<\/span><span data-contrast=\"auto\">is P\u00e9rez Merino, presidenta del <\/span><span data-contrast=\"none\">Sistema para el Desarrollo Integral de la Familia<\/span><span data-contrast=\"auto\"> (<\/span><span data-contrast=\"auto\">DIF<\/span><span data-contrast=\"auto\">)<\/span><span data-contrast=\"auto\"> de Ixhuatlancillo y promotora del evento, <\/span><span data-contrast=\"auto\">reconoci\u00f3 esta <\/span><span data-contrast=\"auto\">tradici\u00f3n de respet<\/span><span data-contrast=\"auto\">o a la Tierra creada <\/span><span data-contrast=\"auto\">siglos atr\u00e1s por <\/span><span data-contrast=\"auto\">nuestros antepasados; asimismo,<\/span><span data-contrast=\"auto\"> expres\u00f3 que el municipio seguir\u00e1 trabajando <\/span><span data-contrast=\"auto\">de la <\/span><span data-contrast=\"auto\">mano con el grupo de m\u00e9dicos tradicionales y con las acciones en beneficio de la comunidad que emprende la <\/span><span data-contrast=\"auto\">UV<\/span><span data-contrast=\"auto\">.<\/span><span data-ccp-props=\"{&quot;201341983&quot;:0,&quot;335559739&quot;:160,&quot;335559740&quot;:240}\">\u00a0<\/span><\/p>\n<p><span data-contrast=\"auto\">L<\/span><span data-contrast=\"auto\">a organizaci\u00f3n estuvo <\/span><span data-contrast=\"auto\">a cargo de <\/span><span data-contrast=\"auto\">Yaqueline Gheno Heredia, acad\u00e9mica e investigadora de la Facultad de Ciencias <\/span><span data-contrast=\"auto\">Biol\u00f3gicas<\/span><span data-contrast=\"auto\"> y Agropecuarias<\/span><span data-contrast=\"auto\"> de<\/span><span data-contrast=\"auto\"> Pe\u00f1uela, junto con el GRAMIT del cual es cofundadora.<\/span><span data-ccp-props=\"{&quot;201341983&quot;:0,&quot;335559739&quot;:160,&quot;335559740&quot;:240}\">\u00a0<\/span><\/p>\n<p>&nbsp;<\/p>\n<div id=\"attachment_64040\" style=\"width: 732px\" class=\"wp-caption aligncenter\"><a href=\"https:\/\/www.uv.mx\/prensa\/files\/2019\/03\/08032019-CHAIN-XOCHITLALLI-04-100k.jpg\"><img aria-describedby=\"caption-attachment-64040\" decoding=\"async\" loading=\"lazy\" class=\"size-full wp-image-64040\" src=\"https:\/\/www.uv.mx\/prensa\/files\/2019\/03\/08032019-CHAIN-XOCHITLALLI-04-100k.jpg\" alt=\"\" width=\"722\" height=\"542\" srcset=\"https:\/\/www.uv.mx\/prensa\/files\/2019\/03\/08032019-CHAIN-XOCHITLALLI-04-100k.jpg 722w, https:\/\/www.uv.mx\/prensa\/files\/2019\/03\/08032019-CHAIN-XOCHITLALLI-04-100k-300x225.jpg 300w\" sizes=\"(max-width: 722px) 100vw, 722px\" \/><\/a><p id=\"caption-attachment-64040\" class=\"wp-caption-text\">Mujer de la comunidad Ixhuatlancillo haciendo ofrenda a la Madre Tierra<\/p><\/div>\n","protected":false},"excerpt":{"rendered":"<p>La organizaci\u00f3n estuvo a cargo de Yaqueline Gheno Heredia, acad\u00e9mica e investigadora de la Facultad de Ciencias Biol\u00f3gicas y Agropecuarias de Pe\u00f1uela<\/p>\n","protected":false},"author":1508,"featured_media":64044,"comment_status":"closed","ping_status":"closed","sticky":false,"template":"","format":"standard","meta":[],"categories":[53],"tags":[],"_links":{"self":[{"href":"https:\/\/www.uv.mx\/prensa\/wp-json\/wp\/v2\/posts\/64041"}],"collection":[{"href":"https:\/\/www.uv.mx\/prensa\/wp-json\/wp\/v2\/posts"}],"about":[{"href":"https:\/\/www.uv.mx\/prensa\/wp-json\/wp\/v2\/types\/post"}],"author":[{"embeddable":true,"href":"https:\/\/www.uv.mx\/prensa\/wp-json\/wp\/v2\/users\/1508"}],"replies":[{"embeddable":true,"href":"https:\/\/www.uv.mx\/prensa\/wp-json\/wp\/v2\/comments?post=64041"}],"version-history":[{"count":0,"href":"https:\/\/www.uv.mx\/prensa\/wp-json\/wp\/v2\/posts\/64041\/revisions"}],"wp:featuredmedia":[{"embeddable":true,"href":"https:\/\/www.uv.mx\/prensa\/wp-json\/wp\/v2\/media\/64044"}],"wp:attachment":[{"href":"https:\/\/www.uv.mx\/prensa\/wp-json\/wp\/v2\/media?parent=64041"}],"wp:term":[{"taxonomy":"category","embeddable":true,"href":"https:\/\/www.uv.mx\/prensa\/wp-json\/wp\/v2\/categories?post=64041"},{"taxonomy":"post_tag","embeddable":true,"href":"https:\/\/www.uv.mx\/prensa\/wp-json\/wp\/v2\/tags?post=64041"}],"curies":[{"name":"wp","href":"https:\/\/api.w.org\/{rel}","templated":true}]}}