{"id":63272,"date":"2019-02-26T09:00:31","date_gmt":"2019-02-26T15:00:31","guid":{"rendered":"https:\/\/www.uv.mx\/prensa\/?p=63272"},"modified":"2019-02-26T10:08:13","modified_gmt":"2019-02-26T16:08:13","slug":"fime-trabaja-en-el-fortalecimiento-de-sus-programas-educativos","status":"publish","type":"post","link":"https:\/\/www.uv.mx\/prensa\/general\/fime-trabaja-en-el-fortalecimiento-de-sus-programas-educativos\/","title":{"rendered":"FIME trabaja en el fortalecimiento de sus programas educativos"},"content":{"rendered":"<ul>\n<li data-leveltext=\"\uf0b7\" data-font=\"Symbol\" data-listid=\"4\" data-aria-posinset=\"1\" data-aria-level=\"1\"><i><span data-contrast=\"auto\">A partir del pr\u00f3ximo a\u00f1o podr\u00eda impartir<\/span><\/i><i><span data-contrast=\"auto\"> nuevamente la carrera de <\/span><\/i><i><span data-contrast=\"auto\">Ingenier\u00eda Mec\u00e1nica y El\u00e9ctrica<\/span><\/i><span data-ccp-props=\"{&quot;134233279&quot;:true,&quot;201341983&quot;:0,&quot;335559739&quot;:160,&quot;335559740&quot;:240}\">\u00a0<\/span><\/li>\n<li data-leveltext=\"\uf0b7\" data-font=\"Symbol\" data-listid=\"4\" data-aria-posinset=\"2\" data-aria-level=\"1\"><i><span data-contrast=\"auto\">Tambi\u00e9n <\/span><\/i><i><span data-contrast=\"auto\">redoblan esfuerzos para mantener los PE acreditados y con reconocimiento de calidad<\/span><\/i><i><span data-contrast=\"auto\"> ante <\/span><\/i><i><span data-contrast=\"auto\">el <\/span><\/i><span data-contrast=\"auto\">C<\/span><span data-contrast=\"auto\">acei<\/span><\/li>\n<li data-leveltext=\"\uf0b7\" data-font=\"Symbol\" data-listid=\"4\" data-aria-posinset=\"2\" data-aria-level=\"1\"><i><span data-contrast=\"auto\">En breve incursionar\u00e1n en el Modelo Mexicano de Formaci\u00f3n Dual<\/span><\/i><span data-ccp-props=\"{&quot;134233279&quot;:true,&quot;201341983&quot;:0,&quot;335559739&quot;:160,&quot;335559740&quot;:240}\">\u00a0<\/span><\/li>\n<\/ul>\n<p>&nbsp;<\/p>\n<div id=\"attachment_63089\" style=\"width: 732px\" class=\"wp-caption aligncenter\"><a href=\"https:\/\/www.uv.mx\/prensa\/files\/2019\/02\/200219-FIME-XALAPA-1.jpg\"><img loading=\"lazy\" decoding=\"async\" aria-describedby=\"caption-attachment-63089\" class=\"size-full wp-image-63089\" src=\"https:\/\/www.uv.mx\/prensa\/files\/2019\/02\/200219-FIME-XALAPA-1.jpg\" alt=\"\" width=\"722\" height=\"482\" srcset=\"https:\/\/www.uv.mx\/prensa\/files\/2019\/02\/200219-FIME-XALAPA-1.jpg 722w, https:\/\/www.uv.mx\/prensa\/files\/2019\/02\/200219-FIME-XALAPA-1-300x200.jpg 300w\" sizes=\"auto, (max-width: 722px) 100vw, 722px\" \/><\/a><p id=\"caption-attachment-63089\" class=\"wp-caption-text\">Francisco Rica\u00f1o Herrera, director de la FIME<\/p><\/div>\n<p>&nbsp;<\/p>\n<p><b><i><span data-contrast=\"auto\">Claudia Peralta V\u00e1zquez<\/span><\/i><\/b><span data-ccp-props=\"{&quot;201341983&quot;:0,&quot;335559739&quot;:160,&quot;335559740&quot;:240}\">\u00a0<\/span><\/p>\n<p><b><i><span data-contrast=\"auto\">26<\/span><\/i><\/b><b><i><span data-contrast=\"auto\">\/02\/<\/span><\/i><\/b><b><i><span data-contrast=\"auto\">19, Xalapa, Ver.-<\/span><\/i><\/b> <span data-contrast=\"auto\">Como parte del fortalecimiento de sus programas educativos (PE), la<\/span><a href=\"https:\/\/www.uv.mx\/fime\/\"><span data-contrast=\"auto\"> Facultad de Ingenier\u00eda Mec\u00e1nica y E<\/span><\/a><span data-contrast=\"auto\">l\u00e9ctrica (FIME)<\/span><span data-contrast=\"auto\"> de la <\/span><span data-contrast=\"auto\">Universidad Veracruzana (UV) ha <\/span><span data-contrast=\"auto\">redoblado esfuerzos para re<\/span><span data-contrast=\"auto\">e<\/span><span data-contrast=\"auto\">structurar sus planes de estudios, unificar y mantener la calidad de <\/span><span data-contrast=\"auto\">las carreras que ofrece<\/span>\u00a0<span data-contrast=\"auto\">e<\/span><span data-contrast=\"auto\"> incursionar en el Modelo Mexicano de Formaci\u00f3n Dual, <\/span><span data-contrast=\"auto\">as\u00ed lo <\/span><span data-contrast=\"auto\">dio a conocer <\/span><span data-contrast=\"auto\">Francisco Rica\u00f1o Herrera, director de<\/span><span data-contrast=\"auto\"> esta entidad acad\u00e9mica.<\/span><span data-ccp-props=\"{&quot;201341983&quot;:0,&quot;335559739&quot;:160,&quot;335559740&quot;:240}\">\u00a0<\/span><\/p>\n<p><span data-contrast=\"auto\">Con respecto a la unificaci\u00f3n de los PE, coment\u00f3 que se analiza la posibilidad de<\/span><span data-contrast=\"auto\"> poner nuevamente a disposici\u00f3n de los aspirantes la <\/span><span data-contrast=\"auto\">carrera de Ingenier\u00eda Mec\u00e1nica y El\u00e9ctri<\/span><span data-contrast=\"auto\">ca, estrategia que se deriva de un<\/span><span data-contrast=\"auto\"> an\u00e1lisis de las necesidades sociales.<\/span><span data-ccp-props=\"{&quot;201341983&quot;:0,&quot;335559731&quot;:708,&quot;335559739&quot;:160,&quot;335559740&quot;:240}\">\u00a0<\/span><\/p>\n<p><span data-contrast=\"auto\">El funcionario, quien<\/span> <span data-contrast=\"auto\">en octubre pasado<\/span> <span data-contrast=\"auto\">asumi\u00f3 este<\/span><span data-contrast=\"auto\"> encargo<\/span><span data-contrast=\"auto\">, record\u00f3 que con la llegada del Modelo Educativo Integral y Flexible (MEIF), <\/span><span data-contrast=\"auto\">la FIME opt\u00f3 por <\/span><span data-contrast=\"auto\">ofrecer las carreras de Ingenier\u00eda Mec\u00e1nica e Ingenier<\/span><span data-contrast=\"auto\">\u00eda El\u00e9ctrica de forma independiente,<\/span><span data-contrast=\"auto\"> cuando antes eran una sola.<\/span><span data-ccp-props=\"{&quot;201341983&quot;:0,&quot;335559731&quot;:708,&quot;335559739&quot;:160,&quot;335559740&quot;:240}\">\u00a0<\/span><\/p>\n<p><span data-contrast=\"auto\">Sin embargo, <\/span><span data-contrast=\"auto\">existen<\/span><span data-contrast=\"auto\"> estudios <\/span><span data-contrast=\"auto\">nacionales<\/span><span data-contrast=\"auto\"> basados en necesidades sociales que apuntan al requerimiento del <\/span><span data-contrast=\"auto\">perfil d<\/span><span data-contrast=\"auto\">e i<\/span><span data-contrast=\"auto\">ngenier\u00eda <\/span><span data-contrast=\"auto\">m<\/span><span data-contrast=\"auto\">ec\u00e1nica <\/span><span data-contrast=\"auto\">e<\/span><span data-contrast=\"auto\">l\u00e9ctrica.<\/span><span data-ccp-props=\"{&quot;201341983&quot;:0,&quot;335559731&quot;:708,&quot;335559739&quot;:160,&quot;335559740&quot;:240}\">\u00a0<\/span><\/p>\n<p><span data-contrast=\"auto\">De aprobarse este <\/span><span data-contrast=\"auto\">planteamiento, <\/span><span data-contrast=\"auto\">se trabajar\u00e1 arduamente para estar en condiciones de <\/span><span data-contrast=\"auto\">ofrecer\u00a0<\/span><span data-contrast=\"auto\">tres PE a<\/span><span data-contrast=\"auto\"> los nuevos aspirantes: Ingenier\u00eda Mec\u00e1nica, Ingenier\u00eda El\u00e9ctrica e Ingenier\u00eda M<\/span><span data-contrast=\"auto\">ec\u00e1nica El\u00e9ctrica. Dicho logro implicar\u00eda<\/span><span data-contrast=\"auto\"> adem\u00e1s<\/span><span data-contrast=\"auto\"> la implementaci\u00f3n de un nuevo plan de estudios.<\/span><span data-ccp-props=\"{&quot;201341983&quot;:0,&quot;335559731&quot;:708,&quot;335559739&quot;:160,&quot;335559740&quot;:240}\">\u00a0<\/span><\/p>\n<p><span data-contrast=\"auto\">No obstante, reconoci\u00f3 que se trata de un proceso acad\u00e9mico <\/span><span data-contrast=\"auto\">largo,<\/span><span data-contrast=\"auto\"> riguroso y cient\u00edfico, el cual <\/span><span data-contrast=\"auto\">parte de <\/span><span data-contrast=\"auto\">la <\/span><span data-contrast=\"auto\">identificaci\u00f3n <\/span><span data-contrast=\"auto\">de<\/span><span data-contrast=\"auto\"> las<\/span><span data-contrast=\"auto\"> necesidades <\/span><span data-contrast=\"auto\">que demandan <\/span><span data-contrast=\"auto\">los actores de la sociedad,<\/span><span data-contrast=\"auto\"> la iniciativa <\/span><span data-contrast=\"auto\">privada y<\/span> <span data-contrast=\"auto\">las <\/span><span data-contrast=\"auto\">dependenc<\/span><span data-contrast=\"auto\">ias gubernamentales.<\/span> <span data-contrast=\"auto\">\u201cPosteriormente,<\/span><span data-contrast=\"auto\"> dichas necesidades <\/span><span data-contrast=\"auto\">deber\u00e1n agruparse <\/span><span data-contrast=\"auto\">en <\/span><span data-contrast=\"auto\">categor\u00edas para construir <\/span><span data-contrast=\"auto\">el<\/span> <span data-contrast=\"auto\">perfil<\/span> <span data-contrast=\"auto\">id\u00f3neo<\/span><span data-contrast=\"auto\"> de profesionista<\/span><span data-contrast=\"auto\">\u201d<\/span><span data-contrast=\"auto\">.<\/span><span data-ccp-props=\"{&quot;201341983&quot;:0,&quot;335559731&quot;:708,&quot;335559739&quot;:160,&quot;335559740&quot;:240}\">\u00a0<\/span><\/p>\n<p><span data-contrast=\"auto\">Por otra parte, <\/span><span data-contrast=\"auto\">Rica\u00f1o<\/span><span data-contrast=\"auto\"> Herrera catalog\u00f3 como una prioridad mantener el reconocimiento <\/span><span data-contrast=\"auto\">de<\/span> <span data-contrast=\"auto\">la calidad de los PE ante <\/span><span data-contrast=\"auto\">el Consejo de Acreditaci\u00f3n de la Ense\u00f1anza de la Ingenier\u00eda<\/span><span data-contrast=\"auto\">,<\/span><span data-contrast=\"auto\"> A.C. (<\/span><i><span data-contrast=\"auto\">C<\/span><\/i><i><span data-contrast=\"auto\">acei<\/span><\/i><span data-contrast=\"auto\">), misma que tendr\u00e1n que volver a <\/span><span data-contrast=\"auto\">acreditar en 2021.<\/span><span data-ccp-props=\"{&quot;201341983&quot;:0,&quot;335559731&quot;:708,&quot;335559739&quot;:160,&quot;335559740&quot;:240}\">\u00a0<\/span><\/p>\n<p><span data-contrast=\"auto\">Es as\u00ed que dentro de<\/span><span data-contrast=\"auto\"> dos a\u00f1os deber\u00e1n demostrar<\/span><span data-contrast=\"auto\"> resultados <\/span><span data-contrast=\"auto\">con <\/span><span data-contrast=\"auto\">base en<\/span><span data-contrast=\"auto\"> los<\/span><span data-contrast=\"auto\"> lineamientos<\/span> <span data-contrast=\"auto\">del <\/span><span data-contrast=\"auto\">nuevo marco<\/span> <span data-contrast=\"auto\">de <\/span><span data-contrast=\"auto\">referencia del organismo acreditador.<\/span> <span data-contrast=\"auto\">E<\/span><span data-contrast=\"auto\">s decir, se <\/span><span data-contrast=\"auto\">tendr\u00e1 que <\/span><span data-contrast=\"auto\">evidenciar los logros alcanza<\/span><span data-contrast=\"auto\">dos y resultados obtenidos en cuanto al<\/span><span data-contrast=\"auto\"> proceso de seguimiento tutorial,<\/span><span data-contrast=\"auto\"> acciones para resarcir los <\/span><span data-contrast=\"auto\">\u00edndices <\/span><span data-contrast=\"auto\">de reprobaci\u00f3n y<\/span><span data-contrast=\"auto\"> dese<\/span><span data-contrast=\"auto\">rci\u00f3n<\/span><span data-contrast=\"auto\">, <\/span><span data-contrast=\"auto\">ingreso<\/span><span data-contrast=\"auto\"> y egreso<\/span><span data-contrast=\"auto\"> de los mejores perfiles de estudiantes, por citar algunos ejemplos.<\/span><span data-ccp-props=\"{&quot;201341983&quot;:0,&quot;335559731&quot;:708,&quot;335559739&quot;:160,&quot;335559740&quot;:240}\">\u00a0<\/span><\/p>\n<p><span data-contrast=\"auto\">Indic\u00f3 que<\/span><span data-contrast=\"auto\"> anteriormente<\/span><span data-contrast=\"auto\"> la competencia de la<\/span><span data-contrast=\"auto\"> FIME<\/span><span data-contrast=\"auto\"> llegaba <\/span><span data-contrast=\"auto\">hasta el egreso del estudiante;<\/span> <span data-contrast=\"auto\">d<\/span><span data-contrast=\"auto\">icha s<\/span><span data-contrast=\"auto\">ituaci\u00f3n<\/span><span data-contrast=\"auto\"> ha sido replanteada<\/span><span data-contrast=\"auto\">, por lo que se<\/span><span data-contrast=\"auto\"> dar\u00e1 seguimiento al <\/span><span data-contrast=\"auto\">egresado durante<\/span> <span data-contrast=\"auto\">\u2013<\/span><span data-contrast=\"auto\">al menos<\/span><span data-contrast=\"auto\">\u2013<\/span> <span data-contrast=\"auto\">cinco a\u00f1os<\/span><span data-contrast=\"auto\">,<\/span><span data-contrast=\"auto\"> con el fin de<\/span><span data-contrast=\"auto\"> dar cuenta de su trayectoria profesional.<\/span> <span data-contrast=\"auto\">L<\/span><span data-contrast=\"auto\">a implementaci\u00f3n de esta medida<\/span><span data-contrast=\"auto\"> obedece a la intenci\u00f3n de <\/span><span data-contrast=\"auto\">garantizar el cumplimento de las metas y objetivos de cada PE.<\/span><span data-ccp-props=\"{&quot;201341983&quot;:0,&quot;335559731&quot;:708,&quot;335559739&quot;:160,&quot;335559740&quot;:240}\">\u00a0<\/span><\/p>\n<p><span data-contrast=\"auto\">\u201cEs un gran reto porque al t\u00e9rmino de su formaci\u00f3n el estudiante se encontrar\u00e1 <\/span><span data-contrast=\"auto\">en el campo laboral <\/span><span data-contrast=\"auto\">con condiciones socioecon\u00f3micas muy diversas<\/span> <span data-contrast=\"auto\">y en las que deber\u00e1 demostrar que ha sido bien formado y que es competitivo<\/span><span data-contrast=\"auto\">.\u201d<\/span><span data-ccp-props=\"{&quot;201341983&quot;:0,&quot;335559731&quot;:708,&quot;335559739&quot;:160,&quot;335559740&quot;:240}\">\u00a0<\/span><\/p>\n<p><span data-contrast=\"auto\">En cuanto al<\/span> <span data-contrast=\"auto\">\u00edndice <\/span><span data-contrast=\"auto\">de <\/span><span data-contrast=\"auto\">deserci\u00f3n<\/span><span data-contrast=\"auto\"> de sus PE<\/span><span data-contrast=\"auto\">, el <\/span><span data-contrast=\"auto\">D<\/span><span data-contrast=\"auto\">irect<\/span><span data-contrast=\"auto\">or de la FIME asegur\u00f3 que <\/span><span data-contrast=\"auto\">est\u00e1<\/span><span data-contrast=\"auto\">n<\/span><span data-contrast=\"auto\"> dentro de los par\u00e1metros est<\/span><span data-contrast=\"auto\">ad\u00edsticos normales, no obstante<\/span><span data-contrast=\"auto\"> son <\/span><span data-contrast=\"auto\">indicadores <\/span><span data-contrast=\"auto\">que preocupan y ocupan.<\/span><span data-ccp-props=\"{&quot;201341983&quot;:0,&quot;335559731&quot;:708,&quot;335559739&quot;:160,&quot;335559740&quot;:240}\">\u00a0<\/span><\/p>\n<p><span data-contrast=\"auto\">Actualmente la matr\u00edcula<\/span><span data-contrast=\"auto\"> de alumnos de ambos PE es de<\/span> <span data-contrast=\"auto\">poco menos de <\/span><span data-contrast=\"auto\">700<\/span><span data-contrast=\"auto\"> estudiantes<\/span><span data-contrast=\"auto\">,<\/span><span data-contrast=\"auto\"> mientras que la <\/span><span data-contrast=\"auto\">oferta de ingreso<\/span><span data-contrast=\"auto\"> se mantiene <\/span><span data-contrast=\"auto\">en<\/span> <span data-contrast=\"auto\">170<\/span><span data-contrast=\"auto\"> aspirantes,<\/span><span data-contrast=\"auto\"> 85 de Ingenier\u00eda Mec\u00e1nica e igual n\u00famero de <\/span><span data-contrast=\"auto\">Ingenier\u00eda <\/span><span data-contrast=\"auto\">El\u00e9ctrica.<\/span><span data-ccp-props=\"{&quot;201341983&quot;:0,&quot;335559731&quot;:708,&quot;335559739&quot;:160,&quot;335559740&quot;:240}\">\u00a0<\/span><\/p>\n<p><span data-contrast=\"auto\">Asimismo, <\/span><span data-contrast=\"auto\">puntualiz\u00f3 <\/span><span data-contrast=\"auto\">los altos \u00edndices de empleabilidad para los egresados de estas carreras, pues la mayor\u00eda ha logrado posicionarse<\/span><span data-contrast=\"auto\"> en<\/span><span data-contrast=\"auto\"> industrias a nivel nacional e internacional.<\/span><span data-ccp-props=\"{&quot;201341983&quot;:0,&quot;335559731&quot;:708,&quot;335559739&quot;:160,&quot;335559740&quot;:240}\">\u00a0<\/span><\/p>\n<p><span data-contrast=\"auto\">Al respecto, mencion\u00f3 que el <\/span><span data-contrast=\"auto\">ingeniero<\/span> <span data-contrast=\"auto\">mec\u00e1nico <\/span><span data-contrast=\"auto\">es <\/span><span data-contrast=\"auto\">muy valorado en la industria,<\/span> <span data-contrast=\"auto\">en virtud de que tienen presencia <\/span><span data-contrast=\"auto\">importante <\/span><span data-contrast=\"auto\">en <\/span><span data-contrast=\"auto\">las pr<\/span><span data-contrast=\"auto\">incipales ramas de la industria<\/span><span data-contrast=\"auto\"> como <\/span><span data-contrast=\"auto\">metal-<\/span><span data-contrast=\"auto\">mec\u00e1nica<\/span><span data-contrast=\"auto\">, <\/span><span data-contrast=\"auto\">petroqu\u00edmica, <\/span><span data-contrast=\"auto\">el\u00e9ctrica, construcci\u00f3n,<\/span> <span data-contrast=\"auto\">entre otras.<\/span><span data-ccp-props=\"{&quot;201341983&quot;:0,&quot;335559731&quot;:708,&quot;335559739&quot;:160,&quot;335559740&quot;:240}\">\u00a0<\/span><\/p>\n<p><span data-contrast=\"auto\">En otro orden de ideas, dio a conocer que se pre<\/span><span data-contrast=\"auto\">paran para incursionar en breve<\/span><span data-contrast=\"auto\"> dentro del Modelo Mexicano de Formaci\u00f3n Dual y <\/span><span data-contrast=\"auto\">as\u00ed vincular a los estudiantes en las empresas e industrias <\/span><span data-contrast=\"auto\">desde el inicio de su formaci\u00f3n y <\/span><span data-contrast=\"auto\">de esa manera <\/span><span data-contrast=\"auto\">conozcan la operaci\u00f3n de cada \u00e1rea.<\/span><span data-ccp-props=\"{&quot;201341983&quot;:0,&quot;335559731&quot;:708,&quot;335559739&quot;:160,&quot;335559740&quot;:240}\">\u00a0<\/span><\/p>\n<p><span data-contrast=\"auto\">La ventaja de este proyecto <\/span><span data-contrast=\"auto\">es que se benefician<\/span><span data-contrast=\"auto\"> tanto la<\/span><span data-contrast=\"auto\"> industria como la propia U<\/span><span data-contrast=\"auto\">niversidad, en cuanto al<\/span> <span data-contrast=\"auto\">acercamiento de los perfiles id\u00f3neos <\/span><span data-contrast=\"auto\">de los <\/span><span data-contrast=\"auto\">profesionistas que la industria demanda<\/span><span data-contrast=\"auto\">.<\/span><span data-ccp-props=\"{&quot;201341983&quot;:0,&quot;335559731&quot;:708,&quot;335559739&quot;:160,&quot;335559740&quot;:240}\">\u00a0<\/span><\/p>\n<p><span data-contrast=\"auto\">Se pretende que esta actividad se<\/span><span data-contrast=\"auto\"> lleve a cabo<\/span><span data-contrast=\"auto\"> de forma paralela a la preparaci\u00f3n <\/span><span data-contrast=\"auto\">tradicional y <\/span><span data-contrast=\"auto\">redit\u00fae en cr\u00e9ditos<\/span><span data-contrast=\"auto\"> para los j\u00f3venes; s<\/span><span data-contrast=\"auto\">in embargo, <\/span><span data-contrast=\"auto\">puntualiz\u00f3, <\/span><span data-contrast=\"auto\">esta modalidad aplicar\u00e1 solamente para estudiantes de un <\/span><span data-contrast=\"auto\">perfil<\/span><span data-contrast=\"auto\"> espec\u00edfico<\/span><span data-contrast=\"auto\"> y que cuenten con <\/span><span data-contrast=\"auto\">las actitudes y aptitudes requeridas para este tipo de formaci\u00f3n.<\/span><span data-ccp-props=\"{&quot;201341983&quot;:0,&quot;335559731&quot;:708,&quot;335559739&quot;:160,&quot;335559740&quot;:240}\">\u00a0<\/span><\/p>\n<p><span data-contrast=\"auto\">Afortunadamente ya cuentan con el respaldo de empresas <\/span><span data-contrast=\"auto\">del <\/span><span data-contrast=\"auto\">e<\/span><span data-contrast=\"auto\">stado <\/span><span data-contrast=\"auto\">de Veracruz que han <\/span><span data-contrast=\"auto\">mostrado inter\u00e9s<\/span><span data-contrast=\"auto\"> por <\/span><span data-contrast=\"auto\">abrir s<\/span><span data-contrast=\"auto\">us puertas a los universitarios.<\/span><span data-ccp-props=\"{&quot;201341983&quot;:0,&quot;335559731&quot;:708,&quot;335559739&quot;:160,&quot;335559740&quot;:240}\">\u00a0<\/span><\/p>\n<p><span data-contrast=\"auto\">Adem\u00e1s, es importante considerar los cambios constantes que se dan en el campo de la ingenier\u00eda, sobre todo en el manejo de nueva tecnolog\u00eda y equipo.<\/span><span data-ccp-props=\"{&quot;201341983&quot;:0,&quot;335559731&quot;:708,&quot;335559739&quot;:160,&quot;335559740&quot;:240}\">\u00a0<\/span><\/p>\n<p><span data-contrast=\"auto\">Rica\u00f1o<\/span><span data-contrast=\"auto\"> Herrera <\/span><span data-contrast=\"auto\">se refiri\u00f3 tambi\u00e9n a<\/span><span data-contrast=\"auto\">l Doctorado en Ingenier\u00eda impartido por la FIME, el cual se encuentra en proceso de ser evaluado para reingresar al P<\/span><span data-contrast=\"auto\">rograma <\/span><span data-contrast=\"auto\">Nacional de Posgrados de Calidad (PNPC) del Consejo Nacional de Ciencia y Tecnolog\u00eda<\/span><span data-contrast=\"auto\"> (<\/span><i><span data-contrast=\"auto\">Conacyt<\/span><\/i><span data-contrast=\"auto\">).<\/span><span data-ccp-props=\"{&quot;201341983&quot;:0,&quot;335559731&quot;:708,&quot;335559739&quot;:160,&quot;335559740&quot;:240}\">\u00a0<\/span><\/p>\n<p><span data-contrast=\"auto\">Tambi\u00e9n reconoci\u00f3 <\/span><span data-contrast=\"auto\">que <\/span><span data-contrast=\"auto\">la<\/span><span data-contrast=\"auto\"> fortaleza de<\/span><span data-contrast=\"auto\"> toda i<\/span><span data-contrast=\"auto\">nstituci\u00f3n<\/span> <span data-contrast=\"auto\">son <\/span><span data-contrast=\"auto\">sus docentes,<\/span> <span data-contrast=\"auto\">pues <\/span><span data-contrast=\"auto\">con<\/span><span data-contrast=\"auto\"> su praxis diaria se encargan de <\/span><span data-contrast=\"auto\">mantener la calidad de los PE<\/span><span data-contrast=\"auto\"> cuidando su c\u00e1tedra, <\/span><span data-contrast=\"auto\">genera<\/span><span data-contrast=\"auto\">ndo<\/span><span data-contrast=\"auto\"> investigaci\u00f3n en <\/span><span data-contrast=\"auto\">los<\/span><span data-contrast=\"auto\"> \u00e1mbito<\/span><span data-contrast=\"auto\">s<\/span><span data-contrast=\"auto\"> nacional y estatal<\/span><span data-contrast=\"auto\">, fungiendo de gu\u00eda y dando seguimiento a la trayectoria acad\u00e9mica de los estudiantes; todas <\/span><span data-contrast=\"auto\">las anteriores son<\/span><span data-contrast=\"auto\"> labores sustantivas de <\/span><span data-contrast=\"auto\">la<\/span><span data-contrast=\"auto\"> Universidad.<\/span><\/p>\n","protected":false},"excerpt":{"rendered":"<p>La entidad acad\u00e9mica tiene como prioridad mantener el reconocimiento de calidad de sus programas educativos ante el Consejo de Acreditaci\u00f3n de la Ense\u00f1anza de la Ingenier\u00eda, A.C, se\u00f1al\u00f3 Francisco Rica\u00f1o Herrera, director de la Facultad<\/p>\n","protected":false},"author":1508,"featured_media":63089,"comment_status":"closed","ping_status":"closed","sticky":false,"template":"","format":"standard","meta":{"footnotes":""},"categories":[1],"tags":[],"class_list":["post-63272","post","type-post","status-publish","format-standard","has-post-thumbnail","hentry","category-general"],"_links":{"self":[{"href":"https:\/\/www.uv.mx\/prensa\/wp-json\/wp\/v2\/posts\/63272","targetHints":{"allow":["GET"]}}],"collection":[{"href":"https:\/\/www.uv.mx\/prensa\/wp-json\/wp\/v2\/posts"}],"about":[{"href":"https:\/\/www.uv.mx\/prensa\/wp-json\/wp\/v2\/types\/post"}],"author":[{"embeddable":true,"href":"https:\/\/www.uv.mx\/prensa\/wp-json\/wp\/v2\/users\/1508"}],"replies":[{"embeddable":true,"href":"https:\/\/www.uv.mx\/prensa\/wp-json\/wp\/v2\/comments?post=63272"}],"version-history":[{"count":0,"href":"https:\/\/www.uv.mx\/prensa\/wp-json\/wp\/v2\/posts\/63272\/revisions"}],"wp:featuredmedia":[{"embeddable":true,"href":"https:\/\/www.uv.mx\/prensa\/wp-json\/wp\/v2\/media\/63089"}],"wp:attachment":[{"href":"https:\/\/www.uv.mx\/prensa\/wp-json\/wp\/v2\/media?parent=63272"}],"wp:term":[{"taxonomy":"category","embeddable":true,"href":"https:\/\/www.uv.mx\/prensa\/wp-json\/wp\/v2\/categories?post=63272"},{"taxonomy":"post_tag","embeddable":true,"href":"https:\/\/www.uv.mx\/prensa\/wp-json\/wp\/v2\/tags?post=63272"}],"curies":[{"name":"wp","href":"https:\/\/api.w.org\/{rel}","templated":true}]}}