{"id":63200,"date":"2019-02-24T09:00:02","date_gmt":"2019-02-24T15:00:02","guid":{"rendered":"https:\/\/www.uv.mx\/prensa\/?p=63200"},"modified":"2019-02-22T19:01:18","modified_gmt":"2019-02-23T01:01:18","slug":"hablar-sobre-homosexualidad-aun-es-tabu-russell-manzo","status":"publish","type":"post","link":"https:\/\/www.uv.mx\/prensa\/general\/hablar-sobre-homosexualidad-aun-es-tabu-russell-manzo\/","title":{"rendered":"Hablar sobre homosexualidad a\u00fan es tab\u00fa: Russell Manzo"},"content":{"rendered":"<ul>\n<li data-leveltext=\"\uf0b7\" data-font=\"Symbol\" data-listid=\"5\" data-aria-posinset=\"1\" data-aria-level=\"1\"><i>\u201cEn estados como Chiapas la sociedad acepta la homosexualidad, pero es un tema que nadie se atreve a reflejar en las artes<\/i><i>\u201d<\/i><span data-ccp-props=\"{}\">\u00a0<\/span><\/li>\n<\/ul>\n<p>&nbsp;<\/p>\n<div id=\"attachment_62950\" style=\"width: 492px\" class=\"wp-caption aligncenter\"><a href=\"https:\/\/www.uv.mx\/prensa\/files\/2019\/02\/190219-Russell-manzo.jpg\"><img loading=\"lazy\" decoding=\"async\" aria-describedby=\"caption-attachment-62950\" class=\"size-full wp-image-62950\" src=\"https:\/\/www.uv.mx\/prensa\/files\/2019\/02\/190219-Russell-manzo.jpg\" alt=\"\" width=\"482\" height=\"723\" srcset=\"https:\/\/www.uv.mx\/prensa\/files\/2019\/02\/190219-Russell-manzo.jpg 482w, https:\/\/www.uv.mx\/prensa\/files\/2019\/02\/190219-Russell-manzo-200x300.jpg 200w\" sizes=\"auto, (max-width: 482px) 100vw, 482px\" \/><\/a><p id=\"caption-attachment-62950\" class=\"wp-caption-text\">Russell Manzo es egresado de la Facultad de Idiomas de la UV<\/p><\/div>\n<p>&nbsp;<\/p>\n<p><b><i>Carlos Hugo Hermida Rosales<\/i><\/b><span data-ccp-props=\"{}\">\u00a0<\/span><\/p>\n<p><b><i>24\/02\/19, Xalapa, <\/i><\/b><b><i>Ver.-<\/i><\/b> Russell Manzo, activista, escritor y corrector de estilo de la revista <i>Stonefoxx<\/i> \u2013proyecto editorial enfocado al arte mexicano en expansi\u00f3n\u2013, plante\u00f3 que hablar sobre homosexualidad en M\u00e9xico a\u00fan est\u00e1 considerado un tab\u00fa, incluso en determinadas regiones del pa\u00eds abordar este tema supone \u201cuna pena de muerte\u201d para quien lo hace.<span data-ccp-props=\"{}\">\u00a0<\/span><\/p>\n<p>\u201cEn algunos estados como Chiapas la sociedad acepta la homosexualidad en t\u00e9rminos de socializaci\u00f3n y empleo cultural, pero es un tema que nadie se atreve a reflejar en las artes\u201d, afirm\u00f3.<span data-ccp-props=\"{&quot;335559731&quot;:708}\">\u00a0<\/span><\/p>\n<p>El autor del libro <i>La curiosidad mat\u00f3 al macho <\/i>\u2013que lo hizo acreedor a una beca del Programa de Est\u00edmulos a la Creaci\u00f3n y Desarrollo Art\u00edstico de Chiapas\u2013, relat\u00f3 que comenz\u00f3 a trabajar con el tema de la homosexualidad cinco a\u00f1os atr\u00e1s, cuando se desenvolv\u00eda como activista en la ciudad de Xalapa, donde estudi\u00f3 la Licenciatura en Lengua Inglesa de la Universidad Veracruzana (UV)<span data-ccp-props=\"{&quot;335559731&quot;:708}\">\u00a0<\/span><\/p>\n<p>\u201cEn ese tiempo esta situaci\u00f3n llam\u00f3 mi atenci\u00f3n y fue cuando decid\u00ed que deb\u00eda realizar un proyecto que abordara la tem\u00e1tica.\u201d<span data-ccp-props=\"{&quot;335559731&quot;:708}\">\u00a0<\/span><\/p>\n<p>El escritor mencion\u00f3 que dentro de su obra narra historias sobre encuentros homoer\u00f3ticos y homosexuales entre j\u00f3venes cuyas edades van de los 15 a los 30 a\u00f1os.<span data-ccp-props=\"{&quot;335559731&quot;:708}\">\u00a0<\/span><\/p>\n<p>\u201cEn estos relatos reflejo la dif\u00edcil vida que se lleva en Chiapas al ser homosexual\u201d, pues como toda frontera se trata de uno de los estados m\u00e1s alejados del centro del pa\u00eds y junto con Guerrero y Oaxaca son entidades olvidadas, no se les brinda importancia a las situaciones que ocurren all\u00ed.<span data-ccp-props=\"{&quot;335559731&quot;:708}\">\u00a0<\/span><\/p>\n<p>Russell Manzo enfatiz\u00f3 que una de las entradas para la aceptaci\u00f3n de la homosexualidad en la sociedad ha sido a trav\u00e9s de la literatura, pero objet\u00f3 que actualmente existen muy pocas personas que leen y que est\u00e1n interesadas en este tema, pese a su gran importancia.<span data-ccp-props=\"{&quot;335559731&quot;:708}\">\u00a0<\/span><\/p>\n<p>Afirm\u00f3 que hoy las artes se encuentran muy olvidadas en todos los sentidos pues los j\u00f3venes se enfocan m\u00e1s en otros \u00e1mbitos, por lo que espera que libros como el suyo sean un incentivo para despertar el placer por la lectura y el inter\u00e9s por contar historias entre las nuevas generaciones.<span data-ccp-props=\"{&quot;335559731&quot;:708}\">\u00a0<\/span><\/p>\n","protected":false},"excerpt":{"rendered":"<p>El activista y escritor se\u00f1al\u00f3 que la literatura ha contribuido a la aceptaci\u00f3n de la homosexualidad, pero existen pocas personas interesadas en el tema <\/p>\n","protected":false},"author":1508,"featured_media":62950,"comment_status":"closed","ping_status":"closed","sticky":false,"template":"","format":"standard","meta":{"footnotes":""},"categories":[1],"tags":[],"class_list":["post-63200","post","type-post","status-publish","format-standard","has-post-thumbnail","hentry","category-general"],"_links":{"self":[{"href":"https:\/\/www.uv.mx\/prensa\/wp-json\/wp\/v2\/posts\/63200","targetHints":{"allow":["GET"]}}],"collection":[{"href":"https:\/\/www.uv.mx\/prensa\/wp-json\/wp\/v2\/posts"}],"about":[{"href":"https:\/\/www.uv.mx\/prensa\/wp-json\/wp\/v2\/types\/post"}],"author":[{"embeddable":true,"href":"https:\/\/www.uv.mx\/prensa\/wp-json\/wp\/v2\/users\/1508"}],"replies":[{"embeddable":true,"href":"https:\/\/www.uv.mx\/prensa\/wp-json\/wp\/v2\/comments?post=63200"}],"version-history":[{"count":0,"href":"https:\/\/www.uv.mx\/prensa\/wp-json\/wp\/v2\/posts\/63200\/revisions"}],"wp:featuredmedia":[{"embeddable":true,"href":"https:\/\/www.uv.mx\/prensa\/wp-json\/wp\/v2\/media\/62950"}],"wp:attachment":[{"href":"https:\/\/www.uv.mx\/prensa\/wp-json\/wp\/v2\/media?parent=63200"}],"wp:term":[{"taxonomy":"category","embeddable":true,"href":"https:\/\/www.uv.mx\/prensa\/wp-json\/wp\/v2\/categories?post=63200"},{"taxonomy":"post_tag","embeddable":true,"href":"https:\/\/www.uv.mx\/prensa\/wp-json\/wp\/v2\/tags?post=63200"}],"curies":[{"name":"wp","href":"https:\/\/api.w.org\/{rel}","templated":true}]}}